
{"id":16919,"date":"2023-01-12T13:28:27","date_gmt":"2023-01-12T13:28:27","guid":{"rendered":"https:\/\/teste.msconectado.com.br\/?p=16919"},"modified":"2023-01-13T12:37:32","modified_gmt":"2023-01-13T12:37:32","slug":"alems-realiza-sessao-especial-de-posse-do-governador-e-vice-governador-eleitos","status":"publish","type":"post","link":"https:\/\/msconectado.com.br\/?p=16919","title":{"rendered":"ALEMS realiza Sess\u00e3o Especial de Posse do governador e vice-governador eleitos"},"content":{"rendered":"\n<h4 class=\"wp-block-heading\">A Assembleia Legislativa de Mato Grosso do Sul (ALEMS) realizar\u00e1, no pr\u00f3ximo domingo (1\u00ba), \u00e0s 15h, a Sess\u00e3o Especial de Posse do governador&nbsp;e vice-governador eleitos do Estado, Eduardo Riedel (PSDB) e Jos\u00e9 Carlos Barbosa (PP), respectivamente. A cerim\u00f4nia, de cunho solene e festivo, ser\u00e1 no&nbsp;Plen\u00e1rio Deputado J\u00falio Maia, no Pal\u00e1cio Guaicurus. Ap\u00f3s a abertura da Sess\u00e3o Especial, pelo presidente do Legislativo Estadual, deputado Paulo Corr\u00eaa (PSDB), haver\u00e1 a composi\u00e7\u00e3o da mesa de autoridades, dentre elas tr\u00eas deputados estaduais.&nbsp;<\/h4>\n\n\n\n<h4 class=\"wp-block-heading\">Conforme descrito no Regimento Interno da Casa de Leis (<ins><a href=\"https:\/\/al.ms.gov.br\/upload\/Pdf\/2017_10_30_09_28_06_regimento_interno_27_10_2017.pdf\" target=\"_blank\" rel=\"noreferrer noopener\">clique aqui<\/a><\/ins>), Paulo Corr\u00eaa receber\u00e1 os diplomas conferidos pelo Tribunal Regional Eleitoral (TRE-MS) ao governador e vice-governador. Eduardo Riedel far\u00e1 o compromisso p\u00fablico: &#8220;Prometo desempenhar leal e honradamente as fun\u00e7\u00f5es do cargo de governador do Estado de Mato Grosso do&nbsp;Sul, mantendo, defendendo e cumprindo a Constitui\u00e7\u00e3o Federal e a do Estado, observando as leis, promovendo o&nbsp;bem geral do povo sul\u2013mato\u2013grossense e sustentando a uni\u00e3o, a integridade e a independ\u00eancia do Brasil&#8221;.<\/h4>\n\n\n\n<h4 class=\"wp-block-heading\">Na ocasi\u00e3o, tamb\u00e9m ser\u00e1 empossado o vice-governador, Jos\u00e9 Carlos Barbosa, que se despediu do Parlamento Estadual para compor o Poder Executivo (<ins><a href=\"https:\/\/al.ms.gov.br\/Noticias\/131219\/apos-dois-mandatos-deputado-barbosinha-se-despede-da-assembleia-legislativa\" target=\"_blank\" rel=\"noreferrer noopener\">leia mais aqui<\/a><\/ins>). No lugar dele,&nbsp;Dione Hashioka (Podemos), que j\u00e1 exerceu dois mandatos na ALEMS, assumir\u00e1 novamente o cargo de deputada estadual (<ins><a href=\"https:\/\/al.ms.gov.br\/Noticias\/130196\/ex-deputada-dione-hashioka-retorna-a-alems-durante-o-mes-de-janeiro\" target=\"_blank\" rel=\"noreferrer noopener\">saiba mais aqui<\/a><\/ins>).&nbsp;<\/h4>\n\n\n\n<h4 class=\"wp-block-heading\">A transmiss\u00e3o &#8211; ao vivo &#8211; e a cobertura do evento na ALEMS ser\u00e3o realizadas pela Secretaria de Comunica\u00e7\u00e3o Institucional, pelos canais oficiais &#8211;&nbsp;<a href=\"https:\/\/al.ms.gov.br\/TvAssembleia\" target=\"_blank\" rel=\"noreferrer noopener\">TV ALEMS<\/a>,&nbsp;<a href=\"https:\/\/al.ms.gov.br\/RadioAssembleia\/Audios?idMenu=601\" target=\"_blank\" rel=\"noreferrer noopener\">R\u00e1dio ALEMS<\/a>,&nbsp;<a href=\"https:\/\/al.ms.gov.br\/\">Portal da ALEMS<\/a>,&nbsp;<a href=\"https:\/\/www.youtube.com\/c\/assembleialegislativadems\" target=\"_blank\" rel=\"noreferrer noopener\">Youtube<\/a>&nbsp;e&nbsp;<a href=\"https:\/\/www.facebook.com\/assembleiams\" target=\"_blank\" rel=\"noreferrer noopener\">Facebook<\/a>. Profissionais da imprensa devem se credenciar (<a href=\"https:\/\/al.ms.gov.br\/Noticias\/129154\/b-imprensa-b-alems-faz-credenciamento-para-solenidades-de-janeiro-e-fevereiro-de-2023\">clique aqui para mais informa\u00e7\u00f5es<\/a>).&nbsp;<\/h4>\n\n\n\n<h4 class=\"wp-block-heading\">Ap\u00f3s o discurso de Riedel, ser\u00e1 encerrada a solenidade, quando ele&nbsp;e Barbosinha, acompanhados de autoridades dos tr\u00eas Poderes,&nbsp;seguir\u00e3o para o Centro de Conven\u00e7\u00f5es Arquiteto Rubens Gil de Camillo. No local, ser\u00e3o empossados os secret\u00e1rios de Estado. O credenciamento aos profissionais da imprensa para a segunda solenidade \u00e9 de responsabilidade da assessoria do governador eleito.&nbsp;&nbsp;<\/h4>\n\n\n\n<h4 class=\"wp-block-heading\"><strong>Deputados estaduais<\/strong><\/h4>\n\n\n\n<h4 class=\"wp-block-heading\">No dia 1\u00ba de fevereiro, a partir das 9h, no Plen\u00e1rio Deputado J\u00falio Maia, ser\u00e3o&nbsp;realizadas:&nbsp;a solenidade de posse das deputadas e&nbsp;deputados estaduais eleitos, a instala\u00e7\u00e3o da 12\u00aa Legislatura e a Elei\u00e7\u00e3o da Mesa Diretora, que conduzir\u00e1 os trabalhos legislativos durante as duas sess\u00f5es legislativas seguintes.&nbsp;Ser\u00e3o eleitos presidente, 1\u00ba, 2\u00ba e 3\u00ba vice-presidentes, 1\u00ba, 2\u00ba e 3\u00ba secret\u00e1rios da ALEMS.&nbsp;<\/h4>\n\n\n\n<h4 class=\"wp-block-heading\">J\u00e1 no dia 2 de fevereiro, ter\u00e1 in\u00edcio a&nbsp;1\u00aa Sess\u00e3o Legislativa da 12\u00aa Legislatura. A solenidade seguir\u00e1 o rito estabelecido pelo Regimento Interno da Casa de Leis, a partir das 9h,&nbsp;no Plen\u00e1rio Deputado J\u00falio Maia.&nbsp;Antes disso,&nbsp;Eduardo Riedel, passar\u00e1&nbsp;em revista \u00e0 tropa formada pela Pol\u00edcia Militar do Estado (PMMS), na rampa que d\u00e1 acesso \u00e0&nbsp;ALEMS. Em seguida, autoridades hastear\u00e3o as bandeiras do Brasil, de&nbsp;Mato Grosso do Sul e de Campo Grande. Durante a Sess\u00e3o Solene de Abertura do ano legislativo, haver\u00e1 a leitura&nbsp;da mensagem anual do governador aos parlamentares estaduais e aos sul-mato-grossenses.&nbsp;<\/h4>\n\n\n\n<h4 class=\"wp-block-heading\"><strong>Transmiss\u00f5es<\/strong><\/h4>\n\n\n\n<h4 class=\"wp-block-heading\">Os ve\u00edculos de Comunica\u00e7\u00e3o interessados em retransmitir a transmiss\u00e3o dos eventos podem compartilh\u00e1-la pelo endere\u00e7o eletr\u00f4nico:&nbsp;<ins><a href=\"https:\/\/www.youtube.com\/@AssembleiaLegislativadeMS\" target=\"_blank\" rel=\"noreferrer noopener\">https:\/\/www.facebook.com\/assembleiams<\/a><\/ins>.&nbsp;No caso da TV ALEMS, a transmiss\u00e3o ser\u00e1 feita no canal 9 da NET, em Campo Grande e Dourados, via streaming no Portal da ALEMS (<ins><a href=\"http:\/\/www.al.ms.gov.br\/\" target=\"_blank\" rel=\"noreferrer noopener\">www.al.ms.gov.br<\/a><\/ins>) e pelo&nbsp;<ins><a href=\"https:\/\/www.youtube.com\/@AssembleiaLegislativadeMS\" target=\"_blank\" rel=\"noreferrer noopener\">YouTube<\/a><\/ins>.<\/h4>\n\n\n\n<h4 class=\"wp-block-heading\">A cobertura ao vivo por meio da R\u00e1dio ALEMS poder\u00e1 ser retransmitida, sem custo para a Assembleia, pelo link oficial (<ins><a href=\"https:\/\/www.al.ms.gov.br\/RadioAssembleia\/Audios?idMenu=601\" target=\"_blank\" rel=\"noreferrer noopener\">clique aqui<\/a><\/ins>). Para mais informa\u00e7\u00f5es sobre hor\u00e1rios da transmiss\u00e3o e demais d\u00favidas, o contato \u00e9 via WhatsApp, com a coordenadora da R\u00e1dio ALEMS, Karine Cortez, pelo n\u00famero (67) 99811-8141.<\/h4>\n\n\n\n<h4 class=\"wp-block-heading\">Outras informa\u00e7\u00f5es podem ser obtidas&nbsp;<ins><a href=\"https:\/\/al.ms.gov.br\/Noticias\/131200\/posse-de-eleitos-em-ms-tera-transmissao-e-cobertura-da-comunicacao-da-alems\" target=\"_blank\" rel=\"noreferrer noopener\">clicando aqui<\/a><\/ins>.&nbsp;<\/h4>\n\n\n\n<h4 class=\"wp-block-heading\">ALEMS<\/h4>\n\n\n<div class=\"wp-block-image\">\n<figure class=\"aligncenter\"><img decoding=\"async\" src=\"https:\/\/i.imgur.com\/R31xFca.jpg\" alt=\"\"\/><\/figure>\n<\/div>\n\n<div class=\"wp-block-image\">\n<figure class=\"aligncenter\"><img decoding=\"async\" src=\"https:\/\/i.imgur.com\/i7OXWMV.png\" alt=\"\"\/><\/figure>\n<\/div>\n\n<div class=\"wp-block-image\">\n<figure class=\"aligncenter\"><img decoding=\"async\" src=\"https:\/\/i.imgur.com\/MRhIHyG.png\" alt=\"\"\/><\/figure>\n<\/div>\n\n\n<h4 class=\"wp-block-heading\">Acesse nossa p\u00e1gina no Facebook e fique por dentro dos destaques de Maracaju e regi\u00e3o.<br><a href=\"https:\/\/www.facebook.com\/MsConectado\/?__tn__=K-R&amp;eid=ARAhfp4e5aWbNVoyptzGrm4obmySmRA_YR3QE4VTRX5QMShFsdcdIz5Iq0b_MWIy7I4QmNXz6k8IoNle&amp;fref=mentions&amp;__xts__%5B0%5D=68.ARAioa_i2DB8DORiDt4nCzBX7dvRVCRXhE8omKRc8oaCnvkbB62J-ntBfEZirzPivEkJx1lDCVwLAcPtZ0yMQNLkCNTlcJQPj0xK6BaGWaOsY1faLudkMNiJdevECtsRmxRf4pPywtr6Ph-QfFtADqGObU6JSKIHeG-MeeDX4kDKXlTFIUBRK4hO5nTzRrhcr3MX5cg5M1qoQKrs0FAyJEjbCy_O8F2Huq0AcJWiZlkD8u8XSf0QlsVlsI8LptFuIqgBS8GhVTw0O9tDGx11ebCRNoaUxQIYsP4qWoTURB3au7pBOcC3DfEQdk--ypqG-M2wCG5kVpCnL3qr9XO0E0f23b1xxxMz0V4PiQ\">https:\/\/www.facebook.com\/MsConectado\/<\/a><\/h4>\n","protected":false},"excerpt":{"rendered":"<p>A Assembleia Legislativa de Mato Grosso do Sul (ALEMS) realizar\u00e1, no pr\u00f3ximo domingo (1\u00ba), \u00e0s 15h, a Sess\u00e3o Especial de Posse do governador&nbsp;e vice-governador eleitos do Estado, Eduardo Riedel (PSDB) e Jos\u00e9 Carlos Barbosa (PP), respectivamente. A cerim\u00f4nia, de cunho solene e festivo, ser\u00e1 no&nbsp;Plen\u00e1rio Deputado J\u00falio Maia, no Pal\u00e1cio Guaicurus. Ap\u00f3s a abertura da [&hellip;]<\/p>\n","protected":false},"author":2,"featured_media":16920,"comment_status":"open","ping_status":"closed","sticky":false,"template":"","format":"standard","meta":{"footnotes":""},"categories":[33],"tags":[],"class_list":["post-16919","post","type-post","status-publish","format-standard","has-post-thumbnail","hentry","category-politica"],"yoast_head":"<!-- This site is optimized with the Yoast SEO plugin v27.5 - https:\/\/yoast.com\/product\/yoast-seo-wordpress\/ -->\n<title>ALEMS realiza Sess\u00e3o Especial de Posse do governador e vice-governador eleitos - MsConectado<\/title>\n<meta name=\"robots\" content=\"index, follow, max-snippet:-1, max-image-preview:large, max-video-preview:-1\" \/>\n<link rel=\"canonical\" href=\"https:\/\/msconectado.com.br\/?p=16919\" \/>\n<meta property=\"og:locale\" content=\"pt_BR\" \/>\n<meta property=\"og:type\" content=\"article\" \/>\n<meta property=\"og:title\" content=\"ALEMS realiza Sess\u00e3o Especial de Posse do governador e vice-governador eleitos - MsConectado\" \/>\n<meta property=\"og:description\" content=\"A Assembleia Legislativa de Mato Grosso do Sul (ALEMS) realizar\u00e1, no pr\u00f3ximo domingo (1\u00ba), \u00e0s 15h, a Sess\u00e3o Especial de Posse do governador&nbsp;e vice-governador eleitos do Estado, Eduardo Riedel (PSDB) e Jos\u00e9 Carlos Barbosa (PP), respectivamente. A cerim\u00f4nia, de cunho solene e festivo, ser\u00e1 no&nbsp;Plen\u00e1rio Deputado J\u00falio Maia, no Pal\u00e1cio Guaicurus. Ap\u00f3s a abertura da [&hellip;]\" \/>\n<meta property=\"og:url\" content=\"https:\/\/msconectado.com.br\/?p=16919\" \/>\n<meta property=\"og:site_name\" content=\"MsConectado\" \/>\n<meta property=\"article:published_time\" content=\"2023-01-12T13:28:27+00:00\" \/>\n<meta property=\"article:modified_time\" content=\"2023-01-13T12:37:32+00:00\" \/>\n<meta property=\"og:image\" content=\"https:\/\/msconectado.com.br\/wp-content\/uploads\/2023\/01\/49.jpg\" \/>\n\t<meta property=\"og:image:width\" content=\"740\" \/>\n\t<meta property=\"og:image:height\" content=\"493\" \/>\n\t<meta property=\"og:image:type\" content=\"image\/jpeg\" \/>\n<meta name=\"author\" content=\"MsConectado\" \/>\n<meta name=\"twitter:card\" content=\"summary_large_image\" \/>\n<meta name=\"twitter:label1\" content=\"Escrito por\" \/>\n\t<meta name=\"twitter:data1\" content=\"MsConectado\" \/>\n\t<meta name=\"twitter:label2\" content=\"Est. tempo de leitura\" \/>\n\t<meta name=\"twitter:data2\" content=\"3 minutos\" \/>\n<script type=\"application\/ld+json\" class=\"yoast-schema-graph\">{\"@context\":\"https:\\\/\\\/schema.org\",\"@graph\":[{\"@type\":\"Article\",\"@id\":\"https:\\\/\\\/msconectado.com.br\\\/?p=16919#article\",\"isPartOf\":{\"@id\":\"https:\\\/\\\/msconectado.com.br\\\/?p=16919\"},\"author\":{\"name\":\"MsConectado\",\"@id\":\"https:\\\/\\\/msconectado.com.br\\\/#\\\/schema\\\/person\\\/e5585545b5687092f1041d350b6e2c16\"},\"headline\":\"ALEMS realiza Sess\u00e3o Especial de Posse do governador e vice-governador eleitos\",\"datePublished\":\"2023-01-12T13:28:27+00:00\",\"dateModified\":\"2023-01-13T12:37:32+00:00\",\"mainEntityOfPage\":{\"@id\":\"https:\\\/\\\/msconectado.com.br\\\/?p=16919\"},\"wordCount\":703,\"commentCount\":0,\"publisher\":{\"@id\":\"https:\\\/\\\/msconectado.com.br\\\/#organization\"},\"image\":{\"@id\":\"https:\\\/\\\/msconectado.com.br\\\/?p=16919#primaryimage\"},\"thumbnailUrl\":\"https:\\\/\\\/msconectado.com.br\\\/wp-content\\\/uploads\\\/2023\\\/01\\\/49.jpg\",\"articleSection\":[\"Pol\u00edtica\"],\"inLanguage\":\"pt-BR\",\"potentialAction\":[{\"@type\":\"CommentAction\",\"name\":\"Comment\",\"target\":[\"https:\\\/\\\/msconectado.com.br\\\/?p=16919#respond\"]}]},{\"@type\":\"WebPage\",\"@id\":\"https:\\\/\\\/msconectado.com.br\\\/?p=16919\",\"url\":\"https:\\\/\\\/msconectado.com.br\\\/?p=16919\",\"name\":\"ALEMS realiza Sess\u00e3o Especial de Posse do governador e vice-governador eleitos - MsConectado\",\"isPartOf\":{\"@id\":\"https:\\\/\\\/msconectado.com.br\\\/#website\"},\"primaryImageOfPage\":{\"@id\":\"https:\\\/\\\/msconectado.com.br\\\/?p=16919#primaryimage\"},\"image\":{\"@id\":\"https:\\\/\\\/msconectado.com.br\\\/?p=16919#primaryimage\"},\"thumbnailUrl\":\"https:\\\/\\\/msconectado.com.br\\\/wp-content\\\/uploads\\\/2023\\\/01\\\/49.jpg\",\"datePublished\":\"2023-01-12T13:28:27+00:00\",\"dateModified\":\"2023-01-13T12:37:32+00:00\",\"breadcrumb\":{\"@id\":\"https:\\\/\\\/msconectado.com.br\\\/?p=16919#breadcrumb\"},\"inLanguage\":\"pt-BR\",\"potentialAction\":[{\"@type\":\"ReadAction\",\"target\":[\"https:\\\/\\\/msconectado.com.br\\\/?p=16919\"]}]},{\"@type\":\"ImageObject\",\"inLanguage\":\"pt-BR\",\"@id\":\"https:\\\/\\\/msconectado.com.br\\\/?p=16919#primaryimage\",\"url\":\"https:\\\/\\\/msconectado.com.br\\\/wp-content\\\/uploads\\\/2023\\\/01\\\/49.jpg\",\"contentUrl\":\"https:\\\/\\\/msconectado.com.br\\\/wp-content\\\/uploads\\\/2023\\\/01\\\/49.jpg\",\"width\":740,\"height\":493},{\"@type\":\"BreadcrumbList\",\"@id\":\"https:\\\/\\\/msconectado.com.br\\\/?p=16919#breadcrumb\",\"itemListElement\":[{\"@type\":\"ListItem\",\"position\":1,\"name\":\"In\u00edcio\",\"item\":\"https:\\\/\\\/msconectado.com.br\\\/?page_id=105\"},{\"@type\":\"ListItem\",\"position\":2,\"name\":\"ALEMS realiza Sess\u00e3o Especial de Posse do governador e vice-governador eleitos\"}]},{\"@type\":\"WebSite\",\"@id\":\"https:\\\/\\\/msconectado.com.br\\\/#website\",\"url\":\"https:\\\/\\\/msconectado.com.br\\\/\",\"name\":\"MsConectado\",\"description\":\"Voc\u00ea Conectado com a Not\u00edcia!\",\"publisher\":{\"@id\":\"https:\\\/\\\/msconectado.com.br\\\/#organization\"},\"potentialAction\":[{\"@type\":\"SearchAction\",\"target\":{\"@type\":\"EntryPoint\",\"urlTemplate\":\"https:\\\/\\\/msconectado.com.br\\\/?s={search_term_string}\"},\"query-input\":{\"@type\":\"PropertyValueSpecification\",\"valueRequired\":true,\"valueName\":\"search_term_string\"}}],\"inLanguage\":\"pt-BR\"},{\"@type\":\"Organization\",\"@id\":\"https:\\\/\\\/msconectado.com.br\\\/#organization\",\"name\":\"MsConectado\",\"url\":\"https:\\\/\\\/msconectado.com.br\\\/\",\"logo\":{\"@type\":\"ImageObject\",\"inLanguage\":\"pt-BR\",\"@id\":\"https:\\\/\\\/msconectado.com.br\\\/#\\\/schema\\\/logo\\\/image\\\/\",\"url\":\"https:\\\/\\\/msconectado.com.br\\\/wp-content\\\/uploads\\\/2023\\\/01\\\/cropped-noticia-2.png\",\"contentUrl\":\"https:\\\/\\\/msconectado.com.br\\\/wp-content\\\/uploads\\\/2023\\\/01\\\/cropped-noticia-2.png\",\"width\":720,\"height\":157,\"caption\":\"MsConectado\"},\"image\":{\"@id\":\"https:\\\/\\\/msconectado.com.br\\\/#\\\/schema\\\/logo\\\/image\\\/\"}},{\"@type\":\"Person\",\"@id\":\"https:\\\/\\\/msconectado.com.br\\\/#\\\/schema\\\/person\\\/e5585545b5687092f1041d350b6e2c16\",\"name\":\"MsConectado\",\"image\":{\"@type\":\"ImageObject\",\"inLanguage\":\"pt-BR\",\"@id\":\"https:\\\/\\\/secure.gravatar.com\\\/avatar\\\/3b4f84a0a8a4380ac4431fa79981d073692380c5da00ae97596e794ab0db5c8c?s=96&d=mm&r=g\",\"url\":\"https:\\\/\\\/secure.gravatar.com\\\/avatar\\\/3b4f84a0a8a4380ac4431fa79981d073692380c5da00ae97596e794ab0db5c8c?s=96&d=mm&r=g\",\"contentUrl\":\"https:\\\/\\\/secure.gravatar.com\\\/avatar\\\/3b4f84a0a8a4380ac4431fa79981d073692380c5da00ae97596e794ab0db5c8c?s=96&d=mm&r=g\",\"caption\":\"MsConectado\"},\"url\":\"https:\\\/\\\/msconectado.com.br\\\/?author=2\"}]}<\/script>\n<!-- \/ Yoast SEO plugin. -->","yoast_head_json":{"title":"ALEMS realiza Sess\u00e3o Especial de Posse do governador e vice-governador eleitos - MsConectado","robots":{"index":"index","follow":"follow","max-snippet":"max-snippet:-1","max-image-preview":"max-image-preview:large","max-video-preview":"max-video-preview:-1"},"canonical":"https:\/\/msconectado.com.br\/?p=16919","og_locale":"pt_BR","og_type":"article","og_title":"ALEMS realiza Sess\u00e3o Especial de Posse do governador e vice-governador eleitos - MsConectado","og_description":"A Assembleia Legislativa de Mato Grosso do Sul (ALEMS) realizar\u00e1, no pr\u00f3ximo domingo (1\u00ba), \u00e0s 15h, a Sess\u00e3o Especial de Posse do governador&nbsp;e vice-governador eleitos do Estado, Eduardo Riedel (PSDB) e Jos\u00e9 Carlos Barbosa (PP), respectivamente. A cerim\u00f4nia, de cunho solene e festivo, ser\u00e1 no&nbsp;Plen\u00e1rio Deputado J\u00falio Maia, no Pal\u00e1cio Guaicurus. Ap\u00f3s a abertura da [&hellip;]","og_url":"https:\/\/msconectado.com.br\/?p=16919","og_site_name":"MsConectado","article_published_time":"2023-01-12T13:28:27+00:00","article_modified_time":"2023-01-13T12:37:32+00:00","og_image":[{"width":740,"height":493,"url":"https:\/\/msconectado.com.br\/wp-content\/uploads\/2023\/01\/49.jpg","type":"image\/jpeg"}],"author":"MsConectado","twitter_card":"summary_large_image","twitter_misc":{"Escrito por":"MsConectado","Est. tempo de leitura":"3 minutos"},"schema":{"@context":"https:\/\/schema.org","@graph":[{"@type":"Article","@id":"https:\/\/msconectado.com.br\/?p=16919#article","isPartOf":{"@id":"https:\/\/msconectado.com.br\/?p=16919"},"author":{"name":"MsConectado","@id":"https:\/\/msconectado.com.br\/#\/schema\/person\/e5585545b5687092f1041d350b6e2c16"},"headline":"ALEMS realiza Sess\u00e3o Especial de Posse do governador e vice-governador eleitos","datePublished":"2023-01-12T13:28:27+00:00","dateModified":"2023-01-13T12:37:32+00:00","mainEntityOfPage":{"@id":"https:\/\/msconectado.com.br\/?p=16919"},"wordCount":703,"commentCount":0,"publisher":{"@id":"https:\/\/msconectado.com.br\/#organization"},"image":{"@id":"https:\/\/msconectado.com.br\/?p=16919#primaryimage"},"thumbnailUrl":"https:\/\/msconectado.com.br\/wp-content\/uploads\/2023\/01\/49.jpg","articleSection":["Pol\u00edtica"],"inLanguage":"pt-BR","potentialAction":[{"@type":"CommentAction","name":"Comment","target":["https:\/\/msconectado.com.br\/?p=16919#respond"]}]},{"@type":"WebPage","@id":"https:\/\/msconectado.com.br\/?p=16919","url":"https:\/\/msconectado.com.br\/?p=16919","name":"ALEMS realiza Sess\u00e3o Especial de Posse do governador e vice-governador eleitos - MsConectado","isPartOf":{"@id":"https:\/\/msconectado.com.br\/#website"},"primaryImageOfPage":{"@id":"https:\/\/msconectado.com.br\/?p=16919#primaryimage"},"image":{"@id":"https:\/\/msconectado.com.br\/?p=16919#primaryimage"},"thumbnailUrl":"https:\/\/msconectado.com.br\/wp-content\/uploads\/2023\/01\/49.jpg","datePublished":"2023-01-12T13:28:27+00:00","dateModified":"2023-01-13T12:37:32+00:00","breadcrumb":{"@id":"https:\/\/msconectado.com.br\/?p=16919#breadcrumb"},"inLanguage":"pt-BR","potentialAction":[{"@type":"ReadAction","target":["https:\/\/msconectado.com.br\/?p=16919"]}]},{"@type":"ImageObject","inLanguage":"pt-BR","@id":"https:\/\/msconectado.com.br\/?p=16919#primaryimage","url":"https:\/\/msconectado.com.br\/wp-content\/uploads\/2023\/01\/49.jpg","contentUrl":"https:\/\/msconectado.com.br\/wp-content\/uploads\/2023\/01\/49.jpg","width":740,"height":493},{"@type":"BreadcrumbList","@id":"https:\/\/msconectado.com.br\/?p=16919#breadcrumb","itemListElement":[{"@type":"ListItem","position":1,"name":"In\u00edcio","item":"https:\/\/msconectado.com.br\/?page_id=105"},{"@type":"ListItem","position":2,"name":"ALEMS realiza Sess\u00e3o Especial de Posse do governador e vice-governador eleitos"}]},{"@type":"WebSite","@id":"https:\/\/msconectado.com.br\/#website","url":"https:\/\/msconectado.com.br\/","name":"MsConectado","description":"Voc\u00ea Conectado com a Not\u00edcia!","publisher":{"@id":"https:\/\/msconectado.com.br\/#organization"},"potentialAction":[{"@type":"SearchAction","target":{"@type":"EntryPoint","urlTemplate":"https:\/\/msconectado.com.br\/?s={search_term_string}"},"query-input":{"@type":"PropertyValueSpecification","valueRequired":true,"valueName":"search_term_string"}}],"inLanguage":"pt-BR"},{"@type":"Organization","@id":"https:\/\/msconectado.com.br\/#organization","name":"MsConectado","url":"https:\/\/msconectado.com.br\/","logo":{"@type":"ImageObject","inLanguage":"pt-BR","@id":"https:\/\/msconectado.com.br\/#\/schema\/logo\/image\/","url":"https:\/\/msconectado.com.br\/wp-content\/uploads\/2023\/01\/cropped-noticia-2.png","contentUrl":"https:\/\/msconectado.com.br\/wp-content\/uploads\/2023\/01\/cropped-noticia-2.png","width":720,"height":157,"caption":"MsConectado"},"image":{"@id":"https:\/\/msconectado.com.br\/#\/schema\/logo\/image\/"}},{"@type":"Person","@id":"https:\/\/msconectado.com.br\/#\/schema\/person\/e5585545b5687092f1041d350b6e2c16","name":"MsConectado","image":{"@type":"ImageObject","inLanguage":"pt-BR","@id":"https:\/\/secure.gravatar.com\/avatar\/3b4f84a0a8a4380ac4431fa79981d073692380c5da00ae97596e794ab0db5c8c?s=96&d=mm&r=g","url":"https:\/\/secure.gravatar.com\/avatar\/3b4f84a0a8a4380ac4431fa79981d073692380c5da00ae97596e794ab0db5c8c?s=96&d=mm&r=g","contentUrl":"https:\/\/secure.gravatar.com\/avatar\/3b4f84a0a8a4380ac4431fa79981d073692380c5da00ae97596e794ab0db5c8c?s=96&d=mm&r=g","caption":"MsConectado"},"url":"https:\/\/msconectado.com.br\/?author=2"}]}},"_links":{"self":[{"href":"https:\/\/msconectado.com.br\/index.php?rest_route=\/wp\/v2\/posts\/16919","targetHints":{"allow":["GET"]}}],"collection":[{"href":"https:\/\/msconectado.com.br\/index.php?rest_route=\/wp\/v2\/posts"}],"about":[{"href":"https:\/\/msconectado.com.br\/index.php?rest_route=\/wp\/v2\/types\/post"}],"author":[{"embeddable":true,"href":"https:\/\/msconectado.com.br\/index.php?rest_route=\/wp\/v2\/users\/2"}],"replies":[{"embeddable":true,"href":"https:\/\/msconectado.com.br\/index.php?rest_route=%2Fwp%2Fv2%2Fcomments&post=16919"}],"version-history":[{"count":2,"href":"https:\/\/msconectado.com.br\/index.php?rest_route=\/wp\/v2\/posts\/16919\/revisions"}],"predecessor-version":[{"id":17372,"href":"https:\/\/msconectado.com.br\/index.php?rest_route=\/wp\/v2\/posts\/16919\/revisions\/17372"}],"wp:featuredmedia":[{"embeddable":true,"href":"https:\/\/msconectado.com.br\/index.php?rest_route=\/wp\/v2\/media\/16920"}],"wp:attachment":[{"href":"https:\/\/msconectado.com.br\/index.php?rest_route=%2Fwp%2Fv2%2Fmedia&parent=16919"}],"wp:term":[{"taxonomy":"category","embeddable":true,"href":"https:\/\/msconectado.com.br\/index.php?rest_route=%2Fwp%2Fv2%2Fcategories&post=16919"},{"taxonomy":"post_tag","embeddable":true,"href":"https:\/\/msconectado.com.br\/index.php?rest_route=%2Fwp%2Fv2%2Ftags&post=16919"}],"curies":[{"name":"wp","href":"https:\/\/api.w.org\/{rel}","templated":true}]}}