
{"id":16922,"date":"2023-01-12T13:30:42","date_gmt":"2023-01-12T13:30:42","guid":{"rendered":"https:\/\/teste.msconectado.com.br\/?p=16922"},"modified":"2023-01-13T12:37:15","modified_gmt":"2023-01-13T12:37:15","slug":"com-boa-gestao-secretaria-municipal-de-planejamento-e-fazenda-presta-contas-dos-departamentos","status":"publish","type":"post","link":"https:\/\/msconectado.com.br\/?p=16922","title":{"rendered":"Com boa gest\u00e3o, Secretaria Municipal de Planejamento e Fazenda presta contas dos departamentos"},"content":{"rendered":"\n<h4 class=\"wp-block-heading\"><strong>Ano de 2022 foram de avan\u00e7os, pagamento de fornecedores e servidores rigorosamente em dia, valorizando os impostos pagos pelos contribuintes.<\/strong><br><br>Se h\u00e1 um setor que deve funcionar com total efic\u00e1cia e transpar\u00eancia em uma gest\u00e3o p\u00fablica \u00e9 a Secretaria de Planejamento e Fazenda, liderada pelo Secret\u00e1rio Andr\u00e9 Hadlich, Administrador de forma\u00e7\u00e3o, tem adotado esses princ\u00edpios em sua gest\u00e3o, apostando ainda em uma rela\u00e7\u00e3o m\u00fatua de respeito e pontualidade com fornecedores e servidores municipais.<br><br>De acordo com Andr\u00e9 Hadlich o ano foi de muitos progressos, apostando na transpar\u00eancia, conta com o \u201cPortal da Transpar\u00eancia\u201d corretamente alimentado, classificando n\u00e3o como um \u201cm\u00e9rito\u201d, mas sim uma \u201cobriga\u00e7\u00e3o\u201d de qualquer gestor p\u00fablico.<br><br>\u201c<em>Para n\u00f3s \u00e9 uma alegria enorme poder prestar contas para a sociedade maracajuense de nosso trabalho, ressaltando que na administra\u00e7\u00e3o do Prefeito Marcos Calderan, transpar\u00eancia, respeito ao recurso p\u00fablico e execu\u00e7\u00e3o de atividades que beneficiem a comunidade s\u00e3o pilares primordiais de nosso trabalho, n\u00e3o estamos fazendo nada que deva ser vangloriado, trata-se de uma obriga\u00e7\u00e3o, n\u00e3o estamos lidando com o dinheiro de uma \u00fanica pessoa, mas de toda a sociedade que paga impostos e contribui para o crescimento do munic\u00edpio em seus mais diversos setores como infraestrutura, educa\u00e7\u00e3o, sa\u00fade, assist\u00eancia social, entre outros<\/em>.\u201d Destacou Andr\u00e9 Hadlich.<br><br>O Secret\u00e1rio ainda agradeceu a confian\u00e7a do Prefeito Marcos Calderan e afirmou que tudo ocorre de forma positiva, j\u00e1 que o secretariado como um todo tem um pensamento rigorosamente alinhado com o do maior l\u00edder que \u00e9 o Prefeito Marcos Calderan, trabalhando em unidade, resultados s\u00e3o coletivos.<br><br><strong>Atividades realizadas ao longo de 2022<\/strong><br><br><strong>Processos Executados pela Equipe de Licita\u00e7\u00f5es<\/strong>:<\/h4>\n\n\n\n<ul class=\"wp-block-list\">\n<li>Contratualiza\u00e7\u00e3o: 1 (Um); Ades\u00f5es em ATA: 13 (Treze); Dispensa de licita\u00e7\u00f5es: 17 (Dezessete); Credenciamentos 33 (Trinta e tr\u00eas) e ATA Registro: 38 (Trinta e oito).<\/li>\n\n\n\n<li>Aditivos: 87 (Oitenta e sete); Licita\u00e7\u00f5es de todas as modalidades: 202 (Duzentos e dois); Contratos: 272 (Duzentos e setenta e dois), totalizando 663 processos.<\/li>\n<\/ul>\n\n\n\n<h4 class=\"wp-block-heading\"><strong>Economia ao munic\u00edpio:<\/strong><\/h4>\n\n\n\n<ul class=\"wp-block-list\">\n<li>Preg\u00f5es Presenciais \u2013 Or\u00e7ado: R$ 90,29 milh\u00f5es &#8211; Homologado: R$ 69,22 milh\u00f5es, gerando uma economia aos cofres da cidade de 21 milh\u00f5es de reais.<\/li>\n\n\n\n<li>Preg\u00f5es eletr\u00f4nicos &#8211; Or\u00e7ado: R$ 3 milh\u00f5es &#8211; Homologado: R$ 1,94 milh\u00f5es, gerando uma economia aos cofres da cidade de 1,06 milh\u00f5es de reais.<\/li>\n\n\n\n<li>Tomada de Pre\u00e7o &#8211; Or\u00e7ado: R$ 17,34 milh\u00f5es &#8211; Homologado: R$ 16,88 milh\u00f5es, gerando uma economia aos cofres da cidade de 455 mil reais.<\/li>\n\n\n\n<li>Convite &#8211; Or\u00e7ado: R$ 1,99 milh\u00f5es &#8211; Homologado: R$ 1,89 milh\u00f5es, gerando uma economia aos cofres da cidade de 96 mil reais.<\/li>\n\n\n\n<li>Concorr\u00eancia &#8211; Or\u00e7ado: R$ 17,76 milh\u00f5es &#8211; Homologado: R$ 17,27 milh\u00f5es, gerando uma economia aos cofres da cidade de 498 mil reais.<\/li>\n<\/ul>\n\n\n\n<h4 class=\"wp-block-heading\">Somente nesses segmentos, gerou-se uma economia aos cofres do munic\u00edpio, consequentemente, recursos pagos de impostos dos cidad\u00e3os no montante de 23 milh\u00f5es de reais.<br><br>Processos executados pelas equipes de Contabilidade, Tesouraria e Presta\u00e7\u00e3o de Contas<\/h4>\n\n\n\n<ul class=\"wp-block-list\">\n<li>Regularidade CAUC e Outros: 84; (RGF; RREO; SIAFI; CDP)<\/li>\n\n\n\n<li>Solicita\u00e7\u00f5es de Di\u00e1rias: 359 (todas as secretarias);<\/li>\n\n\n\n<li>Empenhos: 13.124 processos (todas as secretarias);<\/li>\n\n\n\n<li>Total Empenhado R$ 333.840.178,95<\/li>\n\n\n\n<li>Liquida\u00e7\u00f5es:&nbsp; 118.116 processos (todas as secretarias);<\/li>\n\n\n\n<li>Total liquidado de R$ 264.386.103,75.<\/li>\n<\/ul>\n\n\n\n<h4 class=\"wp-block-heading\">Andr\u00e9 Hadlich finaliza sua \u201cPresta\u00e7\u00e3o de Contas\u201d destacando que a Secretaria de Planejamento e Fazenda est\u00e1 \u00e0 disposi\u00e7\u00e3o da sociedade, seja com o objetivo de prestar informa\u00e7\u00f5es, quanto de atender empresas locais que queiram fornecer produtos e servi\u00e7os ao munic\u00edpio, fazendo com que a receita aqui arrecadada, continue na cidade, gerando frutos para toda a sociedade.<\/h4>\n\n\n\n<h4 class=\"wp-block-heading\">Assessoria<\/h4>\n\n\n<div class=\"wp-block-image\">\n<figure class=\"aligncenter\"><img decoding=\"async\" src=\"https:\/\/i.imgur.com\/R31xFca.jpg\" alt=\"\"\/><\/figure>\n<\/div>\n\n<div class=\"wp-block-image\">\n<figure class=\"aligncenter\"><img decoding=\"async\" src=\"https:\/\/i.imgur.com\/i7OXWMV.png\" alt=\"\"\/><\/figure>\n<\/div>\n\n<div class=\"wp-block-image\">\n<figure class=\"aligncenter\"><img decoding=\"async\" src=\"https:\/\/i.imgur.com\/MRhIHyG.png\" alt=\"\"\/><\/figure>\n<\/div>\n\n\n<h4 class=\"wp-block-heading\">Acesse nossa p\u00e1gina no Facebook e fique por dentro dos destaques de Maracaju e regi\u00e3o.<br><a href=\"https:\/\/www.facebook.com\/MsConectado\/?__tn__=K-R&amp;eid=ARAhfp4e5aWbNVoyptzGrm4obmySmRA_YR3QE4VTRX5QMShFsdcdIz5Iq0b_MWIy7I4QmNXz6k8IoNle&amp;fref=mentions&amp;__xts__%5B0%5D=68.ARAioa_i2DB8DORiDt4nCzBX7dvRVCRXhE8omKRc8oaCnvkbB62J-ntBfEZirzPivEkJx1lDCVwLAcPtZ0yMQNLkCNTlcJQPj0xK6BaGWaOsY1faLudkMNiJdevECtsRmxRf4pPywtr6Ph-QfFtADqGObU6JSKIHeG-MeeDX4kDKXlTFIUBRK4hO5nTzRrhcr3MX5cg5M1qoQKrs0FAyJEjbCy_O8F2Huq0AcJWiZlkD8u8XSf0QlsVlsI8LptFuIqgBS8GhVTw0O9tDGx11ebCRNoaUxQIYsP4qWoTURB3au7pBOcC3DfEQdk--ypqG-M2wCG5kVpCnL3qr9XO0E0f23b1xxxMz0V4PiQ\">https:\/\/www.facebook.com\/MsConectado\/<\/a><\/h4>\n","protected":false},"excerpt":{"rendered":"<p>Ano de 2022 foram de avan\u00e7os, pagamento de fornecedores e servidores rigorosamente em dia, valorizando os impostos pagos pelos contribuintes. Se h\u00e1 um setor que deve funcionar com total efic\u00e1cia e transpar\u00eancia em uma gest\u00e3o p\u00fablica \u00e9 a Secretaria de Planejamento e Fazenda, liderada pelo Secret\u00e1rio Andr\u00e9 Hadlich, Administrador de forma\u00e7\u00e3o, tem adotado esses princ\u00edpios [&hellip;]<\/p>\n","protected":false},"author":2,"featured_media":16924,"comment_status":"open","ping_status":"closed","sticky":false,"template":"","format":"standard","meta":{"footnotes":""},"categories":[35],"tags":[],"class_list":["post-16922","post","type-post","status-publish","format-standard","has-post-thumbnail","hentry","category-cidades"],"yoast_head":"<!-- This site is optimized with the Yoast SEO plugin v27.5 - https:\/\/yoast.com\/product\/yoast-seo-wordpress\/ -->\n<title>Com boa gest\u00e3o, Secretaria Municipal de Planejamento e Fazenda presta contas dos departamentos - MsConectado<\/title>\n<meta name=\"robots\" content=\"index, follow, max-snippet:-1, max-image-preview:large, max-video-preview:-1\" \/>\n<link rel=\"canonical\" href=\"https:\/\/msconectado.com.br\/?p=16922\" \/>\n<meta property=\"og:locale\" content=\"pt_BR\" \/>\n<meta property=\"og:type\" content=\"article\" \/>\n<meta property=\"og:title\" content=\"Com boa gest\u00e3o, Secretaria Municipal de Planejamento e Fazenda presta contas dos departamentos - MsConectado\" \/>\n<meta property=\"og:description\" content=\"Ano de 2022 foram de avan\u00e7os, pagamento de fornecedores e servidores rigorosamente em dia, valorizando os impostos pagos pelos contribuintes. Se h\u00e1 um setor que deve funcionar com total efic\u00e1cia e transpar\u00eancia em uma gest\u00e3o p\u00fablica \u00e9 a Secretaria de Planejamento e Fazenda, liderada pelo Secret\u00e1rio Andr\u00e9 Hadlich, Administrador de forma\u00e7\u00e3o, tem adotado esses princ\u00edpios [&hellip;]\" \/>\n<meta property=\"og:url\" content=\"https:\/\/msconectado.com.br\/?p=16922\" \/>\n<meta property=\"og:site_name\" content=\"MsConectado\" \/>\n<meta property=\"article:published_time\" content=\"2023-01-12T13:30:42+00:00\" \/>\n<meta property=\"article:modified_time\" content=\"2023-01-13T12:37:15+00:00\" \/>\n<meta property=\"og:image\" content=\"https:\/\/msconectado.com.br\/wp-content\/uploads\/2023\/01\/48.jpg\" \/>\n\t<meta property=\"og:image:width\" content=\"800\" \/>\n\t<meta property=\"og:image:height\" content=\"533\" \/>\n\t<meta property=\"og:image:type\" content=\"image\/jpeg\" \/>\n<meta name=\"author\" content=\"MsConectado\" \/>\n<meta name=\"twitter:card\" content=\"summary_large_image\" \/>\n<meta name=\"twitter:label1\" content=\"Escrito por\" \/>\n\t<meta name=\"twitter:data1\" content=\"MsConectado\" \/>\n\t<meta name=\"twitter:label2\" content=\"Est. tempo de leitura\" \/>\n\t<meta name=\"twitter:data2\" content=\"3 minutos\" \/>\n<script type=\"application\/ld+json\" class=\"yoast-schema-graph\">{\"@context\":\"https:\\\/\\\/schema.org\",\"@graph\":[{\"@type\":\"Article\",\"@id\":\"https:\\\/\\\/msconectado.com.br\\\/?p=16922#article\",\"isPartOf\":{\"@id\":\"https:\\\/\\\/msconectado.com.br\\\/?p=16922\"},\"author\":{\"name\":\"MsConectado\",\"@id\":\"https:\\\/\\\/msconectado.com.br\\\/#\\\/schema\\\/person\\\/e5585545b5687092f1041d350b6e2c16\"},\"headline\":\"Com boa gest\u00e3o, Secretaria Municipal de Planejamento e Fazenda presta contas dos departamentos\",\"datePublished\":\"2023-01-12T13:30:42+00:00\",\"dateModified\":\"2023-01-13T12:37:15+00:00\",\"mainEntityOfPage\":{\"@id\":\"https:\\\/\\\/msconectado.com.br\\\/?p=16922\"},\"wordCount\":634,\"commentCount\":0,\"publisher\":{\"@id\":\"https:\\\/\\\/msconectado.com.br\\\/#organization\"},\"image\":{\"@id\":\"https:\\\/\\\/msconectado.com.br\\\/?p=16922#primaryimage\"},\"thumbnailUrl\":\"https:\\\/\\\/msconectado.com.br\\\/wp-content\\\/uploads\\\/2023\\\/01\\\/48.jpg\",\"articleSection\":[\"Cidades\"],\"inLanguage\":\"pt-BR\",\"potentialAction\":[{\"@type\":\"CommentAction\",\"name\":\"Comment\",\"target\":[\"https:\\\/\\\/msconectado.com.br\\\/?p=16922#respond\"]}]},{\"@type\":\"WebPage\",\"@id\":\"https:\\\/\\\/msconectado.com.br\\\/?p=16922\",\"url\":\"https:\\\/\\\/msconectado.com.br\\\/?p=16922\",\"name\":\"Com boa gest\u00e3o, Secretaria Municipal de Planejamento e Fazenda presta contas dos departamentos - MsConectado\",\"isPartOf\":{\"@id\":\"https:\\\/\\\/msconectado.com.br\\\/#website\"},\"primaryImageOfPage\":{\"@id\":\"https:\\\/\\\/msconectado.com.br\\\/?p=16922#primaryimage\"},\"image\":{\"@id\":\"https:\\\/\\\/msconectado.com.br\\\/?p=16922#primaryimage\"},\"thumbnailUrl\":\"https:\\\/\\\/msconectado.com.br\\\/wp-content\\\/uploads\\\/2023\\\/01\\\/48.jpg\",\"datePublished\":\"2023-01-12T13:30:42+00:00\",\"dateModified\":\"2023-01-13T12:37:15+00:00\",\"breadcrumb\":{\"@id\":\"https:\\\/\\\/msconectado.com.br\\\/?p=16922#breadcrumb\"},\"inLanguage\":\"pt-BR\",\"potentialAction\":[{\"@type\":\"ReadAction\",\"target\":[\"https:\\\/\\\/msconectado.com.br\\\/?p=16922\"]}]},{\"@type\":\"ImageObject\",\"inLanguage\":\"pt-BR\",\"@id\":\"https:\\\/\\\/msconectado.com.br\\\/?p=16922#primaryimage\",\"url\":\"https:\\\/\\\/msconectado.com.br\\\/wp-content\\\/uploads\\\/2023\\\/01\\\/48.jpg\",\"contentUrl\":\"https:\\\/\\\/msconectado.com.br\\\/wp-content\\\/uploads\\\/2023\\\/01\\\/48.jpg\",\"width\":800,\"height\":533},{\"@type\":\"BreadcrumbList\",\"@id\":\"https:\\\/\\\/msconectado.com.br\\\/?p=16922#breadcrumb\",\"itemListElement\":[{\"@type\":\"ListItem\",\"position\":1,\"name\":\"In\u00edcio\",\"item\":\"https:\\\/\\\/msconectado.com.br\\\/\"},{\"@type\":\"ListItem\",\"position\":2,\"name\":\"Com boa gest\u00e3o, Secretaria Municipal de Planejamento e Fazenda presta contas dos departamentos\"}]},{\"@type\":\"WebSite\",\"@id\":\"https:\\\/\\\/msconectado.com.br\\\/#website\",\"url\":\"https:\\\/\\\/msconectado.com.br\\\/\",\"name\":\"MsConectado\",\"description\":\"Voc\u00ea Conectado com a Not\u00edcia!\",\"publisher\":{\"@id\":\"https:\\\/\\\/msconectado.com.br\\\/#organization\"},\"potentialAction\":[{\"@type\":\"SearchAction\",\"target\":{\"@type\":\"EntryPoint\",\"urlTemplate\":\"https:\\\/\\\/msconectado.com.br\\\/?s={search_term_string}\"},\"query-input\":{\"@type\":\"PropertyValueSpecification\",\"valueRequired\":true,\"valueName\":\"search_term_string\"}}],\"inLanguage\":\"pt-BR\"},{\"@type\":\"Organization\",\"@id\":\"https:\\\/\\\/msconectado.com.br\\\/#organization\",\"name\":\"MsConectado\",\"url\":\"https:\\\/\\\/msconectado.com.br\\\/\",\"logo\":{\"@type\":\"ImageObject\",\"inLanguage\":\"pt-BR\",\"@id\":\"https:\\\/\\\/msconectado.com.br\\\/#\\\/schema\\\/logo\\\/image\\\/\",\"url\":\"https:\\\/\\\/msconectado.com.br\\\/wp-content\\\/uploads\\\/2023\\\/01\\\/cropped-noticia-2.png\",\"contentUrl\":\"https:\\\/\\\/msconectado.com.br\\\/wp-content\\\/uploads\\\/2023\\\/01\\\/cropped-noticia-2.png\",\"width\":720,\"height\":157,\"caption\":\"MsConectado\"},\"image\":{\"@id\":\"https:\\\/\\\/msconectado.com.br\\\/#\\\/schema\\\/logo\\\/image\\\/\"}},{\"@type\":\"Person\",\"@id\":\"https:\\\/\\\/msconectado.com.br\\\/#\\\/schema\\\/person\\\/e5585545b5687092f1041d350b6e2c16\",\"name\":\"MsConectado\",\"image\":{\"@type\":\"ImageObject\",\"inLanguage\":\"pt-BR\",\"@id\":\"https:\\\/\\\/secure.gravatar.com\\\/avatar\\\/3b4f84a0a8a4380ac4431fa79981d073692380c5da00ae97596e794ab0db5c8c?s=96&d=mm&r=g\",\"url\":\"https:\\\/\\\/secure.gravatar.com\\\/avatar\\\/3b4f84a0a8a4380ac4431fa79981d073692380c5da00ae97596e794ab0db5c8c?s=96&d=mm&r=g\",\"contentUrl\":\"https:\\\/\\\/secure.gravatar.com\\\/avatar\\\/3b4f84a0a8a4380ac4431fa79981d073692380c5da00ae97596e794ab0db5c8c?s=96&d=mm&r=g\",\"caption\":\"MsConectado\"},\"url\":\"https:\\\/\\\/msconectado.com.br\\\/?author=2\"}]}<\/script>\n<!-- \/ Yoast SEO plugin. -->","yoast_head_json":{"title":"Com boa gest\u00e3o, Secretaria Municipal de Planejamento e Fazenda presta contas dos departamentos - MsConectado","robots":{"index":"index","follow":"follow","max-snippet":"max-snippet:-1","max-image-preview":"max-image-preview:large","max-video-preview":"max-video-preview:-1"},"canonical":"https:\/\/msconectado.com.br\/?p=16922","og_locale":"pt_BR","og_type":"article","og_title":"Com boa gest\u00e3o, Secretaria Municipal de Planejamento e Fazenda presta contas dos departamentos - MsConectado","og_description":"Ano de 2022 foram de avan\u00e7os, pagamento de fornecedores e servidores rigorosamente em dia, valorizando os impostos pagos pelos contribuintes. Se h\u00e1 um setor que deve funcionar com total efic\u00e1cia e transpar\u00eancia em uma gest\u00e3o p\u00fablica \u00e9 a Secretaria de Planejamento e Fazenda, liderada pelo Secret\u00e1rio Andr\u00e9 Hadlich, Administrador de forma\u00e7\u00e3o, tem adotado esses princ\u00edpios [&hellip;]","og_url":"https:\/\/msconectado.com.br\/?p=16922","og_site_name":"MsConectado","article_published_time":"2023-01-12T13:30:42+00:00","article_modified_time":"2023-01-13T12:37:15+00:00","og_image":[{"width":800,"height":533,"url":"https:\/\/msconectado.com.br\/wp-content\/uploads\/2023\/01\/48.jpg","type":"image\/jpeg"}],"author":"MsConectado","twitter_card":"summary_large_image","twitter_misc":{"Escrito por":"MsConectado","Est. tempo de leitura":"3 minutos"},"schema":{"@context":"https:\/\/schema.org","@graph":[{"@type":"Article","@id":"https:\/\/msconectado.com.br\/?p=16922#article","isPartOf":{"@id":"https:\/\/msconectado.com.br\/?p=16922"},"author":{"name":"MsConectado","@id":"https:\/\/msconectado.com.br\/#\/schema\/person\/e5585545b5687092f1041d350b6e2c16"},"headline":"Com boa gest\u00e3o, Secretaria Municipal de Planejamento e Fazenda presta contas dos departamentos","datePublished":"2023-01-12T13:30:42+00:00","dateModified":"2023-01-13T12:37:15+00:00","mainEntityOfPage":{"@id":"https:\/\/msconectado.com.br\/?p=16922"},"wordCount":634,"commentCount":0,"publisher":{"@id":"https:\/\/msconectado.com.br\/#organization"},"image":{"@id":"https:\/\/msconectado.com.br\/?p=16922#primaryimage"},"thumbnailUrl":"https:\/\/msconectado.com.br\/wp-content\/uploads\/2023\/01\/48.jpg","articleSection":["Cidades"],"inLanguage":"pt-BR","potentialAction":[{"@type":"CommentAction","name":"Comment","target":["https:\/\/msconectado.com.br\/?p=16922#respond"]}]},{"@type":"WebPage","@id":"https:\/\/msconectado.com.br\/?p=16922","url":"https:\/\/msconectado.com.br\/?p=16922","name":"Com boa gest\u00e3o, Secretaria Municipal de Planejamento e Fazenda presta contas dos departamentos - MsConectado","isPartOf":{"@id":"https:\/\/msconectado.com.br\/#website"},"primaryImageOfPage":{"@id":"https:\/\/msconectado.com.br\/?p=16922#primaryimage"},"image":{"@id":"https:\/\/msconectado.com.br\/?p=16922#primaryimage"},"thumbnailUrl":"https:\/\/msconectado.com.br\/wp-content\/uploads\/2023\/01\/48.jpg","datePublished":"2023-01-12T13:30:42+00:00","dateModified":"2023-01-13T12:37:15+00:00","breadcrumb":{"@id":"https:\/\/msconectado.com.br\/?p=16922#breadcrumb"},"inLanguage":"pt-BR","potentialAction":[{"@type":"ReadAction","target":["https:\/\/msconectado.com.br\/?p=16922"]}]},{"@type":"ImageObject","inLanguage":"pt-BR","@id":"https:\/\/msconectado.com.br\/?p=16922#primaryimage","url":"https:\/\/msconectado.com.br\/wp-content\/uploads\/2023\/01\/48.jpg","contentUrl":"https:\/\/msconectado.com.br\/wp-content\/uploads\/2023\/01\/48.jpg","width":800,"height":533},{"@type":"BreadcrumbList","@id":"https:\/\/msconectado.com.br\/?p=16922#breadcrumb","itemListElement":[{"@type":"ListItem","position":1,"name":"In\u00edcio","item":"https:\/\/msconectado.com.br\/"},{"@type":"ListItem","position":2,"name":"Com boa gest\u00e3o, Secretaria Municipal de Planejamento e Fazenda presta contas dos departamentos"}]},{"@type":"WebSite","@id":"https:\/\/msconectado.com.br\/#website","url":"https:\/\/msconectado.com.br\/","name":"MsConectado","description":"Voc\u00ea Conectado com a Not\u00edcia!","publisher":{"@id":"https:\/\/msconectado.com.br\/#organization"},"potentialAction":[{"@type":"SearchAction","target":{"@type":"EntryPoint","urlTemplate":"https:\/\/msconectado.com.br\/?s={search_term_string}"},"query-input":{"@type":"PropertyValueSpecification","valueRequired":true,"valueName":"search_term_string"}}],"inLanguage":"pt-BR"},{"@type":"Organization","@id":"https:\/\/msconectado.com.br\/#organization","name":"MsConectado","url":"https:\/\/msconectado.com.br\/","logo":{"@type":"ImageObject","inLanguage":"pt-BR","@id":"https:\/\/msconectado.com.br\/#\/schema\/logo\/image\/","url":"https:\/\/msconectado.com.br\/wp-content\/uploads\/2023\/01\/cropped-noticia-2.png","contentUrl":"https:\/\/msconectado.com.br\/wp-content\/uploads\/2023\/01\/cropped-noticia-2.png","width":720,"height":157,"caption":"MsConectado"},"image":{"@id":"https:\/\/msconectado.com.br\/#\/schema\/logo\/image\/"}},{"@type":"Person","@id":"https:\/\/msconectado.com.br\/#\/schema\/person\/e5585545b5687092f1041d350b6e2c16","name":"MsConectado","image":{"@type":"ImageObject","inLanguage":"pt-BR","@id":"https:\/\/secure.gravatar.com\/avatar\/3b4f84a0a8a4380ac4431fa79981d073692380c5da00ae97596e794ab0db5c8c?s=96&d=mm&r=g","url":"https:\/\/secure.gravatar.com\/avatar\/3b4f84a0a8a4380ac4431fa79981d073692380c5da00ae97596e794ab0db5c8c?s=96&d=mm&r=g","contentUrl":"https:\/\/secure.gravatar.com\/avatar\/3b4f84a0a8a4380ac4431fa79981d073692380c5da00ae97596e794ab0db5c8c?s=96&d=mm&r=g","caption":"MsConectado"},"url":"https:\/\/msconectado.com.br\/?author=2"}]}},"_links":{"self":[{"href":"https:\/\/msconectado.com.br\/index.php?rest_route=\/wp\/v2\/posts\/16922","targetHints":{"allow":["GET"]}}],"collection":[{"href":"https:\/\/msconectado.com.br\/index.php?rest_route=\/wp\/v2\/posts"}],"about":[{"href":"https:\/\/msconectado.com.br\/index.php?rest_route=\/wp\/v2\/types\/post"}],"author":[{"embeddable":true,"href":"https:\/\/msconectado.com.br\/index.php?rest_route=\/wp\/v2\/users\/2"}],"replies":[{"embeddable":true,"href":"https:\/\/msconectado.com.br\/index.php?rest_route=%2Fwp%2Fv2%2Fcomments&post=16922"}],"version-history":[{"count":2,"href":"https:\/\/msconectado.com.br\/index.php?rest_route=\/wp\/v2\/posts\/16922\/revisions"}],"predecessor-version":[{"id":17371,"href":"https:\/\/msconectado.com.br\/index.php?rest_route=\/wp\/v2\/posts\/16922\/revisions\/17371"}],"wp:featuredmedia":[{"embeddable":true,"href":"https:\/\/msconectado.com.br\/index.php?rest_route=\/wp\/v2\/media\/16924"}],"wp:attachment":[{"href":"https:\/\/msconectado.com.br\/index.php?rest_route=%2Fwp%2Fv2%2Fmedia&parent=16922"}],"wp:term":[{"taxonomy":"category","embeddable":true,"href":"https:\/\/msconectado.com.br\/index.php?rest_route=%2Fwp%2Fv2%2Fcategories&post=16922"},{"taxonomy":"post_tag","embeddable":true,"href":"https:\/\/msconectado.com.br\/index.php?rest_route=%2Fwp%2Fv2%2Ftags&post=16922"}],"curies":[{"name":"wp","href":"https:\/\/api.w.org\/{rel}","templated":true}]}}