
{"id":16936,"date":"2023-01-12T13:39:35","date_gmt":"2023-01-12T13:39:35","guid":{"rendered":"https:\/\/teste.msconectado.com.br\/?p=16936"},"modified":"2023-01-13T12:36:21","modified_gmt":"2023-01-13T12:36:21","slug":"em-ato-democratico-alems-realiza-solenidade-de-posse-e-consagra-vontade-popular","status":"publish","type":"post","link":"https:\/\/msconectado.com.br\/?p=16936","title":{"rendered":"Em ato democr\u00e1tico, ALEMS realiza solenidade de posse e consagra vontade popular"},"content":{"rendered":"\n<h4 class=\"wp-block-heading\">Em ato fundamental da democracia, a Assembleia Legislativa de Mato Grosso do Sul (ALEMS) deu posse, na tarde deste domingo (1\u00ba), ao governador Eduardo Riedel (PSDB) e ao vice-governador Jos\u00e9 Carlos Barbosa,&nbsp;Barbosinha (PP). A Sess\u00e3o Especial de Posse&nbsp;foi realizada no Plen\u00e1rio Deputado J\u00falio Maia, na Casa de Leis, com a presen\u00e7a de diversas autoridades e convidados. A realiza\u00e7\u00e3o da cerim\u00f4nia na sede do Legislativo&nbsp;representa a consagra\u00e7\u00e3o da vontade popular e simboliza a&nbsp;delega\u00e7\u00e3o do poder pelo povo \u00e0queles que venceram nas urnas.&nbsp;A passagem da faixa governamental tamb\u00e9m foi feita, pela primeira vez, no Parlamento.<\/h4>\n\n\n\n<h4 class=\"wp-block-heading\">&#8220;Com o testemunho das honrosas presen\u00e7as&nbsp;e o de toda a sociedade estadual aqui representada pelos parlamentares que dignificam esta Casa Legislativa, esta solenidade consagra a vontade da maioria, manifesta pelo voto popular, que \u00e9 a ess\u00eancia do regime democr\u00e1tico\u201d, discursou o presidente da ALEMS, deputado Paulo Corr\u00eaa (PSDB), durante a solenidade.&nbsp;&nbsp;<\/h4>\n\n\n\n<h4 class=\"wp-block-heading\">O parlamentar tamb\u00e9m destacou as qualidades do novo governador e falou sobre a import\u00e2ncia do Legislativo. \u201cCom altivez, independ\u00eancia e ciente de sua responsabilidade constitucional, o Poder Legislativo de Mato Grosso do Sul tem papel fundamental na cont\u00ednua constru\u00e7\u00e3o de um Estado cada vez mais desenvolvido e mais justo. Assim sempre foi. Assim sempre ser\u00e1\u201d, disse.<\/h4>\n\n\n\n<h4 class=\"wp-block-heading\">Dirigindo-se ao governador eleito, o presidente da Casa de Leis falou sobre o compromisso de todos os deputados. \u201cNo cumprimento de suas atribui\u00e7\u00f5es constitucionais, os parlamentares desta Casa sempre estar\u00e3o, senhor governador, empenhados na cont\u00ednua edifica\u00e7\u00e3o de um arcabou\u00e7o legal condizente com as transforma\u00e7\u00f5es sociais geradas pelo desenvolvimento. Para que ele seja cada vez mais inclusivo\u201d, afirmou Paulo Corr\u00eaa.<\/h4>\n\n\n\n<h4 class=\"wp-block-heading\">Em seu discurso, realizado ap\u00f3s o ritual de posse, o governador Eduardo Riedel&nbsp;reafirmou compromissos, avaliou a campanha eleitoral e falou sobre os desafios a serem enfrentados em sua gest\u00e3o e os avan\u00e7os no governo anterior. Ao tratar sobre&nbsp;o crescimento do Estado, mesmo no cen\u00e1rio adverso da pandemia, Riedel destacou o papel da ALEMS. \u201cEste grande esfor\u00e7o determinado nos entregou como obra mais importante a transi\u00e7\u00e3o para um novo modelo de Estado. Essa Casa teve uma participa\u00e7\u00e3o fundamental nesse processo\u201d, discursou.<\/h4>\n\n\n\n<h4 class=\"wp-block-heading\">Riedel tamb\u00e9m falou sobre a necessidade do trabalho conjunto e enfatizou que seu governo ser\u00e1 para todos. \u201cVamos trabalhar juntos em busca de um Mato Grosso do Sul pr\u00f3spero, verde, digital e inclusivo\u201d, afirmou. \u201cFarei um governo aberto, democr\u00e1tico e plural, para atender com responsabilidade toda a diversidade da nossa popula\u00e7\u00e3o e de suas demandas. Sem restri\u00e7\u00f5es e preconceitos, vou governar para todos\u201d, acrescentou.<\/h4>\n\n\n\n<h4 class=\"wp-block-heading\">O novo gestor estadual tamb\u00e9m fez agradecimentos e convidou os cidad\u00e3os a estarem juntos em seu governo. \u201cConvido cada sul-mato-grossense a ser nosso companheiro, nossa companheira de jornada, aliado e aliada permanente no processo de constru\u00e7\u00e3o de um novo futuro e uma vida melhor para todos. Que Deus nos aben\u00e7oe e nos&nbsp; ilumine no caminho certo, da justi\u00e7a e do bem comum\u201d, finalizou.<\/h4>\n\n\n\n<h4 class=\"wp-block-heading\">Em momento anterior da cerim\u00f4nia, o governador Reinaldo Azambuja (PSDB) proferiu seu discurso de despedida. Ele prestou contas de seu governo, destacando, entre outros aspectos, quest\u00f5es econ\u00f4micas, fiscais, a\u00e7\u00f5es na pandemia, sa\u00fade, investimentos, educa\u00e7\u00e3o, seguran\u00e7a p\u00fablica, infraestrutura e municipalismo. No final de seu discurso, Azambuja tamb\u00e9m agradeceu aos Poderes constitu\u00eddos, entre os quais o Legislativo. \u201cAgradecimento aos parlamentares e a esta Casa de Leis, que compartilharam responsabilidades de governan\u00e7a todos esses anos\u201d, disse.<\/h4>\n\n\n\n<h4 class=\"wp-block-heading\"><strong>Entrega de faixa e posse<\/strong><\/h4>\n\n\n\n<h4 class=\"wp-block-heading\">Pela primeira vez, o ritual de entrega da faixa governamental&nbsp;foi realizada na Casa de Leis, atendendo a pedido do governador eleito. O presidente do Legislativo foi quem entregou a faixa ao novo governador. &#8220;Em nome do povo que esta augusta Casa&nbsp;representa, e no uso das prerrogativas constitucionais, declaro empossados nos cargos de governador e vice\u2013governador do Estado de Mato Grosso do Sul suas&nbsp;excel\u00eancias, senhor Eduardo Corr\u00eaa Riedel e senhor Jos\u00e9 Carlos Barbosa\u201d, proferiu Paulo Corr\u00eaa.<\/h4>\n\n\n\n<h4 class=\"wp-block-heading\">Antes de receber a faixa, Eduardo Riedel prestou o compromisso de posse. Como parte do ritual, o deputado Herculano Borges, 1\u00ba secret\u00e1rio da Casa de Leis, fez a leitura do termo de posse, assinados, na sequ\u00eancia, pelo governador e o vice-governador eleitos.<\/h4>\n\n\n\n<h4 class=\"wp-block-heading\">Em um momento menos formal e de agradecimentos, o presidente da ALEMS, Paulo Corr\u00eaa, pediu licen\u00e7a para quebrar o protocolo e presentear Reinaldo Azambuja, Eduardo Riedel e Barbosinha com pinturas da fauna pantaneira. &nbsp;&nbsp;<\/h4>\n\n\n\n<h4 class=\"wp-block-heading\">A mesa de autoridades foi composta pelo presidente da ALEMS, Paulo Correia, e deputados Herculano Borges (Republicanos) e Pedro Kemp (PT), al\u00e9m do presidente do Tribunal de Justi\u00e7a de Mato Grosso do Sul (TJMS), desembargador Carlos Eduardo Contar. O governador Reinaldo Azambuja, o governador eleito Eduardo Riedel e o vice-governador eleito, Barbosinha, foram conduzidos ao plen\u00e1rio pela comiss\u00e3o composta pelos deputados Londres Machado (PP), Antonio Vaz (Republicanos) e Professor Rinaldo Modesto (Podemos).<\/h4>\n\n\n\n<h4 class=\"wp-block-heading\">O evento foi transmitido&nbsp;ao vivo&nbsp;pelos canais oficiais da Casa de Leis:&nbsp;<a href=\"https:\/\/al.ms.gov.br\/TvAssembleia\" target=\"_blank\" rel=\"noreferrer noopener\">TV ALEMS<\/a>,&nbsp;<a href=\"https:\/\/al.ms.gov.br\/RadioAssembleia\/Audios?idMenu=601\" target=\"_blank\" rel=\"noreferrer noopener\">R\u00e1dio ALEMS<\/a>,&nbsp;<a href=\"https:\/\/al.ms.gov.br\/\">Portal da ALEMS<\/a>,&nbsp;<a href=\"https:\/\/www.youtube.com\/c\/assembleialegislativadems\" target=\"_blank\" rel=\"noreferrer noopener\">Youtube<\/a>&nbsp;e&nbsp;<a href=\"https:\/\/www.facebook.com\/assembleiams\" target=\"_blank\" rel=\"noreferrer noopener\">Facebook<\/a>. Depois da cerim\u00f4nia na ALEMS, Eduardo Riedel seguiu para o Centro de Conven\u00e7\u00f5es Rubens Gil de Camillo para dar posse aos novos secret\u00e1rios estaduais.&nbsp;<\/h4>\n\n\n\n<h4 class=\"wp-block-heading\"><strong>Prescri\u00e7\u00f5es legais<\/strong><\/h4>\n\n\n\n<h4 class=\"wp-block-heading\">Dar posse ao governador e ao vice-governador eleitos est\u00e1 entre as compet\u00eancias da Assembleia Legislativa, conforme estabelece o artigo 63 da&nbsp;<a href=\"http:\/\/aacpdappls.net.ms.gov.br\/appls\/legislacao\/secoge\/govato.nsf\/0a67c456bc566b8a04257e590063f1fd\/dfde24a4767ddcbf04257e4b006c0233?OpenDocument\" target=\"_blank\" rel=\"noreferrer noopener\">Constitui\u00e7\u00e3o de Mato Grosso do Sul<\/a>. A realiza\u00e7\u00e3o da solenidade pelo Parlamento tamb\u00e9m \u00e9 prevista no artigo 85 da Constitui\u00e7\u00e3o Estadual, no artigo 28 da&nbsp;<a href=\"https:\/\/www.planalto.gov.br\/ccivil_03\/constituicao\/constituicao.htm\" target=\"_blank\" rel=\"noreferrer noopener\">Constitui\u00e7\u00e3o Federal<\/a>&nbsp;e nos artigos 261 e 262 do&nbsp;<a href=\"https:\/\/al.ms.gov.br\/upload\/Pdf\/2017_10_30_09_28_06_regimento_interno_27_10_2017.pdf\" target=\"_blank\" rel=\"noreferrer noopener\">Regimento Interno da Casa de Leis<\/a>.<\/h4>\n\n\n\n<h4 class=\"wp-block-heading\">Esta \u00e9 a \u00faltima vez que a posse de governador e vice \u00e9 realizada no dia 1\u00ba de janeiro. A partir de 2027, ser\u00e1 no dia 6 desse m\u00eas, devido \u00e0 nova reda\u00e7\u00e3o dada \u00e0 Constitui\u00e7\u00e3o Federal pela Emenda Constitucional 111\/2021.&nbsp;<\/h4>\n\n\n\n<h4 class=\"wp-block-heading\"><strong>Nova deputada<\/strong><\/h4>\n\n\n\n<h4 class=\"wp-block-heading\">Antes da cerim\u00f4nia de posse do governador e do vice-governador, a ALEMS deu posse \u00e0 deputada estadual Dione Hashioka (Podemos). Ela assume, durante o m\u00eas de janeiro, a vaga deixada pelo deputado Barbosinha, que renunciou ao mandato para exercer o cargo de vice-governador (<a href=\"https:\/\/al.ms.gov.br\/Noticias\/130196\/ex-deputada-dione-hashioka-retorna-a-alems-durante-o-mes-de-janeiro\" target=\"_blank\" rel=\"noreferrer noopener\">veja mat\u00e9ria<\/a>). Dione Hashioka j\u00e1 foi parlamentar na ALEMS em duas ocasi\u00f5es, na 8\u00aa (2007 a 2011) e 9\u00aa (2011 a 2015) Legislaturas.<\/h4>\n\n\n\n<h4 class=\"wp-block-heading\">ALEMS<\/h4>\n\n\n\n<h4 class=\"wp-block-heading\"><strong>Foto:<\/strong>&nbsp;Wagner Guimar\u00e3es<\/h4>\n\n\n<div class=\"wp-block-image\">\n<figure class=\"aligncenter\"><img decoding=\"async\" src=\"https:\/\/i.imgur.com\/R31xFca.jpg\" alt=\"\"\/><\/figure>\n<\/div>\n\n<div class=\"wp-block-image\">\n<figure class=\"aligncenter\"><img decoding=\"async\" src=\"https:\/\/i.imgur.com\/i7OXWMV.png\" alt=\"\"\/><\/figure>\n<\/div>\n\n<div class=\"wp-block-image\">\n<figure class=\"aligncenter\"><img decoding=\"async\" src=\"https:\/\/i.imgur.com\/MRhIHyG.png\" alt=\"\"\/><\/figure>\n<\/div>\n\n\n<h4 class=\"wp-block-heading\">Acesse nossa p\u00e1gina no Facebook e fique por dentro dos destaques de Maracaju e regi\u00e3o.<br><a href=\"https:\/\/www.facebook.com\/MsConectado\/?__tn__=K-R&amp;eid=ARAhfp4e5aWbNVoyptzGrm4obmySmRA_YR3QE4VTRX5QMShFsdcdIz5Iq0b_MWIy7I4QmNXz6k8IoNle&amp;fref=mentions&amp;__xts__%5B0%5D=68.ARAioa_i2DB8DORiDt4nCzBX7dvRVCRXhE8omKRc8oaCnvkbB62J-ntBfEZirzPivEkJx1lDCVwLAcPtZ0yMQNLkCNTlcJQPj0xK6BaGWaOsY1faLudkMNiJdevECtsRmxRf4pPywtr6Ph-QfFtADqGObU6JSKIHeG-MeeDX4kDKXlTFIUBRK4hO5nTzRrhcr3MX5cg5M1qoQKrs0FAyJEjbCy_O8F2Huq0AcJWiZlkD8u8XSf0QlsVlsI8LptFuIqgBS8GhVTw0O9tDGx11ebCRNoaUxQIYsP4qWoTURB3au7pBOcC3DfEQdk--ypqG-M2wCG5kVpCnL3qr9XO0E0f23b1xxxMz0V4PiQ\">https:\/\/www.facebook.com\/MsConectado\/<\/a><\/h4>\n","protected":false},"excerpt":{"rendered":"<p>Em ato fundamental da democracia, a Assembleia Legislativa de Mato Grosso do Sul (ALEMS) deu posse, na tarde deste domingo (1\u00ba), ao governador Eduardo Riedel (PSDB) e ao vice-governador Jos\u00e9 Carlos Barbosa,&nbsp;Barbosinha (PP). A Sess\u00e3o Especial de Posse&nbsp;foi realizada no Plen\u00e1rio Deputado J\u00falio Maia, na Casa de Leis, com a presen\u00e7a de diversas autoridades e [&hellip;]<\/p>\n","protected":false},"author":2,"featured_media":16937,"comment_status":"open","ping_status":"closed","sticky":false,"template":"","format":"standard","meta":{"footnotes":""},"categories":[33],"tags":[],"class_list":["post-16936","post","type-post","status-publish","format-standard","has-post-thumbnail","hentry","category-politica"],"yoast_head":"<!-- This site is optimized with the Yoast SEO plugin v27.5 - https:\/\/yoast.com\/product\/yoast-seo-wordpress\/ -->\n<title>Em ato democr\u00e1tico, ALEMS realiza solenidade de posse e consagra vontade popular - MsConectado<\/title>\n<meta name=\"robots\" content=\"index, follow, max-snippet:-1, max-image-preview:large, max-video-preview:-1\" \/>\n<link rel=\"canonical\" href=\"https:\/\/msconectado.com.br\/?p=16936\" \/>\n<meta property=\"og:locale\" content=\"pt_BR\" \/>\n<meta property=\"og:type\" content=\"article\" \/>\n<meta property=\"og:title\" content=\"Em ato democr\u00e1tico, ALEMS realiza solenidade de posse e consagra vontade popular - MsConectado\" \/>\n<meta property=\"og:description\" content=\"Em ato fundamental da democracia, a Assembleia Legislativa de Mato Grosso do Sul (ALEMS) deu posse, na tarde deste domingo (1\u00ba), ao governador Eduardo Riedel (PSDB) e ao vice-governador Jos\u00e9 Carlos Barbosa,&nbsp;Barbosinha (PP). A Sess\u00e3o Especial de Posse&nbsp;foi realizada no Plen\u00e1rio Deputado J\u00falio Maia, na Casa de Leis, com a presen\u00e7a de diversas autoridades e [&hellip;]\" \/>\n<meta property=\"og:url\" content=\"https:\/\/msconectado.com.br\/?p=16936\" \/>\n<meta property=\"og:site_name\" content=\"MsConectado\" \/>\n<meta property=\"article:published_time\" content=\"2023-01-12T13:39:35+00:00\" \/>\n<meta property=\"article:modified_time\" content=\"2023-01-13T12:36:21+00:00\" \/>\n<meta property=\"og:image\" content=\"https:\/\/msconectado.com.br\/wp-content\/uploads\/2023\/01\/45.jpg\" \/>\n\t<meta property=\"og:image:width\" content=\"740\" \/>\n\t<meta property=\"og:image:height\" content=\"493\" \/>\n\t<meta property=\"og:image:type\" content=\"image\/jpeg\" \/>\n<meta name=\"author\" content=\"MsConectado\" \/>\n<meta name=\"twitter:card\" content=\"summary_large_image\" \/>\n<meta name=\"twitter:label1\" content=\"Escrito por\" \/>\n\t<meta name=\"twitter:data1\" content=\"MsConectado\" \/>\n\t<meta name=\"twitter:label2\" content=\"Est. tempo de leitura\" \/>\n\t<meta name=\"twitter:data2\" content=\"6 minutos\" \/>\n<script type=\"application\/ld+json\" class=\"yoast-schema-graph\">{\"@context\":\"https:\\\/\\\/schema.org\",\"@graph\":[{\"@type\":\"Article\",\"@id\":\"https:\\\/\\\/msconectado.com.br\\\/?p=16936#article\",\"isPartOf\":{\"@id\":\"https:\\\/\\\/msconectado.com.br\\\/?p=16936\"},\"author\":{\"name\":\"MsConectado\",\"@id\":\"https:\\\/\\\/msconectado.com.br\\\/#\\\/schema\\\/person\\\/e5585545b5687092f1041d350b6e2c16\"},\"headline\":\"Em ato democr\u00e1tico, ALEMS realiza solenidade de posse e consagra vontade popular\",\"datePublished\":\"2023-01-12T13:39:35+00:00\",\"dateModified\":\"2023-01-13T12:36:21+00:00\",\"mainEntityOfPage\":{\"@id\":\"https:\\\/\\\/msconectado.com.br\\\/?p=16936\"},\"wordCount\":1126,\"commentCount\":0,\"publisher\":{\"@id\":\"https:\\\/\\\/msconectado.com.br\\\/#organization\"},\"image\":{\"@id\":\"https:\\\/\\\/msconectado.com.br\\\/?p=16936#primaryimage\"},\"thumbnailUrl\":\"https:\\\/\\\/msconectado.com.br\\\/wp-content\\\/uploads\\\/2023\\\/01\\\/45.jpg\",\"articleSection\":[\"Pol\u00edtica\"],\"inLanguage\":\"pt-BR\",\"potentialAction\":[{\"@type\":\"CommentAction\",\"name\":\"Comment\",\"target\":[\"https:\\\/\\\/msconectado.com.br\\\/?p=16936#respond\"]}]},{\"@type\":\"WebPage\",\"@id\":\"https:\\\/\\\/msconectado.com.br\\\/?p=16936\",\"url\":\"https:\\\/\\\/msconectado.com.br\\\/?p=16936\",\"name\":\"Em ato democr\u00e1tico, ALEMS realiza solenidade de posse e consagra vontade popular - MsConectado\",\"isPartOf\":{\"@id\":\"https:\\\/\\\/msconectado.com.br\\\/#website\"},\"primaryImageOfPage\":{\"@id\":\"https:\\\/\\\/msconectado.com.br\\\/?p=16936#primaryimage\"},\"image\":{\"@id\":\"https:\\\/\\\/msconectado.com.br\\\/?p=16936#primaryimage\"},\"thumbnailUrl\":\"https:\\\/\\\/msconectado.com.br\\\/wp-content\\\/uploads\\\/2023\\\/01\\\/45.jpg\",\"datePublished\":\"2023-01-12T13:39:35+00:00\",\"dateModified\":\"2023-01-13T12:36:21+00:00\",\"breadcrumb\":{\"@id\":\"https:\\\/\\\/msconectado.com.br\\\/?p=16936#breadcrumb\"},\"inLanguage\":\"pt-BR\",\"potentialAction\":[{\"@type\":\"ReadAction\",\"target\":[\"https:\\\/\\\/msconectado.com.br\\\/?p=16936\"]}]},{\"@type\":\"ImageObject\",\"inLanguage\":\"pt-BR\",\"@id\":\"https:\\\/\\\/msconectado.com.br\\\/?p=16936#primaryimage\",\"url\":\"https:\\\/\\\/msconectado.com.br\\\/wp-content\\\/uploads\\\/2023\\\/01\\\/45.jpg\",\"contentUrl\":\"https:\\\/\\\/msconectado.com.br\\\/wp-content\\\/uploads\\\/2023\\\/01\\\/45.jpg\",\"width\":740,\"height\":493},{\"@type\":\"BreadcrumbList\",\"@id\":\"https:\\\/\\\/msconectado.com.br\\\/?p=16936#breadcrumb\",\"itemListElement\":[{\"@type\":\"ListItem\",\"position\":1,\"name\":\"In\u00edcio\",\"item\":\"https:\\\/\\\/msconectado.com.br\\\/?page_id=105\"},{\"@type\":\"ListItem\",\"position\":2,\"name\":\"Em ato democr\u00e1tico, ALEMS realiza solenidade de posse e consagra vontade popular\"}]},{\"@type\":\"WebSite\",\"@id\":\"https:\\\/\\\/msconectado.com.br\\\/#website\",\"url\":\"https:\\\/\\\/msconectado.com.br\\\/\",\"name\":\"MsConectado\",\"description\":\"Voc\u00ea Conectado com a Not\u00edcia!\",\"publisher\":{\"@id\":\"https:\\\/\\\/msconectado.com.br\\\/#organization\"},\"potentialAction\":[{\"@type\":\"SearchAction\",\"target\":{\"@type\":\"EntryPoint\",\"urlTemplate\":\"https:\\\/\\\/msconectado.com.br\\\/?s={search_term_string}\"},\"query-input\":{\"@type\":\"PropertyValueSpecification\",\"valueRequired\":true,\"valueName\":\"search_term_string\"}}],\"inLanguage\":\"pt-BR\"},{\"@type\":\"Organization\",\"@id\":\"https:\\\/\\\/msconectado.com.br\\\/#organization\",\"name\":\"MsConectado\",\"url\":\"https:\\\/\\\/msconectado.com.br\\\/\",\"logo\":{\"@type\":\"ImageObject\",\"inLanguage\":\"pt-BR\",\"@id\":\"https:\\\/\\\/msconectado.com.br\\\/#\\\/schema\\\/logo\\\/image\\\/\",\"url\":\"https:\\\/\\\/msconectado.com.br\\\/wp-content\\\/uploads\\\/2023\\\/01\\\/cropped-noticia-2.png\",\"contentUrl\":\"https:\\\/\\\/msconectado.com.br\\\/wp-content\\\/uploads\\\/2023\\\/01\\\/cropped-noticia-2.png\",\"width\":720,\"height\":157,\"caption\":\"MsConectado\"},\"image\":{\"@id\":\"https:\\\/\\\/msconectado.com.br\\\/#\\\/schema\\\/logo\\\/image\\\/\"}},{\"@type\":\"Person\",\"@id\":\"https:\\\/\\\/msconectado.com.br\\\/#\\\/schema\\\/person\\\/e5585545b5687092f1041d350b6e2c16\",\"name\":\"MsConectado\",\"image\":{\"@type\":\"ImageObject\",\"inLanguage\":\"pt-BR\",\"@id\":\"https:\\\/\\\/secure.gravatar.com\\\/avatar\\\/3b4f84a0a8a4380ac4431fa79981d073692380c5da00ae97596e794ab0db5c8c?s=96&d=mm&r=g\",\"url\":\"https:\\\/\\\/secure.gravatar.com\\\/avatar\\\/3b4f84a0a8a4380ac4431fa79981d073692380c5da00ae97596e794ab0db5c8c?s=96&d=mm&r=g\",\"contentUrl\":\"https:\\\/\\\/secure.gravatar.com\\\/avatar\\\/3b4f84a0a8a4380ac4431fa79981d073692380c5da00ae97596e794ab0db5c8c?s=96&d=mm&r=g\",\"caption\":\"MsConectado\"},\"url\":\"https:\\\/\\\/msconectado.com.br\\\/?author=2\"}]}<\/script>\n<!-- \/ Yoast SEO plugin. -->","yoast_head_json":{"title":"Em ato democr\u00e1tico, ALEMS realiza solenidade de posse e consagra vontade popular - MsConectado","robots":{"index":"index","follow":"follow","max-snippet":"max-snippet:-1","max-image-preview":"max-image-preview:large","max-video-preview":"max-video-preview:-1"},"canonical":"https:\/\/msconectado.com.br\/?p=16936","og_locale":"pt_BR","og_type":"article","og_title":"Em ato democr\u00e1tico, ALEMS realiza solenidade de posse e consagra vontade popular - MsConectado","og_description":"Em ato fundamental da democracia, a Assembleia Legislativa de Mato Grosso do Sul (ALEMS) deu posse, na tarde deste domingo (1\u00ba), ao governador Eduardo Riedel (PSDB) e ao vice-governador Jos\u00e9 Carlos Barbosa,&nbsp;Barbosinha (PP). A Sess\u00e3o Especial de Posse&nbsp;foi realizada no Plen\u00e1rio Deputado J\u00falio Maia, na Casa de Leis, com a presen\u00e7a de diversas autoridades e [&hellip;]","og_url":"https:\/\/msconectado.com.br\/?p=16936","og_site_name":"MsConectado","article_published_time":"2023-01-12T13:39:35+00:00","article_modified_time":"2023-01-13T12:36:21+00:00","og_image":[{"width":740,"height":493,"url":"https:\/\/msconectado.com.br\/wp-content\/uploads\/2023\/01\/45.jpg","type":"image\/jpeg"}],"author":"MsConectado","twitter_card":"summary_large_image","twitter_misc":{"Escrito por":"MsConectado","Est. tempo de leitura":"6 minutos"},"schema":{"@context":"https:\/\/schema.org","@graph":[{"@type":"Article","@id":"https:\/\/msconectado.com.br\/?p=16936#article","isPartOf":{"@id":"https:\/\/msconectado.com.br\/?p=16936"},"author":{"name":"MsConectado","@id":"https:\/\/msconectado.com.br\/#\/schema\/person\/e5585545b5687092f1041d350b6e2c16"},"headline":"Em ato democr\u00e1tico, ALEMS realiza solenidade de posse e consagra vontade popular","datePublished":"2023-01-12T13:39:35+00:00","dateModified":"2023-01-13T12:36:21+00:00","mainEntityOfPage":{"@id":"https:\/\/msconectado.com.br\/?p=16936"},"wordCount":1126,"commentCount":0,"publisher":{"@id":"https:\/\/msconectado.com.br\/#organization"},"image":{"@id":"https:\/\/msconectado.com.br\/?p=16936#primaryimage"},"thumbnailUrl":"https:\/\/msconectado.com.br\/wp-content\/uploads\/2023\/01\/45.jpg","articleSection":["Pol\u00edtica"],"inLanguage":"pt-BR","potentialAction":[{"@type":"CommentAction","name":"Comment","target":["https:\/\/msconectado.com.br\/?p=16936#respond"]}]},{"@type":"WebPage","@id":"https:\/\/msconectado.com.br\/?p=16936","url":"https:\/\/msconectado.com.br\/?p=16936","name":"Em ato democr\u00e1tico, ALEMS realiza solenidade de posse e consagra vontade popular - MsConectado","isPartOf":{"@id":"https:\/\/msconectado.com.br\/#website"},"primaryImageOfPage":{"@id":"https:\/\/msconectado.com.br\/?p=16936#primaryimage"},"image":{"@id":"https:\/\/msconectado.com.br\/?p=16936#primaryimage"},"thumbnailUrl":"https:\/\/msconectado.com.br\/wp-content\/uploads\/2023\/01\/45.jpg","datePublished":"2023-01-12T13:39:35+00:00","dateModified":"2023-01-13T12:36:21+00:00","breadcrumb":{"@id":"https:\/\/msconectado.com.br\/?p=16936#breadcrumb"},"inLanguage":"pt-BR","potentialAction":[{"@type":"ReadAction","target":["https:\/\/msconectado.com.br\/?p=16936"]}]},{"@type":"ImageObject","inLanguage":"pt-BR","@id":"https:\/\/msconectado.com.br\/?p=16936#primaryimage","url":"https:\/\/msconectado.com.br\/wp-content\/uploads\/2023\/01\/45.jpg","contentUrl":"https:\/\/msconectado.com.br\/wp-content\/uploads\/2023\/01\/45.jpg","width":740,"height":493},{"@type":"BreadcrumbList","@id":"https:\/\/msconectado.com.br\/?p=16936#breadcrumb","itemListElement":[{"@type":"ListItem","position":1,"name":"In\u00edcio","item":"https:\/\/msconectado.com.br\/?page_id=105"},{"@type":"ListItem","position":2,"name":"Em ato democr\u00e1tico, ALEMS realiza solenidade de posse e consagra vontade popular"}]},{"@type":"WebSite","@id":"https:\/\/msconectado.com.br\/#website","url":"https:\/\/msconectado.com.br\/","name":"MsConectado","description":"Voc\u00ea Conectado com a Not\u00edcia!","publisher":{"@id":"https:\/\/msconectado.com.br\/#organization"},"potentialAction":[{"@type":"SearchAction","target":{"@type":"EntryPoint","urlTemplate":"https:\/\/msconectado.com.br\/?s={search_term_string}"},"query-input":{"@type":"PropertyValueSpecification","valueRequired":true,"valueName":"search_term_string"}}],"inLanguage":"pt-BR"},{"@type":"Organization","@id":"https:\/\/msconectado.com.br\/#organization","name":"MsConectado","url":"https:\/\/msconectado.com.br\/","logo":{"@type":"ImageObject","inLanguage":"pt-BR","@id":"https:\/\/msconectado.com.br\/#\/schema\/logo\/image\/","url":"https:\/\/msconectado.com.br\/wp-content\/uploads\/2023\/01\/cropped-noticia-2.png","contentUrl":"https:\/\/msconectado.com.br\/wp-content\/uploads\/2023\/01\/cropped-noticia-2.png","width":720,"height":157,"caption":"MsConectado"},"image":{"@id":"https:\/\/msconectado.com.br\/#\/schema\/logo\/image\/"}},{"@type":"Person","@id":"https:\/\/msconectado.com.br\/#\/schema\/person\/e5585545b5687092f1041d350b6e2c16","name":"MsConectado","image":{"@type":"ImageObject","inLanguage":"pt-BR","@id":"https:\/\/secure.gravatar.com\/avatar\/3b4f84a0a8a4380ac4431fa79981d073692380c5da00ae97596e794ab0db5c8c?s=96&d=mm&r=g","url":"https:\/\/secure.gravatar.com\/avatar\/3b4f84a0a8a4380ac4431fa79981d073692380c5da00ae97596e794ab0db5c8c?s=96&d=mm&r=g","contentUrl":"https:\/\/secure.gravatar.com\/avatar\/3b4f84a0a8a4380ac4431fa79981d073692380c5da00ae97596e794ab0db5c8c?s=96&d=mm&r=g","caption":"MsConectado"},"url":"https:\/\/msconectado.com.br\/?author=2"}]}},"_links":{"self":[{"href":"https:\/\/msconectado.com.br\/index.php?rest_route=\/wp\/v2\/posts\/16936","targetHints":{"allow":["GET"]}}],"collection":[{"href":"https:\/\/msconectado.com.br\/index.php?rest_route=\/wp\/v2\/posts"}],"about":[{"href":"https:\/\/msconectado.com.br\/index.php?rest_route=\/wp\/v2\/types\/post"}],"author":[{"embeddable":true,"href":"https:\/\/msconectado.com.br\/index.php?rest_route=\/wp\/v2\/users\/2"}],"replies":[{"embeddable":true,"href":"https:\/\/msconectado.com.br\/index.php?rest_route=%2Fwp%2Fv2%2Fcomments&post=16936"}],"version-history":[{"count":2,"href":"https:\/\/msconectado.com.br\/index.php?rest_route=\/wp\/v2\/posts\/16936\/revisions"}],"predecessor-version":[{"id":17368,"href":"https:\/\/msconectado.com.br\/index.php?rest_route=\/wp\/v2\/posts\/16936\/revisions\/17368"}],"wp:featuredmedia":[{"embeddable":true,"href":"https:\/\/msconectado.com.br\/index.php?rest_route=\/wp\/v2\/media\/16937"}],"wp:attachment":[{"href":"https:\/\/msconectado.com.br\/index.php?rest_route=%2Fwp%2Fv2%2Fmedia&parent=16936"}],"wp:term":[{"taxonomy":"category","embeddable":true,"href":"https:\/\/msconectado.com.br\/index.php?rest_route=%2Fwp%2Fv2%2Fcategories&post=16936"},{"taxonomy":"post_tag","embeddable":true,"href":"https:\/\/msconectado.com.br\/index.php?rest_route=%2Fwp%2Fv2%2Ftags&post=16936"}],"curies":[{"name":"wp","href":"https:\/\/api.w.org\/{rel}","templated":true}]}}