
{"id":16944,"date":"2023-01-12T13:43:06","date_gmt":"2023-01-12T13:43:06","guid":{"rendered":"https:\/\/teste.msconectado.com.br\/?p=16944"},"modified":"2023-01-13T12:35:52","modified_gmt":"2023-01-13T12:35:52","slug":"gestao-riedel-cerimonia-de-posse-dos-secretarios-teve-inovacao-e-novo-olhar-para-a-historia-de-ms","status":"publish","type":"post","link":"https:\/\/msconectado.com.br\/?p=16944","title":{"rendered":"Gest\u00e3o Riedel: Cerim\u00f4nia de posse dos secret\u00e1rios teve inova\u00e7\u00e3o e novo olhar para a hist\u00f3ria de MS"},"content":{"rendered":"\n<h4 class=\"wp-block-heading\">Um novo olhar sobre a hist\u00f3ria de Mato Grosso do Sul foi apresentado \u00e0 sociedade neste domingo, dia 1\u00ba de janeiro, na solenidade de posse dos secret\u00e1rios de Estado da gest\u00e3o Eduardo Riedel (2023-2026), que aconteceu no final da tarde, no Centro de Conven\u00e7\u00f5es Arquiteto Rubens Gil de Camillo. Todo o cerimonial fugiu dos padr\u00f5es convencionais e trouxe uma verdadeira viagem e homenagem ao nosso Estado, valorizando a cultura local e apontando para as perspectivas de futuro de um MS moderno, tecnol\u00f3gico e que respeite sua biodiversidade.<\/h4>\n\n\n\n<h4 class=\"wp-block-heading\">Em seu discurso, o governador rec\u00e9m-empossado, Eduardo Riedel, ressaltou que ao cumprimentar e desejar uma boa jornada aos secret\u00e1rios empossados tamb\u00e9m aproveitava a oportunidade para uma primeira recomenda\u00e7\u00e3o expressa. \u201cIremos trabalhar com uma intensa e produtiva conex\u00e3o entre a agenda de governan\u00e7a e a agenda da nossa sociedade civil organizada. Disto depende o governo que vamos fazer: realista, atento, transparente, respons\u00e1vel, mobilizado e cada vez mais transformador, para avan\u00e7ar e entregar resultados. Vamos continuar mudando todos os dias, sempre que for necess\u00e1rio, para consolidar uma gest\u00e3o que maneja e d\u00e1 respostas \u00e0s diferentes demandas das pessoas\u201d, disse Eduardo Riedel.<\/h4>\n\n\n\n<h4 class=\"wp-block-heading\">O secret\u00e1rio que discursou em nome de todo o novo secretariado, foi o deputado estadual eleito e empossado secret\u00e1rio de Governo, Pedro Caravina, que emocionado agradeceu a oportunidade em nome de todos os colegas e falou do empenho que ter\u00e3o para realizar o melhor trabalho pelo Mato Grosso do Sul. \u201cFazemos o compromisso de sermos gestores pacientes, com capacidade de di\u00e1logo, sensibilidade pol\u00edtica, que s\u00e3o mat\u00e9rias primas fundamentais para superar diferen\u00e7as, pacificar diverg\u00eancias, equacionar problemas e construir as condi\u00e7\u00f5es necess\u00e1rias para os avan\u00e7os que queremos para o nosso Estado. Junto com o nosso governador e nosso vice-governador lutaremos por um Mato Grosso do Sul moderno, desenvolvido e que cuide da nossa gente\u201d, disse Caravina.<\/h4>\n\n\n\n<h4 class=\"wp-block-heading\">J\u00e1 o vice-governador, Jos\u00e9 Carlos Barbosa, ressaltou sua hist\u00f3ria de vida, desde a chegada a MS, o trabalho como engraxate, sorveiteiro, secret\u00e1rio de Estado, deputado estadual at\u00e9 a vit\u00f3ria nas urnas ao lado de Riedel. Ele tamb\u00e9m ressaltou a qualidade do secretariado empossado e do novo governador. \u201cVamos prestar um servi\u00e7o p\u00fablico profissionalizado e reconhecido por um efetivo compromisso com o bem servir ao nosso Mato Grosso do Sul\u201d, ressaltou o vice-governador.<\/h4>\n\n\n\n<h4 class=\"wp-block-heading\">Os secret\u00e1rios que foram empossados s\u00e3o: Pedro Caravina (Secretaria de Governo \u2013 Segov); Eduardo Rocha (Secretaria da Casa Civil); H\u00e9lio Peluffo (Secretaria de Estado de Infraestrutura e Log\u00edstica \u2013 Seilog), Fl\u00e1vio C\u00e9sar Mendes de Oliveira (Secretaria de Fazenda \u2013 Sefaz); Ana Carolina Araujo Nardes (Secretaria de Administra\u00e7\u00e3o e Desburocratiza\u00e7\u00e3o \u2013 SAD); Maur\u00edcio Sim\u00f5es Corr\u00eaa (Secretaria de Estado de Sa\u00fade \u2013 SES); Carlos Videira (Secretaria de Estado de Justi\u00e7a e Seguran\u00e7a P\u00fablica \u2013 Sejusp); Jaime Verruck (Secretaria de Meio Ambiente, Desenvolvimento Ci\u00eancia, Tecnologia e Inova\u00e7\u00e3o \u2013 Semadesc).<\/h4>\n\n\n\n<h4 class=\"wp-block-heading\">Al\u00e9m dos 11 secret\u00e1rios de Estados, tamb\u00e9m tomaram posse os titulares da PGE (Procuradoria-Geral de Estado) Ana Carolina Ali Garcia; CGE (Controladoria Geral do Estado) Carlos Eduardo Gir\u00e3o e do EPE (Escrit\u00f3rio de Parcerias Estrat\u00e9gicas) Eliane Detoni.<\/h4>\n\n\n\n<h4 class=\"wp-block-heading\">O evento que teve muitas interven\u00e7\u00f5es art\u00edsticas e culturais que lan\u00e7ar\u00e3o um olhar moderno e inovador sobre a hist\u00f3ria do Estado marca o in\u00edcio do Governo de Mato Grosso do Sul que possui como principal meta construir um Estado pr\u00f3spero, verde, digital e inclusivo.<\/h4>\n\n\n\n<h4 class=\"wp-block-heading\">Assessoria<\/h4>\n\n\n<div class=\"wp-block-image\">\n<figure class=\"aligncenter\"><img decoding=\"async\" src=\"https:\/\/i.imgur.com\/R31xFca.jpg\" alt=\"\"\/><\/figure>\n<\/div>\n\n<div class=\"wp-block-image\">\n<figure class=\"aligncenter\"><img decoding=\"async\" src=\"https:\/\/i.imgur.com\/i7OXWMV.png\" alt=\"\"\/><\/figure>\n<\/div>\n\n<div class=\"wp-block-image\">\n<figure class=\"aligncenter\"><img decoding=\"async\" src=\"https:\/\/i.imgur.com\/MRhIHyG.png\" alt=\"\"\/><\/figure>\n<\/div>\n\n\n<h4 class=\"wp-block-heading\">Acesse nossa p\u00e1gina no Facebook e fique por dentro dos destaques de Maracaju e regi\u00e3o.<br><a href=\"https:\/\/www.facebook.com\/MsConectado\/?__tn__=K-R&amp;eid=ARAhfp4e5aWbNVoyptzGrm4obmySmRA_YR3QE4VTRX5QMShFsdcdIz5Iq0b_MWIy7I4QmNXz6k8IoNle&amp;fref=mentions&amp;__xts__%5B0%5D=68.ARAioa_i2DB8DORiDt4nCzBX7dvRVCRXhE8omKRc8oaCnvkbB62J-ntBfEZirzPivEkJx1lDCVwLAcPtZ0yMQNLkCNTlcJQPj0xK6BaGWaOsY1faLudkMNiJdevECtsRmxRf4pPywtr6Ph-QfFtADqGObU6JSKIHeG-MeeDX4kDKXlTFIUBRK4hO5nTzRrhcr3MX5cg5M1qoQKrs0FAyJEjbCy_O8F2Huq0AcJWiZlkD8u8XSf0QlsVlsI8LptFuIqgBS8GhVTw0O9tDGx11ebCRNoaUxQIYsP4qWoTURB3au7pBOcC3DfEQdk--ypqG-M2wCG5kVpCnL3qr9XO0E0f23b1xxxMz0V4PiQ\">https:\/\/www.facebook.com\/MsConectado\/<\/a><\/h4>\n","protected":false},"excerpt":{"rendered":"<p>Um novo olhar sobre a hist\u00f3ria de Mato Grosso do Sul foi apresentado \u00e0 sociedade neste domingo, dia 1\u00ba de janeiro, na solenidade de posse dos secret\u00e1rios de Estado da gest\u00e3o Eduardo Riedel (2023-2026), que aconteceu no final da tarde, no Centro de Conven\u00e7\u00f5es Arquiteto Rubens Gil de Camillo. Todo o cerimonial fugiu dos padr\u00f5es [&hellip;]<\/p>\n","protected":false},"author":2,"featured_media":16946,"comment_status":"open","ping_status":"closed","sticky":false,"template":"","format":"standard","meta":{"footnotes":""},"categories":[36,33],"tags":[],"class_list":["post-16944","post","type-post","status-publish","format-standard","has-post-thumbnail","hentry","category-eventos","category-politica"],"yoast_head":"<!-- This site is optimized with the Yoast SEO plugin v27.5 - https:\/\/yoast.com\/product\/yoast-seo-wordpress\/ -->\n<title>Gest\u00e3o Riedel: Cerim\u00f4nia de posse dos secret\u00e1rios teve inova\u00e7\u00e3o e novo olhar para a hist\u00f3ria de MS - MsConectado<\/title>\n<meta name=\"robots\" content=\"index, follow, max-snippet:-1, max-image-preview:large, max-video-preview:-1\" \/>\n<link rel=\"canonical\" href=\"https:\/\/msconectado.com.br\/?p=16944\" \/>\n<meta property=\"og:locale\" content=\"pt_BR\" \/>\n<meta property=\"og:type\" content=\"article\" \/>\n<meta property=\"og:title\" content=\"Gest\u00e3o Riedel: Cerim\u00f4nia de posse dos secret\u00e1rios teve inova\u00e7\u00e3o e novo olhar para a hist\u00f3ria de MS - MsConectado\" \/>\n<meta property=\"og:description\" content=\"Um novo olhar sobre a hist\u00f3ria de Mato Grosso do Sul foi apresentado \u00e0 sociedade neste domingo, dia 1\u00ba de janeiro, na solenidade de posse dos secret\u00e1rios de Estado da gest\u00e3o Eduardo Riedel (2023-2026), que aconteceu no final da tarde, no Centro de Conven\u00e7\u00f5es Arquiteto Rubens Gil de Camillo. Todo o cerimonial fugiu dos padr\u00f5es [&hellip;]\" \/>\n<meta property=\"og:url\" content=\"https:\/\/msconectado.com.br\/?p=16944\" \/>\n<meta property=\"og:site_name\" content=\"MsConectado\" \/>\n<meta property=\"article:published_time\" content=\"2023-01-12T13:43:06+00:00\" \/>\n<meta property=\"article:modified_time\" content=\"2023-01-13T12:35:52+00:00\" \/>\n<meta property=\"og:image\" content=\"https:\/\/msconectado.com.br\/wp-content\/uploads\/2023\/01\/43.jpg\" \/>\n\t<meta property=\"og:image:width\" content=\"716\" \/>\n\t<meta property=\"og:image:height\" content=\"501\" \/>\n\t<meta property=\"og:image:type\" content=\"image\/jpeg\" \/>\n<meta name=\"author\" content=\"MsConectado\" \/>\n<meta name=\"twitter:card\" content=\"summary_large_image\" \/>\n<meta name=\"twitter:label1\" content=\"Escrito por\" \/>\n\t<meta name=\"twitter:data1\" content=\"MsConectado\" \/>\n\t<meta name=\"twitter:label2\" content=\"Est. tempo de leitura\" \/>\n\t<meta name=\"twitter:data2\" content=\"3 minutos\" \/>\n<script type=\"application\/ld+json\" class=\"yoast-schema-graph\">{\"@context\":\"https:\\\/\\\/schema.org\",\"@graph\":[{\"@type\":\"Article\",\"@id\":\"https:\\\/\\\/msconectado.com.br\\\/?p=16944#article\",\"isPartOf\":{\"@id\":\"https:\\\/\\\/msconectado.com.br\\\/?p=16944\"},\"author\":{\"name\":\"MsConectado\",\"@id\":\"https:\\\/\\\/msconectado.com.br\\\/#\\\/schema\\\/person\\\/e5585545b5687092f1041d350b6e2c16\"},\"headline\":\"Gest\u00e3o Riedel: Cerim\u00f4nia de posse dos secret\u00e1rios teve inova\u00e7\u00e3o e novo olhar para a hist\u00f3ria de MS\",\"datePublished\":\"2023-01-12T13:43:06+00:00\",\"dateModified\":\"2023-01-13T12:35:52+00:00\",\"mainEntityOfPage\":{\"@id\":\"https:\\\/\\\/msconectado.com.br\\\/?p=16944\"},\"wordCount\":638,\"commentCount\":0,\"publisher\":{\"@id\":\"https:\\\/\\\/msconectado.com.br\\\/#organization\"},\"image\":{\"@id\":\"https:\\\/\\\/msconectado.com.br\\\/?p=16944#primaryimage\"},\"thumbnailUrl\":\"https:\\\/\\\/msconectado.com.br\\\/wp-content\\\/uploads\\\/2023\\\/01\\\/43.jpg\",\"articleSection\":[\"Eventos\",\"Pol\u00edtica\"],\"inLanguage\":\"pt-BR\",\"potentialAction\":[{\"@type\":\"CommentAction\",\"name\":\"Comment\",\"target\":[\"https:\\\/\\\/msconectado.com.br\\\/?p=16944#respond\"]}]},{\"@type\":\"WebPage\",\"@id\":\"https:\\\/\\\/msconectado.com.br\\\/?p=16944\",\"url\":\"https:\\\/\\\/msconectado.com.br\\\/?p=16944\",\"name\":\"Gest\u00e3o Riedel: Cerim\u00f4nia de posse dos secret\u00e1rios teve inova\u00e7\u00e3o e novo olhar para a hist\u00f3ria de MS - MsConectado\",\"isPartOf\":{\"@id\":\"https:\\\/\\\/msconectado.com.br\\\/#website\"},\"primaryImageOfPage\":{\"@id\":\"https:\\\/\\\/msconectado.com.br\\\/?p=16944#primaryimage\"},\"image\":{\"@id\":\"https:\\\/\\\/msconectado.com.br\\\/?p=16944#primaryimage\"},\"thumbnailUrl\":\"https:\\\/\\\/msconectado.com.br\\\/wp-content\\\/uploads\\\/2023\\\/01\\\/43.jpg\",\"datePublished\":\"2023-01-12T13:43:06+00:00\",\"dateModified\":\"2023-01-13T12:35:52+00:00\",\"breadcrumb\":{\"@id\":\"https:\\\/\\\/msconectado.com.br\\\/?p=16944#breadcrumb\"},\"inLanguage\":\"pt-BR\",\"potentialAction\":[{\"@type\":\"ReadAction\",\"target\":[\"https:\\\/\\\/msconectado.com.br\\\/?p=16944\"]}]},{\"@type\":\"ImageObject\",\"inLanguage\":\"pt-BR\",\"@id\":\"https:\\\/\\\/msconectado.com.br\\\/?p=16944#primaryimage\",\"url\":\"https:\\\/\\\/msconectado.com.br\\\/wp-content\\\/uploads\\\/2023\\\/01\\\/43.jpg\",\"contentUrl\":\"https:\\\/\\\/msconectado.com.br\\\/wp-content\\\/uploads\\\/2023\\\/01\\\/43.jpg\",\"width\":716,\"height\":501},{\"@type\":\"BreadcrumbList\",\"@id\":\"https:\\\/\\\/msconectado.com.br\\\/?p=16944#breadcrumb\",\"itemListElement\":[{\"@type\":\"ListItem\",\"position\":1,\"name\":\"In\u00edcio\",\"item\":\"https:\\\/\\\/msconectado.com.br\\\/?page_id=105\"},{\"@type\":\"ListItem\",\"position\":2,\"name\":\"Gest\u00e3o Riedel: Cerim\u00f4nia de posse dos secret\u00e1rios teve inova\u00e7\u00e3o e novo olhar para a hist\u00f3ria de MS\"}]},{\"@type\":\"WebSite\",\"@id\":\"https:\\\/\\\/msconectado.com.br\\\/#website\",\"url\":\"https:\\\/\\\/msconectado.com.br\\\/\",\"name\":\"MsConectado\",\"description\":\"Voc\u00ea Conectado com a Not\u00edcia!\",\"publisher\":{\"@id\":\"https:\\\/\\\/msconectado.com.br\\\/#organization\"},\"potentialAction\":[{\"@type\":\"SearchAction\",\"target\":{\"@type\":\"EntryPoint\",\"urlTemplate\":\"https:\\\/\\\/msconectado.com.br\\\/?s={search_term_string}\"},\"query-input\":{\"@type\":\"PropertyValueSpecification\",\"valueRequired\":true,\"valueName\":\"search_term_string\"}}],\"inLanguage\":\"pt-BR\"},{\"@type\":\"Organization\",\"@id\":\"https:\\\/\\\/msconectado.com.br\\\/#organization\",\"name\":\"MsConectado\",\"url\":\"https:\\\/\\\/msconectado.com.br\\\/\",\"logo\":{\"@type\":\"ImageObject\",\"inLanguage\":\"pt-BR\",\"@id\":\"https:\\\/\\\/msconectado.com.br\\\/#\\\/schema\\\/logo\\\/image\\\/\",\"url\":\"https:\\\/\\\/msconectado.com.br\\\/wp-content\\\/uploads\\\/2023\\\/01\\\/cropped-noticia-2.png\",\"contentUrl\":\"https:\\\/\\\/msconectado.com.br\\\/wp-content\\\/uploads\\\/2023\\\/01\\\/cropped-noticia-2.png\",\"width\":720,\"height\":157,\"caption\":\"MsConectado\"},\"image\":{\"@id\":\"https:\\\/\\\/msconectado.com.br\\\/#\\\/schema\\\/logo\\\/image\\\/\"}},{\"@type\":\"Person\",\"@id\":\"https:\\\/\\\/msconectado.com.br\\\/#\\\/schema\\\/person\\\/e5585545b5687092f1041d350b6e2c16\",\"name\":\"MsConectado\",\"image\":{\"@type\":\"ImageObject\",\"inLanguage\":\"pt-BR\",\"@id\":\"https:\\\/\\\/secure.gravatar.com\\\/avatar\\\/3b4f84a0a8a4380ac4431fa79981d073692380c5da00ae97596e794ab0db5c8c?s=96&d=mm&r=g\",\"url\":\"https:\\\/\\\/secure.gravatar.com\\\/avatar\\\/3b4f84a0a8a4380ac4431fa79981d073692380c5da00ae97596e794ab0db5c8c?s=96&d=mm&r=g\",\"contentUrl\":\"https:\\\/\\\/secure.gravatar.com\\\/avatar\\\/3b4f84a0a8a4380ac4431fa79981d073692380c5da00ae97596e794ab0db5c8c?s=96&d=mm&r=g\",\"caption\":\"MsConectado\"},\"url\":\"https:\\\/\\\/msconectado.com.br\\\/?author=2\"}]}<\/script>\n<!-- \/ Yoast SEO plugin. -->","yoast_head_json":{"title":"Gest\u00e3o Riedel: Cerim\u00f4nia de posse dos secret\u00e1rios teve inova\u00e7\u00e3o e novo olhar para a hist\u00f3ria de MS - MsConectado","robots":{"index":"index","follow":"follow","max-snippet":"max-snippet:-1","max-image-preview":"max-image-preview:large","max-video-preview":"max-video-preview:-1"},"canonical":"https:\/\/msconectado.com.br\/?p=16944","og_locale":"pt_BR","og_type":"article","og_title":"Gest\u00e3o Riedel: Cerim\u00f4nia de posse dos secret\u00e1rios teve inova\u00e7\u00e3o e novo olhar para a hist\u00f3ria de MS - MsConectado","og_description":"Um novo olhar sobre a hist\u00f3ria de Mato Grosso do Sul foi apresentado \u00e0 sociedade neste domingo, dia 1\u00ba de janeiro, na solenidade de posse dos secret\u00e1rios de Estado da gest\u00e3o Eduardo Riedel (2023-2026), que aconteceu no final da tarde, no Centro de Conven\u00e7\u00f5es Arquiteto Rubens Gil de Camillo. Todo o cerimonial fugiu dos padr\u00f5es [&hellip;]","og_url":"https:\/\/msconectado.com.br\/?p=16944","og_site_name":"MsConectado","article_published_time":"2023-01-12T13:43:06+00:00","article_modified_time":"2023-01-13T12:35:52+00:00","og_image":[{"width":716,"height":501,"url":"https:\/\/msconectado.com.br\/wp-content\/uploads\/2023\/01\/43.jpg","type":"image\/jpeg"}],"author":"MsConectado","twitter_card":"summary_large_image","twitter_misc":{"Escrito por":"MsConectado","Est. tempo de leitura":"3 minutos"},"schema":{"@context":"https:\/\/schema.org","@graph":[{"@type":"Article","@id":"https:\/\/msconectado.com.br\/?p=16944#article","isPartOf":{"@id":"https:\/\/msconectado.com.br\/?p=16944"},"author":{"name":"MsConectado","@id":"https:\/\/msconectado.com.br\/#\/schema\/person\/e5585545b5687092f1041d350b6e2c16"},"headline":"Gest\u00e3o Riedel: Cerim\u00f4nia de posse dos secret\u00e1rios teve inova\u00e7\u00e3o e novo olhar para a hist\u00f3ria de MS","datePublished":"2023-01-12T13:43:06+00:00","dateModified":"2023-01-13T12:35:52+00:00","mainEntityOfPage":{"@id":"https:\/\/msconectado.com.br\/?p=16944"},"wordCount":638,"commentCount":0,"publisher":{"@id":"https:\/\/msconectado.com.br\/#organization"},"image":{"@id":"https:\/\/msconectado.com.br\/?p=16944#primaryimage"},"thumbnailUrl":"https:\/\/msconectado.com.br\/wp-content\/uploads\/2023\/01\/43.jpg","articleSection":["Eventos","Pol\u00edtica"],"inLanguage":"pt-BR","potentialAction":[{"@type":"CommentAction","name":"Comment","target":["https:\/\/msconectado.com.br\/?p=16944#respond"]}]},{"@type":"WebPage","@id":"https:\/\/msconectado.com.br\/?p=16944","url":"https:\/\/msconectado.com.br\/?p=16944","name":"Gest\u00e3o Riedel: Cerim\u00f4nia de posse dos secret\u00e1rios teve inova\u00e7\u00e3o e novo olhar para a hist\u00f3ria de MS - MsConectado","isPartOf":{"@id":"https:\/\/msconectado.com.br\/#website"},"primaryImageOfPage":{"@id":"https:\/\/msconectado.com.br\/?p=16944#primaryimage"},"image":{"@id":"https:\/\/msconectado.com.br\/?p=16944#primaryimage"},"thumbnailUrl":"https:\/\/msconectado.com.br\/wp-content\/uploads\/2023\/01\/43.jpg","datePublished":"2023-01-12T13:43:06+00:00","dateModified":"2023-01-13T12:35:52+00:00","breadcrumb":{"@id":"https:\/\/msconectado.com.br\/?p=16944#breadcrumb"},"inLanguage":"pt-BR","potentialAction":[{"@type":"ReadAction","target":["https:\/\/msconectado.com.br\/?p=16944"]}]},{"@type":"ImageObject","inLanguage":"pt-BR","@id":"https:\/\/msconectado.com.br\/?p=16944#primaryimage","url":"https:\/\/msconectado.com.br\/wp-content\/uploads\/2023\/01\/43.jpg","contentUrl":"https:\/\/msconectado.com.br\/wp-content\/uploads\/2023\/01\/43.jpg","width":716,"height":501},{"@type":"BreadcrumbList","@id":"https:\/\/msconectado.com.br\/?p=16944#breadcrumb","itemListElement":[{"@type":"ListItem","position":1,"name":"In\u00edcio","item":"https:\/\/msconectado.com.br\/?page_id=105"},{"@type":"ListItem","position":2,"name":"Gest\u00e3o Riedel: Cerim\u00f4nia de posse dos secret\u00e1rios teve inova\u00e7\u00e3o e novo olhar para a hist\u00f3ria de MS"}]},{"@type":"WebSite","@id":"https:\/\/msconectado.com.br\/#website","url":"https:\/\/msconectado.com.br\/","name":"MsConectado","description":"Voc\u00ea Conectado com a Not\u00edcia!","publisher":{"@id":"https:\/\/msconectado.com.br\/#organization"},"potentialAction":[{"@type":"SearchAction","target":{"@type":"EntryPoint","urlTemplate":"https:\/\/msconectado.com.br\/?s={search_term_string}"},"query-input":{"@type":"PropertyValueSpecification","valueRequired":true,"valueName":"search_term_string"}}],"inLanguage":"pt-BR"},{"@type":"Organization","@id":"https:\/\/msconectado.com.br\/#organization","name":"MsConectado","url":"https:\/\/msconectado.com.br\/","logo":{"@type":"ImageObject","inLanguage":"pt-BR","@id":"https:\/\/msconectado.com.br\/#\/schema\/logo\/image\/","url":"https:\/\/msconectado.com.br\/wp-content\/uploads\/2023\/01\/cropped-noticia-2.png","contentUrl":"https:\/\/msconectado.com.br\/wp-content\/uploads\/2023\/01\/cropped-noticia-2.png","width":720,"height":157,"caption":"MsConectado"},"image":{"@id":"https:\/\/msconectado.com.br\/#\/schema\/logo\/image\/"}},{"@type":"Person","@id":"https:\/\/msconectado.com.br\/#\/schema\/person\/e5585545b5687092f1041d350b6e2c16","name":"MsConectado","image":{"@type":"ImageObject","inLanguage":"pt-BR","@id":"https:\/\/secure.gravatar.com\/avatar\/3b4f84a0a8a4380ac4431fa79981d073692380c5da00ae97596e794ab0db5c8c?s=96&d=mm&r=g","url":"https:\/\/secure.gravatar.com\/avatar\/3b4f84a0a8a4380ac4431fa79981d073692380c5da00ae97596e794ab0db5c8c?s=96&d=mm&r=g","contentUrl":"https:\/\/secure.gravatar.com\/avatar\/3b4f84a0a8a4380ac4431fa79981d073692380c5da00ae97596e794ab0db5c8c?s=96&d=mm&r=g","caption":"MsConectado"},"url":"https:\/\/msconectado.com.br\/?author=2"}]}},"_links":{"self":[{"href":"https:\/\/msconectado.com.br\/index.php?rest_route=\/wp\/v2\/posts\/16944","targetHints":{"allow":["GET"]}}],"collection":[{"href":"https:\/\/msconectado.com.br\/index.php?rest_route=\/wp\/v2\/posts"}],"about":[{"href":"https:\/\/msconectado.com.br\/index.php?rest_route=\/wp\/v2\/types\/post"}],"author":[{"embeddable":true,"href":"https:\/\/msconectado.com.br\/index.php?rest_route=\/wp\/v2\/users\/2"}],"replies":[{"embeddable":true,"href":"https:\/\/msconectado.com.br\/index.php?rest_route=%2Fwp%2Fv2%2Fcomments&post=16944"}],"version-history":[{"count":2,"href":"https:\/\/msconectado.com.br\/index.php?rest_route=\/wp\/v2\/posts\/16944\/revisions"}],"predecessor-version":[{"id":17366,"href":"https:\/\/msconectado.com.br\/index.php?rest_route=\/wp\/v2\/posts\/16944\/revisions\/17366"}],"wp:featuredmedia":[{"embeddable":true,"href":"https:\/\/msconectado.com.br\/index.php?rest_route=\/wp\/v2\/media\/16946"}],"wp:attachment":[{"href":"https:\/\/msconectado.com.br\/index.php?rest_route=%2Fwp%2Fv2%2Fmedia&parent=16944"}],"wp:term":[{"taxonomy":"category","embeddable":true,"href":"https:\/\/msconectado.com.br\/index.php?rest_route=%2Fwp%2Fv2%2Fcategories&post=16944"},{"taxonomy":"post_tag","embeddable":true,"href":"https:\/\/msconectado.com.br\/index.php?rest_route=%2Fwp%2Fv2%2Ftags&post=16944"}],"curies":[{"name":"wp","href":"https:\/\/api.w.org\/{rel}","templated":true}]}}