
{"id":16951,"date":"2023-01-12T13:46:26","date_gmt":"2023-01-12T13:46:26","guid":{"rendered":"https:\/\/teste.msconectado.com.br\/?p=16951"},"modified":"2023-01-13T12:35:25","modified_gmt":"2023-01-13T12:35:25","slug":"turismo-gera-desenvolvimento-economico-e-social-diz-daniela-carneiro-na-transmissao-de-cargo","status":"publish","type":"post","link":"https:\/\/msconectado.com.br\/?p=16951","title":{"rendered":"Turismo gera desenvolvimento econ\u00f4mico e social, diz Daniela Carneiro na transmiss\u00e3o de cargo"},"content":{"rendered":"\n<h4 class=\"wp-block-heading\">O turismo no Brasil est\u00e1 vivendo \u201cum dia de recome\u00e7o\u201d, afirmou a nova ministra do Turismo, Daniela Carneiro, durante a cerim\u00f4nia de transmiss\u00e3o de cargo nesta segunda-feira (02\/01), em Bras\u00edlia (DF). Em seu pronunciamento, Daniela pontuou que ir\u00e1 trabalhar pelo aumento do or\u00e7amento do Minist\u00e9rio do Turismo, pela redu\u00e7\u00e3o dos pre\u00e7os das passagens a\u00e9reas, a fim de estimular o turismo regional, promover o turismo inclusivo e fortalecer a Embratur (Ag\u00eancia Brasileira de Promo\u00e7\u00e3o Internacional do Turismo).<br>&nbsp;<\/h4>\n\n\n\n<h4 class=\"wp-block-heading\">Daniela Carneiro lembrou que esse movimento acontece em um momento emblem\u00e1tico, no m\u00eas em que o Minist\u00e9rio do Turismo completa 20 anos de exist\u00eancia, criado ainda durante o primeiro mandato do presidente Lu\u00eds In\u00e1cio Lula da Silva. &#8220;O presidente Lula traz em seu DNA o entendimento do turismo como gerador de desenvolvimento econ\u00f4mico e social&#8221;, pontuou.<br>&nbsp;<\/h4>\n\n\n\n<h4 class=\"wp-block-heading\">Carneiro fez quest\u00e3o de externar a surpresa da equipe de transi\u00e7\u00e3o em rela\u00e7\u00e3o ao or\u00e7amento anual previsto para 2023 do Minist\u00e9rio do Turismo, que \u00e9 de R? 19 milh\u00f5es, uma redu\u00e7\u00e3o de 74%, e prometeu trabalhar para reverter esta situa\u00e7\u00e3o.<br>&nbsp;<\/h4>\n\n\n\n<h4 class=\"wp-block-heading\">De acordo com ela, \u201c\u00e9 imposs\u00edvel ignorar uma atividade que representava 8% do Produto Interno Bruto (PIB) antes da pandemia de Covid-19. Principalmente por que este \u00e9 um segmento que envolve mais de 50 atividades econ\u00f4micas, e que pode e deve ser ainda maior, alcan\u00e7ando a estatura de todo o nosso potencial\u201d.<br>&nbsp;<\/h4>\n\n\n\n<h4 class=\"wp-block-heading\">A necessidade da promo\u00e7\u00e3o de um turismo mais inclusivo e sustent\u00e1vel e que priorize a defesa dos direitos da crian\u00e7a e do adolescente, com o objetivo de dizimar a explora\u00e7\u00e3o sexual e o trabalho infantil tamb\u00e9m fizeram parte da fala da ministra, que visa uma gest\u00e3o de resultados, capaz de transformar a realidade social das pessoas. \u201cFortalecer o turismo significa gerar mais renda, mais emprego e combater \u00e0 fome. Fomentar o turismo regional \u00e9 levar mais desenvolvimento para todos que ali vivem, mais qualidade de vida e mais dignidade para a nossa popula\u00e7\u00e3o\u201d, completou.<br>&nbsp;<\/h4>\n\n\n\n<h4 class=\"wp-block-heading\">Por fim, a ministra garante que priorizar\u00e1 a\u00e7\u00f5es de valoriza\u00e7\u00e3o dos servidores e de fortalecimento da rela\u00e7\u00e3o com dirigentes e entidades do setor. \u201cQueremos uma escuta ativa, que favore\u00e7a \u00e0 retomada de um melhor caminho para o turismo no Brasil\u201d, afirmou.<br>&nbsp;<\/h4>\n\n\n\n<h4 class=\"wp-block-heading\"><strong>Curr\u00edculo Daniela Carneiro<\/strong><br>&nbsp;<\/h4>\n\n\n\n<h4 class=\"wp-block-heading\">Aos 46 anos, Daniela Carneiro j\u00e1 foi professora do ensino fundamental no Rio de Janeiro (RJ). Tamb\u00e9m ocupou a pasta de Assist\u00eancia Social em Belford Roxo (RJ), o oitavo maior col\u00e9gio eleitoral do estado, com mais de 360 mil eleitores. Foi reeleita como Deputada Federal, sendo a mais votada do Rio de Janeiro, com 213 mil votos, e agora integra a equipe de ministros nomeada para o novo governo.<\/h4>\n\n\n\n<h4 class=\"wp-block-heading\">Para conferir o \u00e1udio do discurso na \u00edntegra, acesse o&nbsp;<a href=\"https:\/\/s2301.prcomunicacao.com\/link.php?code=bDpodHRwcyUzQSUyRiUyRndlLnRsJTJGdC10aTcyUDZJcmQ3OjI5NzU1MTM2MzE6bXNjb25lY3RhZG9AZ21haWwuY29tOjdiMzE3NDozNA==\" target=\"_blank\" rel=\"noreferrer noopener\">Link<\/a><br>&nbsp;<br>&nbsp;<\/h4>\n\n\n\n<h4 class=\"wp-block-heading\"><em>Voc\u00ea conhece a Ag\u00eancia Brasil da<\/em>&nbsp;EBC?<em>&nbsp;L\u00e1 voc\u00ea encontra as \u00faltimas not\u00edcias do Brasil e do mundo, al\u00e9m de informa\u00e7\u00f5es sobre pol\u00edticas p\u00fablicas e servi\u00e7os prestados pelo Governo Federal. A Ag\u00eancia Brasil mant\u00e9m o foco no cidad\u00e3o e prima pela precis\u00e3o e clareza das informa\u00e7\u00f5es que transmite, optando sempre pelas fontes prim\u00e1rias. Por se tratar de uma ag\u00eancia p\u00fablica, o conte\u00fado por ela disponibilizado pode ser utilizado, gratuitamente, por outras ag\u00eancias, TVs e r\u00e1dios do Brasil e do mundo, inclusive por voc\u00ea! Acesse&nbsp;<\/em><a href=\"https:\/\/s2301.prcomunicacao.com\/link.php?code=bDpodHRwcyUzQSUyRiUyRmFnZW5jaWFicmFzaWwuZWJjLmNvbS5iciUyRjoyOTc1NTEzNjMxOm1zY29uZWN0YWRvQGdtYWlsLmNvbTo1Y2MwNTE6MzQ=\" target=\"_blank\" rel=\"noreferrer noopener\">aqui<\/a><em>&nbsp;a Ag\u00eancia Brasil.<\/em><\/h4>\n\n\n\n<h4 class=\"wp-block-heading\"><em>Assessoria<\/em><\/h4>\n\n\n<div class=\"wp-block-image\">\n<figure class=\"aligncenter\"><img decoding=\"async\" src=\"https:\/\/i.imgur.com\/R31xFca.jpg\" alt=\"\"\/><\/figure>\n<\/div>\n\n<div class=\"wp-block-image\">\n<figure class=\"aligncenter\"><img decoding=\"async\" src=\"https:\/\/i.imgur.com\/i7OXWMV.png\" alt=\"\"\/><\/figure>\n<\/div>\n\n<div class=\"wp-block-image\">\n<figure class=\"aligncenter\"><img decoding=\"async\" src=\"https:\/\/i.imgur.com\/MRhIHyG.png\" alt=\"\"\/><\/figure>\n<\/div>\n\n\n<h4 class=\"wp-block-heading\">Acesse nossa p\u00e1gina no Facebook e fique por dentro dos destaques de Maracaju e regi\u00e3o.<br><a href=\"https:\/\/www.facebook.com\/MsConectado\/?__tn__=K-R&amp;eid=ARAhfp4e5aWbNVoyptzGrm4obmySmRA_YR3QE4VTRX5QMShFsdcdIz5Iq0b_MWIy7I4QmNXz6k8IoNle&amp;fref=mentions&amp;__xts__%5B0%5D=68.ARAioa_i2DB8DORiDt4nCzBX7dvRVCRXhE8omKRc8oaCnvkbB62J-ntBfEZirzPivEkJx1lDCVwLAcPtZ0yMQNLkCNTlcJQPj0xK6BaGWaOsY1faLudkMNiJdevECtsRmxRf4pPywtr6Ph-QfFtADqGObU6JSKIHeG-MeeDX4kDKXlTFIUBRK4hO5nTzRrhcr3MX5cg5M1qoQKrs0FAyJEjbCy_O8F2Huq0AcJWiZlkD8u8XSf0QlsVlsI8LptFuIqgBS8GhVTw0O9tDGx11ebCRNoaUxQIYsP4qWoTURB3au7pBOcC3DfEQdk--ypqG-M2wCG5kVpCnL3qr9XO0E0f23b1xxxMz0V4PiQ\">https:\/\/www.facebook.com\/MsConectado\/<\/a><\/h4>\n","protected":false},"excerpt":{"rendered":"<p>O turismo no Brasil est\u00e1 vivendo \u201cum dia de recome\u00e7o\u201d, afirmou a nova ministra do Turismo, Daniela Carneiro, durante a cerim\u00f4nia de transmiss\u00e3o de cargo nesta segunda-feira (02\/01), em Bras\u00edlia (DF). Em seu pronunciamento, Daniela pontuou que ir\u00e1 trabalhar pelo aumento do or\u00e7amento do Minist\u00e9rio do Turismo, pela redu\u00e7\u00e3o dos pre\u00e7os das passagens a\u00e9reas, a [&hellip;]<\/p>\n","protected":false},"author":2,"featured_media":16952,"comment_status":"open","ping_status":"closed","sticky":false,"template":"","format":"standard","meta":{"footnotes":""},"categories":[35,34],"tags":[],"class_list":["post-16951","post","type-post","status-publish","format-standard","has-post-thumbnail","hentry","category-cidades","category-comercio"],"yoast_head":"<!-- This site is optimized with the Yoast SEO plugin v27.5 - https:\/\/yoast.com\/product\/yoast-seo-wordpress\/ -->\n<title>Turismo gera desenvolvimento econ\u00f4mico e social, diz Daniela Carneiro na transmiss\u00e3o de cargo - MsConectado<\/title>\n<meta name=\"robots\" content=\"index, follow, max-snippet:-1, max-image-preview:large, max-video-preview:-1\" \/>\n<link rel=\"canonical\" href=\"https:\/\/msconectado.com.br\/?p=16951\" \/>\n<meta property=\"og:locale\" content=\"pt_BR\" \/>\n<meta property=\"og:type\" content=\"article\" \/>\n<meta property=\"og:title\" content=\"Turismo gera desenvolvimento econ\u00f4mico e social, diz Daniela Carneiro na transmiss\u00e3o de cargo - MsConectado\" \/>\n<meta property=\"og:description\" content=\"O turismo no Brasil est\u00e1 vivendo \u201cum dia de recome\u00e7o\u201d, afirmou a nova ministra do Turismo, Daniela Carneiro, durante a cerim\u00f4nia de transmiss\u00e3o de cargo nesta segunda-feira (02\/01), em Bras\u00edlia (DF). Em seu pronunciamento, Daniela pontuou que ir\u00e1 trabalhar pelo aumento do or\u00e7amento do Minist\u00e9rio do Turismo, pela redu\u00e7\u00e3o dos pre\u00e7os das passagens a\u00e9reas, a [&hellip;]\" \/>\n<meta property=\"og:url\" content=\"https:\/\/msconectado.com.br\/?p=16951\" \/>\n<meta property=\"og:site_name\" content=\"MsConectado\" \/>\n<meta property=\"article:published_time\" content=\"2023-01-12T13:46:26+00:00\" \/>\n<meta property=\"article:modified_time\" content=\"2023-01-13T12:35:25+00:00\" \/>\n<meta property=\"og:image\" content=\"https:\/\/msconectado.com.br\/wp-content\/uploads\/2023\/01\/41.jpg\" \/>\n\t<meta property=\"og:image:width\" content=\"768\" \/>\n\t<meta property=\"og:image:height\" content=\"512\" \/>\n\t<meta property=\"og:image:type\" content=\"image\/jpeg\" \/>\n<meta name=\"author\" content=\"MsConectado\" \/>\n<meta name=\"twitter:card\" content=\"summary_large_image\" \/>\n<meta name=\"twitter:label1\" content=\"Escrito por\" \/>\n\t<meta name=\"twitter:data1\" content=\"MsConectado\" \/>\n\t<meta name=\"twitter:label2\" content=\"Est. tempo de leitura\" \/>\n\t<meta name=\"twitter:data2\" content=\"3 minutos\" \/>\n<script type=\"application\/ld+json\" class=\"yoast-schema-graph\">{\"@context\":\"https:\\\/\\\/schema.org\",\"@graph\":[{\"@type\":\"Article\",\"@id\":\"https:\\\/\\\/msconectado.com.br\\\/?p=16951#article\",\"isPartOf\":{\"@id\":\"https:\\\/\\\/msconectado.com.br\\\/?p=16951\"},\"author\":{\"name\":\"MsConectado\",\"@id\":\"https:\\\/\\\/msconectado.com.br\\\/#\\\/schema\\\/person\\\/e5585545b5687092f1041d350b6e2c16\"},\"headline\":\"Turismo gera desenvolvimento econ\u00f4mico e social, diz Daniela Carneiro na transmiss\u00e3o de cargo\",\"datePublished\":\"2023-01-12T13:46:26+00:00\",\"dateModified\":\"2023-01-13T12:35:25+00:00\",\"mainEntityOfPage\":{\"@id\":\"https:\\\/\\\/msconectado.com.br\\\/?p=16951\"},\"wordCount\":629,\"commentCount\":0,\"publisher\":{\"@id\":\"https:\\\/\\\/msconectado.com.br\\\/#organization\"},\"image\":{\"@id\":\"https:\\\/\\\/msconectado.com.br\\\/?p=16951#primaryimage\"},\"thumbnailUrl\":\"https:\\\/\\\/msconectado.com.br\\\/wp-content\\\/uploads\\\/2023\\\/01\\\/41.jpg\",\"articleSection\":[\"Cidades\",\"Com\u00e9rcio\"],\"inLanguage\":\"pt-BR\",\"potentialAction\":[{\"@type\":\"CommentAction\",\"name\":\"Comment\",\"target\":[\"https:\\\/\\\/msconectado.com.br\\\/?p=16951#respond\"]}]},{\"@type\":\"WebPage\",\"@id\":\"https:\\\/\\\/msconectado.com.br\\\/?p=16951\",\"url\":\"https:\\\/\\\/msconectado.com.br\\\/?p=16951\",\"name\":\"Turismo gera desenvolvimento econ\u00f4mico e social, diz Daniela Carneiro na transmiss\u00e3o de cargo - MsConectado\",\"isPartOf\":{\"@id\":\"https:\\\/\\\/msconectado.com.br\\\/#website\"},\"primaryImageOfPage\":{\"@id\":\"https:\\\/\\\/msconectado.com.br\\\/?p=16951#primaryimage\"},\"image\":{\"@id\":\"https:\\\/\\\/msconectado.com.br\\\/?p=16951#primaryimage\"},\"thumbnailUrl\":\"https:\\\/\\\/msconectado.com.br\\\/wp-content\\\/uploads\\\/2023\\\/01\\\/41.jpg\",\"datePublished\":\"2023-01-12T13:46:26+00:00\",\"dateModified\":\"2023-01-13T12:35:25+00:00\",\"breadcrumb\":{\"@id\":\"https:\\\/\\\/msconectado.com.br\\\/?p=16951#breadcrumb\"},\"inLanguage\":\"pt-BR\",\"potentialAction\":[{\"@type\":\"ReadAction\",\"target\":[\"https:\\\/\\\/msconectado.com.br\\\/?p=16951\"]}]},{\"@type\":\"ImageObject\",\"inLanguage\":\"pt-BR\",\"@id\":\"https:\\\/\\\/msconectado.com.br\\\/?p=16951#primaryimage\",\"url\":\"https:\\\/\\\/msconectado.com.br\\\/wp-content\\\/uploads\\\/2023\\\/01\\\/41.jpg\",\"contentUrl\":\"https:\\\/\\\/msconectado.com.br\\\/wp-content\\\/uploads\\\/2023\\\/01\\\/41.jpg\",\"width\":768,\"height\":512},{\"@type\":\"BreadcrumbList\",\"@id\":\"https:\\\/\\\/msconectado.com.br\\\/?p=16951#breadcrumb\",\"itemListElement\":[{\"@type\":\"ListItem\",\"position\":1,\"name\":\"In\u00edcio\",\"item\":\"https:\\\/\\\/msconectado.com.br\\\/\"},{\"@type\":\"ListItem\",\"position\":2,\"name\":\"Turismo gera desenvolvimento econ\u00f4mico e social, diz Daniela Carneiro na transmiss\u00e3o de cargo\"}]},{\"@type\":\"WebSite\",\"@id\":\"https:\\\/\\\/msconectado.com.br\\\/#website\",\"url\":\"https:\\\/\\\/msconectado.com.br\\\/\",\"name\":\"MsConectado\",\"description\":\"Voc\u00ea Conectado com a Not\u00edcia!\",\"publisher\":{\"@id\":\"https:\\\/\\\/msconectado.com.br\\\/#organization\"},\"potentialAction\":[{\"@type\":\"SearchAction\",\"target\":{\"@type\":\"EntryPoint\",\"urlTemplate\":\"https:\\\/\\\/msconectado.com.br\\\/?s={search_term_string}\"},\"query-input\":{\"@type\":\"PropertyValueSpecification\",\"valueRequired\":true,\"valueName\":\"search_term_string\"}}],\"inLanguage\":\"pt-BR\"},{\"@type\":\"Organization\",\"@id\":\"https:\\\/\\\/msconectado.com.br\\\/#organization\",\"name\":\"MsConectado\",\"url\":\"https:\\\/\\\/msconectado.com.br\\\/\",\"logo\":{\"@type\":\"ImageObject\",\"inLanguage\":\"pt-BR\",\"@id\":\"https:\\\/\\\/msconectado.com.br\\\/#\\\/schema\\\/logo\\\/image\\\/\",\"url\":\"https:\\\/\\\/msconectado.com.br\\\/wp-content\\\/uploads\\\/2023\\\/01\\\/cropped-noticia-2.png\",\"contentUrl\":\"https:\\\/\\\/msconectado.com.br\\\/wp-content\\\/uploads\\\/2023\\\/01\\\/cropped-noticia-2.png\",\"width\":720,\"height\":157,\"caption\":\"MsConectado\"},\"image\":{\"@id\":\"https:\\\/\\\/msconectado.com.br\\\/#\\\/schema\\\/logo\\\/image\\\/\"}},{\"@type\":\"Person\",\"@id\":\"https:\\\/\\\/msconectado.com.br\\\/#\\\/schema\\\/person\\\/e5585545b5687092f1041d350b6e2c16\",\"name\":\"MsConectado\",\"image\":{\"@type\":\"ImageObject\",\"inLanguage\":\"pt-BR\",\"@id\":\"https:\\\/\\\/secure.gravatar.com\\\/avatar\\\/3b4f84a0a8a4380ac4431fa79981d073692380c5da00ae97596e794ab0db5c8c?s=96&d=mm&r=g\",\"url\":\"https:\\\/\\\/secure.gravatar.com\\\/avatar\\\/3b4f84a0a8a4380ac4431fa79981d073692380c5da00ae97596e794ab0db5c8c?s=96&d=mm&r=g\",\"contentUrl\":\"https:\\\/\\\/secure.gravatar.com\\\/avatar\\\/3b4f84a0a8a4380ac4431fa79981d073692380c5da00ae97596e794ab0db5c8c?s=96&d=mm&r=g\",\"caption\":\"MsConectado\"},\"url\":\"https:\\\/\\\/msconectado.com.br\\\/?author=2\"}]}<\/script>\n<!-- \/ Yoast SEO plugin. -->","yoast_head_json":{"title":"Turismo gera desenvolvimento econ\u00f4mico e social, diz Daniela Carneiro na transmiss\u00e3o de cargo - MsConectado","robots":{"index":"index","follow":"follow","max-snippet":"max-snippet:-1","max-image-preview":"max-image-preview:large","max-video-preview":"max-video-preview:-1"},"canonical":"https:\/\/msconectado.com.br\/?p=16951","og_locale":"pt_BR","og_type":"article","og_title":"Turismo gera desenvolvimento econ\u00f4mico e social, diz Daniela Carneiro na transmiss\u00e3o de cargo - MsConectado","og_description":"O turismo no Brasil est\u00e1 vivendo \u201cum dia de recome\u00e7o\u201d, afirmou a nova ministra do Turismo, Daniela Carneiro, durante a cerim\u00f4nia de transmiss\u00e3o de cargo nesta segunda-feira (02\/01), em Bras\u00edlia (DF). Em seu pronunciamento, Daniela pontuou que ir\u00e1 trabalhar pelo aumento do or\u00e7amento do Minist\u00e9rio do Turismo, pela redu\u00e7\u00e3o dos pre\u00e7os das passagens a\u00e9reas, a [&hellip;]","og_url":"https:\/\/msconectado.com.br\/?p=16951","og_site_name":"MsConectado","article_published_time":"2023-01-12T13:46:26+00:00","article_modified_time":"2023-01-13T12:35:25+00:00","og_image":[{"width":768,"height":512,"url":"https:\/\/msconectado.com.br\/wp-content\/uploads\/2023\/01\/41.jpg","type":"image\/jpeg"}],"author":"MsConectado","twitter_card":"summary_large_image","twitter_misc":{"Escrito por":"MsConectado","Est. tempo de leitura":"3 minutos"},"schema":{"@context":"https:\/\/schema.org","@graph":[{"@type":"Article","@id":"https:\/\/msconectado.com.br\/?p=16951#article","isPartOf":{"@id":"https:\/\/msconectado.com.br\/?p=16951"},"author":{"name":"MsConectado","@id":"https:\/\/msconectado.com.br\/#\/schema\/person\/e5585545b5687092f1041d350b6e2c16"},"headline":"Turismo gera desenvolvimento econ\u00f4mico e social, diz Daniela Carneiro na transmiss\u00e3o de cargo","datePublished":"2023-01-12T13:46:26+00:00","dateModified":"2023-01-13T12:35:25+00:00","mainEntityOfPage":{"@id":"https:\/\/msconectado.com.br\/?p=16951"},"wordCount":629,"commentCount":0,"publisher":{"@id":"https:\/\/msconectado.com.br\/#organization"},"image":{"@id":"https:\/\/msconectado.com.br\/?p=16951#primaryimage"},"thumbnailUrl":"https:\/\/msconectado.com.br\/wp-content\/uploads\/2023\/01\/41.jpg","articleSection":["Cidades","Com\u00e9rcio"],"inLanguage":"pt-BR","potentialAction":[{"@type":"CommentAction","name":"Comment","target":["https:\/\/msconectado.com.br\/?p=16951#respond"]}]},{"@type":"WebPage","@id":"https:\/\/msconectado.com.br\/?p=16951","url":"https:\/\/msconectado.com.br\/?p=16951","name":"Turismo gera desenvolvimento econ\u00f4mico e social, diz Daniela Carneiro na transmiss\u00e3o de cargo - MsConectado","isPartOf":{"@id":"https:\/\/msconectado.com.br\/#website"},"primaryImageOfPage":{"@id":"https:\/\/msconectado.com.br\/?p=16951#primaryimage"},"image":{"@id":"https:\/\/msconectado.com.br\/?p=16951#primaryimage"},"thumbnailUrl":"https:\/\/msconectado.com.br\/wp-content\/uploads\/2023\/01\/41.jpg","datePublished":"2023-01-12T13:46:26+00:00","dateModified":"2023-01-13T12:35:25+00:00","breadcrumb":{"@id":"https:\/\/msconectado.com.br\/?p=16951#breadcrumb"},"inLanguage":"pt-BR","potentialAction":[{"@type":"ReadAction","target":["https:\/\/msconectado.com.br\/?p=16951"]}]},{"@type":"ImageObject","inLanguage":"pt-BR","@id":"https:\/\/msconectado.com.br\/?p=16951#primaryimage","url":"https:\/\/msconectado.com.br\/wp-content\/uploads\/2023\/01\/41.jpg","contentUrl":"https:\/\/msconectado.com.br\/wp-content\/uploads\/2023\/01\/41.jpg","width":768,"height":512},{"@type":"BreadcrumbList","@id":"https:\/\/msconectado.com.br\/?p=16951#breadcrumb","itemListElement":[{"@type":"ListItem","position":1,"name":"In\u00edcio","item":"https:\/\/msconectado.com.br\/"},{"@type":"ListItem","position":2,"name":"Turismo gera desenvolvimento econ\u00f4mico e social, diz Daniela Carneiro na transmiss\u00e3o de cargo"}]},{"@type":"WebSite","@id":"https:\/\/msconectado.com.br\/#website","url":"https:\/\/msconectado.com.br\/","name":"MsConectado","description":"Voc\u00ea Conectado com a Not\u00edcia!","publisher":{"@id":"https:\/\/msconectado.com.br\/#organization"},"potentialAction":[{"@type":"SearchAction","target":{"@type":"EntryPoint","urlTemplate":"https:\/\/msconectado.com.br\/?s={search_term_string}"},"query-input":{"@type":"PropertyValueSpecification","valueRequired":true,"valueName":"search_term_string"}}],"inLanguage":"pt-BR"},{"@type":"Organization","@id":"https:\/\/msconectado.com.br\/#organization","name":"MsConectado","url":"https:\/\/msconectado.com.br\/","logo":{"@type":"ImageObject","inLanguage":"pt-BR","@id":"https:\/\/msconectado.com.br\/#\/schema\/logo\/image\/","url":"https:\/\/msconectado.com.br\/wp-content\/uploads\/2023\/01\/cropped-noticia-2.png","contentUrl":"https:\/\/msconectado.com.br\/wp-content\/uploads\/2023\/01\/cropped-noticia-2.png","width":720,"height":157,"caption":"MsConectado"},"image":{"@id":"https:\/\/msconectado.com.br\/#\/schema\/logo\/image\/"}},{"@type":"Person","@id":"https:\/\/msconectado.com.br\/#\/schema\/person\/e5585545b5687092f1041d350b6e2c16","name":"MsConectado","image":{"@type":"ImageObject","inLanguage":"pt-BR","@id":"https:\/\/secure.gravatar.com\/avatar\/3b4f84a0a8a4380ac4431fa79981d073692380c5da00ae97596e794ab0db5c8c?s=96&d=mm&r=g","url":"https:\/\/secure.gravatar.com\/avatar\/3b4f84a0a8a4380ac4431fa79981d073692380c5da00ae97596e794ab0db5c8c?s=96&d=mm&r=g","contentUrl":"https:\/\/secure.gravatar.com\/avatar\/3b4f84a0a8a4380ac4431fa79981d073692380c5da00ae97596e794ab0db5c8c?s=96&d=mm&r=g","caption":"MsConectado"},"url":"https:\/\/msconectado.com.br\/?author=2"}]}},"_links":{"self":[{"href":"https:\/\/msconectado.com.br\/index.php?rest_route=\/wp\/v2\/posts\/16951","targetHints":{"allow":["GET"]}}],"collection":[{"href":"https:\/\/msconectado.com.br\/index.php?rest_route=\/wp\/v2\/posts"}],"about":[{"href":"https:\/\/msconectado.com.br\/index.php?rest_route=\/wp\/v2\/types\/post"}],"author":[{"embeddable":true,"href":"https:\/\/msconectado.com.br\/index.php?rest_route=\/wp\/v2\/users\/2"}],"replies":[{"embeddable":true,"href":"https:\/\/msconectado.com.br\/index.php?rest_route=%2Fwp%2Fv2%2Fcomments&post=16951"}],"version-history":[{"count":2,"href":"https:\/\/msconectado.com.br\/index.php?rest_route=\/wp\/v2\/posts\/16951\/revisions"}],"predecessor-version":[{"id":17364,"href":"https:\/\/msconectado.com.br\/index.php?rest_route=\/wp\/v2\/posts\/16951\/revisions\/17364"}],"wp:featuredmedia":[{"embeddable":true,"href":"https:\/\/msconectado.com.br\/index.php?rest_route=\/wp\/v2\/media\/16952"}],"wp:attachment":[{"href":"https:\/\/msconectado.com.br\/index.php?rest_route=%2Fwp%2Fv2%2Fmedia&parent=16951"}],"wp:term":[{"taxonomy":"category","embeddable":true,"href":"https:\/\/msconectado.com.br\/index.php?rest_route=%2Fwp%2Fv2%2Fcategories&post=16951"},{"taxonomy":"post_tag","embeddable":true,"href":"https:\/\/msconectado.com.br\/index.php?rest_route=%2Fwp%2Fv2%2Ftags&post=16951"}],"curies":[{"name":"wp","href":"https:\/\/api.w.org\/{rel}","templated":true}]}}