
{"id":16955,"date":"2023-01-12T13:48:40","date_gmt":"2023-01-12T13:48:40","guid":{"rendered":"https:\/\/teste.msconectado.com.br\/?p=16955"},"modified":"2023-01-13T12:35:05","modified_gmt":"2023-01-13T12:35:05","slug":"eduardo-riedel-nomeia-secretarios-adjuntos-e-presidentes-de-departamento-agencias-instituto-e-fundacoes","status":"publish","type":"post","link":"https:\/\/msconectado.com.br\/?p=16955","title":{"rendered":"Eduardo Riedel nomeia secret\u00e1rios adjuntos e presidentes de departamento, ag\u00eancias, instituto e funda\u00e7\u00f5es"},"content":{"rendered":"\n<h4 class=\"wp-block-heading\">Em uma edi\u00e7\u00e3o extraordin\u00e1ria do Di\u00e1rio Oficial do Estado no fim da tarde de segunda-feira (2), o governador Eduardo Riedel nomeou dirigentes do 2\u00ba escal\u00e3o da administra\u00e7\u00e3o, al\u00e9m de secret\u00e1rios adjuntos.<\/h4>\n\n\n\n<h4 class=\"wp-block-heading\">De acordo com a publica\u00e7\u00e3o, Marco Aurelio Santullo ser\u00e1 o diretor-presidente da Funtrab (Funda\u00e7\u00e3o do Trabalho de Mato Grosso do Sul), Rudel Esp\u00edndola Trindade fica no comando do Detran (Departamento Estadual de Tr\u00e2nsito) e Bruno Wendling permanece na Fundtur (Funda\u00e7\u00e3o de Turismo de Mato Grosso do Sul).<\/h4>\n\n\n\n<h4 class=\"wp-block-heading\">Al\u00e9m disso, Daniel de Barbosa Ingold ficar\u00e1 como diretor-presidente da Iagro (Ag\u00eancia Estadual de Defesa Sanit\u00e1ria, Animal e Vegetal), Andr\u00e9 Borges no comando do Imasul (Instituto de Meio Ambiente de Mato Grosso do Sul), Mauro Azambuja Rondon assume a fun\u00e7\u00e3o de diretor-presidente da Agesul (Ag\u00eancia Estadual de Gest\u00e3o de Empreendimentos) e Maria do Carmo Avesani Lopez permanece na fun\u00e7\u00e3o de diretora-presidente da Agehab (Ag\u00eancia de Habita\u00e7\u00e3o Popular de Mato Grosso do Sul).&nbsp;<\/h4>\n\n\n\n<h4 class=\"wp-block-heading\">Ademar Silva J\u00fanior foi nomeado secret\u00e1rio adjunto da Semadesc (Secretaria de Estado de Meio Ambiente, Desenvolvimento, Ci\u00eancia, Tecnologia e Inova\u00e7\u00e3o) e Crhistinne Maymone permanece adjunta da SES (Secretaria de Estado de Sa\u00fade). Ary Carlos Barbosa \u00e9 o novo secret\u00e1rio adjunto de Justi\u00e7a e Seguran\u00e7a P\u00fablica.&nbsp;<\/h4>\n\n\n\n<h4 class=\"wp-block-heading\">Viviane Luiza da Silva \u00e9 a nova adjunta da rec\u00e9m-criada Secretaria de Estado de Esporte, Cultura e Cidadania e Mirna Estela Arce Torres \u00e9 a de Infraestrutura e Log\u00edstica, enquanto Flavio Britto fica na Casa Civil, Lauri Luiz Jener na Secretaria de Fazenda e \u00c9dio Resende de Castro na Educa\u00e7\u00e3o. Todos como secret\u00e1rios adjuntos.<\/h4>\n\n\n\n<h4 class=\"wp-block-heading\">J\u00e1 a procuradora-chefe da coordenadoria jur\u00eddica da PGE, Doriane Gomes Chamorro, acumular\u00e1 a fun\u00e7\u00e3o de Consultora Legislativa.&nbsp;<\/h4>\n\n\n\n<h4 class=\"wp-block-heading\"><a href=\"http:\/\/www.ms.gov.br\/wp-content\/uploads\/sites\/150\/2023\/01\/extra.pdf\" target=\"_blank\" rel=\"noreferrer noopener\">As nomea\u00e7\u00f5es podem ser conferidas aqui.<\/a><\/h4>\n\n\n\n<h4 class=\"wp-block-heading\"><em>Paulo Fernandes, Governo do Estado de MS<\/em><\/h4>\n\n\n\n<h4 class=\"wp-block-heading\"><em>Fotos: Chico Ribeiro (governadoria), Saul Schramm e Bruno Rezende<\/em><\/h4>\n\n\n<div class=\"wp-block-image\">\n<figure class=\"aligncenter\"><img decoding=\"async\" src=\"https:\/\/i.imgur.com\/R31xFca.jpg\" alt=\"\"\/><\/figure>\n<\/div>\n\n<div class=\"wp-block-image\">\n<figure class=\"aligncenter\"><img decoding=\"async\" src=\"https:\/\/i.imgur.com\/i7OXWMV.png\" alt=\"\"\/><\/figure>\n<\/div>\n\n<div class=\"wp-block-image\">\n<figure class=\"aligncenter\"><img decoding=\"async\" src=\"https:\/\/i.imgur.com\/MRhIHyG.png\" alt=\"\"\/><\/figure>\n<\/div>\n\n\n<h4 class=\"wp-block-heading\">Acesse nossa p\u00e1gina no Facebook e fique por dentro dos destaques de Maracaju e regi\u00e3o.<br><a href=\"https:\/\/www.facebook.com\/MsConectado\/?__tn__=K-R&amp;eid=ARAhfp4e5aWbNVoyptzGrm4obmySmRA_YR3QE4VTRX5QMShFsdcdIz5Iq0b_MWIy7I4QmNXz6k8IoNle&amp;fref=mentions&amp;__xts__%5B0%5D=68.ARAioa_i2DB8DORiDt4nCzBX7dvRVCRXhE8omKRc8oaCnvkbB62J-ntBfEZirzPivEkJx1lDCVwLAcPtZ0yMQNLkCNTlcJQPj0xK6BaGWaOsY1faLudkMNiJdevECtsRmxRf4pPywtr6Ph-QfFtADqGObU6JSKIHeG-MeeDX4kDKXlTFIUBRK4hO5nTzRrhcr3MX5cg5M1qoQKrs0FAyJEjbCy_O8F2Huq0AcJWiZlkD8u8XSf0QlsVlsI8LptFuIqgBS8GhVTw0O9tDGx11ebCRNoaUxQIYsP4qWoTURB3au7pBOcC3DfEQdk--ypqG-M2wCG5kVpCnL3qr9XO0E0f23b1xxxMz0V4PiQ\">https:\/\/www.facebook.com\/MsConectado\/<\/a><\/h4>\n","protected":false},"excerpt":{"rendered":"<p>Em uma edi\u00e7\u00e3o extraordin\u00e1ria do Di\u00e1rio Oficial do Estado no fim da tarde de segunda-feira (2), o governador Eduardo Riedel nomeou dirigentes do 2\u00ba escal\u00e3o da administra\u00e7\u00e3o, al\u00e9m de secret\u00e1rios adjuntos. De acordo com a publica\u00e7\u00e3o, Marco Aurelio Santullo ser\u00e1 o diretor-presidente da Funtrab (Funda\u00e7\u00e3o do Trabalho de Mato Grosso do Sul), Rudel Esp\u00edndola Trindade [&hellip;]<\/p>\n","protected":false},"author":2,"featured_media":16956,"comment_status":"open","ping_status":"closed","sticky":false,"template":"","format":"standard","meta":{"footnotes":""},"categories":[35,36,33],"tags":[],"class_list":["post-16955","post","type-post","status-publish","format-standard","has-post-thumbnail","hentry","category-cidades","category-eventos","category-politica"],"yoast_head":"<!-- This site is optimized with the Yoast SEO plugin v27.5 - https:\/\/yoast.com\/product\/yoast-seo-wordpress\/ -->\n<title>Eduardo Riedel nomeia secret\u00e1rios adjuntos e presidentes de departamento, ag\u00eancias, instituto e funda\u00e7\u00f5es - MsConectado<\/title>\n<meta name=\"robots\" content=\"index, follow, max-snippet:-1, max-image-preview:large, max-video-preview:-1\" \/>\n<link rel=\"canonical\" href=\"https:\/\/msconectado.com.br\/?p=16955\" \/>\n<meta property=\"og:locale\" content=\"pt_BR\" \/>\n<meta property=\"og:type\" content=\"article\" \/>\n<meta property=\"og:title\" content=\"Eduardo Riedel nomeia secret\u00e1rios adjuntos e presidentes de departamento, ag\u00eancias, instituto e funda\u00e7\u00f5es - MsConectado\" \/>\n<meta property=\"og:description\" content=\"Em uma edi\u00e7\u00e3o extraordin\u00e1ria do Di\u00e1rio Oficial do Estado no fim da tarde de segunda-feira (2), o governador Eduardo Riedel nomeou dirigentes do 2\u00ba escal\u00e3o da administra\u00e7\u00e3o, al\u00e9m de secret\u00e1rios adjuntos. De acordo com a publica\u00e7\u00e3o, Marco Aurelio Santullo ser\u00e1 o diretor-presidente da Funtrab (Funda\u00e7\u00e3o do Trabalho de Mato Grosso do Sul), Rudel Esp\u00edndola Trindade [&hellip;]\" \/>\n<meta property=\"og:url\" content=\"https:\/\/msconectado.com.br\/?p=16955\" \/>\n<meta property=\"og:site_name\" content=\"MsConectado\" \/>\n<meta property=\"article:published_time\" content=\"2023-01-12T13:48:40+00:00\" \/>\n<meta property=\"article:modified_time\" content=\"2023-01-13T12:35:05+00:00\" \/>\n<meta property=\"og:image\" content=\"https:\/\/msconectado.com.br\/wp-content\/uploads\/2023\/01\/40.jpg\" \/>\n\t<meta property=\"og:image:width\" content=\"1000\" \/>\n\t<meta property=\"og:image:height\" content=\"600\" \/>\n\t<meta property=\"og:image:type\" content=\"image\/jpeg\" \/>\n<meta name=\"author\" content=\"MsConectado\" \/>\n<meta name=\"twitter:card\" content=\"summary_large_image\" \/>\n<meta name=\"twitter:label1\" content=\"Escrito por\" \/>\n\t<meta name=\"twitter:data1\" content=\"MsConectado\" \/>\n\t<meta name=\"twitter:label2\" content=\"Est. tempo de leitura\" \/>\n\t<meta name=\"twitter:data2\" content=\"2 minutos\" \/>\n<script type=\"application\/ld+json\" class=\"yoast-schema-graph\">{\"@context\":\"https:\\\/\\\/schema.org\",\"@graph\":[{\"@type\":\"Article\",\"@id\":\"https:\\\/\\\/msconectado.com.br\\\/?p=16955#article\",\"isPartOf\":{\"@id\":\"https:\\\/\\\/msconectado.com.br\\\/?p=16955\"},\"author\":{\"name\":\"MsConectado\",\"@id\":\"https:\\\/\\\/msconectado.com.br\\\/#\\\/schema\\\/person\\\/e5585545b5687092f1041d350b6e2c16\"},\"headline\":\"Eduardo Riedel nomeia secret\u00e1rios adjuntos e presidentes de departamento, ag\u00eancias, instituto e funda\u00e7\u00f5es\",\"datePublished\":\"2023-01-12T13:48:40+00:00\",\"dateModified\":\"2023-01-13T12:35:05+00:00\",\"mainEntityOfPage\":{\"@id\":\"https:\\\/\\\/msconectado.com.br\\\/?p=16955\"},\"wordCount\":361,\"commentCount\":0,\"publisher\":{\"@id\":\"https:\\\/\\\/msconectado.com.br\\\/#organization\"},\"image\":{\"@id\":\"https:\\\/\\\/msconectado.com.br\\\/?p=16955#primaryimage\"},\"thumbnailUrl\":\"https:\\\/\\\/msconectado.com.br\\\/wp-content\\\/uploads\\\/2023\\\/01\\\/40.jpg\",\"articleSection\":[\"Cidades\",\"Eventos\",\"Pol\u00edtica\"],\"inLanguage\":\"pt-BR\",\"potentialAction\":[{\"@type\":\"CommentAction\",\"name\":\"Comment\",\"target\":[\"https:\\\/\\\/msconectado.com.br\\\/?p=16955#respond\"]}]},{\"@type\":\"WebPage\",\"@id\":\"https:\\\/\\\/msconectado.com.br\\\/?p=16955\",\"url\":\"https:\\\/\\\/msconectado.com.br\\\/?p=16955\",\"name\":\"Eduardo Riedel nomeia secret\u00e1rios adjuntos e presidentes de departamento, ag\u00eancias, instituto e funda\u00e7\u00f5es - MsConectado\",\"isPartOf\":{\"@id\":\"https:\\\/\\\/msconectado.com.br\\\/#website\"},\"primaryImageOfPage\":{\"@id\":\"https:\\\/\\\/msconectado.com.br\\\/?p=16955#primaryimage\"},\"image\":{\"@id\":\"https:\\\/\\\/msconectado.com.br\\\/?p=16955#primaryimage\"},\"thumbnailUrl\":\"https:\\\/\\\/msconectado.com.br\\\/wp-content\\\/uploads\\\/2023\\\/01\\\/40.jpg\",\"datePublished\":\"2023-01-12T13:48:40+00:00\",\"dateModified\":\"2023-01-13T12:35:05+00:00\",\"breadcrumb\":{\"@id\":\"https:\\\/\\\/msconectado.com.br\\\/?p=16955#breadcrumb\"},\"inLanguage\":\"pt-BR\",\"potentialAction\":[{\"@type\":\"ReadAction\",\"target\":[\"https:\\\/\\\/msconectado.com.br\\\/?p=16955\"]}]},{\"@type\":\"ImageObject\",\"inLanguage\":\"pt-BR\",\"@id\":\"https:\\\/\\\/msconectado.com.br\\\/?p=16955#primaryimage\",\"url\":\"https:\\\/\\\/msconectado.com.br\\\/wp-content\\\/uploads\\\/2023\\\/01\\\/40.jpg\",\"contentUrl\":\"https:\\\/\\\/msconectado.com.br\\\/wp-content\\\/uploads\\\/2023\\\/01\\\/40.jpg\",\"width\":1000,\"height\":600},{\"@type\":\"BreadcrumbList\",\"@id\":\"https:\\\/\\\/msconectado.com.br\\\/?p=16955#breadcrumb\",\"itemListElement\":[{\"@type\":\"ListItem\",\"position\":1,\"name\":\"In\u00edcio\",\"item\":\"https:\\\/\\\/msconectado.com.br\\\/?page_id=105\"},{\"@type\":\"ListItem\",\"position\":2,\"name\":\"Eduardo Riedel nomeia secret\u00e1rios adjuntos e presidentes de departamento, ag\u00eancias, instituto e funda\u00e7\u00f5es\"}]},{\"@type\":\"WebSite\",\"@id\":\"https:\\\/\\\/msconectado.com.br\\\/#website\",\"url\":\"https:\\\/\\\/msconectado.com.br\\\/\",\"name\":\"MsConectado\",\"description\":\"Voc\u00ea Conectado com a Not\u00edcia!\",\"publisher\":{\"@id\":\"https:\\\/\\\/msconectado.com.br\\\/#organization\"},\"potentialAction\":[{\"@type\":\"SearchAction\",\"target\":{\"@type\":\"EntryPoint\",\"urlTemplate\":\"https:\\\/\\\/msconectado.com.br\\\/?s={search_term_string}\"},\"query-input\":{\"@type\":\"PropertyValueSpecification\",\"valueRequired\":true,\"valueName\":\"search_term_string\"}}],\"inLanguage\":\"pt-BR\"},{\"@type\":\"Organization\",\"@id\":\"https:\\\/\\\/msconectado.com.br\\\/#organization\",\"name\":\"MsConectado\",\"url\":\"https:\\\/\\\/msconectado.com.br\\\/\",\"logo\":{\"@type\":\"ImageObject\",\"inLanguage\":\"pt-BR\",\"@id\":\"https:\\\/\\\/msconectado.com.br\\\/#\\\/schema\\\/logo\\\/image\\\/\",\"url\":\"https:\\\/\\\/msconectado.com.br\\\/wp-content\\\/uploads\\\/2023\\\/01\\\/cropped-noticia-2.png\",\"contentUrl\":\"https:\\\/\\\/msconectado.com.br\\\/wp-content\\\/uploads\\\/2023\\\/01\\\/cropped-noticia-2.png\",\"width\":720,\"height\":157,\"caption\":\"MsConectado\"},\"image\":{\"@id\":\"https:\\\/\\\/msconectado.com.br\\\/#\\\/schema\\\/logo\\\/image\\\/\"}},{\"@type\":\"Person\",\"@id\":\"https:\\\/\\\/msconectado.com.br\\\/#\\\/schema\\\/person\\\/e5585545b5687092f1041d350b6e2c16\",\"name\":\"MsConectado\",\"image\":{\"@type\":\"ImageObject\",\"inLanguage\":\"pt-BR\",\"@id\":\"https:\\\/\\\/secure.gravatar.com\\\/avatar\\\/3b4f84a0a8a4380ac4431fa79981d073692380c5da00ae97596e794ab0db5c8c?s=96&d=mm&r=g\",\"url\":\"https:\\\/\\\/secure.gravatar.com\\\/avatar\\\/3b4f84a0a8a4380ac4431fa79981d073692380c5da00ae97596e794ab0db5c8c?s=96&d=mm&r=g\",\"contentUrl\":\"https:\\\/\\\/secure.gravatar.com\\\/avatar\\\/3b4f84a0a8a4380ac4431fa79981d073692380c5da00ae97596e794ab0db5c8c?s=96&d=mm&r=g\",\"caption\":\"MsConectado\"},\"url\":\"https:\\\/\\\/msconectado.com.br\\\/?author=2\"}]}<\/script>\n<!-- \/ Yoast SEO plugin. -->","yoast_head_json":{"title":"Eduardo Riedel nomeia secret\u00e1rios adjuntos e presidentes de departamento, ag\u00eancias, instituto e funda\u00e7\u00f5es - MsConectado","robots":{"index":"index","follow":"follow","max-snippet":"max-snippet:-1","max-image-preview":"max-image-preview:large","max-video-preview":"max-video-preview:-1"},"canonical":"https:\/\/msconectado.com.br\/?p=16955","og_locale":"pt_BR","og_type":"article","og_title":"Eduardo Riedel nomeia secret\u00e1rios adjuntos e presidentes de departamento, ag\u00eancias, instituto e funda\u00e7\u00f5es - MsConectado","og_description":"Em uma edi\u00e7\u00e3o extraordin\u00e1ria do Di\u00e1rio Oficial do Estado no fim da tarde de segunda-feira (2), o governador Eduardo Riedel nomeou dirigentes do 2\u00ba escal\u00e3o da administra\u00e7\u00e3o, al\u00e9m de secret\u00e1rios adjuntos. De acordo com a publica\u00e7\u00e3o, Marco Aurelio Santullo ser\u00e1 o diretor-presidente da Funtrab (Funda\u00e7\u00e3o do Trabalho de Mato Grosso do Sul), Rudel Esp\u00edndola Trindade [&hellip;]","og_url":"https:\/\/msconectado.com.br\/?p=16955","og_site_name":"MsConectado","article_published_time":"2023-01-12T13:48:40+00:00","article_modified_time":"2023-01-13T12:35:05+00:00","og_image":[{"width":1000,"height":600,"url":"https:\/\/msconectado.com.br\/wp-content\/uploads\/2023\/01\/40.jpg","type":"image\/jpeg"}],"author":"MsConectado","twitter_card":"summary_large_image","twitter_misc":{"Escrito por":"MsConectado","Est. tempo de leitura":"2 minutos"},"schema":{"@context":"https:\/\/schema.org","@graph":[{"@type":"Article","@id":"https:\/\/msconectado.com.br\/?p=16955#article","isPartOf":{"@id":"https:\/\/msconectado.com.br\/?p=16955"},"author":{"name":"MsConectado","@id":"https:\/\/msconectado.com.br\/#\/schema\/person\/e5585545b5687092f1041d350b6e2c16"},"headline":"Eduardo Riedel nomeia secret\u00e1rios adjuntos e presidentes de departamento, ag\u00eancias, instituto e funda\u00e7\u00f5es","datePublished":"2023-01-12T13:48:40+00:00","dateModified":"2023-01-13T12:35:05+00:00","mainEntityOfPage":{"@id":"https:\/\/msconectado.com.br\/?p=16955"},"wordCount":361,"commentCount":0,"publisher":{"@id":"https:\/\/msconectado.com.br\/#organization"},"image":{"@id":"https:\/\/msconectado.com.br\/?p=16955#primaryimage"},"thumbnailUrl":"https:\/\/msconectado.com.br\/wp-content\/uploads\/2023\/01\/40.jpg","articleSection":["Cidades","Eventos","Pol\u00edtica"],"inLanguage":"pt-BR","potentialAction":[{"@type":"CommentAction","name":"Comment","target":["https:\/\/msconectado.com.br\/?p=16955#respond"]}]},{"@type":"WebPage","@id":"https:\/\/msconectado.com.br\/?p=16955","url":"https:\/\/msconectado.com.br\/?p=16955","name":"Eduardo Riedel nomeia secret\u00e1rios adjuntos e presidentes de departamento, ag\u00eancias, instituto e funda\u00e7\u00f5es - MsConectado","isPartOf":{"@id":"https:\/\/msconectado.com.br\/#website"},"primaryImageOfPage":{"@id":"https:\/\/msconectado.com.br\/?p=16955#primaryimage"},"image":{"@id":"https:\/\/msconectado.com.br\/?p=16955#primaryimage"},"thumbnailUrl":"https:\/\/msconectado.com.br\/wp-content\/uploads\/2023\/01\/40.jpg","datePublished":"2023-01-12T13:48:40+00:00","dateModified":"2023-01-13T12:35:05+00:00","breadcrumb":{"@id":"https:\/\/msconectado.com.br\/?p=16955#breadcrumb"},"inLanguage":"pt-BR","potentialAction":[{"@type":"ReadAction","target":["https:\/\/msconectado.com.br\/?p=16955"]}]},{"@type":"ImageObject","inLanguage":"pt-BR","@id":"https:\/\/msconectado.com.br\/?p=16955#primaryimage","url":"https:\/\/msconectado.com.br\/wp-content\/uploads\/2023\/01\/40.jpg","contentUrl":"https:\/\/msconectado.com.br\/wp-content\/uploads\/2023\/01\/40.jpg","width":1000,"height":600},{"@type":"BreadcrumbList","@id":"https:\/\/msconectado.com.br\/?p=16955#breadcrumb","itemListElement":[{"@type":"ListItem","position":1,"name":"In\u00edcio","item":"https:\/\/msconectado.com.br\/?page_id=105"},{"@type":"ListItem","position":2,"name":"Eduardo Riedel nomeia secret\u00e1rios adjuntos e presidentes de departamento, ag\u00eancias, instituto e funda\u00e7\u00f5es"}]},{"@type":"WebSite","@id":"https:\/\/msconectado.com.br\/#website","url":"https:\/\/msconectado.com.br\/","name":"MsConectado","description":"Voc\u00ea Conectado com a Not\u00edcia!","publisher":{"@id":"https:\/\/msconectado.com.br\/#organization"},"potentialAction":[{"@type":"SearchAction","target":{"@type":"EntryPoint","urlTemplate":"https:\/\/msconectado.com.br\/?s={search_term_string}"},"query-input":{"@type":"PropertyValueSpecification","valueRequired":true,"valueName":"search_term_string"}}],"inLanguage":"pt-BR"},{"@type":"Organization","@id":"https:\/\/msconectado.com.br\/#organization","name":"MsConectado","url":"https:\/\/msconectado.com.br\/","logo":{"@type":"ImageObject","inLanguage":"pt-BR","@id":"https:\/\/msconectado.com.br\/#\/schema\/logo\/image\/","url":"https:\/\/msconectado.com.br\/wp-content\/uploads\/2023\/01\/cropped-noticia-2.png","contentUrl":"https:\/\/msconectado.com.br\/wp-content\/uploads\/2023\/01\/cropped-noticia-2.png","width":720,"height":157,"caption":"MsConectado"},"image":{"@id":"https:\/\/msconectado.com.br\/#\/schema\/logo\/image\/"}},{"@type":"Person","@id":"https:\/\/msconectado.com.br\/#\/schema\/person\/e5585545b5687092f1041d350b6e2c16","name":"MsConectado","image":{"@type":"ImageObject","inLanguage":"pt-BR","@id":"https:\/\/secure.gravatar.com\/avatar\/3b4f84a0a8a4380ac4431fa79981d073692380c5da00ae97596e794ab0db5c8c?s=96&d=mm&r=g","url":"https:\/\/secure.gravatar.com\/avatar\/3b4f84a0a8a4380ac4431fa79981d073692380c5da00ae97596e794ab0db5c8c?s=96&d=mm&r=g","contentUrl":"https:\/\/secure.gravatar.com\/avatar\/3b4f84a0a8a4380ac4431fa79981d073692380c5da00ae97596e794ab0db5c8c?s=96&d=mm&r=g","caption":"MsConectado"},"url":"https:\/\/msconectado.com.br\/?author=2"}]}},"_links":{"self":[{"href":"https:\/\/msconectado.com.br\/index.php?rest_route=\/wp\/v2\/posts\/16955","targetHints":{"allow":["GET"]}}],"collection":[{"href":"https:\/\/msconectado.com.br\/index.php?rest_route=\/wp\/v2\/posts"}],"about":[{"href":"https:\/\/msconectado.com.br\/index.php?rest_route=\/wp\/v2\/types\/post"}],"author":[{"embeddable":true,"href":"https:\/\/msconectado.com.br\/index.php?rest_route=\/wp\/v2\/users\/2"}],"replies":[{"embeddable":true,"href":"https:\/\/msconectado.com.br\/index.php?rest_route=%2Fwp%2Fv2%2Fcomments&post=16955"}],"version-history":[{"count":2,"href":"https:\/\/msconectado.com.br\/index.php?rest_route=\/wp\/v2\/posts\/16955\/revisions"}],"predecessor-version":[{"id":17363,"href":"https:\/\/msconectado.com.br\/index.php?rest_route=\/wp\/v2\/posts\/16955\/revisions\/17363"}],"wp:featuredmedia":[{"embeddable":true,"href":"https:\/\/msconectado.com.br\/index.php?rest_route=\/wp\/v2\/media\/16956"}],"wp:attachment":[{"href":"https:\/\/msconectado.com.br\/index.php?rest_route=%2Fwp%2Fv2%2Fmedia&parent=16955"}],"wp:term":[{"taxonomy":"category","embeddable":true,"href":"https:\/\/msconectado.com.br\/index.php?rest_route=%2Fwp%2Fv2%2Fcategories&post=16955"},{"taxonomy":"post_tag","embeddable":true,"href":"https:\/\/msconectado.com.br\/index.php?rest_route=%2Fwp%2Fv2%2Ftags&post=16955"}],"curies":[{"name":"wp","href":"https:\/\/api.w.org\/{rel}","templated":true}]}}