
{"id":16983,"date":"2023-01-12T14:18:45","date_gmt":"2023-01-12T14:18:45","guid":{"rendered":"https:\/\/teste.msconectado.com.br\/?p=16983"},"modified":"2023-01-13T12:30:36","modified_gmt":"2023-01-13T12:30:36","slug":"agricultores-familiares-de-ms-comercializaram-24-mil-toneladas-de-hortifrutis-na-ceasa-em-2022","status":"publish","type":"post","link":"https:\/\/msconectado.com.br\/?p=16983","title":{"rendered":"Agricultores familiares de MS comercializaram 2,4 mil toneladas de hortifr\u00fatis na Ceasa em 2022"},"content":{"rendered":"\n<h4 class=\"wp-block-heading\">O Centro de Comercializa\u00e7\u00e3o da Agricultura Familiar (Cecaf), pavilh\u00e3o localizado na Centrais de Abastecimento de Mato Grosso do Sul (Ceasa), comercializou aproximadamente 2,4 mil toneladas de alimentos produzidos por agricultores familiares de Mato Grosso do Sul.<\/h4>\n\n\n\n<h4 class=\"wp-block-heading\">De acordo com a Agraer (Ag\u00eancia de Desenvolvimento Agr\u00e1rio e Extens\u00e3o Rural), \u00f3rg\u00e3o vinculado \u00e0 Semadesc (Secretaria de Meio Ambiente, Desenvolvimento, Ci\u00eancia, Tecnologia e Inova\u00e7\u00e3o), os principais itens comercializados no Cecaf foram: ab\u00f3bora (80%), alface (50%), mandioca (45%), banana (35%), couve (30%), quiabo (29%), jil\u00f3 (25%), cebolinha (23%), pepino (20%), lim\u00e3o (18%), agri\u00e3o (15%), rabanete (15%) e maxixe (12%).<\/h4>\n\n\n\n<h4 class=\"wp-block-heading\">De acordo com a gerente de desenvolvimento agr\u00e1rio da Agraer, Izabel Cristina Pereira, as vendas t\u00eam aumentado gradativamente nos \u00faltimos anos, resultado dos investimentos em infraestrutura para acomodar exclusivamente os agricultores familiares no local. \u201cAtualmente n\u00f3s temos 50 produtores e duas cooperativas &#8211; Cooperativa Agr\u00edcola Mista de Pecu\u00e1ria Leiteira e de Corte e da Agricultura Familiar (Cooplaf) e Cooperativa Mista dos Produtores de Leite de Jaraguari e Regi\u00e3o (Comproja) \u2013 comercializando sua produ\u00e7\u00e3o no Cecaf\u201d.<\/h4>\n\n\n\n<h4 class=\"wp-block-heading\">O espa\u00e7o tem sido mais utilizado por produtores pr\u00f3ximos da capital, das cidades de Sidrol\u00e2ndia, Nova Alvorada do Sul, Jaraguari, Terenos, Campo Grande, Rochedo, Ribas do Rio Pardo e Dois Irm\u00e3os do Buriti.<\/h4>\n\n\n\n<h4 class=\"wp-block-heading\">\u201cO Cecaf oferece toda infraestrutura para acomoda\u00e7\u00e3o e comercializa\u00e7\u00e3o da produ\u00e7\u00e3o da agricultora familiar e pode ser utilizado por produtores individuais ou organizados em associa\u00e7\u00f5es e cooperativas cadastradas nas unidades locais da Agraer\u201d, frisou Izabel.<\/h4>\n\n\n\n<h4 class=\"wp-block-heading\">Para se cadastrar \u00e9 necess\u00e1rio entrar em contato com o escrit\u00f3rio da Agraer mais pr\u00f3ximo.<\/h4>\n\n\n\n<h4 class=\"wp-block-heading\"><strong><a href=\"https:\/\/www.agraer.ms.gov.br\/agencias\/\">Clique aqui e acesse os telefones dos escrit\u00f3rios da Agraer<\/a>.<\/strong><\/h4>\n\n\n\n<h4 class=\"wp-block-heading\"><em>Texto: Fl\u00e1dima Christofari, Assessoria de Comunica\u00e7\u00e3o da Agraer<\/em><\/h4>\n\n\n\n<h4 class=\"wp-block-heading\"><em>Foto: Neia Maceno\/arquivo<\/em><\/h4>\n\n\n<div class=\"wp-block-image\">\n<figure class=\"aligncenter\"><img decoding=\"async\" src=\"https:\/\/i.imgur.com\/R31xFca.jpg\" alt=\"\"\/><\/figure>\n<\/div>\n\n<div class=\"wp-block-image\">\n<figure class=\"aligncenter\"><img decoding=\"async\" src=\"https:\/\/i.imgur.com\/i7OXWMV.png\" alt=\"\"\/><\/figure>\n<\/div>\n\n<div class=\"wp-block-image\">\n<figure class=\"aligncenter\"><img decoding=\"async\" src=\"https:\/\/i.imgur.com\/MRhIHyG.png\" alt=\"\"\/><\/figure>\n<\/div>\n\n\n<h4 class=\"wp-block-heading\">Acesse nossa p\u00e1gina no Facebook e fique por dentro dos destaques de Maracaju e regi\u00e3o.<br><a href=\"https:\/\/www.facebook.com\/MsConectado\/?__tn__=K-R&amp;eid=ARAhfp4e5aWbNVoyptzGrm4obmySmRA_YR3QE4VTRX5QMShFsdcdIz5Iq0b_MWIy7I4QmNXz6k8IoNle&amp;fref=mentions&amp;__xts__%5B0%5D=68.ARAioa_i2DB8DORiDt4nCzBX7dvRVCRXhE8omKRc8oaCnvkbB62J-ntBfEZirzPivEkJx1lDCVwLAcPtZ0yMQNLkCNTlcJQPj0xK6BaGWaOsY1faLudkMNiJdevECtsRmxRf4pPywtr6Ph-QfFtADqGObU6JSKIHeG-MeeDX4kDKXlTFIUBRK4hO5nTzRrhcr3MX5cg5M1qoQKrs0FAyJEjbCy_O8F2Huq0AcJWiZlkD8u8XSf0QlsVlsI8LptFuIqgBS8GhVTw0O9tDGx11ebCRNoaUxQIYsP4qWoTURB3au7pBOcC3DfEQdk--ypqG-M2wCG5kVpCnL3qr9XO0E0f23b1xxxMz0V4PiQ\">https:\/\/www.facebook.com\/MsConectado\/<\/a><\/h4>\n","protected":false},"excerpt":{"rendered":"<p>O Centro de Comercializa\u00e7\u00e3o da Agricultura Familiar (Cecaf), pavilh\u00e3o localizado na Centrais de Abastecimento de Mato Grosso do Sul (Ceasa), comercializou aproximadamente 2,4 mil toneladas de alimentos produzidos por agricultores familiares de Mato Grosso do Sul. De acordo com a Agraer (Ag\u00eancia de Desenvolvimento Agr\u00e1rio e Extens\u00e3o Rural), \u00f3rg\u00e3o vinculado \u00e0 Semadesc (Secretaria de Meio [&hellip;]<\/p>\n","protected":false},"author":2,"featured_media":16984,"comment_status":"open","ping_status":"closed","sticky":false,"template":"","format":"standard","meta":{"footnotes":""},"categories":[35,34],"tags":[],"class_list":["post-16983","post","type-post","status-publish","format-standard","has-post-thumbnail","hentry","category-cidades","category-comercio"],"yoast_head":"<!-- This site is optimized with the Yoast SEO plugin v27.5 - https:\/\/yoast.com\/product\/yoast-seo-wordpress\/ -->\n<title>Agricultores familiares de MS comercializaram 2,4 mil toneladas de hortifr\u00fatis na Ceasa em 2022 - MsConectado<\/title>\n<meta name=\"robots\" content=\"index, follow, max-snippet:-1, max-image-preview:large, max-video-preview:-1\" \/>\n<link rel=\"canonical\" href=\"https:\/\/msconectado.com.br\/?p=16983\" \/>\n<meta property=\"og:locale\" content=\"pt_BR\" \/>\n<meta property=\"og:type\" content=\"article\" \/>\n<meta property=\"og:title\" content=\"Agricultores familiares de MS comercializaram 2,4 mil toneladas de hortifr\u00fatis na Ceasa em 2022 - MsConectado\" \/>\n<meta property=\"og:description\" content=\"O Centro de Comercializa\u00e7\u00e3o da Agricultura Familiar (Cecaf), pavilh\u00e3o localizado na Centrais de Abastecimento de Mato Grosso do Sul (Ceasa), comercializou aproximadamente 2,4 mil toneladas de alimentos produzidos por agricultores familiares de Mato Grosso do Sul. De acordo com a Agraer (Ag\u00eancia de Desenvolvimento Agr\u00e1rio e Extens\u00e3o Rural), \u00f3rg\u00e3o vinculado \u00e0 Semadesc (Secretaria de Meio [&hellip;]\" \/>\n<meta property=\"og:url\" content=\"https:\/\/msconectado.com.br\/?p=16983\" \/>\n<meta property=\"og:site_name\" content=\"MsConectado\" \/>\n<meta property=\"article:published_time\" content=\"2023-01-12T14:18:45+00:00\" \/>\n<meta property=\"article:modified_time\" content=\"2023-01-13T12:30:36+00:00\" \/>\n<meta property=\"og:image\" content=\"https:\/\/msconectado.com.br\/wp-content\/uploads\/2023\/01\/33.jpg\" \/>\n\t<meta property=\"og:image:width\" content=\"730\" \/>\n\t<meta property=\"og:image:height\" content=\"425\" \/>\n\t<meta property=\"og:image:type\" content=\"image\/jpeg\" \/>\n<meta name=\"author\" content=\"MsConectado\" \/>\n<meta name=\"twitter:card\" content=\"summary_large_image\" \/>\n<meta name=\"twitter:label1\" content=\"Escrito por\" \/>\n\t<meta name=\"twitter:data1\" content=\"MsConectado\" \/>\n\t<meta name=\"twitter:label2\" content=\"Est. tempo de leitura\" \/>\n\t<meta name=\"twitter:data2\" content=\"2 minutos\" \/>\n<script type=\"application\/ld+json\" class=\"yoast-schema-graph\">{\"@context\":\"https:\\\/\\\/schema.org\",\"@graph\":[{\"@type\":\"Article\",\"@id\":\"https:\\\/\\\/msconectado.com.br\\\/?p=16983#article\",\"isPartOf\":{\"@id\":\"https:\\\/\\\/msconectado.com.br\\\/?p=16983\"},\"author\":{\"name\":\"MsConectado\",\"@id\":\"https:\\\/\\\/msconectado.com.br\\\/#\\\/schema\\\/person\\\/e5585545b5687092f1041d350b6e2c16\"},\"headline\":\"Agricultores familiares de MS comercializaram 2,4 mil toneladas de hortifr\u00fatis na Ceasa em 2022\",\"datePublished\":\"2023-01-12T14:18:45+00:00\",\"dateModified\":\"2023-01-13T12:30:36+00:00\",\"mainEntityOfPage\":{\"@id\":\"https:\\\/\\\/msconectado.com.br\\\/?p=16983\"},\"wordCount\":324,\"commentCount\":0,\"publisher\":{\"@id\":\"https:\\\/\\\/msconectado.com.br\\\/#organization\"},\"image\":{\"@id\":\"https:\\\/\\\/msconectado.com.br\\\/?p=16983#primaryimage\"},\"thumbnailUrl\":\"https:\\\/\\\/msconectado.com.br\\\/wp-content\\\/uploads\\\/2023\\\/01\\\/33.jpg\",\"articleSection\":[\"Cidades\",\"Com\u00e9rcio\"],\"inLanguage\":\"pt-BR\",\"potentialAction\":[{\"@type\":\"CommentAction\",\"name\":\"Comment\",\"target\":[\"https:\\\/\\\/msconectado.com.br\\\/?p=16983#respond\"]}]},{\"@type\":\"WebPage\",\"@id\":\"https:\\\/\\\/msconectado.com.br\\\/?p=16983\",\"url\":\"https:\\\/\\\/msconectado.com.br\\\/?p=16983\",\"name\":\"Agricultores familiares de MS comercializaram 2,4 mil toneladas de hortifr\u00fatis na Ceasa em 2022 - MsConectado\",\"isPartOf\":{\"@id\":\"https:\\\/\\\/msconectado.com.br\\\/#website\"},\"primaryImageOfPage\":{\"@id\":\"https:\\\/\\\/msconectado.com.br\\\/?p=16983#primaryimage\"},\"image\":{\"@id\":\"https:\\\/\\\/msconectado.com.br\\\/?p=16983#primaryimage\"},\"thumbnailUrl\":\"https:\\\/\\\/msconectado.com.br\\\/wp-content\\\/uploads\\\/2023\\\/01\\\/33.jpg\",\"datePublished\":\"2023-01-12T14:18:45+00:00\",\"dateModified\":\"2023-01-13T12:30:36+00:00\",\"breadcrumb\":{\"@id\":\"https:\\\/\\\/msconectado.com.br\\\/?p=16983#breadcrumb\"},\"inLanguage\":\"pt-BR\",\"potentialAction\":[{\"@type\":\"ReadAction\",\"target\":[\"https:\\\/\\\/msconectado.com.br\\\/?p=16983\"]}]},{\"@type\":\"ImageObject\",\"inLanguage\":\"pt-BR\",\"@id\":\"https:\\\/\\\/msconectado.com.br\\\/?p=16983#primaryimage\",\"url\":\"https:\\\/\\\/msconectado.com.br\\\/wp-content\\\/uploads\\\/2023\\\/01\\\/33.jpg\",\"contentUrl\":\"https:\\\/\\\/msconectado.com.br\\\/wp-content\\\/uploads\\\/2023\\\/01\\\/33.jpg\",\"width\":730,\"height\":425},{\"@type\":\"BreadcrumbList\",\"@id\":\"https:\\\/\\\/msconectado.com.br\\\/?p=16983#breadcrumb\",\"itemListElement\":[{\"@type\":\"ListItem\",\"position\":1,\"name\":\"In\u00edcio\",\"item\":\"https:\\\/\\\/msconectado.com.br\\\/?page_id=105\"},{\"@type\":\"ListItem\",\"position\":2,\"name\":\"Agricultores familiares de MS comercializaram 2,4 mil toneladas de hortifr\u00fatis na Ceasa em 2022\"}]},{\"@type\":\"WebSite\",\"@id\":\"https:\\\/\\\/msconectado.com.br\\\/#website\",\"url\":\"https:\\\/\\\/msconectado.com.br\\\/\",\"name\":\"MsConectado\",\"description\":\"Voc\u00ea Conectado com a Not\u00edcia!\",\"publisher\":{\"@id\":\"https:\\\/\\\/msconectado.com.br\\\/#organization\"},\"potentialAction\":[{\"@type\":\"SearchAction\",\"target\":{\"@type\":\"EntryPoint\",\"urlTemplate\":\"https:\\\/\\\/msconectado.com.br\\\/?s={search_term_string}\"},\"query-input\":{\"@type\":\"PropertyValueSpecification\",\"valueRequired\":true,\"valueName\":\"search_term_string\"}}],\"inLanguage\":\"pt-BR\"},{\"@type\":\"Organization\",\"@id\":\"https:\\\/\\\/msconectado.com.br\\\/#organization\",\"name\":\"MsConectado\",\"url\":\"https:\\\/\\\/msconectado.com.br\\\/\",\"logo\":{\"@type\":\"ImageObject\",\"inLanguage\":\"pt-BR\",\"@id\":\"https:\\\/\\\/msconectado.com.br\\\/#\\\/schema\\\/logo\\\/image\\\/\",\"url\":\"https:\\\/\\\/msconectado.com.br\\\/wp-content\\\/uploads\\\/2023\\\/01\\\/cropped-noticia-2.png\",\"contentUrl\":\"https:\\\/\\\/msconectado.com.br\\\/wp-content\\\/uploads\\\/2023\\\/01\\\/cropped-noticia-2.png\",\"width\":720,\"height\":157,\"caption\":\"MsConectado\"},\"image\":{\"@id\":\"https:\\\/\\\/msconectado.com.br\\\/#\\\/schema\\\/logo\\\/image\\\/\"}},{\"@type\":\"Person\",\"@id\":\"https:\\\/\\\/msconectado.com.br\\\/#\\\/schema\\\/person\\\/e5585545b5687092f1041d350b6e2c16\",\"name\":\"MsConectado\",\"image\":{\"@type\":\"ImageObject\",\"inLanguage\":\"pt-BR\",\"@id\":\"https:\\\/\\\/secure.gravatar.com\\\/avatar\\\/3b4f84a0a8a4380ac4431fa79981d073692380c5da00ae97596e794ab0db5c8c?s=96&d=mm&r=g\",\"url\":\"https:\\\/\\\/secure.gravatar.com\\\/avatar\\\/3b4f84a0a8a4380ac4431fa79981d073692380c5da00ae97596e794ab0db5c8c?s=96&d=mm&r=g\",\"contentUrl\":\"https:\\\/\\\/secure.gravatar.com\\\/avatar\\\/3b4f84a0a8a4380ac4431fa79981d073692380c5da00ae97596e794ab0db5c8c?s=96&d=mm&r=g\",\"caption\":\"MsConectado\"},\"url\":\"https:\\\/\\\/msconectado.com.br\\\/?author=2\"}]}<\/script>\n<!-- \/ Yoast SEO plugin. -->","yoast_head_json":{"title":"Agricultores familiares de MS comercializaram 2,4 mil toneladas de hortifr\u00fatis na Ceasa em 2022 - MsConectado","robots":{"index":"index","follow":"follow","max-snippet":"max-snippet:-1","max-image-preview":"max-image-preview:large","max-video-preview":"max-video-preview:-1"},"canonical":"https:\/\/msconectado.com.br\/?p=16983","og_locale":"pt_BR","og_type":"article","og_title":"Agricultores familiares de MS comercializaram 2,4 mil toneladas de hortifr\u00fatis na Ceasa em 2022 - MsConectado","og_description":"O Centro de Comercializa\u00e7\u00e3o da Agricultura Familiar (Cecaf), pavilh\u00e3o localizado na Centrais de Abastecimento de Mato Grosso do Sul (Ceasa), comercializou aproximadamente 2,4 mil toneladas de alimentos produzidos por agricultores familiares de Mato Grosso do Sul. De acordo com a Agraer (Ag\u00eancia de Desenvolvimento Agr\u00e1rio e Extens\u00e3o Rural), \u00f3rg\u00e3o vinculado \u00e0 Semadesc (Secretaria de Meio [&hellip;]","og_url":"https:\/\/msconectado.com.br\/?p=16983","og_site_name":"MsConectado","article_published_time":"2023-01-12T14:18:45+00:00","article_modified_time":"2023-01-13T12:30:36+00:00","og_image":[{"width":730,"height":425,"url":"https:\/\/msconectado.com.br\/wp-content\/uploads\/2023\/01\/33.jpg","type":"image\/jpeg"}],"author":"MsConectado","twitter_card":"summary_large_image","twitter_misc":{"Escrito por":"MsConectado","Est. tempo de leitura":"2 minutos"},"schema":{"@context":"https:\/\/schema.org","@graph":[{"@type":"Article","@id":"https:\/\/msconectado.com.br\/?p=16983#article","isPartOf":{"@id":"https:\/\/msconectado.com.br\/?p=16983"},"author":{"name":"MsConectado","@id":"https:\/\/msconectado.com.br\/#\/schema\/person\/e5585545b5687092f1041d350b6e2c16"},"headline":"Agricultores familiares de MS comercializaram 2,4 mil toneladas de hortifr\u00fatis na Ceasa em 2022","datePublished":"2023-01-12T14:18:45+00:00","dateModified":"2023-01-13T12:30:36+00:00","mainEntityOfPage":{"@id":"https:\/\/msconectado.com.br\/?p=16983"},"wordCount":324,"commentCount":0,"publisher":{"@id":"https:\/\/msconectado.com.br\/#organization"},"image":{"@id":"https:\/\/msconectado.com.br\/?p=16983#primaryimage"},"thumbnailUrl":"https:\/\/msconectado.com.br\/wp-content\/uploads\/2023\/01\/33.jpg","articleSection":["Cidades","Com\u00e9rcio"],"inLanguage":"pt-BR","potentialAction":[{"@type":"CommentAction","name":"Comment","target":["https:\/\/msconectado.com.br\/?p=16983#respond"]}]},{"@type":"WebPage","@id":"https:\/\/msconectado.com.br\/?p=16983","url":"https:\/\/msconectado.com.br\/?p=16983","name":"Agricultores familiares de MS comercializaram 2,4 mil toneladas de hortifr\u00fatis na Ceasa em 2022 - MsConectado","isPartOf":{"@id":"https:\/\/msconectado.com.br\/#website"},"primaryImageOfPage":{"@id":"https:\/\/msconectado.com.br\/?p=16983#primaryimage"},"image":{"@id":"https:\/\/msconectado.com.br\/?p=16983#primaryimage"},"thumbnailUrl":"https:\/\/msconectado.com.br\/wp-content\/uploads\/2023\/01\/33.jpg","datePublished":"2023-01-12T14:18:45+00:00","dateModified":"2023-01-13T12:30:36+00:00","breadcrumb":{"@id":"https:\/\/msconectado.com.br\/?p=16983#breadcrumb"},"inLanguage":"pt-BR","potentialAction":[{"@type":"ReadAction","target":["https:\/\/msconectado.com.br\/?p=16983"]}]},{"@type":"ImageObject","inLanguage":"pt-BR","@id":"https:\/\/msconectado.com.br\/?p=16983#primaryimage","url":"https:\/\/msconectado.com.br\/wp-content\/uploads\/2023\/01\/33.jpg","contentUrl":"https:\/\/msconectado.com.br\/wp-content\/uploads\/2023\/01\/33.jpg","width":730,"height":425},{"@type":"BreadcrumbList","@id":"https:\/\/msconectado.com.br\/?p=16983#breadcrumb","itemListElement":[{"@type":"ListItem","position":1,"name":"In\u00edcio","item":"https:\/\/msconectado.com.br\/?page_id=105"},{"@type":"ListItem","position":2,"name":"Agricultores familiares de MS comercializaram 2,4 mil toneladas de hortifr\u00fatis na Ceasa em 2022"}]},{"@type":"WebSite","@id":"https:\/\/msconectado.com.br\/#website","url":"https:\/\/msconectado.com.br\/","name":"MsConectado","description":"Voc\u00ea Conectado com a Not\u00edcia!","publisher":{"@id":"https:\/\/msconectado.com.br\/#organization"},"potentialAction":[{"@type":"SearchAction","target":{"@type":"EntryPoint","urlTemplate":"https:\/\/msconectado.com.br\/?s={search_term_string}"},"query-input":{"@type":"PropertyValueSpecification","valueRequired":true,"valueName":"search_term_string"}}],"inLanguage":"pt-BR"},{"@type":"Organization","@id":"https:\/\/msconectado.com.br\/#organization","name":"MsConectado","url":"https:\/\/msconectado.com.br\/","logo":{"@type":"ImageObject","inLanguage":"pt-BR","@id":"https:\/\/msconectado.com.br\/#\/schema\/logo\/image\/","url":"https:\/\/msconectado.com.br\/wp-content\/uploads\/2023\/01\/cropped-noticia-2.png","contentUrl":"https:\/\/msconectado.com.br\/wp-content\/uploads\/2023\/01\/cropped-noticia-2.png","width":720,"height":157,"caption":"MsConectado"},"image":{"@id":"https:\/\/msconectado.com.br\/#\/schema\/logo\/image\/"}},{"@type":"Person","@id":"https:\/\/msconectado.com.br\/#\/schema\/person\/e5585545b5687092f1041d350b6e2c16","name":"MsConectado","image":{"@type":"ImageObject","inLanguage":"pt-BR","@id":"https:\/\/secure.gravatar.com\/avatar\/3b4f84a0a8a4380ac4431fa79981d073692380c5da00ae97596e794ab0db5c8c?s=96&d=mm&r=g","url":"https:\/\/secure.gravatar.com\/avatar\/3b4f84a0a8a4380ac4431fa79981d073692380c5da00ae97596e794ab0db5c8c?s=96&d=mm&r=g","contentUrl":"https:\/\/secure.gravatar.com\/avatar\/3b4f84a0a8a4380ac4431fa79981d073692380c5da00ae97596e794ab0db5c8c?s=96&d=mm&r=g","caption":"MsConectado"},"url":"https:\/\/msconectado.com.br\/?author=2"}]}},"_links":{"self":[{"href":"https:\/\/msconectado.com.br\/index.php?rest_route=\/wp\/v2\/posts\/16983","targetHints":{"allow":["GET"]}}],"collection":[{"href":"https:\/\/msconectado.com.br\/index.php?rest_route=\/wp\/v2\/posts"}],"about":[{"href":"https:\/\/msconectado.com.br\/index.php?rest_route=\/wp\/v2\/types\/post"}],"author":[{"embeddable":true,"href":"https:\/\/msconectado.com.br\/index.php?rest_route=\/wp\/v2\/users\/2"}],"replies":[{"embeddable":true,"href":"https:\/\/msconectado.com.br\/index.php?rest_route=%2Fwp%2Fv2%2Fcomments&post=16983"}],"version-history":[{"count":2,"href":"https:\/\/msconectado.com.br\/index.php?rest_route=\/wp\/v2\/posts\/16983\/revisions"}],"predecessor-version":[{"id":17352,"href":"https:\/\/msconectado.com.br\/index.php?rest_route=\/wp\/v2\/posts\/16983\/revisions\/17352"}],"wp:featuredmedia":[{"embeddable":true,"href":"https:\/\/msconectado.com.br\/index.php?rest_route=\/wp\/v2\/media\/16984"}],"wp:attachment":[{"href":"https:\/\/msconectado.com.br\/index.php?rest_route=%2Fwp%2Fv2%2Fmedia&parent=16983"}],"wp:term":[{"taxonomy":"category","embeddable":true,"href":"https:\/\/msconectado.com.br\/index.php?rest_route=%2Fwp%2Fv2%2Fcategories&post=16983"},{"taxonomy":"post_tag","embeddable":true,"href":"https:\/\/msconectado.com.br\/index.php?rest_route=%2Fwp%2Fv2%2Ftags&post=16983"}],"curies":[{"name":"wp","href":"https:\/\/api.w.org\/{rel}","templated":true}]}}