
{"id":16992,"date":"2023-01-12T14:21:51","date_gmt":"2023-01-12T14:21:51","guid":{"rendered":"https:\/\/teste.msconectado.com.br\/?p=16992"},"modified":"2023-01-13T12:06:13","modified_gmt":"2023-01-13T12:06:13","slug":"detran-ms-divulga-calendario-anual-de-licenciamento-para-2023","status":"publish","type":"post","link":"https:\/\/msconectado.com.br\/?p=16992","title":{"rendered":"Detran-MS divulga calend\u00e1rio anual de licenciamento para 2023"},"content":{"rendered":"\n<h4 class=\"wp-block-heading\">O Detran-MS (Departamento Estadual de Tr\u00e2nsito de Mato Grosso do Sul), divulga o calend\u00e1rio anual do licenciamento de ve\u00edculos no exerc\u00edcio de 2023 que entra em vigor no pr\u00f3ximo dia 1\u00ba de janeiro.<\/h4>\n\n\n\n<h4 class=\"wp-block-heading\">O Licenciamento \u00e9 basicamente uma autoriza\u00e7\u00e3o para que seu ve\u00edculo possa continuar a trafegar pelas ruas e estradas livremente. \u00c9 um documento de porte obrigat\u00f3rio e deve ser apresentado \u00e0 autoridade de tr\u00e2nsito sempre que solicitado, sob pena de multa e perda de pontos na carteira, caso n\u00e3o esteja portando o documento ou esteja com o licenciamento atrasado.<\/h4>\n\n\n\n<h4 class=\"wp-block-heading\">A data de vencimento varia de acordo com o d\u00edgito final da placa do ve\u00edculo. O licenciamento pode ser pago em qualquer Ag\u00eancia do Departamento ou na rede banc\u00e1ria credenciada: Banco do Brasil, Caixa Econ\u00f4mica Federal, Bradesco, Casas Lot\u00e9ricas e Banco Postal dos Correios e Rede Pague F\u00e1cil.<\/h4>\n\n\n\n<h4 class=\"wp-block-heading\">Infra\u00e7\u00e3o: O motorista flagrado circulando com ve\u00edculo n\u00e3o licenciado comete uma infra\u00e7\u00e3o grav\u00edssima. O art. 230 do C\u00f3digo de Tr\u00e2nsito Brasileiro (CTB) prev\u00ea aplica\u00e7\u00e3o de multa de R$ 293,47. Al\u00e9m disso, a infra\u00e7\u00e3o n\u00e3o est\u00e1 amparada pelo art. 270 do CTB (C\u00f3digo de Tr\u00e2nsito Brasileiro) que da um prazo m\u00e1ximo de 30 dias para que regularize e se apresente a unidade respons\u00e1vel, sendo autuado no mesmo momento.<\/h4>\n\n\n\n<h4 class=\"wp-block-heading\"><strong>Confira a tabela com as datas: Vencimento \u00faltimo dia \u00fatil do m\u00eas&nbsp;<\/strong><\/h4>\n\n\n\n<h4 class=\"wp-block-heading\">PLACA FINAL M\u00caS<\/h4>\n\n\n\n<h4 class=\"wp-block-heading\">1 e 2 &#8211; Abril<br>3 &#8211;&nbsp; &nbsp; &nbsp; &nbsp;Maio<br>4&nbsp; e 5- Junho<br>6 &#8211;&nbsp; &nbsp; &nbsp; Julho<br>7 e 8- Agosto<br>9 &#8211;&nbsp; &nbsp; &nbsp;Setembro<br>0 &#8211;&nbsp; &nbsp; &nbsp;Outubro<\/h4>\n\n\n\n<h4 class=\"wp-block-heading\">Detram \/ MS<\/h4>\n\n\n\n<figure class=\"wp-block-image\"><img decoding=\"async\" src=\"https:\/\/i.imgur.com\/R31xFca.jpg\" alt=\"\"\/><\/figure>\n\n\n\n<figure class=\"wp-block-image\"><img decoding=\"async\" src=\"https:\/\/i.imgur.com\/i7OXWMV.png\" alt=\"\"\/><\/figure>\n\n\n\n<figure class=\"wp-block-image\"><img decoding=\"async\" src=\"https:\/\/i.imgur.com\/MRhIHyG.png\" alt=\"\"\/><\/figure>\n\n\n\n<h4 class=\"wp-block-heading\">Acesse nossa p\u00e1gina no Facebook e fique por dentro dos destaques de Maracaju e regi\u00e3o.<br><a href=\"https:\/\/www.facebook.com\/MsConectado\/?__tn__=K-R&amp;eid=ARAhfp4e5aWbNVoyptzGrm4obmySmRA_YR3QE4VTRX5QMShFsdcdIz5Iq0b_MWIy7I4QmNXz6k8IoNle&amp;fref=mentions&amp;__xts__%5B0%5D=68.ARAioa_i2DB8DORiDt4nCzBX7dvRVCRXhE8omKRc8oaCnvkbB62J-ntBfEZirzPivEkJx1lDCVwLAcPtZ0yMQNLkCNTlcJQPj0xK6BaGWaOsY1faLudkMNiJdevECtsRmxRf4pPywtr6Ph-QfFtADqGObU6JSKIHeG-MeeDX4kDKXlTFIUBRK4hO5nTzRrhcr3MX5cg5M1qoQKrs0FAyJEjbCy_O8F2Huq0AcJWiZlkD8u8XSf0QlsVlsI8LptFuIqgBS8GhVTw0O9tDGx11ebCRNoaUxQIYsP4qWoTURB3au7pBOcC3DfEQdk--ypqG-M2wCG5kVpCnL3qr9XO0E0f23b1xxxMz0V4PiQ\">https:\/\/www.facebook.com\/MsConectado\/<\/a><\/h4>\n","protected":false},"excerpt":{"rendered":"<p>O Detran-MS (Departamento Estadual de Tr\u00e2nsito de Mato Grosso do Sul), divulga o calend\u00e1rio anual do licenciamento de ve\u00edculos no exerc\u00edcio de 2023 que entra em vigor no pr\u00f3ximo dia 1\u00ba de janeiro. O Licenciamento \u00e9 basicamente uma autoriza\u00e7\u00e3o para que seu ve\u00edculo possa continuar a trafegar pelas ruas e estradas livremente. \u00c9 um documento [&hellip;]<\/p>\n","protected":false},"author":2,"featured_media":16993,"comment_status":"open","ping_status":"closed","sticky":false,"template":"","format":"standard","meta":{"footnotes":""},"categories":[35],"tags":[],"class_list":["post-16992","post","type-post","status-publish","format-standard","has-post-thumbnail","hentry","category-cidades"],"yoast_head":"<!-- This site is optimized with the Yoast SEO plugin v27.5 - https:\/\/yoast.com\/product\/yoast-seo-wordpress\/ -->\n<title>Detran-MS divulga calend\u00e1rio anual de licenciamento para 2023 - MsConectado<\/title>\n<meta name=\"robots\" content=\"index, follow, max-snippet:-1, max-image-preview:large, max-video-preview:-1\" \/>\n<link rel=\"canonical\" href=\"https:\/\/msconectado.com.br\/?p=16992\" \/>\n<meta property=\"og:locale\" content=\"pt_BR\" \/>\n<meta property=\"og:type\" content=\"article\" \/>\n<meta property=\"og:title\" content=\"Detran-MS divulga calend\u00e1rio anual de licenciamento para 2023 - MsConectado\" \/>\n<meta property=\"og:description\" content=\"O Detran-MS (Departamento Estadual de Tr\u00e2nsito de Mato Grosso do Sul), divulga o calend\u00e1rio anual do licenciamento de ve\u00edculos no exerc\u00edcio de 2023 que entra em vigor no pr\u00f3ximo dia 1\u00ba de janeiro. O Licenciamento \u00e9 basicamente uma autoriza\u00e7\u00e3o para que seu ve\u00edculo possa continuar a trafegar pelas ruas e estradas livremente. \u00c9 um documento [&hellip;]\" \/>\n<meta property=\"og:url\" content=\"https:\/\/msconectado.com.br\/?p=16992\" \/>\n<meta property=\"og:site_name\" content=\"MsConectado\" \/>\n<meta property=\"article:published_time\" content=\"2023-01-12T14:21:51+00:00\" \/>\n<meta property=\"article:modified_time\" content=\"2023-01-13T12:06:13+00:00\" \/>\n<meta property=\"og:image\" content=\"https:\/\/msconectado.com.br\/wp-content\/uploads\/2023\/01\/31.jpg\" \/>\n\t<meta property=\"og:image:width\" content=\"730\" \/>\n\t<meta property=\"og:image:height\" content=\"425\" \/>\n\t<meta property=\"og:image:type\" content=\"image\/jpeg\" \/>\n<meta name=\"author\" content=\"MsConectado\" \/>\n<meta name=\"twitter:card\" content=\"summary_large_image\" \/>\n<meta name=\"twitter:label1\" content=\"Escrito por\" \/>\n\t<meta name=\"twitter:data1\" content=\"MsConectado\" \/>\n\t<meta name=\"twitter:label2\" content=\"Est. tempo de leitura\" \/>\n\t<meta name=\"twitter:data2\" content=\"2 minutos\" \/>\n<script type=\"application\/ld+json\" class=\"yoast-schema-graph\">{\"@context\":\"https:\\\/\\\/schema.org\",\"@graph\":[{\"@type\":\"Article\",\"@id\":\"https:\\\/\\\/msconectado.com.br\\\/?p=16992#article\",\"isPartOf\":{\"@id\":\"https:\\\/\\\/msconectado.com.br\\\/?p=16992\"},\"author\":{\"name\":\"MsConectado\",\"@id\":\"https:\\\/\\\/msconectado.com.br\\\/#\\\/schema\\\/person\\\/e5585545b5687092f1041d350b6e2c16\"},\"headline\":\"Detran-MS divulga calend\u00e1rio anual de licenciamento para 2023\",\"datePublished\":\"2023-01-12T14:21:51+00:00\",\"dateModified\":\"2023-01-13T12:06:13+00:00\",\"mainEntityOfPage\":{\"@id\":\"https:\\\/\\\/msconectado.com.br\\\/?p=16992\"},\"wordCount\":310,\"commentCount\":0,\"publisher\":{\"@id\":\"https:\\\/\\\/msconectado.com.br\\\/#organization\"},\"image\":{\"@id\":\"https:\\\/\\\/msconectado.com.br\\\/?p=16992#primaryimage\"},\"thumbnailUrl\":\"https:\\\/\\\/msconectado.com.br\\\/wp-content\\\/uploads\\\/2023\\\/01\\\/31.jpg\",\"articleSection\":[\"Cidades\"],\"inLanguage\":\"pt-BR\",\"potentialAction\":[{\"@type\":\"CommentAction\",\"name\":\"Comment\",\"target\":[\"https:\\\/\\\/msconectado.com.br\\\/?p=16992#respond\"]}]},{\"@type\":\"WebPage\",\"@id\":\"https:\\\/\\\/msconectado.com.br\\\/?p=16992\",\"url\":\"https:\\\/\\\/msconectado.com.br\\\/?p=16992\",\"name\":\"Detran-MS divulga calend\u00e1rio anual de licenciamento para 2023 - MsConectado\",\"isPartOf\":{\"@id\":\"https:\\\/\\\/msconectado.com.br\\\/#website\"},\"primaryImageOfPage\":{\"@id\":\"https:\\\/\\\/msconectado.com.br\\\/?p=16992#primaryimage\"},\"image\":{\"@id\":\"https:\\\/\\\/msconectado.com.br\\\/?p=16992#primaryimage\"},\"thumbnailUrl\":\"https:\\\/\\\/msconectado.com.br\\\/wp-content\\\/uploads\\\/2023\\\/01\\\/31.jpg\",\"datePublished\":\"2023-01-12T14:21:51+00:00\",\"dateModified\":\"2023-01-13T12:06:13+00:00\",\"breadcrumb\":{\"@id\":\"https:\\\/\\\/msconectado.com.br\\\/?p=16992#breadcrumb\"},\"inLanguage\":\"pt-BR\",\"potentialAction\":[{\"@type\":\"ReadAction\",\"target\":[\"https:\\\/\\\/msconectado.com.br\\\/?p=16992\"]}]},{\"@type\":\"ImageObject\",\"inLanguage\":\"pt-BR\",\"@id\":\"https:\\\/\\\/msconectado.com.br\\\/?p=16992#primaryimage\",\"url\":\"https:\\\/\\\/msconectado.com.br\\\/wp-content\\\/uploads\\\/2023\\\/01\\\/31.jpg\",\"contentUrl\":\"https:\\\/\\\/msconectado.com.br\\\/wp-content\\\/uploads\\\/2023\\\/01\\\/31.jpg\",\"width\":730,\"height\":425},{\"@type\":\"BreadcrumbList\",\"@id\":\"https:\\\/\\\/msconectado.com.br\\\/?p=16992#breadcrumb\",\"itemListElement\":[{\"@type\":\"ListItem\",\"position\":1,\"name\":\"In\u00edcio\",\"item\":\"https:\\\/\\\/msconectado.com.br\\\/\"},{\"@type\":\"ListItem\",\"position\":2,\"name\":\"Detran-MS divulga calend\u00e1rio anual de licenciamento para 2023\"}]},{\"@type\":\"WebSite\",\"@id\":\"https:\\\/\\\/msconectado.com.br\\\/#website\",\"url\":\"https:\\\/\\\/msconectado.com.br\\\/\",\"name\":\"MsConectado\",\"description\":\"Voc\u00ea Conectado com a Not\u00edcia!\",\"publisher\":{\"@id\":\"https:\\\/\\\/msconectado.com.br\\\/#organization\"},\"potentialAction\":[{\"@type\":\"SearchAction\",\"target\":{\"@type\":\"EntryPoint\",\"urlTemplate\":\"https:\\\/\\\/msconectado.com.br\\\/?s={search_term_string}\"},\"query-input\":{\"@type\":\"PropertyValueSpecification\",\"valueRequired\":true,\"valueName\":\"search_term_string\"}}],\"inLanguage\":\"pt-BR\"},{\"@type\":\"Organization\",\"@id\":\"https:\\\/\\\/msconectado.com.br\\\/#organization\",\"name\":\"MsConectado\",\"url\":\"https:\\\/\\\/msconectado.com.br\\\/\",\"logo\":{\"@type\":\"ImageObject\",\"inLanguage\":\"pt-BR\",\"@id\":\"https:\\\/\\\/msconectado.com.br\\\/#\\\/schema\\\/logo\\\/image\\\/\",\"url\":\"https:\\\/\\\/msconectado.com.br\\\/wp-content\\\/uploads\\\/2023\\\/01\\\/cropped-noticia-2.png\",\"contentUrl\":\"https:\\\/\\\/msconectado.com.br\\\/wp-content\\\/uploads\\\/2023\\\/01\\\/cropped-noticia-2.png\",\"width\":720,\"height\":157,\"caption\":\"MsConectado\"},\"image\":{\"@id\":\"https:\\\/\\\/msconectado.com.br\\\/#\\\/schema\\\/logo\\\/image\\\/\"}},{\"@type\":\"Person\",\"@id\":\"https:\\\/\\\/msconectado.com.br\\\/#\\\/schema\\\/person\\\/e5585545b5687092f1041d350b6e2c16\",\"name\":\"MsConectado\",\"image\":{\"@type\":\"ImageObject\",\"inLanguage\":\"pt-BR\",\"@id\":\"https:\\\/\\\/secure.gravatar.com\\\/avatar\\\/3b4f84a0a8a4380ac4431fa79981d073692380c5da00ae97596e794ab0db5c8c?s=96&d=mm&r=g\",\"url\":\"https:\\\/\\\/secure.gravatar.com\\\/avatar\\\/3b4f84a0a8a4380ac4431fa79981d073692380c5da00ae97596e794ab0db5c8c?s=96&d=mm&r=g\",\"contentUrl\":\"https:\\\/\\\/secure.gravatar.com\\\/avatar\\\/3b4f84a0a8a4380ac4431fa79981d073692380c5da00ae97596e794ab0db5c8c?s=96&d=mm&r=g\",\"caption\":\"MsConectado\"},\"url\":\"https:\\\/\\\/msconectado.com.br\\\/?author=2\"}]}<\/script>\n<!-- \/ Yoast SEO plugin. -->","yoast_head_json":{"title":"Detran-MS divulga calend\u00e1rio anual de licenciamento para 2023 - MsConectado","robots":{"index":"index","follow":"follow","max-snippet":"max-snippet:-1","max-image-preview":"max-image-preview:large","max-video-preview":"max-video-preview:-1"},"canonical":"https:\/\/msconectado.com.br\/?p=16992","og_locale":"pt_BR","og_type":"article","og_title":"Detran-MS divulga calend\u00e1rio anual de licenciamento para 2023 - MsConectado","og_description":"O Detran-MS (Departamento Estadual de Tr\u00e2nsito de Mato Grosso do Sul), divulga o calend\u00e1rio anual do licenciamento de ve\u00edculos no exerc\u00edcio de 2023 que entra em vigor no pr\u00f3ximo dia 1\u00ba de janeiro. O Licenciamento \u00e9 basicamente uma autoriza\u00e7\u00e3o para que seu ve\u00edculo possa continuar a trafegar pelas ruas e estradas livremente. \u00c9 um documento [&hellip;]","og_url":"https:\/\/msconectado.com.br\/?p=16992","og_site_name":"MsConectado","article_published_time":"2023-01-12T14:21:51+00:00","article_modified_time":"2023-01-13T12:06:13+00:00","og_image":[{"width":730,"height":425,"url":"https:\/\/msconectado.com.br\/wp-content\/uploads\/2023\/01\/31.jpg","type":"image\/jpeg"}],"author":"MsConectado","twitter_card":"summary_large_image","twitter_misc":{"Escrito por":"MsConectado","Est. tempo de leitura":"2 minutos"},"schema":{"@context":"https:\/\/schema.org","@graph":[{"@type":"Article","@id":"https:\/\/msconectado.com.br\/?p=16992#article","isPartOf":{"@id":"https:\/\/msconectado.com.br\/?p=16992"},"author":{"name":"MsConectado","@id":"https:\/\/msconectado.com.br\/#\/schema\/person\/e5585545b5687092f1041d350b6e2c16"},"headline":"Detran-MS divulga calend\u00e1rio anual de licenciamento para 2023","datePublished":"2023-01-12T14:21:51+00:00","dateModified":"2023-01-13T12:06:13+00:00","mainEntityOfPage":{"@id":"https:\/\/msconectado.com.br\/?p=16992"},"wordCount":310,"commentCount":0,"publisher":{"@id":"https:\/\/msconectado.com.br\/#organization"},"image":{"@id":"https:\/\/msconectado.com.br\/?p=16992#primaryimage"},"thumbnailUrl":"https:\/\/msconectado.com.br\/wp-content\/uploads\/2023\/01\/31.jpg","articleSection":["Cidades"],"inLanguage":"pt-BR","potentialAction":[{"@type":"CommentAction","name":"Comment","target":["https:\/\/msconectado.com.br\/?p=16992#respond"]}]},{"@type":"WebPage","@id":"https:\/\/msconectado.com.br\/?p=16992","url":"https:\/\/msconectado.com.br\/?p=16992","name":"Detran-MS divulga calend\u00e1rio anual de licenciamento para 2023 - MsConectado","isPartOf":{"@id":"https:\/\/msconectado.com.br\/#website"},"primaryImageOfPage":{"@id":"https:\/\/msconectado.com.br\/?p=16992#primaryimage"},"image":{"@id":"https:\/\/msconectado.com.br\/?p=16992#primaryimage"},"thumbnailUrl":"https:\/\/msconectado.com.br\/wp-content\/uploads\/2023\/01\/31.jpg","datePublished":"2023-01-12T14:21:51+00:00","dateModified":"2023-01-13T12:06:13+00:00","breadcrumb":{"@id":"https:\/\/msconectado.com.br\/?p=16992#breadcrumb"},"inLanguage":"pt-BR","potentialAction":[{"@type":"ReadAction","target":["https:\/\/msconectado.com.br\/?p=16992"]}]},{"@type":"ImageObject","inLanguage":"pt-BR","@id":"https:\/\/msconectado.com.br\/?p=16992#primaryimage","url":"https:\/\/msconectado.com.br\/wp-content\/uploads\/2023\/01\/31.jpg","contentUrl":"https:\/\/msconectado.com.br\/wp-content\/uploads\/2023\/01\/31.jpg","width":730,"height":425},{"@type":"BreadcrumbList","@id":"https:\/\/msconectado.com.br\/?p=16992#breadcrumb","itemListElement":[{"@type":"ListItem","position":1,"name":"In\u00edcio","item":"https:\/\/msconectado.com.br\/"},{"@type":"ListItem","position":2,"name":"Detran-MS divulga calend\u00e1rio anual de licenciamento para 2023"}]},{"@type":"WebSite","@id":"https:\/\/msconectado.com.br\/#website","url":"https:\/\/msconectado.com.br\/","name":"MsConectado","description":"Voc\u00ea Conectado com a Not\u00edcia!","publisher":{"@id":"https:\/\/msconectado.com.br\/#organization"},"potentialAction":[{"@type":"SearchAction","target":{"@type":"EntryPoint","urlTemplate":"https:\/\/msconectado.com.br\/?s={search_term_string}"},"query-input":{"@type":"PropertyValueSpecification","valueRequired":true,"valueName":"search_term_string"}}],"inLanguage":"pt-BR"},{"@type":"Organization","@id":"https:\/\/msconectado.com.br\/#organization","name":"MsConectado","url":"https:\/\/msconectado.com.br\/","logo":{"@type":"ImageObject","inLanguage":"pt-BR","@id":"https:\/\/msconectado.com.br\/#\/schema\/logo\/image\/","url":"https:\/\/msconectado.com.br\/wp-content\/uploads\/2023\/01\/cropped-noticia-2.png","contentUrl":"https:\/\/msconectado.com.br\/wp-content\/uploads\/2023\/01\/cropped-noticia-2.png","width":720,"height":157,"caption":"MsConectado"},"image":{"@id":"https:\/\/msconectado.com.br\/#\/schema\/logo\/image\/"}},{"@type":"Person","@id":"https:\/\/msconectado.com.br\/#\/schema\/person\/e5585545b5687092f1041d350b6e2c16","name":"MsConectado","image":{"@type":"ImageObject","inLanguage":"pt-BR","@id":"https:\/\/secure.gravatar.com\/avatar\/3b4f84a0a8a4380ac4431fa79981d073692380c5da00ae97596e794ab0db5c8c?s=96&d=mm&r=g","url":"https:\/\/secure.gravatar.com\/avatar\/3b4f84a0a8a4380ac4431fa79981d073692380c5da00ae97596e794ab0db5c8c?s=96&d=mm&r=g","contentUrl":"https:\/\/secure.gravatar.com\/avatar\/3b4f84a0a8a4380ac4431fa79981d073692380c5da00ae97596e794ab0db5c8c?s=96&d=mm&r=g","caption":"MsConectado"},"url":"https:\/\/msconectado.com.br\/?author=2"}]}},"_links":{"self":[{"href":"https:\/\/msconectado.com.br\/index.php?rest_route=\/wp\/v2\/posts\/16992","targetHints":{"allow":["GET"]}}],"collection":[{"href":"https:\/\/msconectado.com.br\/index.php?rest_route=\/wp\/v2\/posts"}],"about":[{"href":"https:\/\/msconectado.com.br\/index.php?rest_route=\/wp\/v2\/types\/post"}],"author":[{"embeddable":true,"href":"https:\/\/msconectado.com.br\/index.php?rest_route=\/wp\/v2\/users\/2"}],"replies":[{"embeddable":true,"href":"https:\/\/msconectado.com.br\/index.php?rest_route=%2Fwp%2Fv2%2Fcomments&post=16992"}],"version-history":[{"count":2,"href":"https:\/\/msconectado.com.br\/index.php?rest_route=\/wp\/v2\/posts\/16992\/revisions"}],"predecessor-version":[{"id":17346,"href":"https:\/\/msconectado.com.br\/index.php?rest_route=\/wp\/v2\/posts\/16992\/revisions\/17346"}],"wp:featuredmedia":[{"embeddable":true,"href":"https:\/\/msconectado.com.br\/index.php?rest_route=\/wp\/v2\/media\/16993"}],"wp:attachment":[{"href":"https:\/\/msconectado.com.br\/index.php?rest_route=%2Fwp%2Fv2%2Fmedia&parent=16992"}],"wp:term":[{"taxonomy":"category","embeddable":true,"href":"https:\/\/msconectado.com.br\/index.php?rest_route=%2Fwp%2Fv2%2Fcategories&post=16992"},{"taxonomy":"post_tag","embeddable":true,"href":"https:\/\/msconectado.com.br\/index.php?rest_route=%2Fwp%2Fv2%2Ftags&post=16992"}],"curies":[{"name":"wp","href":"https:\/\/api.w.org\/{rel}","templated":true}]}}