
{"id":17016,"date":"2023-01-12T14:35:53","date_gmt":"2023-01-12T14:35:53","guid":{"rendered":"https:\/\/teste.msconectado.com.br\/?p=17016"},"modified":"2023-01-13T12:01:42","modified_gmt":"2023-01-13T12:01:42","slug":"a-reindustrializacao-e-essencial-para-a-retomada-do-desenvolvimento-sustentavel-diz-alckmin","status":"publish","type":"post","link":"https:\/\/msconectado.com.br\/?p=17016","title":{"rendered":"A reindustrializa\u00e7\u00e3o \u00e9 essencial para a retomada do desenvolvimento sustent\u00e1vel, diz Alckmin"},"content":{"rendered":"\n<h4 class=\"wp-block-heading\">O Ministro ressaltou que o minist\u00e9rio ter\u00e1 como principal miss\u00e3o promover um amplo processo que fortale\u00e7a a cadeia industrial brasileira, al\u00e9m de ampliar as exporta\u00e7\u00f5es do pa\u00eds. &#8211; Foto: Ricardo Stuckert<\/h4>\n\n\n\n<h4 class=\"wp-block-heading\">O vice-presidente da Rep\u00fablica, Geraldo Alckmin, ressaltou nesta quarta-feira (04\/01) que o novo Minist\u00e9rio do Desenvolvimento, Ind\u00fastria, Com\u00e9rcio e Servi\u00e7os ter\u00e1 como principal miss\u00e3o promover um amplo processo que fortale\u00e7a a cadeia industrial brasileira, al\u00e9m de ampliar as exporta\u00e7\u00f5es do pa\u00eds.<\/h4>\n\n\n\n<h4 class=\"wp-block-heading\">\u201cA reindustrializa\u00e7\u00e3o \u00e9 essencial para que possa ser retomado o desenvolvimento sustent\u00e1vel. E que essa retomada ocorra sob o \u00fanico prisma da leg\u00edtima justi\u00e7a: o da justi\u00e7a social\u201d, afirmou o ministro, durante a cerim\u00f4nia de transmiss\u00e3o de cargo, no Pal\u00e1cio do Planalto. A solenidade contou com a presen\u00e7a do presidente Luiz In\u00e1cio Lula da Silva, al\u00e9m de ministros, parlamentares, governadores, embaixadores, representantes de entidades setoriais e de entidades representativas de carreiras p\u00fablicas federais estiveram presentes.<\/h4>\n\n\n\n<h4 class=\"wp-block-heading\">Alckmin destacou que o Brasil deve elaborar com urg\u00eancia uma pol\u00edtica moderna de desenvolvimento industrial e citou a import\u00e2ncia do decreto do presidente Lula que criou o Conselho Nacional do Desenvolvimento Industrial (CNDI), que promover\u00e1 o di\u00e1logo p\u00fablico-privado em mat\u00e9ria de pol\u00edtica industrial.<\/h4>\n\n\n\n<h4 class=\"wp-block-heading\">Alinhado \u00e0s tend\u00eancias globais, Alckmin anunciou que o novo MDIC contar\u00e1 com uma secretaria de economia verde, descarboniza\u00e7\u00e3o e bioind\u00fastria, que trabalhar\u00e1 em parceria com o Minist\u00e9rio do Meio Ambiente. \u201cEssa \u00e9 uma agenda priorit\u00e1ria\u201d, frisou.<\/h4>\n\n\n\n<h4 class=\"wp-block-heading\">Ele tamb\u00e9m adiantou que o minist\u00e9rio incorpora a C\u00e2mara de Com\u00e9rcio Exterior \u00e0 sua estrutura e que ter\u00e1 sob o seu guarda-chuva a ApexBrasil, a Ag\u00eancia Brasileira de Promo\u00e7\u00e3o de Exporta\u00e7\u00f5es e Investimentos. \u201cTrabalharemos com a Apex para o reposicionamento da imagem do Brasil no mundo\u201d, avisou Geraldo Alckmin.<\/h4>\n\n\n\n<h4 class=\"wp-block-heading\"><br><strong>Revers\u00e3o da desindustrializa\u00e7\u00e3o<\/strong><\/h4>\n\n\n\n<h4 class=\"wp-block-heading\">Durante seu discurso, Alckmin apresentou diversos n\u00fameros que demonstram a realidade atual do setor. \u201cA ind\u00fastria \u00e9 essencial. S\u00e3o essenciais os empregos que gera, os tributos que recolhe, a riqueza que distribui. Para cada real produzido pelo setor industrial a economia ganha algo em torno de R? 2,43. O impacto positivo \u00e9 percebido por todos os setores da economia\u201d, declarou.<\/h4>\n\n\n\n<h4 class=\"wp-block-heading\">Ele destacou que \u00e9 urgente que se promova a revers\u00e3o da desindustrializa\u00e7\u00e3o precoce ocorrida no Brasil e citou que apesar de representar apenas 11% do PIB brasileiro, a ind\u00fastria de transforma\u00e7\u00e3o aporta 69% de todo o investimento em pesquisa e desenvolvimento.<\/h4>\n\n\n\n<h4 class=\"wp-block-heading\">\u201cA ind\u00fastria responde por 29,35% da arrecada\u00e7\u00e3o tribut\u00e1ria, ou seja, quase tr\u00eas vezes o seu peso na economia. O Brasil n\u00e3o pode prescindir da ind\u00fastria se tiver ambi\u00e7\u00f5es de alavancar o crescimento econ\u00f4mico e se desenvolver socialmente. Ou o pa\u00eds retoma a agenda do desenvolvimento industrial ou n\u00e3o recuperar\u00e1 um caminho de crescimento sustent\u00e1vel, gerador de empregos e distribuidor de renda\u201d, alertou.<\/h4>\n\n\n\n<h4 class=\"wp-block-heading\">Segundo ele, entre 1980 e 2020, a ind\u00fastria dos Estados Unidos mais do que dobrou de tamanho. A do mundo ficou tr\u00eas vezes maior. A da China cresceu 47 vezes. Enquanto isso, no Brasil o crescimento foi de apenas 20%.<\/h4>\n\n\n\n<h4 class=\"wp-block-heading\">\u201cInfelizmente, a ind\u00fastria de transforma\u00e7\u00e3o tem perdido participa\u00e7\u00e3o no PIB do pa\u00eds, o que prejudica o crescimento econ\u00f4mico e nos imp\u00f5e uma indesejada e cara estagna\u00e7\u00e3o. A ind\u00fastria liderou o crescimento econ\u00f4mico brasileiro durante boa parte do s\u00e9culo XX e at\u00e9 a d\u00e9cada de 1980, quando sua participa\u00e7\u00e3o foi cerca de 20% do PIB. O que se viu nos \u00faltimos anos foi o seu encolhimento, chegando a 11,3% do PIB em 2021\u201d, afirmou o ministro.<\/h4>\n\n\n\n<h4 class=\"wp-block-heading\"><br><strong>Exporta\u00e7\u00f5es<\/strong><\/h4>\n\n\n\n<h4 class=\"wp-block-heading\">Alckmin tamb\u00e9m discorreu sobre o papel do pa\u00eds nas exporta\u00e7\u00f5es. \u201cNossa miss\u00e3o ser\u00e1 resgatar o papel que o Brasil merece ocupar no com\u00e9rcio exterior. Estamos seguros de que uma maior integra\u00e7\u00e3o do com\u00e9rcio exterior brasileiro ao mundo \u00e9 essencial para o fortalecimento da ind\u00fastria e dos servi\u00e7os em nosso pa\u00eds\u201d, afirmou, novamente citando n\u00fameros para contextualizar a realidade brasileira.<\/h4>\n\n\n\n<h4 class=\"wp-block-heading\">\u201cPara a China, por exemplo, que \u00e9 o principal destino das nossas exporta\u00e7\u00f5es, tr\u00eas itens, soja, min\u00e9rio de ferro e petr\u00f3leo, respondem por 75% do total exportado pelo Brasil. O Brasil \u00e9 um grande competidor no com\u00e9rcio internacional de bens agr\u00edcolas. E Isso \u00e9 muito importante. J\u00e1 para as manufaturas, a participa\u00e7\u00e3o brasileira nas vendas globais \u00e9 de apenas 0,5%, sendo o 22\u00b0 maior exportador desses produtos\u201d, afirmou. Ele lembrou na sequ\u00eancia que o com\u00e9rcio mundial de manufaturas \u00e9 quase sete vezes superior em valor ao com\u00e9rcio dos bens agr\u00edcolas.<\/h4>\n\n\n\n<h4 class=\"wp-block-heading\">O novo ministro disse que o MDIC trabalhar\u00e1 alinhado com a Apex Brasil, o Instituto Nacional de Metrologia, Qualidade e Tecnologia (Inmetro), a Ag\u00eancia Brasileira de Desenvolvimento Industrial (IBDI), a Superintend\u00eancia da Zona Franca de Manaus (Suframa), o Instituto Nacional de Propriedade Industrial (INPI), o Servi\u00e7o Brasileiro de Apoio \u00e0s Micro e Pequenas Empresas (Sebrae) e com o Banco Nacional de Desenvolvimento Econ\u00f4mico e Social (BNDES) naquilo que chamou de \u201cgrande e inovador programa de reindustrializa\u00e7\u00e3o, de expans\u00e3o do com\u00e9rcio e de fortalecimento dos servi\u00e7os no Brasil\u201d.<\/h4>\n\n\n\n<h4 class=\"wp-block-heading\"><br><strong>Curr\u00edculo Geraldo Alckmin<\/strong><\/h4>\n\n\n\n<h4 class=\"wp-block-heading\">O vice-presidente e ministro Geraldo Alckmin foi governador de S\u00e3o Paulo por quatro vezes. \u00c9 um dos fundadores do PSDB, mas deixou o partido no final de dezembro de 2021, ap\u00f3s mais de tr\u00eas d\u00e9cadas, para se filiar ao PSB e compor a chapa de Lula \u00e0 Presid\u00eancia da Rep\u00fablica.<\/h4>\n\n\n\n<h4 class=\"wp-block-heading\">Formado em medicina, Alckmin tem 70 anos e ingressou na pol\u00edtica h\u00e1 50 anos. Ao longo dessas d\u00e9cadas, assumiu v\u00e1rios cargos eletivos: foi vereador, prefeito de Pindamonhangaba (SP) &#8211; sua cidade natal &#8211; deputado estadual, deputado federal, vice-governador e governador de S\u00e3o Paulo, sendo a pessoa que mais tempo ficou neste \u00faltimo cargo. Nos anos de 2009 a 2010 foi Secret\u00e1rio de Desenvolvimento Econ\u00f4mico de S\u00e3o Paulo.<\/h4>\n\n\n\n<h4 class=\"wp-block-heading\">Para conferir o \u00e1udio do discurso na \u00edntegra, acesse o&nbsp;<a href=\"https:\/\/s2301.enviosagencia.com\/link.php?code=bDpodHRwcyUzQSUyRiUyRndlLnRsJTJGdC1uQXFSZk1VWmo5OjQ4MDA5NTgxMDptc2NvbmVjdGFkb0BnbWFpbC5jb206M2FkYThkOjM0\" target=\"_blank\" rel=\"noreferrer noopener\">Link<\/a>&nbsp;<br><br><br>&nbsp;<br><em><strong>Secretaria de Comunica\u00e7\u00e3o Social da Presid\u00eancia da Rep\u00fablica<\/strong><\/em><\/h4>\n\n\n\n<figure class=\"wp-block-image\"><img decoding=\"async\" src=\"https:\/\/i.imgur.com\/R31xFca.jpg\" alt=\"\"\/><\/figure>\n\n\n\n<figure class=\"wp-block-image\"><img decoding=\"async\" src=\"https:\/\/i.imgur.com\/i7OXWMV.png\" alt=\"\"\/><\/figure>\n\n\n\n<figure class=\"wp-block-image\"><img decoding=\"async\" src=\"https:\/\/i.imgur.com\/MRhIHyG.png\" alt=\"\"\/><\/figure>\n\n\n\n<h4 class=\"wp-block-heading\">Acesse nossa p\u00e1gina no Facebook e fique por dentro dos destaques de Maracaju e regi\u00e3o.<br><a href=\"https:\/\/www.facebook.com\/MsConectado\/?__tn__=K-R&amp;eid=ARAhfp4e5aWbNVoyptzGrm4obmySmRA_YR3QE4VTRX5QMShFsdcdIz5Iq0b_MWIy7I4QmNXz6k8IoNle&amp;fref=mentions&amp;__xts__%5B0%5D=68.ARAioa_i2DB8DORiDt4nCzBX7dvRVCRXhE8omKRc8oaCnvkbB62J-ntBfEZirzPivEkJx1lDCVwLAcPtZ0yMQNLkCNTlcJQPj0xK6BaGWaOsY1faLudkMNiJdevECtsRmxRf4pPywtr6Ph-QfFtADqGObU6JSKIHeG-MeeDX4kDKXlTFIUBRK4hO5nTzRrhcr3MX5cg5M1qoQKrs0FAyJEjbCy_O8F2Huq0AcJWiZlkD8u8XSf0QlsVlsI8LptFuIqgBS8GhVTw0O9tDGx11ebCRNoaUxQIYsP4qWoTURB3au7pBOcC3DfEQdk--ypqG-M2wCG5kVpCnL3qr9XO0E0f23b1xxxMz0V4PiQ\">https:\/\/www.facebook.com\/MsConectado\/<\/a><\/h4>\n","protected":false},"excerpt":{"rendered":"<p>O Ministro ressaltou que o minist\u00e9rio ter\u00e1 como principal miss\u00e3o promover um amplo processo que fortale\u00e7a a cadeia industrial brasileira, al\u00e9m de ampliar as exporta\u00e7\u00f5es do pa\u00eds. &#8211; Foto: Ricardo Stuckert O vice-presidente da Rep\u00fablica, Geraldo Alckmin, ressaltou nesta quarta-feira (04\/01) que o novo Minist\u00e9rio do Desenvolvimento, Ind\u00fastria, Com\u00e9rcio e Servi\u00e7os ter\u00e1 como principal miss\u00e3o [&hellip;]<\/p>\n","protected":false},"author":2,"featured_media":17019,"comment_status":"open","ping_status":"closed","sticky":false,"template":"","format":"standard","meta":{"footnotes":""},"categories":[33],"tags":[],"class_list":["post-17016","post","type-post","status-publish","format-standard","has-post-thumbnail","hentry","category-politica"],"yoast_head":"<!-- This site is optimized with the Yoast SEO plugin v27.5 - https:\/\/yoast.com\/product\/yoast-seo-wordpress\/ -->\n<title>A reindustrializa\u00e7\u00e3o \u00e9 essencial para a retomada do desenvolvimento sustent\u00e1vel, diz Alckmin - MsConectado<\/title>\n<meta name=\"robots\" content=\"index, follow, max-snippet:-1, max-image-preview:large, max-video-preview:-1\" \/>\n<link rel=\"canonical\" href=\"https:\/\/msconectado.com.br\/?p=17016\" \/>\n<meta property=\"og:locale\" content=\"pt_BR\" \/>\n<meta property=\"og:type\" content=\"article\" \/>\n<meta property=\"og:title\" content=\"A reindustrializa\u00e7\u00e3o \u00e9 essencial para a retomada do desenvolvimento sustent\u00e1vel, diz Alckmin - MsConectado\" \/>\n<meta property=\"og:description\" content=\"O Ministro ressaltou que o minist\u00e9rio ter\u00e1 como principal miss\u00e3o promover um amplo processo que fortale\u00e7a a cadeia industrial brasileira, al\u00e9m de ampliar as exporta\u00e7\u00f5es do pa\u00eds. &#8211; Foto: Ricardo Stuckert O vice-presidente da Rep\u00fablica, Geraldo Alckmin, ressaltou nesta quarta-feira (04\/01) que o novo Minist\u00e9rio do Desenvolvimento, Ind\u00fastria, Com\u00e9rcio e Servi\u00e7os ter\u00e1 como principal miss\u00e3o [&hellip;]\" \/>\n<meta property=\"og:url\" content=\"https:\/\/msconectado.com.br\/?p=17016\" \/>\n<meta property=\"og:site_name\" content=\"MsConectado\" \/>\n<meta property=\"article:published_time\" content=\"2023-01-12T14:35:53+00:00\" \/>\n<meta property=\"article:modified_time\" content=\"2023-01-13T12:01:42+00:00\" \/>\n<meta property=\"og:image\" content=\"https:\/\/msconectado.com.br\/wp-content\/uploads\/2023\/01\/27.jpg\" \/>\n\t<meta property=\"og:image:width\" content=\"768\" \/>\n\t<meta property=\"og:image:height\" content=\"658\" \/>\n\t<meta property=\"og:image:type\" content=\"image\/jpeg\" \/>\n<meta name=\"author\" content=\"MsConectado\" \/>\n<meta name=\"twitter:card\" content=\"summary_large_image\" \/>\n<meta name=\"twitter:label1\" content=\"Escrito por\" \/>\n\t<meta name=\"twitter:data1\" content=\"MsConectado\" \/>\n\t<meta name=\"twitter:label2\" content=\"Est. tempo de leitura\" \/>\n\t<meta name=\"twitter:data2\" content=\"5 minutos\" \/>\n<script type=\"application\/ld+json\" class=\"yoast-schema-graph\">{\"@context\":\"https:\\\/\\\/schema.org\",\"@graph\":[{\"@type\":\"Article\",\"@id\":\"https:\\\/\\\/msconectado.com.br\\\/?p=17016#article\",\"isPartOf\":{\"@id\":\"https:\\\/\\\/msconectado.com.br\\\/?p=17016\"},\"author\":{\"name\":\"MsConectado\",\"@id\":\"https:\\\/\\\/msconectado.com.br\\\/#\\\/schema\\\/person\\\/e5585545b5687092f1041d350b6e2c16\"},\"headline\":\"A reindustrializa\u00e7\u00e3o \u00e9 essencial para a retomada do desenvolvimento sustent\u00e1vel, diz Alckmin\",\"datePublished\":\"2023-01-12T14:35:53+00:00\",\"dateModified\":\"2023-01-13T12:01:42+00:00\",\"mainEntityOfPage\":{\"@id\":\"https:\\\/\\\/msconectado.com.br\\\/?p=17016\"},\"wordCount\":1064,\"commentCount\":0,\"publisher\":{\"@id\":\"https:\\\/\\\/msconectado.com.br\\\/#organization\"},\"image\":{\"@id\":\"https:\\\/\\\/msconectado.com.br\\\/?p=17016#primaryimage\"},\"thumbnailUrl\":\"https:\\\/\\\/msconectado.com.br\\\/wp-content\\\/uploads\\\/2023\\\/01\\\/27.jpg\",\"articleSection\":[\"Pol\u00edtica\"],\"inLanguage\":\"pt-BR\",\"potentialAction\":[{\"@type\":\"CommentAction\",\"name\":\"Comment\",\"target\":[\"https:\\\/\\\/msconectado.com.br\\\/?p=17016#respond\"]}]},{\"@type\":\"WebPage\",\"@id\":\"https:\\\/\\\/msconectado.com.br\\\/?p=17016\",\"url\":\"https:\\\/\\\/msconectado.com.br\\\/?p=17016\",\"name\":\"A reindustrializa\u00e7\u00e3o \u00e9 essencial para a retomada do desenvolvimento sustent\u00e1vel, diz Alckmin - MsConectado\",\"isPartOf\":{\"@id\":\"https:\\\/\\\/msconectado.com.br\\\/#website\"},\"primaryImageOfPage\":{\"@id\":\"https:\\\/\\\/msconectado.com.br\\\/?p=17016#primaryimage\"},\"image\":{\"@id\":\"https:\\\/\\\/msconectado.com.br\\\/?p=17016#primaryimage\"},\"thumbnailUrl\":\"https:\\\/\\\/msconectado.com.br\\\/wp-content\\\/uploads\\\/2023\\\/01\\\/27.jpg\",\"datePublished\":\"2023-01-12T14:35:53+00:00\",\"dateModified\":\"2023-01-13T12:01:42+00:00\",\"breadcrumb\":{\"@id\":\"https:\\\/\\\/msconectado.com.br\\\/?p=17016#breadcrumb\"},\"inLanguage\":\"pt-BR\",\"potentialAction\":[{\"@type\":\"ReadAction\",\"target\":[\"https:\\\/\\\/msconectado.com.br\\\/?p=17016\"]}]},{\"@type\":\"ImageObject\",\"inLanguage\":\"pt-BR\",\"@id\":\"https:\\\/\\\/msconectado.com.br\\\/?p=17016#primaryimage\",\"url\":\"https:\\\/\\\/msconectado.com.br\\\/wp-content\\\/uploads\\\/2023\\\/01\\\/27.jpg\",\"contentUrl\":\"https:\\\/\\\/msconectado.com.br\\\/wp-content\\\/uploads\\\/2023\\\/01\\\/27.jpg\",\"width\":768,\"height\":658},{\"@type\":\"BreadcrumbList\",\"@id\":\"https:\\\/\\\/msconectado.com.br\\\/?p=17016#breadcrumb\",\"itemListElement\":[{\"@type\":\"ListItem\",\"position\":1,\"name\":\"In\u00edcio\",\"item\":\"https:\\\/\\\/msconectado.com.br\\\/?page_id=105\"},{\"@type\":\"ListItem\",\"position\":2,\"name\":\"A reindustrializa\u00e7\u00e3o \u00e9 essencial para a retomada do desenvolvimento sustent\u00e1vel, diz Alckmin\"}]},{\"@type\":\"WebSite\",\"@id\":\"https:\\\/\\\/msconectado.com.br\\\/#website\",\"url\":\"https:\\\/\\\/msconectado.com.br\\\/\",\"name\":\"MsConectado\",\"description\":\"Voc\u00ea Conectado com a Not\u00edcia!\",\"publisher\":{\"@id\":\"https:\\\/\\\/msconectado.com.br\\\/#organization\"},\"potentialAction\":[{\"@type\":\"SearchAction\",\"target\":{\"@type\":\"EntryPoint\",\"urlTemplate\":\"https:\\\/\\\/msconectado.com.br\\\/?s={search_term_string}\"},\"query-input\":{\"@type\":\"PropertyValueSpecification\",\"valueRequired\":true,\"valueName\":\"search_term_string\"}}],\"inLanguage\":\"pt-BR\"},{\"@type\":\"Organization\",\"@id\":\"https:\\\/\\\/msconectado.com.br\\\/#organization\",\"name\":\"MsConectado\",\"url\":\"https:\\\/\\\/msconectado.com.br\\\/\",\"logo\":{\"@type\":\"ImageObject\",\"inLanguage\":\"pt-BR\",\"@id\":\"https:\\\/\\\/msconectado.com.br\\\/#\\\/schema\\\/logo\\\/image\\\/\",\"url\":\"https:\\\/\\\/msconectado.com.br\\\/wp-content\\\/uploads\\\/2023\\\/01\\\/cropped-noticia-2.png\",\"contentUrl\":\"https:\\\/\\\/msconectado.com.br\\\/wp-content\\\/uploads\\\/2023\\\/01\\\/cropped-noticia-2.png\",\"width\":720,\"height\":157,\"caption\":\"MsConectado\"},\"image\":{\"@id\":\"https:\\\/\\\/msconectado.com.br\\\/#\\\/schema\\\/logo\\\/image\\\/\"}},{\"@type\":\"Person\",\"@id\":\"https:\\\/\\\/msconectado.com.br\\\/#\\\/schema\\\/person\\\/e5585545b5687092f1041d350b6e2c16\",\"name\":\"MsConectado\",\"image\":{\"@type\":\"ImageObject\",\"inLanguage\":\"pt-BR\",\"@id\":\"https:\\\/\\\/secure.gravatar.com\\\/avatar\\\/3b4f84a0a8a4380ac4431fa79981d073692380c5da00ae97596e794ab0db5c8c?s=96&d=mm&r=g\",\"url\":\"https:\\\/\\\/secure.gravatar.com\\\/avatar\\\/3b4f84a0a8a4380ac4431fa79981d073692380c5da00ae97596e794ab0db5c8c?s=96&d=mm&r=g\",\"contentUrl\":\"https:\\\/\\\/secure.gravatar.com\\\/avatar\\\/3b4f84a0a8a4380ac4431fa79981d073692380c5da00ae97596e794ab0db5c8c?s=96&d=mm&r=g\",\"caption\":\"MsConectado\"},\"url\":\"https:\\\/\\\/msconectado.com.br\\\/?author=2\"}]}<\/script>\n<!-- \/ Yoast SEO plugin. -->","yoast_head_json":{"title":"A reindustrializa\u00e7\u00e3o \u00e9 essencial para a retomada do desenvolvimento sustent\u00e1vel, diz Alckmin - MsConectado","robots":{"index":"index","follow":"follow","max-snippet":"max-snippet:-1","max-image-preview":"max-image-preview:large","max-video-preview":"max-video-preview:-1"},"canonical":"https:\/\/msconectado.com.br\/?p=17016","og_locale":"pt_BR","og_type":"article","og_title":"A reindustrializa\u00e7\u00e3o \u00e9 essencial para a retomada do desenvolvimento sustent\u00e1vel, diz Alckmin - MsConectado","og_description":"O Ministro ressaltou que o minist\u00e9rio ter\u00e1 como principal miss\u00e3o promover um amplo processo que fortale\u00e7a a cadeia industrial brasileira, al\u00e9m de ampliar as exporta\u00e7\u00f5es do pa\u00eds. &#8211; Foto: Ricardo Stuckert O vice-presidente da Rep\u00fablica, Geraldo Alckmin, ressaltou nesta quarta-feira (04\/01) que o novo Minist\u00e9rio do Desenvolvimento, Ind\u00fastria, Com\u00e9rcio e Servi\u00e7os ter\u00e1 como principal miss\u00e3o [&hellip;]","og_url":"https:\/\/msconectado.com.br\/?p=17016","og_site_name":"MsConectado","article_published_time":"2023-01-12T14:35:53+00:00","article_modified_time":"2023-01-13T12:01:42+00:00","og_image":[{"width":768,"height":658,"url":"https:\/\/msconectado.com.br\/wp-content\/uploads\/2023\/01\/27.jpg","type":"image\/jpeg"}],"author":"MsConectado","twitter_card":"summary_large_image","twitter_misc":{"Escrito por":"MsConectado","Est. tempo de leitura":"5 minutos"},"schema":{"@context":"https:\/\/schema.org","@graph":[{"@type":"Article","@id":"https:\/\/msconectado.com.br\/?p=17016#article","isPartOf":{"@id":"https:\/\/msconectado.com.br\/?p=17016"},"author":{"name":"MsConectado","@id":"https:\/\/msconectado.com.br\/#\/schema\/person\/e5585545b5687092f1041d350b6e2c16"},"headline":"A reindustrializa\u00e7\u00e3o \u00e9 essencial para a retomada do desenvolvimento sustent\u00e1vel, diz Alckmin","datePublished":"2023-01-12T14:35:53+00:00","dateModified":"2023-01-13T12:01:42+00:00","mainEntityOfPage":{"@id":"https:\/\/msconectado.com.br\/?p=17016"},"wordCount":1064,"commentCount":0,"publisher":{"@id":"https:\/\/msconectado.com.br\/#organization"},"image":{"@id":"https:\/\/msconectado.com.br\/?p=17016#primaryimage"},"thumbnailUrl":"https:\/\/msconectado.com.br\/wp-content\/uploads\/2023\/01\/27.jpg","articleSection":["Pol\u00edtica"],"inLanguage":"pt-BR","potentialAction":[{"@type":"CommentAction","name":"Comment","target":["https:\/\/msconectado.com.br\/?p=17016#respond"]}]},{"@type":"WebPage","@id":"https:\/\/msconectado.com.br\/?p=17016","url":"https:\/\/msconectado.com.br\/?p=17016","name":"A reindustrializa\u00e7\u00e3o \u00e9 essencial para a retomada do desenvolvimento sustent\u00e1vel, diz Alckmin - MsConectado","isPartOf":{"@id":"https:\/\/msconectado.com.br\/#website"},"primaryImageOfPage":{"@id":"https:\/\/msconectado.com.br\/?p=17016#primaryimage"},"image":{"@id":"https:\/\/msconectado.com.br\/?p=17016#primaryimage"},"thumbnailUrl":"https:\/\/msconectado.com.br\/wp-content\/uploads\/2023\/01\/27.jpg","datePublished":"2023-01-12T14:35:53+00:00","dateModified":"2023-01-13T12:01:42+00:00","breadcrumb":{"@id":"https:\/\/msconectado.com.br\/?p=17016#breadcrumb"},"inLanguage":"pt-BR","potentialAction":[{"@type":"ReadAction","target":["https:\/\/msconectado.com.br\/?p=17016"]}]},{"@type":"ImageObject","inLanguage":"pt-BR","@id":"https:\/\/msconectado.com.br\/?p=17016#primaryimage","url":"https:\/\/msconectado.com.br\/wp-content\/uploads\/2023\/01\/27.jpg","contentUrl":"https:\/\/msconectado.com.br\/wp-content\/uploads\/2023\/01\/27.jpg","width":768,"height":658},{"@type":"BreadcrumbList","@id":"https:\/\/msconectado.com.br\/?p=17016#breadcrumb","itemListElement":[{"@type":"ListItem","position":1,"name":"In\u00edcio","item":"https:\/\/msconectado.com.br\/?page_id=105"},{"@type":"ListItem","position":2,"name":"A reindustrializa\u00e7\u00e3o \u00e9 essencial para a retomada do desenvolvimento sustent\u00e1vel, diz Alckmin"}]},{"@type":"WebSite","@id":"https:\/\/msconectado.com.br\/#website","url":"https:\/\/msconectado.com.br\/","name":"MsConectado","description":"Voc\u00ea Conectado com a Not\u00edcia!","publisher":{"@id":"https:\/\/msconectado.com.br\/#organization"},"potentialAction":[{"@type":"SearchAction","target":{"@type":"EntryPoint","urlTemplate":"https:\/\/msconectado.com.br\/?s={search_term_string}"},"query-input":{"@type":"PropertyValueSpecification","valueRequired":true,"valueName":"search_term_string"}}],"inLanguage":"pt-BR"},{"@type":"Organization","@id":"https:\/\/msconectado.com.br\/#organization","name":"MsConectado","url":"https:\/\/msconectado.com.br\/","logo":{"@type":"ImageObject","inLanguage":"pt-BR","@id":"https:\/\/msconectado.com.br\/#\/schema\/logo\/image\/","url":"https:\/\/msconectado.com.br\/wp-content\/uploads\/2023\/01\/cropped-noticia-2.png","contentUrl":"https:\/\/msconectado.com.br\/wp-content\/uploads\/2023\/01\/cropped-noticia-2.png","width":720,"height":157,"caption":"MsConectado"},"image":{"@id":"https:\/\/msconectado.com.br\/#\/schema\/logo\/image\/"}},{"@type":"Person","@id":"https:\/\/msconectado.com.br\/#\/schema\/person\/e5585545b5687092f1041d350b6e2c16","name":"MsConectado","image":{"@type":"ImageObject","inLanguage":"pt-BR","@id":"https:\/\/secure.gravatar.com\/avatar\/3b4f84a0a8a4380ac4431fa79981d073692380c5da00ae97596e794ab0db5c8c?s=96&d=mm&r=g","url":"https:\/\/secure.gravatar.com\/avatar\/3b4f84a0a8a4380ac4431fa79981d073692380c5da00ae97596e794ab0db5c8c?s=96&d=mm&r=g","contentUrl":"https:\/\/secure.gravatar.com\/avatar\/3b4f84a0a8a4380ac4431fa79981d073692380c5da00ae97596e794ab0db5c8c?s=96&d=mm&r=g","caption":"MsConectado"},"url":"https:\/\/msconectado.com.br\/?author=2"}]}},"_links":{"self":[{"href":"https:\/\/msconectado.com.br\/index.php?rest_route=\/wp\/v2\/posts\/17016","targetHints":{"allow":["GET"]}}],"collection":[{"href":"https:\/\/msconectado.com.br\/index.php?rest_route=\/wp\/v2\/posts"}],"about":[{"href":"https:\/\/msconectado.com.br\/index.php?rest_route=\/wp\/v2\/types\/post"}],"author":[{"embeddable":true,"href":"https:\/\/msconectado.com.br\/index.php?rest_route=\/wp\/v2\/users\/2"}],"replies":[{"embeddable":true,"href":"https:\/\/msconectado.com.br\/index.php?rest_route=%2Fwp%2Fv2%2Fcomments&post=17016"}],"version-history":[{"count":2,"href":"https:\/\/msconectado.com.br\/index.php?rest_route=\/wp\/v2\/posts\/17016\/revisions"}],"predecessor-version":[{"id":17342,"href":"https:\/\/msconectado.com.br\/index.php?rest_route=\/wp\/v2\/posts\/17016\/revisions\/17342"}],"wp:featuredmedia":[{"embeddable":true,"href":"https:\/\/msconectado.com.br\/index.php?rest_route=\/wp\/v2\/media\/17019"}],"wp:attachment":[{"href":"https:\/\/msconectado.com.br\/index.php?rest_route=%2Fwp%2Fv2%2Fmedia&parent=17016"}],"wp:term":[{"taxonomy":"category","embeddable":true,"href":"https:\/\/msconectado.com.br\/index.php?rest_route=%2Fwp%2Fv2%2Fcategories&post=17016"},{"taxonomy":"post_tag","embeddable":true,"href":"https:\/\/msconectado.com.br\/index.php?rest_route=%2Fwp%2Fv2%2Ftags&post=17016"}],"curies":[{"name":"wp","href":"https:\/\/api.w.org\/{rel}","templated":true}]}}