
{"id":17022,"date":"2023-01-12T14:38:33","date_gmt":"2023-01-12T14:38:33","guid":{"rendered":"https:\/\/teste.msconectado.com.br\/?p=17022"},"modified":"2023-01-13T12:01:27","modified_gmt":"2023-01-13T12:01:27","slug":"andre-de-paula-defende-a-valorizacao-da-pesca-artesanal-como-gerador-de-emprego-e-renda","status":"publish","type":"post","link":"https:\/\/msconectado.com.br\/?p=17022","title":{"rendered":"Andr\u00e9 de Paula defende a valoriza\u00e7\u00e3o da pesca artesanal como gerador de emprego e renda"},"content":{"rendered":"\n<h4 class=\"wp-block-heading\">O novo ministro da Pesca e Aquicultura, Andr\u00e9 de Paula, defende a retomada de servi\u00e7os como a emiss\u00e3o de licen\u00e7as para embarca\u00e7\u00f5es pesqueiras e a carteira profissional para pescador. \u201cA inefici\u00eancia nessas a\u00e7\u00f5es levou preju\u00edzos econ\u00f4micos e excluiu pescadores e pescadoras artesanais do acesso \u00e0s pol\u00edticas p\u00fablicas\u201d, disse, durante discurso de transmiss\u00e3o de cargo, realizado na ter\u00e7a-feira (03\/01), em Bras\u00edlia (DF).<br>&nbsp;<\/h4>\n\n\n\n<h4 class=\"wp-block-heading\">Segundo ele, o novo minist\u00e9rio sinaliza o apoio ao desenvolvimento mais amplo da pesca artesanal, da aquicultura e da pesca industrial, cujo equil\u00edbrio entre a produ\u00e7\u00e3o de alimentos saud\u00e1veis, a gera\u00e7\u00e3o de renda e trabalho, participa\u00e7\u00e3o e justi\u00e7a socioambiental devem caminhar juntos. \u201c\u00c9 preciso compreender o papel do estado como indutor do desenvolvimento dos setores econ\u00f4micos, mas em sintonia com a inclus\u00e3o das comunidades tradicionalmente exclu\u00eddas. Defendemos a sustentabilidade como vetor das pol\u00edticas p\u00fablicas com participa\u00e7\u00e3o social e o exerc\u00edcio pleno da cidadania\u201d, afirmou.<br>&nbsp;<\/h4>\n\n\n\n<h4 class=\"wp-block-heading\">Pesca e Aquicultura at\u00e9 ano passado era uma secretaria do Minist\u00e9rio da Agricultura, Pecu\u00e1ria e Abastecimento (Mapa) mas, anteriormente, no segundo governo do presidente Lula, foi criado com status ministerial.<br><br>Participaram da cerim\u00f4nia de transmiss\u00e3o de cargo, os ministros da Agricultura e Pecu\u00e1ria, Carlos F\u00e1varo; do Turismo, Daniela Carneiro; da Ci\u00eancia e Tecnologia, Luciana Santos e o ex-ministro da Pesca, Altemir Gregolin, o presidente da Anvisa, Ant\u00f4nio Barra Torres e o l\u00edder do PSD na C\u00e2mara dos Deputados, Ant\u00f4nio Britto, entre outras autoridades e representantes do setor produtivo.<br>&nbsp;<\/h4>\n\n\n\n<h4 class=\"wp-block-heading\"><strong>Responsabilidade<\/strong><br>&nbsp;<\/h4>\n\n\n\n<h4 class=\"wp-block-heading\">Andr\u00e9 de Paula disse que que \u00e9 \u201cuma responsabilidade \u00e9 muito grande\u201d a miss\u00e3o que recebeu do presidente Luiz In\u00e1cio Lula da Silva. \u201cGaranto que farei de tudo que estiver ao meu alcance para estar \u00e0 altura dessa responsabilidade\u201d.<br>&nbsp;<\/h4>\n\n\n\n<h4 class=\"wp-block-heading\">Em sua opini\u00e3o, a recria\u00e7\u00e3o do Minist\u00e9rio de Pesca e Aquicultura expressa um decisivo momento para o Brasil e um gesto valioso do governo Lula que guarda conson\u00e2ncia com as demandas hist\u00f3ricas e populares da sociedade. Representa uma rela\u00e7\u00e3o direta com o resgaste da cidadania, da defesa da biodiversidade, do combate \u00e0 forme, da valoriza\u00e7\u00e3o do protagonismo das mulheres, do respeito ao modo de vida tradicional, singular e sobretudo do resgaste das comunidades pesqueiras artesanais, um contingente de mais de 1 milh\u00e3o de pessoas. Tem rela\u00e7\u00e3o, ressaltou, sobretudo com o enorme potencial econ\u00f4mico do Brasil nessa atividade.<br>&nbsp;<\/h4>\n\n\n\n<h4 class=\"wp-block-heading\">O pa\u00eds, segundo ele, re\u00fane condi\u00e7\u00f5es para se projetar no cen\u00e1rio mundial como protagonista de uma aquicultura praticada com sustentabilidade social e ambiental. Dono da maior reserva de \u00e1gua doce do mundo, de uma extensa costa, de um clima favor\u00e1vel, de esp\u00e9cies nobres, entre outros atributos, o pa\u00eds tem condi\u00e7\u00f5es para avan\u00e7ar na produ\u00e7\u00e3o aqu\u00edcola, gerando renda e emprego em todo o territ\u00f3rio nacional.<br>&nbsp;<\/h4>\n\n\n\n<h4 class=\"wp-block-heading\">O est\u00edmulo aos aquicultores familiares tamb\u00e9m constituir\u00e1 uma das estrat\u00e9gias de combate \u00e0 fome, que dever\u00e1 ser apresentada ao presidente Lula para melhorar a oferta de alimentos saud\u00e1veis e gerar renda para as comunidades. O segmento industrial da pesca, importante pela relev\u00e2ncia econ\u00f4mica, tamb\u00e9m ter\u00e1 espa\u00e7o relevante no minist\u00e9rio.<br>&nbsp;<\/h4>\n\n\n\n<h4 class=\"wp-block-heading\"><strong>Imagem no exterior<\/strong><br>&nbsp;<\/h4>\n\n\n\n<h4 class=\"wp-block-heading\">Melhorar a imagem do Brasil no exterior e estimular fortemente a abertura dos mercados, especialmente o europeu tamb\u00e9m ser\u00e1 outra frente de trabalho a ser desenvolvida na nova gest\u00e3o.<br>&nbsp;<\/h4>\n\n\n\n<h4 class=\"wp-block-heading\">Na agenda internacional, al\u00e9m de refor\u00e7ar o papel nos tratados e acordos sobre pesca, o ministro disse que estar\u00e1 atento a oportunidades de capta\u00e7\u00e3o de recursos junto a diversos fundos internacionais. Um movimento, segundo ele, motivado n\u00e3o somente pela necessidade de recomposi\u00e7\u00e3o or\u00e7ament\u00e1ria, mas tamb\u00e9m como sinaliza\u00e7\u00e3o do compromisso brasileiro com a agenda ambiental e clim\u00e1tica do mundo.<br>&nbsp;<\/h4>\n\n\n\n<h4 class=\"wp-block-heading\">Ao finalizar o discurso, o ministro disse que a pasta est\u00e1 conectada com as agendas do governo Lula como combate \u00e0 fome, o respeito \u00e0 natureza e o avan\u00e7o da produ\u00e7\u00e3o e do desenvolvimento da atividade econ\u00f4mica com sustentabilidade ambiental. \u201cO novo minist\u00e9rio compreende o chamamento hist\u00f3rico desse importante setor e o resgate das pol\u00edticas p\u00fablicas voltado \u00e0s necessidades reais da sociedade brasileira\u201d, afirmou.<br>&nbsp;<\/h4>\n\n\n\n<h4 class=\"wp-block-heading\"><strong>Curr\u00edculo<\/strong><br>&nbsp;<\/h4>\n\n\n\n<h4 class=\"wp-block-heading\">Nascido em Recife (PE), o deputado federal Andr\u00e9 de Paula (PSD-PE), 61 anos, \u00e9 formado em direito Universidade Federal de Pernambuco. Foi eleito pela primeira vez para a C\u00e2mara dos Deputados em 1998 tendo sido reeleito outras cinco vezes para o cargo. Foi secret\u00e1rio de Produ\u00e7\u00e3o Rural e Reforma Agr\u00e1ria do Estado de Pernambuco e Secret\u00e1rio de Estado das Cidades do Estado de Pernambuco. Tamb\u00e9m presidiu a Comiss\u00e3o de Meio Ambiente e Desenvolvimento Sustent\u00e1vel da C\u00e2mara.<\/h4>\n\n\n\n<h4 class=\"wp-block-heading\">Para conferir o \u00e1udio do discurso na \u00edntegra, acesse o&nbsp;<a href=\"https:\/\/s2301.enviosagencia.com\/link.php?code=bDpodHRwcyUzQSUyRiUyRndlLnRsJTJGdC1xSjlpNzFESkp0OjE3NTAwNDY4NDg6bXNjb25lY3RhZG9AZ21haWwuY29tOjM0ZmQ3ZjozNA==\" target=\"_blank\" rel=\"noreferrer noopener\">Link<\/a><br><br><em><strong>Secretaria de Comunica\u00e7\u00e3o Social da Presid\u00eancia da Rep\u00fablica<\/strong><\/em><\/h4>\n\n\n\n<figure class=\"wp-block-image\"><img decoding=\"async\" src=\"https:\/\/i.imgur.com\/R31xFca.jpg\" alt=\"\"\/><\/figure>\n\n\n\n<figure class=\"wp-block-image\"><img decoding=\"async\" src=\"https:\/\/i.imgur.com\/i7OXWMV.png\" alt=\"\"\/><\/figure>\n\n\n\n<figure class=\"wp-block-image\"><img decoding=\"async\" src=\"https:\/\/i.imgur.com\/MRhIHyG.png\" alt=\"\"\/><\/figure>\n\n\n\n<h4 class=\"wp-block-heading\">Acesse nossa p\u00e1gina no Facebook e fique por dentro dos destaques de Maracaju e regi\u00e3o.<br><a href=\"https:\/\/www.facebook.com\/MsConectado\/?__tn__=K-R&amp;eid=ARAhfp4e5aWbNVoyptzGrm4obmySmRA_YR3QE4VTRX5QMShFsdcdIz5Iq0b_MWIy7I4QmNXz6k8IoNle&amp;fref=mentions&amp;__xts__%5B0%5D=68.ARAioa_i2DB8DORiDt4nCzBX7dvRVCRXhE8omKRc8oaCnvkbB62J-ntBfEZirzPivEkJx1lDCVwLAcPtZ0yMQNLkCNTlcJQPj0xK6BaGWaOsY1faLudkMNiJdevECtsRmxRf4pPywtr6Ph-QfFtADqGObU6JSKIHeG-MeeDX4kDKXlTFIUBRK4hO5nTzRrhcr3MX5cg5M1qoQKrs0FAyJEjbCy_O8F2Huq0AcJWiZlkD8u8XSf0QlsVlsI8LptFuIqgBS8GhVTw0O9tDGx11ebCRNoaUxQIYsP4qWoTURB3au7pBOcC3DfEQdk--ypqG-M2wCG5kVpCnL3qr9XO0E0f23b1xxxMz0V4PiQ\">https:\/\/www.facebook.com\/MsConectado\/<\/a><\/h4>\n\n\n\n<h4 class=\"wp-block-heading\"><a href=\"https:\/\/www.facebook.com\/hashtag\/msconectado?source=feed_text&amp;epa=HASHTAG&amp;__xts__%5B0%5D=68.ARAioa_i2DB8DORiDt4nCzBX7dvRVCRXhE8omKRc8oaCnvkbB62J-ntBfEZirzPivEkJx1lDCVwLAcPtZ0yMQNLkCNTlcJQPj0xK6BaGWaOsY1faLudkMNiJdevECtsRmxRf4pPywtr6Ph-QfFtADqGObU6JSKIHeG-MeeDX4kDKXlTFIUBRK4hO5nTzRrhcr3MX5cg5M1qoQKrs0FAyJEjbCy_O8F2Huq0AcJWiZlkD8u8XSf0QlsVlsI8LptFuIqgBS8GhVTw0O9tDGx11ebCRNoaUxQIYsP4qWoTURB3au7pBOcC3DfEQdk--ypqG-M2wCG5kVpCnL3qr9XO0E0f23b1xxxMz0V4PiQ&amp;__tn__=%2ANK-R\">#msconectado<\/a><br><a href=\"https:\/\/www.facebook.com\/hashtag\/suamelhorcobertura?source=feed_text&amp;epa=HASHTAG&amp;__xts__%5B0%5D=68.ARAioa_i2DB8DORiDt4nCzBX7dvRVCRXhE8omKRc8oaCnvkbB62J-ntBfEZirzPivEkJx1lDCVwLAcPtZ0yMQNLkCNTlcJQPj0xK6BaGWaOsY1faLudkMNiJdevECtsRmxRf4pPywtr6Ph-QfFtADqGObU6JSKIHeG-MeeDX4kDKXlTFIUBRK4hO5nTzRrhcr3MX5cg5M1qoQKrs0FAyJEjbCy_O8F2Huq0AcJWiZlkD8u8XSf0QlsVlsI8LptFuIqgBS8GhVTw0O9tDGx11ebCRNoaUxQIYsP4qWoTURB3au7pBOcC3DfEQdk--ypqG-M2wCG5kVpCnL3qr9XO0E0f23b1xxxMz0V4PiQ&amp;__tn__=%2ANK-R\">#suamelhorcobertura<\/a>\u00a0<a href=\"https:\/\/www.facebook.com\/hashtag\/not%C3%ADcia?source=feed_text&amp;epa=HASHTAG&amp;__xts__%5B0%5D=68.ARAioa_i2DB8DORiDt4nCzBX7dvRVCRXhE8omKRc8oaCnvkbB62J-ntBfEZirzPivEkJx1lDCVwLAcPtZ0yMQNLkCNTlcJQPj0xK6BaGWaOsY1faLudkMNiJdevECtsRmxRf4pPywtr6Ph-QfFtADqGObU6JSKIHeG-MeeDX4kDKXlTFIUBRK4hO5nTzRrhcr3MX5cg5M1qoQKrs0FAyJEjbCy_O8F2Huq0AcJWiZlkD8u8XSf0QlsVlsI8LptFuIqgBS8GhVTw0O9tDGx11ebCRNoaUxQIYsP4qWoTURB3au7pBOcC3DfEQdk--ypqG-M2wCG5kVpCnL3qr9XO0E0f23b1xxxMz0V4PiQ&amp;__tn__=%2ANK-R\">#not\u00edcia<\/a>\u00a0<a href=\"https:\/\/www.facebook.com\/hashtag\/credibilidade?source=feed_text&amp;epa=HASHTAG&amp;__xts__%5B0%5D=68.ARAioa_i2DB8DORiDt4nCzBX7dvRVCRXhE8omKRc8oaCnvkbB62J-ntBfEZirzPivEkJx1lDCVwLAcPtZ0yMQNLkCNTlcJQPj0xK6BaGWaOsY1faLudkMNiJdevECtsRmxRf4pPywtr6Ph-QfFtADqGObU6JSKIHeG-MeeDX4kDKXlTFIUBRK4hO5nTzRrhcr3MX5cg5M1qoQKrs0FAyJEjbCy_O8F2Huq0AcJWiZlkD8u8XSf0QlsVlsI8LptFuIqgBS8GhVTw0O9tDGx11ebCRNoaUxQIYsP4qWoTURB3au7pBOcC3DfEQdk--ypqG-M2wCG5kVpCnL3qr9XO0E0f23b1xxxMz0V4PiQ&amp;__tn__=%2ANK-R\">#credibilidade<\/a>\u00a0<a href=\"https:\/\/www.facebook.com\/hashtag\/jornalismo?source=feed_text&amp;epa=HASHTAG&amp;__xts__%5B0%5D=68.ARAioa_i2DB8DORiDt4nCzBX7dvRVCRXhE8omKRc8oaCnvkbB62J-ntBfEZirzPivEkJx1lDCVwLAcPtZ0yMQNLkCNTlcJQPj0xK6BaGWaOsY1faLudkMNiJdevECtsRmxRf4pPywtr6Ph-QfFtADqGObU6JSKIHeG-MeeDX4kDKXlTFIUBRK4hO5nTzRrhcr3MX5cg5M1qoQKrs0FAyJEjbCy_O8F2Huq0AcJWiZlkD8u8XSf0QlsVlsI8LptFuIqgBS8GhVTw0O9tDGx11ebCRNoaUxQIYsP4qWoTURB3au7pBOcC3DfEQdk--ypqG-M2wCG5kVpCnL3qr9XO0E0f23b1xxxMz0V4PiQ&amp;__tn__=%2ANK-R\">#jornalismo<\/a>Z<\/h4>\n","protected":false},"excerpt":{"rendered":"<p>O novo ministro da Pesca e Aquicultura, Andr\u00e9 de Paula, defende a retomada de servi\u00e7os como a emiss\u00e3o de licen\u00e7as para embarca\u00e7\u00f5es pesqueiras e a carteira profissional para pescador. \u201cA inefici\u00eancia nessas a\u00e7\u00f5es levou preju\u00edzos econ\u00f4micos e excluiu pescadores e pescadoras artesanais do acesso \u00e0s pol\u00edticas p\u00fablicas\u201d, disse, durante discurso de transmiss\u00e3o de cargo, realizado [&hellip;]<\/p>\n","protected":false},"author":2,"featured_media":17024,"comment_status":"open","ping_status":"closed","sticky":false,"template":"","format":"standard","meta":{"footnotes":""},"categories":[33],"tags":[],"class_list":["post-17022","post","type-post","status-publish","format-standard","has-post-thumbnail","hentry","category-politica"],"yoast_head":"<!-- This site is optimized with the Yoast SEO plugin v27.5 - https:\/\/yoast.com\/product\/yoast-seo-wordpress\/ -->\n<title>Andr\u00e9 de Paula defende a valoriza\u00e7\u00e3o da pesca artesanal como gerador de emprego e renda - MsConectado<\/title>\n<meta name=\"robots\" content=\"index, follow, max-snippet:-1, max-image-preview:large, max-video-preview:-1\" \/>\n<link rel=\"canonical\" href=\"https:\/\/msconectado.com.br\/?p=17022\" \/>\n<meta property=\"og:locale\" content=\"pt_BR\" \/>\n<meta property=\"og:type\" content=\"article\" \/>\n<meta property=\"og:title\" content=\"Andr\u00e9 de Paula defende a valoriza\u00e7\u00e3o da pesca artesanal como gerador de emprego e renda - MsConectado\" \/>\n<meta property=\"og:description\" content=\"O novo ministro da Pesca e Aquicultura, Andr\u00e9 de Paula, defende a retomada de servi\u00e7os como a emiss\u00e3o de licen\u00e7as para embarca\u00e7\u00f5es pesqueiras e a carteira profissional para pescador. \u201cA inefici\u00eancia nessas a\u00e7\u00f5es levou preju\u00edzos econ\u00f4micos e excluiu pescadores e pescadoras artesanais do acesso \u00e0s pol\u00edticas p\u00fablicas\u201d, disse, durante discurso de transmiss\u00e3o de cargo, realizado [&hellip;]\" \/>\n<meta property=\"og:url\" content=\"https:\/\/msconectado.com.br\/?p=17022\" \/>\n<meta property=\"og:site_name\" content=\"MsConectado\" \/>\n<meta property=\"article:published_time\" content=\"2023-01-12T14:38:33+00:00\" \/>\n<meta property=\"article:modified_time\" content=\"2023-01-13T12:01:27+00:00\" \/>\n<meta property=\"og:image\" content=\"https:\/\/msconectado.com.br\/wp-content\/uploads\/2023\/01\/26.jpg\" \/>\n\t<meta property=\"og:image:width\" content=\"800\" \/>\n\t<meta property=\"og:image:height\" content=\"479\" \/>\n\t<meta property=\"og:image:type\" content=\"image\/jpeg\" \/>\n<meta name=\"author\" content=\"MsConectado\" \/>\n<meta name=\"twitter:card\" content=\"summary_large_image\" \/>\n<meta name=\"twitter:label1\" content=\"Escrito por\" \/>\n\t<meta name=\"twitter:data1\" content=\"MsConectado\" \/>\n\t<meta name=\"twitter:label2\" content=\"Est. tempo de leitura\" \/>\n\t<meta name=\"twitter:data2\" content=\"4 minutos\" \/>\n<script type=\"application\/ld+json\" class=\"yoast-schema-graph\">{\"@context\":\"https:\\\/\\\/schema.org\",\"@graph\":[{\"@type\":\"Article\",\"@id\":\"https:\\\/\\\/msconectado.com.br\\\/?p=17022#article\",\"isPartOf\":{\"@id\":\"https:\\\/\\\/msconectado.com.br\\\/?p=17022\"},\"author\":{\"name\":\"MsConectado\",\"@id\":\"https:\\\/\\\/msconectado.com.br\\\/#\\\/schema\\\/person\\\/e5585545b5687092f1041d350b6e2c16\"},\"headline\":\"Andr\u00e9 de Paula defende a valoriza\u00e7\u00e3o da pesca artesanal como gerador de emprego e renda\",\"datePublished\":\"2023-01-12T14:38:33+00:00\",\"dateModified\":\"2023-01-13T12:01:27+00:00\",\"mainEntityOfPage\":{\"@id\":\"https:\\\/\\\/msconectado.com.br\\\/?p=17022\"},\"wordCount\":881,\"commentCount\":0,\"publisher\":{\"@id\":\"https:\\\/\\\/msconectado.com.br\\\/#organization\"},\"image\":{\"@id\":\"https:\\\/\\\/msconectado.com.br\\\/?p=17022#primaryimage\"},\"thumbnailUrl\":\"https:\\\/\\\/msconectado.com.br\\\/wp-content\\\/uploads\\\/2023\\\/01\\\/26.jpg\",\"articleSection\":[\"Pol\u00edtica\"],\"inLanguage\":\"pt-BR\",\"potentialAction\":[{\"@type\":\"CommentAction\",\"name\":\"Comment\",\"target\":[\"https:\\\/\\\/msconectado.com.br\\\/?p=17022#respond\"]}]},{\"@type\":\"WebPage\",\"@id\":\"https:\\\/\\\/msconectado.com.br\\\/?p=17022\",\"url\":\"https:\\\/\\\/msconectado.com.br\\\/?p=17022\",\"name\":\"Andr\u00e9 de Paula defende a valoriza\u00e7\u00e3o da pesca artesanal como gerador de emprego e renda - MsConectado\",\"isPartOf\":{\"@id\":\"https:\\\/\\\/msconectado.com.br\\\/#website\"},\"primaryImageOfPage\":{\"@id\":\"https:\\\/\\\/msconectado.com.br\\\/?p=17022#primaryimage\"},\"image\":{\"@id\":\"https:\\\/\\\/msconectado.com.br\\\/?p=17022#primaryimage\"},\"thumbnailUrl\":\"https:\\\/\\\/msconectado.com.br\\\/wp-content\\\/uploads\\\/2023\\\/01\\\/26.jpg\",\"datePublished\":\"2023-01-12T14:38:33+00:00\",\"dateModified\":\"2023-01-13T12:01:27+00:00\",\"breadcrumb\":{\"@id\":\"https:\\\/\\\/msconectado.com.br\\\/?p=17022#breadcrumb\"},\"inLanguage\":\"pt-BR\",\"potentialAction\":[{\"@type\":\"ReadAction\",\"target\":[\"https:\\\/\\\/msconectado.com.br\\\/?p=17022\"]}]},{\"@type\":\"ImageObject\",\"inLanguage\":\"pt-BR\",\"@id\":\"https:\\\/\\\/msconectado.com.br\\\/?p=17022#primaryimage\",\"url\":\"https:\\\/\\\/msconectado.com.br\\\/wp-content\\\/uploads\\\/2023\\\/01\\\/26.jpg\",\"contentUrl\":\"https:\\\/\\\/msconectado.com.br\\\/wp-content\\\/uploads\\\/2023\\\/01\\\/26.jpg\",\"width\":800,\"height\":479},{\"@type\":\"BreadcrumbList\",\"@id\":\"https:\\\/\\\/msconectado.com.br\\\/?p=17022#breadcrumb\",\"itemListElement\":[{\"@type\":\"ListItem\",\"position\":1,\"name\":\"In\u00edcio\",\"item\":\"https:\\\/\\\/msconectado.com.br\\\/?page_id=105\"},{\"@type\":\"ListItem\",\"position\":2,\"name\":\"Andr\u00e9 de Paula defende a valoriza\u00e7\u00e3o da pesca artesanal como gerador de emprego e renda\"}]},{\"@type\":\"WebSite\",\"@id\":\"https:\\\/\\\/msconectado.com.br\\\/#website\",\"url\":\"https:\\\/\\\/msconectado.com.br\\\/\",\"name\":\"MsConectado\",\"description\":\"Voc\u00ea Conectado com a Not\u00edcia!\",\"publisher\":{\"@id\":\"https:\\\/\\\/msconectado.com.br\\\/#organization\"},\"potentialAction\":[{\"@type\":\"SearchAction\",\"target\":{\"@type\":\"EntryPoint\",\"urlTemplate\":\"https:\\\/\\\/msconectado.com.br\\\/?s={search_term_string}\"},\"query-input\":{\"@type\":\"PropertyValueSpecification\",\"valueRequired\":true,\"valueName\":\"search_term_string\"}}],\"inLanguage\":\"pt-BR\"},{\"@type\":\"Organization\",\"@id\":\"https:\\\/\\\/msconectado.com.br\\\/#organization\",\"name\":\"MsConectado\",\"url\":\"https:\\\/\\\/msconectado.com.br\\\/\",\"logo\":{\"@type\":\"ImageObject\",\"inLanguage\":\"pt-BR\",\"@id\":\"https:\\\/\\\/msconectado.com.br\\\/#\\\/schema\\\/logo\\\/image\\\/\",\"url\":\"https:\\\/\\\/msconectado.com.br\\\/wp-content\\\/uploads\\\/2023\\\/01\\\/cropped-noticia-2.png\",\"contentUrl\":\"https:\\\/\\\/msconectado.com.br\\\/wp-content\\\/uploads\\\/2023\\\/01\\\/cropped-noticia-2.png\",\"width\":720,\"height\":157,\"caption\":\"MsConectado\"},\"image\":{\"@id\":\"https:\\\/\\\/msconectado.com.br\\\/#\\\/schema\\\/logo\\\/image\\\/\"}},{\"@type\":\"Person\",\"@id\":\"https:\\\/\\\/msconectado.com.br\\\/#\\\/schema\\\/person\\\/e5585545b5687092f1041d350b6e2c16\",\"name\":\"MsConectado\",\"image\":{\"@type\":\"ImageObject\",\"inLanguage\":\"pt-BR\",\"@id\":\"https:\\\/\\\/secure.gravatar.com\\\/avatar\\\/3b4f84a0a8a4380ac4431fa79981d073692380c5da00ae97596e794ab0db5c8c?s=96&d=mm&r=g\",\"url\":\"https:\\\/\\\/secure.gravatar.com\\\/avatar\\\/3b4f84a0a8a4380ac4431fa79981d073692380c5da00ae97596e794ab0db5c8c?s=96&d=mm&r=g\",\"contentUrl\":\"https:\\\/\\\/secure.gravatar.com\\\/avatar\\\/3b4f84a0a8a4380ac4431fa79981d073692380c5da00ae97596e794ab0db5c8c?s=96&d=mm&r=g\",\"caption\":\"MsConectado\"},\"url\":\"https:\\\/\\\/msconectado.com.br\\\/?author=2\"}]}<\/script>\n<!-- \/ Yoast SEO plugin. -->","yoast_head_json":{"title":"Andr\u00e9 de Paula defende a valoriza\u00e7\u00e3o da pesca artesanal como gerador de emprego e renda - MsConectado","robots":{"index":"index","follow":"follow","max-snippet":"max-snippet:-1","max-image-preview":"max-image-preview:large","max-video-preview":"max-video-preview:-1"},"canonical":"https:\/\/msconectado.com.br\/?p=17022","og_locale":"pt_BR","og_type":"article","og_title":"Andr\u00e9 de Paula defende a valoriza\u00e7\u00e3o da pesca artesanal como gerador de emprego e renda - MsConectado","og_description":"O novo ministro da Pesca e Aquicultura, Andr\u00e9 de Paula, defende a retomada de servi\u00e7os como a emiss\u00e3o de licen\u00e7as para embarca\u00e7\u00f5es pesqueiras e a carteira profissional para pescador. \u201cA inefici\u00eancia nessas a\u00e7\u00f5es levou preju\u00edzos econ\u00f4micos e excluiu pescadores e pescadoras artesanais do acesso \u00e0s pol\u00edticas p\u00fablicas\u201d, disse, durante discurso de transmiss\u00e3o de cargo, realizado [&hellip;]","og_url":"https:\/\/msconectado.com.br\/?p=17022","og_site_name":"MsConectado","article_published_time":"2023-01-12T14:38:33+00:00","article_modified_time":"2023-01-13T12:01:27+00:00","og_image":[{"width":800,"height":479,"url":"https:\/\/msconectado.com.br\/wp-content\/uploads\/2023\/01\/26.jpg","type":"image\/jpeg"}],"author":"MsConectado","twitter_card":"summary_large_image","twitter_misc":{"Escrito por":"MsConectado","Est. tempo de leitura":"4 minutos"},"schema":{"@context":"https:\/\/schema.org","@graph":[{"@type":"Article","@id":"https:\/\/msconectado.com.br\/?p=17022#article","isPartOf":{"@id":"https:\/\/msconectado.com.br\/?p=17022"},"author":{"name":"MsConectado","@id":"https:\/\/msconectado.com.br\/#\/schema\/person\/e5585545b5687092f1041d350b6e2c16"},"headline":"Andr\u00e9 de Paula defende a valoriza\u00e7\u00e3o da pesca artesanal como gerador de emprego e renda","datePublished":"2023-01-12T14:38:33+00:00","dateModified":"2023-01-13T12:01:27+00:00","mainEntityOfPage":{"@id":"https:\/\/msconectado.com.br\/?p=17022"},"wordCount":881,"commentCount":0,"publisher":{"@id":"https:\/\/msconectado.com.br\/#organization"},"image":{"@id":"https:\/\/msconectado.com.br\/?p=17022#primaryimage"},"thumbnailUrl":"https:\/\/msconectado.com.br\/wp-content\/uploads\/2023\/01\/26.jpg","articleSection":["Pol\u00edtica"],"inLanguage":"pt-BR","potentialAction":[{"@type":"CommentAction","name":"Comment","target":["https:\/\/msconectado.com.br\/?p=17022#respond"]}]},{"@type":"WebPage","@id":"https:\/\/msconectado.com.br\/?p=17022","url":"https:\/\/msconectado.com.br\/?p=17022","name":"Andr\u00e9 de Paula defende a valoriza\u00e7\u00e3o da pesca artesanal como gerador de emprego e renda - MsConectado","isPartOf":{"@id":"https:\/\/msconectado.com.br\/#website"},"primaryImageOfPage":{"@id":"https:\/\/msconectado.com.br\/?p=17022#primaryimage"},"image":{"@id":"https:\/\/msconectado.com.br\/?p=17022#primaryimage"},"thumbnailUrl":"https:\/\/msconectado.com.br\/wp-content\/uploads\/2023\/01\/26.jpg","datePublished":"2023-01-12T14:38:33+00:00","dateModified":"2023-01-13T12:01:27+00:00","breadcrumb":{"@id":"https:\/\/msconectado.com.br\/?p=17022#breadcrumb"},"inLanguage":"pt-BR","potentialAction":[{"@type":"ReadAction","target":["https:\/\/msconectado.com.br\/?p=17022"]}]},{"@type":"ImageObject","inLanguage":"pt-BR","@id":"https:\/\/msconectado.com.br\/?p=17022#primaryimage","url":"https:\/\/msconectado.com.br\/wp-content\/uploads\/2023\/01\/26.jpg","contentUrl":"https:\/\/msconectado.com.br\/wp-content\/uploads\/2023\/01\/26.jpg","width":800,"height":479},{"@type":"BreadcrumbList","@id":"https:\/\/msconectado.com.br\/?p=17022#breadcrumb","itemListElement":[{"@type":"ListItem","position":1,"name":"In\u00edcio","item":"https:\/\/msconectado.com.br\/?page_id=105"},{"@type":"ListItem","position":2,"name":"Andr\u00e9 de Paula defende a valoriza\u00e7\u00e3o da pesca artesanal como gerador de emprego e renda"}]},{"@type":"WebSite","@id":"https:\/\/msconectado.com.br\/#website","url":"https:\/\/msconectado.com.br\/","name":"MsConectado","description":"Voc\u00ea Conectado com a Not\u00edcia!","publisher":{"@id":"https:\/\/msconectado.com.br\/#organization"},"potentialAction":[{"@type":"SearchAction","target":{"@type":"EntryPoint","urlTemplate":"https:\/\/msconectado.com.br\/?s={search_term_string}"},"query-input":{"@type":"PropertyValueSpecification","valueRequired":true,"valueName":"search_term_string"}}],"inLanguage":"pt-BR"},{"@type":"Organization","@id":"https:\/\/msconectado.com.br\/#organization","name":"MsConectado","url":"https:\/\/msconectado.com.br\/","logo":{"@type":"ImageObject","inLanguage":"pt-BR","@id":"https:\/\/msconectado.com.br\/#\/schema\/logo\/image\/","url":"https:\/\/msconectado.com.br\/wp-content\/uploads\/2023\/01\/cropped-noticia-2.png","contentUrl":"https:\/\/msconectado.com.br\/wp-content\/uploads\/2023\/01\/cropped-noticia-2.png","width":720,"height":157,"caption":"MsConectado"},"image":{"@id":"https:\/\/msconectado.com.br\/#\/schema\/logo\/image\/"}},{"@type":"Person","@id":"https:\/\/msconectado.com.br\/#\/schema\/person\/e5585545b5687092f1041d350b6e2c16","name":"MsConectado","image":{"@type":"ImageObject","inLanguage":"pt-BR","@id":"https:\/\/secure.gravatar.com\/avatar\/3b4f84a0a8a4380ac4431fa79981d073692380c5da00ae97596e794ab0db5c8c?s=96&d=mm&r=g","url":"https:\/\/secure.gravatar.com\/avatar\/3b4f84a0a8a4380ac4431fa79981d073692380c5da00ae97596e794ab0db5c8c?s=96&d=mm&r=g","contentUrl":"https:\/\/secure.gravatar.com\/avatar\/3b4f84a0a8a4380ac4431fa79981d073692380c5da00ae97596e794ab0db5c8c?s=96&d=mm&r=g","caption":"MsConectado"},"url":"https:\/\/msconectado.com.br\/?author=2"}]}},"_links":{"self":[{"href":"https:\/\/msconectado.com.br\/index.php?rest_route=\/wp\/v2\/posts\/17022","targetHints":{"allow":["GET"]}}],"collection":[{"href":"https:\/\/msconectado.com.br\/index.php?rest_route=\/wp\/v2\/posts"}],"about":[{"href":"https:\/\/msconectado.com.br\/index.php?rest_route=\/wp\/v2\/types\/post"}],"author":[{"embeddable":true,"href":"https:\/\/msconectado.com.br\/index.php?rest_route=\/wp\/v2\/users\/2"}],"replies":[{"embeddable":true,"href":"https:\/\/msconectado.com.br\/index.php?rest_route=%2Fwp%2Fv2%2Fcomments&post=17022"}],"version-history":[{"count":2,"href":"https:\/\/msconectado.com.br\/index.php?rest_route=\/wp\/v2\/posts\/17022\/revisions"}],"predecessor-version":[{"id":17341,"href":"https:\/\/msconectado.com.br\/index.php?rest_route=\/wp\/v2\/posts\/17022\/revisions\/17341"}],"wp:featuredmedia":[{"embeddable":true,"href":"https:\/\/msconectado.com.br\/index.php?rest_route=\/wp\/v2\/media\/17024"}],"wp:attachment":[{"href":"https:\/\/msconectado.com.br\/index.php?rest_route=%2Fwp%2Fv2%2Fmedia&parent=17022"}],"wp:term":[{"taxonomy":"category","embeddable":true,"href":"https:\/\/msconectado.com.br\/index.php?rest_route=%2Fwp%2Fv2%2Fcategories&post=17022"},{"taxonomy":"post_tag","embeddable":true,"href":"https:\/\/msconectado.com.br\/index.php?rest_route=%2Fwp%2Fv2%2Ftags&post=17022"}],"curies":[{"name":"wp","href":"https:\/\/api.w.org\/{rel}","templated":true}]}}