
{"id":17026,"date":"2023-01-12T14:39:24","date_gmt":"2023-01-12T14:39:24","guid":{"rendered":"https:\/\/teste.msconectado.com.br\/?p=17026"},"modified":"2023-01-13T12:01:12","modified_gmt":"2023-01-13T12:01:12","slug":"presidente-da-camara-municipal-de-rio-brilhante-recebe-delegados-da-policia-civil-do-municipio","status":"publish","type":"post","link":"https:\/\/msconectado.com.br\/?p=17026","title":{"rendered":"Presidente da C\u00e2mara Municipal de Rio Brilhante recebe Delegados da Pol\u00edcia Civil do Munic\u00edpio"},"content":{"rendered":"\n<h4 class=\"wp-block-heading\">Na manh\u00e3 desta quinta-feira (05), o presidente da C\u00e2mara Municipal, Paulo C\u00e9sar Alves (MDB), juntamente com a 1\u00aa Secret\u00e1ria Wandressa Barbosa (PSB), receberam no gabinete da presid\u00eancia o delegado Goethe Arce e a delegada Daniele Felismino da Pol\u00edcia Civil de Rio Brilhante.<\/h4>\n\n\n\n<h4 class=\"wp-block-heading\">A visita teve como objetivo formalizar as boas vindas \u00e0 nova Mesa Diretora e discutir parceria entre o Legislativo e a Policia Civil no \u00e2mbito do munic\u00edpio. Para os representantes da pol\u00edcia civil, a influ\u00eancia pol\u00edtica dos vereadores junto aos Parlamentares, Secret\u00e1rios Estatuais e Governador do Estado \u00e9 essencial para a seguran\u00e7a municipal, em suma, nas reivindica\u00e7\u00f5es de melhorias na infraestrutura necess\u00e1ria ao funcionamento da seguran\u00e7a p\u00fablica.<\/h4>\n\n\n\n<h4 class=\"wp-block-heading\">Durante a conversa os delegados expuseram os principais projetos de seguran\u00e7a p\u00fablica para Rio Brilhante e apresentaram reivindica\u00e7\u00f5es como a constru\u00e7\u00e3o de uma nova delegacia para atender as demandas da popula\u00e7\u00e3o.<\/h4>\n\n\n\n<h4 class=\"wp-block-heading\">Para Wandressa Barborsa, \u00e9 necess\u00e1rio o di\u00e1logo entre as autoridades do munic\u00edpio. \u201cFoi um encontro proveitoso, pois tivemos a oportunidade de conhecer os principais projetos e reivindica\u00e7\u00f5es necess\u00e1rias ao bom atendimento da popula\u00e7\u00e3o de nossa cidade\u201d, afirmou.<\/h4>\n\n\n\n<h4 class=\"wp-block-heading\">O presidente PC refor\u00e7ou a import\u00e2ncia de manter o di\u00e1logo entre os poderes. \u201cFoi uma visita de cortesia para que os delegados mantenham um bom di\u00e1logo com a C\u00e2mara e os vereadores. Tivemos a oportunidade de ouvi-los e eles tamb\u00e9m puderam se inteirar dos trabalhos a serem realizados por n\u00f3s nessa gest\u00e3o\u201d.<\/h4>\n\n\n\n<h4 class=\"wp-block-heading\">&nbsp;<\/h4>\n\n\n\n<h4 class=\"wp-block-heading\">&nbsp;<\/h4>\n\n\n\n<h4 class=\"wp-block-heading\">Assessoria<\/h4>\n\n\n\n<figure class=\"wp-block-image\"><img decoding=\"async\" src=\"https:\/\/i.imgur.com\/R31xFca.jpg\" alt=\"\"\/><\/figure>\n\n\n\n<figure class=\"wp-block-image\"><img decoding=\"async\" src=\"https:\/\/i.imgur.com\/i7OXWMV.png\" alt=\"\"\/><\/figure>\n\n\n\n<figure class=\"wp-block-image\"><img decoding=\"async\" src=\"https:\/\/i.imgur.com\/MRhIHyG.png\" alt=\"\"\/><\/figure>\n\n\n\n<h4 class=\"wp-block-heading\">Acesse nossa p\u00e1gina no Facebook e fique por dentro dos destaques de Maracaju e regi\u00e3o.<br><a href=\"https:\/\/www.facebook.com\/MsConectado\/?__tn__=K-R&amp;eid=ARAhfp4e5aWbNVoyptzGrm4obmySmRA_YR3QE4VTRX5QMShFsdcdIz5Iq0b_MWIy7I4QmNXz6k8IoNle&amp;fref=mentions&amp;__xts__%5B0%5D=68.ARAioa_i2DB8DORiDt4nCzBX7dvRVCRXhE8omKRc8oaCnvkbB62J-ntBfEZirzPivEkJx1lDCVwLAcPtZ0yMQNLkCNTlcJQPj0xK6BaGWaOsY1faLudkMNiJdevECtsRmxRf4pPywtr6Ph-QfFtADqGObU6JSKIHeG-MeeDX4kDKXlTFIUBRK4hO5nTzRrhcr3MX5cg5M1qoQKrs0FAyJEjbCy_O8F2Huq0AcJWiZlkD8u8XSf0QlsVlsI8LptFuIqgBS8GhVTw0O9tDGx11ebCRNoaUxQIYsP4qWoTURB3au7pBOcC3DfEQdk--ypqG-M2wCG5kVpCnL3qr9XO0E0f23b1xxxMz0V4PiQ\">https:\/\/www.facebook.com\/MsConectado\/<\/a><\/h4>\n","protected":false},"excerpt":{"rendered":"<p>Na manh\u00e3 desta quinta-feira (05), o presidente da C\u00e2mara Municipal, Paulo C\u00e9sar Alves (MDB), juntamente com a 1\u00aa Secret\u00e1ria Wandressa Barbosa (PSB), receberam no gabinete da presid\u00eancia o delegado Goethe Arce e a delegada Daniele Felismino da Pol\u00edcia Civil de Rio Brilhante. A visita teve como objetivo formalizar as boas vindas \u00e0 nova Mesa Diretora [&hellip;]<\/p>\n","protected":false},"author":2,"featured_media":17027,"comment_status":"open","ping_status":"closed","sticky":false,"template":"","format":"standard","meta":{"footnotes":""},"categories":[35,33],"tags":[],"class_list":["post-17026","post","type-post","status-publish","format-standard","has-post-thumbnail","hentry","category-cidades","category-politica"],"yoast_head":"<!-- This site is optimized with the Yoast SEO plugin v27.5 - https:\/\/yoast.com\/product\/yoast-seo-wordpress\/ -->\n<title>Presidente da C\u00e2mara Municipal de Rio Brilhante recebe Delegados da Pol\u00edcia Civil do Munic\u00edpio - MsConectado<\/title>\n<meta name=\"robots\" content=\"index, follow, max-snippet:-1, max-image-preview:large, max-video-preview:-1\" \/>\n<link rel=\"canonical\" href=\"https:\/\/msconectado.com.br\/?p=17026\" \/>\n<meta property=\"og:locale\" content=\"pt_BR\" \/>\n<meta property=\"og:type\" content=\"article\" \/>\n<meta property=\"og:title\" content=\"Presidente da C\u00e2mara Municipal de Rio Brilhante recebe Delegados da Pol\u00edcia Civil do Munic\u00edpio - MsConectado\" \/>\n<meta property=\"og:description\" content=\"Na manh\u00e3 desta quinta-feira (05), o presidente da C\u00e2mara Municipal, Paulo C\u00e9sar Alves (MDB), juntamente com a 1\u00aa Secret\u00e1ria Wandressa Barbosa (PSB), receberam no gabinete da presid\u00eancia o delegado Goethe Arce e a delegada Daniele Felismino da Pol\u00edcia Civil de Rio Brilhante. A visita teve como objetivo formalizar as boas vindas \u00e0 nova Mesa Diretora [&hellip;]\" \/>\n<meta property=\"og:url\" content=\"https:\/\/msconectado.com.br\/?p=17026\" \/>\n<meta property=\"og:site_name\" content=\"MsConectado\" \/>\n<meta property=\"article:published_time\" content=\"2023-01-12T14:39:24+00:00\" \/>\n<meta property=\"article:modified_time\" content=\"2023-01-13T12:01:12+00:00\" \/>\n<meta property=\"og:image\" content=\"https:\/\/msconectado.com.br\/wp-content\/uploads\/2023\/01\/25.jpg\" \/>\n\t<meta property=\"og:image:width\" content=\"960\" \/>\n\t<meta property=\"og:image:height\" content=\"720\" \/>\n\t<meta property=\"og:image:type\" content=\"image\/jpeg\" \/>\n<meta name=\"author\" content=\"MsConectado\" \/>\n<meta name=\"twitter:card\" content=\"summary_large_image\" \/>\n<meta name=\"twitter:label1\" content=\"Escrito por\" \/>\n\t<meta name=\"twitter:data1\" content=\"MsConectado\" \/>\n\t<meta name=\"twitter:label2\" content=\"Est. tempo de leitura\" \/>\n\t<meta name=\"twitter:data2\" content=\"1 minuto\" \/>\n<script type=\"application\/ld+json\" class=\"yoast-schema-graph\">{\"@context\":\"https:\\\/\\\/schema.org\",\"@graph\":[{\"@type\":\"Article\",\"@id\":\"https:\\\/\\\/msconectado.com.br\\\/?p=17026#article\",\"isPartOf\":{\"@id\":\"https:\\\/\\\/msconectado.com.br\\\/?p=17026\"},\"author\":{\"name\":\"MsConectado\",\"@id\":\"https:\\\/\\\/msconectado.com.br\\\/#\\\/schema\\\/person\\\/e5585545b5687092f1041d350b6e2c16\"},\"headline\":\"Presidente da C\u00e2mara Municipal de Rio Brilhante recebe Delegados da Pol\u00edcia Civil do Munic\u00edpio\",\"datePublished\":\"2023-01-12T14:39:24+00:00\",\"dateModified\":\"2023-01-13T12:01:12+00:00\",\"mainEntityOfPage\":{\"@id\":\"https:\\\/\\\/msconectado.com.br\\\/?p=17026\"},\"wordCount\":300,\"commentCount\":0,\"publisher\":{\"@id\":\"https:\\\/\\\/msconectado.com.br\\\/#organization\"},\"image\":{\"@id\":\"https:\\\/\\\/msconectado.com.br\\\/?p=17026#primaryimage\"},\"thumbnailUrl\":\"https:\\\/\\\/msconectado.com.br\\\/wp-content\\\/uploads\\\/2023\\\/01\\\/25.jpg\",\"articleSection\":[\"Cidades\",\"Pol\u00edtica\"],\"inLanguage\":\"pt-BR\",\"potentialAction\":[{\"@type\":\"CommentAction\",\"name\":\"Comment\",\"target\":[\"https:\\\/\\\/msconectado.com.br\\\/?p=17026#respond\"]}]},{\"@type\":\"WebPage\",\"@id\":\"https:\\\/\\\/msconectado.com.br\\\/?p=17026\",\"url\":\"https:\\\/\\\/msconectado.com.br\\\/?p=17026\",\"name\":\"Presidente da C\u00e2mara Municipal de Rio Brilhante recebe Delegados da Pol\u00edcia Civil do Munic\u00edpio - MsConectado\",\"isPartOf\":{\"@id\":\"https:\\\/\\\/msconectado.com.br\\\/#website\"},\"primaryImageOfPage\":{\"@id\":\"https:\\\/\\\/msconectado.com.br\\\/?p=17026#primaryimage\"},\"image\":{\"@id\":\"https:\\\/\\\/msconectado.com.br\\\/?p=17026#primaryimage\"},\"thumbnailUrl\":\"https:\\\/\\\/msconectado.com.br\\\/wp-content\\\/uploads\\\/2023\\\/01\\\/25.jpg\",\"datePublished\":\"2023-01-12T14:39:24+00:00\",\"dateModified\":\"2023-01-13T12:01:12+00:00\",\"breadcrumb\":{\"@id\":\"https:\\\/\\\/msconectado.com.br\\\/?p=17026#breadcrumb\"},\"inLanguage\":\"pt-BR\",\"potentialAction\":[{\"@type\":\"ReadAction\",\"target\":[\"https:\\\/\\\/msconectado.com.br\\\/?p=17026\"]}]},{\"@type\":\"ImageObject\",\"inLanguage\":\"pt-BR\",\"@id\":\"https:\\\/\\\/msconectado.com.br\\\/?p=17026#primaryimage\",\"url\":\"https:\\\/\\\/msconectado.com.br\\\/wp-content\\\/uploads\\\/2023\\\/01\\\/25.jpg\",\"contentUrl\":\"https:\\\/\\\/msconectado.com.br\\\/wp-content\\\/uploads\\\/2023\\\/01\\\/25.jpg\",\"width\":960,\"height\":720},{\"@type\":\"BreadcrumbList\",\"@id\":\"https:\\\/\\\/msconectado.com.br\\\/?p=17026#breadcrumb\",\"itemListElement\":[{\"@type\":\"ListItem\",\"position\":1,\"name\":\"In\u00edcio\",\"item\":\"https:\\\/\\\/msconectado.com.br\\\/?page_id=105\"},{\"@type\":\"ListItem\",\"position\":2,\"name\":\"Presidente da C\u00e2mara Municipal de Rio Brilhante recebe Delegados da Pol\u00edcia Civil do Munic\u00edpio\"}]},{\"@type\":\"WebSite\",\"@id\":\"https:\\\/\\\/msconectado.com.br\\\/#website\",\"url\":\"https:\\\/\\\/msconectado.com.br\\\/\",\"name\":\"MsConectado\",\"description\":\"Voc\u00ea Conectado com a Not\u00edcia!\",\"publisher\":{\"@id\":\"https:\\\/\\\/msconectado.com.br\\\/#organization\"},\"potentialAction\":[{\"@type\":\"SearchAction\",\"target\":{\"@type\":\"EntryPoint\",\"urlTemplate\":\"https:\\\/\\\/msconectado.com.br\\\/?s={search_term_string}\"},\"query-input\":{\"@type\":\"PropertyValueSpecification\",\"valueRequired\":true,\"valueName\":\"search_term_string\"}}],\"inLanguage\":\"pt-BR\"},{\"@type\":\"Organization\",\"@id\":\"https:\\\/\\\/msconectado.com.br\\\/#organization\",\"name\":\"MsConectado\",\"url\":\"https:\\\/\\\/msconectado.com.br\\\/\",\"logo\":{\"@type\":\"ImageObject\",\"inLanguage\":\"pt-BR\",\"@id\":\"https:\\\/\\\/msconectado.com.br\\\/#\\\/schema\\\/logo\\\/image\\\/\",\"url\":\"https:\\\/\\\/msconectado.com.br\\\/wp-content\\\/uploads\\\/2023\\\/01\\\/cropped-noticia-2.png\",\"contentUrl\":\"https:\\\/\\\/msconectado.com.br\\\/wp-content\\\/uploads\\\/2023\\\/01\\\/cropped-noticia-2.png\",\"width\":720,\"height\":157,\"caption\":\"MsConectado\"},\"image\":{\"@id\":\"https:\\\/\\\/msconectado.com.br\\\/#\\\/schema\\\/logo\\\/image\\\/\"}},{\"@type\":\"Person\",\"@id\":\"https:\\\/\\\/msconectado.com.br\\\/#\\\/schema\\\/person\\\/e5585545b5687092f1041d350b6e2c16\",\"name\":\"MsConectado\",\"image\":{\"@type\":\"ImageObject\",\"inLanguage\":\"pt-BR\",\"@id\":\"https:\\\/\\\/secure.gravatar.com\\\/avatar\\\/3b4f84a0a8a4380ac4431fa79981d073692380c5da00ae97596e794ab0db5c8c?s=96&d=mm&r=g\",\"url\":\"https:\\\/\\\/secure.gravatar.com\\\/avatar\\\/3b4f84a0a8a4380ac4431fa79981d073692380c5da00ae97596e794ab0db5c8c?s=96&d=mm&r=g\",\"contentUrl\":\"https:\\\/\\\/secure.gravatar.com\\\/avatar\\\/3b4f84a0a8a4380ac4431fa79981d073692380c5da00ae97596e794ab0db5c8c?s=96&d=mm&r=g\",\"caption\":\"MsConectado\"},\"url\":\"https:\\\/\\\/msconectado.com.br\\\/?author=2\"}]}<\/script>\n<!-- \/ Yoast SEO plugin. -->","yoast_head_json":{"title":"Presidente da C\u00e2mara Municipal de Rio Brilhante recebe Delegados da Pol\u00edcia Civil do Munic\u00edpio - MsConectado","robots":{"index":"index","follow":"follow","max-snippet":"max-snippet:-1","max-image-preview":"max-image-preview:large","max-video-preview":"max-video-preview:-1"},"canonical":"https:\/\/msconectado.com.br\/?p=17026","og_locale":"pt_BR","og_type":"article","og_title":"Presidente da C\u00e2mara Municipal de Rio Brilhante recebe Delegados da Pol\u00edcia Civil do Munic\u00edpio - MsConectado","og_description":"Na manh\u00e3 desta quinta-feira (05), o presidente da C\u00e2mara Municipal, Paulo C\u00e9sar Alves (MDB), juntamente com a 1\u00aa Secret\u00e1ria Wandressa Barbosa (PSB), receberam no gabinete da presid\u00eancia o delegado Goethe Arce e a delegada Daniele Felismino da Pol\u00edcia Civil de Rio Brilhante. A visita teve como objetivo formalizar as boas vindas \u00e0 nova Mesa Diretora [&hellip;]","og_url":"https:\/\/msconectado.com.br\/?p=17026","og_site_name":"MsConectado","article_published_time":"2023-01-12T14:39:24+00:00","article_modified_time":"2023-01-13T12:01:12+00:00","og_image":[{"width":960,"height":720,"url":"https:\/\/msconectado.com.br\/wp-content\/uploads\/2023\/01\/25.jpg","type":"image\/jpeg"}],"author":"MsConectado","twitter_card":"summary_large_image","twitter_misc":{"Escrito por":"MsConectado","Est. tempo de leitura":"1 minuto"},"schema":{"@context":"https:\/\/schema.org","@graph":[{"@type":"Article","@id":"https:\/\/msconectado.com.br\/?p=17026#article","isPartOf":{"@id":"https:\/\/msconectado.com.br\/?p=17026"},"author":{"name":"MsConectado","@id":"https:\/\/msconectado.com.br\/#\/schema\/person\/e5585545b5687092f1041d350b6e2c16"},"headline":"Presidente da C\u00e2mara Municipal de Rio Brilhante recebe Delegados da Pol\u00edcia Civil do Munic\u00edpio","datePublished":"2023-01-12T14:39:24+00:00","dateModified":"2023-01-13T12:01:12+00:00","mainEntityOfPage":{"@id":"https:\/\/msconectado.com.br\/?p=17026"},"wordCount":300,"commentCount":0,"publisher":{"@id":"https:\/\/msconectado.com.br\/#organization"},"image":{"@id":"https:\/\/msconectado.com.br\/?p=17026#primaryimage"},"thumbnailUrl":"https:\/\/msconectado.com.br\/wp-content\/uploads\/2023\/01\/25.jpg","articleSection":["Cidades","Pol\u00edtica"],"inLanguage":"pt-BR","potentialAction":[{"@type":"CommentAction","name":"Comment","target":["https:\/\/msconectado.com.br\/?p=17026#respond"]}]},{"@type":"WebPage","@id":"https:\/\/msconectado.com.br\/?p=17026","url":"https:\/\/msconectado.com.br\/?p=17026","name":"Presidente da C\u00e2mara Municipal de Rio Brilhante recebe Delegados da Pol\u00edcia Civil do Munic\u00edpio - MsConectado","isPartOf":{"@id":"https:\/\/msconectado.com.br\/#website"},"primaryImageOfPage":{"@id":"https:\/\/msconectado.com.br\/?p=17026#primaryimage"},"image":{"@id":"https:\/\/msconectado.com.br\/?p=17026#primaryimage"},"thumbnailUrl":"https:\/\/msconectado.com.br\/wp-content\/uploads\/2023\/01\/25.jpg","datePublished":"2023-01-12T14:39:24+00:00","dateModified":"2023-01-13T12:01:12+00:00","breadcrumb":{"@id":"https:\/\/msconectado.com.br\/?p=17026#breadcrumb"},"inLanguage":"pt-BR","potentialAction":[{"@type":"ReadAction","target":["https:\/\/msconectado.com.br\/?p=17026"]}]},{"@type":"ImageObject","inLanguage":"pt-BR","@id":"https:\/\/msconectado.com.br\/?p=17026#primaryimage","url":"https:\/\/msconectado.com.br\/wp-content\/uploads\/2023\/01\/25.jpg","contentUrl":"https:\/\/msconectado.com.br\/wp-content\/uploads\/2023\/01\/25.jpg","width":960,"height":720},{"@type":"BreadcrumbList","@id":"https:\/\/msconectado.com.br\/?p=17026#breadcrumb","itemListElement":[{"@type":"ListItem","position":1,"name":"In\u00edcio","item":"https:\/\/msconectado.com.br\/?page_id=105"},{"@type":"ListItem","position":2,"name":"Presidente da C\u00e2mara Municipal de Rio Brilhante recebe Delegados da Pol\u00edcia Civil do Munic\u00edpio"}]},{"@type":"WebSite","@id":"https:\/\/msconectado.com.br\/#website","url":"https:\/\/msconectado.com.br\/","name":"MsConectado","description":"Voc\u00ea Conectado com a Not\u00edcia!","publisher":{"@id":"https:\/\/msconectado.com.br\/#organization"},"potentialAction":[{"@type":"SearchAction","target":{"@type":"EntryPoint","urlTemplate":"https:\/\/msconectado.com.br\/?s={search_term_string}"},"query-input":{"@type":"PropertyValueSpecification","valueRequired":true,"valueName":"search_term_string"}}],"inLanguage":"pt-BR"},{"@type":"Organization","@id":"https:\/\/msconectado.com.br\/#organization","name":"MsConectado","url":"https:\/\/msconectado.com.br\/","logo":{"@type":"ImageObject","inLanguage":"pt-BR","@id":"https:\/\/msconectado.com.br\/#\/schema\/logo\/image\/","url":"https:\/\/msconectado.com.br\/wp-content\/uploads\/2023\/01\/cropped-noticia-2.png","contentUrl":"https:\/\/msconectado.com.br\/wp-content\/uploads\/2023\/01\/cropped-noticia-2.png","width":720,"height":157,"caption":"MsConectado"},"image":{"@id":"https:\/\/msconectado.com.br\/#\/schema\/logo\/image\/"}},{"@type":"Person","@id":"https:\/\/msconectado.com.br\/#\/schema\/person\/e5585545b5687092f1041d350b6e2c16","name":"MsConectado","image":{"@type":"ImageObject","inLanguage":"pt-BR","@id":"https:\/\/secure.gravatar.com\/avatar\/3b4f84a0a8a4380ac4431fa79981d073692380c5da00ae97596e794ab0db5c8c?s=96&d=mm&r=g","url":"https:\/\/secure.gravatar.com\/avatar\/3b4f84a0a8a4380ac4431fa79981d073692380c5da00ae97596e794ab0db5c8c?s=96&d=mm&r=g","contentUrl":"https:\/\/secure.gravatar.com\/avatar\/3b4f84a0a8a4380ac4431fa79981d073692380c5da00ae97596e794ab0db5c8c?s=96&d=mm&r=g","caption":"MsConectado"},"url":"https:\/\/msconectado.com.br\/?author=2"}]}},"_links":{"self":[{"href":"https:\/\/msconectado.com.br\/index.php?rest_route=\/wp\/v2\/posts\/17026","targetHints":{"allow":["GET"]}}],"collection":[{"href":"https:\/\/msconectado.com.br\/index.php?rest_route=\/wp\/v2\/posts"}],"about":[{"href":"https:\/\/msconectado.com.br\/index.php?rest_route=\/wp\/v2\/types\/post"}],"author":[{"embeddable":true,"href":"https:\/\/msconectado.com.br\/index.php?rest_route=\/wp\/v2\/users\/2"}],"replies":[{"embeddable":true,"href":"https:\/\/msconectado.com.br\/index.php?rest_route=%2Fwp%2Fv2%2Fcomments&post=17026"}],"version-history":[{"count":2,"href":"https:\/\/msconectado.com.br\/index.php?rest_route=\/wp\/v2\/posts\/17026\/revisions"}],"predecessor-version":[{"id":17340,"href":"https:\/\/msconectado.com.br\/index.php?rest_route=\/wp\/v2\/posts\/17026\/revisions\/17340"}],"wp:featuredmedia":[{"embeddable":true,"href":"https:\/\/msconectado.com.br\/index.php?rest_route=\/wp\/v2\/media\/17027"}],"wp:attachment":[{"href":"https:\/\/msconectado.com.br\/index.php?rest_route=%2Fwp%2Fv2%2Fmedia&parent=17026"}],"wp:term":[{"taxonomy":"category","embeddable":true,"href":"https:\/\/msconectado.com.br\/index.php?rest_route=%2Fwp%2Fv2%2Fcategories&post=17026"},{"taxonomy":"post_tag","embeddable":true,"href":"https:\/\/msconectado.com.br\/index.php?rest_route=%2Fwp%2Fv2%2Ftags&post=17026"}],"curies":[{"name":"wp","href":"https:\/\/api.w.org\/{rel}","templated":true}]}}