
{"id":17034,"date":"2023-01-12T14:43:58","date_gmt":"2023-01-12T14:43:58","guid":{"rendered":"https:\/\/teste.msconectado.com.br\/?p=17034"},"modified":"2023-01-13T12:00:39","modified_gmt":"2023-01-13T12:00:39","slug":"em-reuniao-da-confederacao-nacional-dos-municipios-prefeito-marcos-calderan-demonstra-preocupacao-com-previa-populacional-divulgada-pelo-censo-2022","status":"publish","type":"post","link":"https:\/\/msconectado.com.br\/?p=17034","title":{"rendered":"Em reuni\u00e3o da Confedera\u00e7\u00e3o Nacional dos Munic\u00edpios, Prefeito Marcos Calderan demonstra preocupa\u00e7\u00e3o com pr\u00e9via populacional divulgada pelo CENSO 2022"},"content":{"rendered":"\n<h4 class=\"wp-block-heading\"><strong>Ainda n\u00e3o finalizado, CENSO confirmou popula\u00e7\u00e3o do munic\u00edpio em 43.247, muito abaixo do esperado pela administra\u00e7\u00e3o municipal.<\/strong><br><br>Na \u00faltima quarta-feira 04-01 o Prefeito Marcos Calderan, devidamente acompanhado do Secret\u00e1rio Municipal de Fazenda Andr\u00e9 Hadlich, Secret\u00e1ria de Governo Cl\u00e9o Wosniak e do Procurador Geral Dr. Robson Coradini, acompanhou a reuni\u00e3o organizada pela CNM \u2013 Confedera\u00e7\u00e3o Nacional dos Munic\u00edpios que abordou sobre os munic\u00edpios impactados pela decis\u00e3o do TCU \u2013 Tribunal de Contas da Uni\u00e3o.<br><br>A administra\u00e7\u00e3o municipal demonstra-se apreensiva com dois pontos: atraso na conclus\u00e3o do Censo 2022 e a decis\u00e3o do Tribunal de Contas da Uni\u00e3o (TCU) que n\u00e3o considera a Lei Complementar (LC) 165\/2019, que congela perdas de coeficientes do Fundo de Participa\u00e7\u00e3o dos Munic\u00edpios (FPM) at\u00e9 divulga\u00e7\u00e3o de novo Censo Demogr\u00e1fico.<br><br>O FPM \u2013 Fundo de Participa\u00e7\u00e3o dos Munic\u00edpios \u00e9 uma transfer\u00eancia constitucional da Uni\u00e3o para os munic\u00edpios, englobando entre diversos indicadores, fatores populacionais e o atraso no CENSO 2022, ainda n\u00e3o finalizado, bem como a \u201cpr\u00e9via\u201d divulgada muito abaixo do esperado, causam apreens\u00e3o nos valores que ser\u00e3o recebidos nos pr\u00f3ximos anos.<br><br>\u201cSabemos que ficamos por um longo per\u00edodo sem a atualiza\u00e7\u00e3o populacional do munic\u00edpio, falta de recursos da Uni\u00e3o e crise sanit\u00e1ria, foram fatores que de fato atrapalharam a realiza\u00e7\u00e3o do Censo anteriormente, entretanto, n\u00e3o podemos obter preju\u00edzos por dificuldades na realiza\u00e7\u00e3o deste levantamento. O FPM \u00e9 um dos principais recursos recebidos e fundamental para a manuten\u00e7\u00e3o da m\u00e1quina p\u00fablica e eventuais investimentos na cidade.\u201d Explicou Andr\u00e9 Hadlich, Secret\u00e1rio Municipal de Planejamento e Fazenda.<br><br>De acordo com o Prefeito Marcos Calderan, analisando levantamentos do pr\u00f3prio munic\u00edpio, incluindo servi\u00e7os b\u00e1sicos como sa\u00fade e educa\u00e7\u00e3o, nota-se que o \u00edndice populacional \u00e9 bem acima do divulgado.<br><br>\u201c<em>Estamos debatendo e buscando solu\u00e7\u00f5es, justamente para que essa pr\u00e9via, n\u00e3o se torne definitiva e influenciando no FPM, contamos tamb\u00e9m com a coopera\u00e7\u00e3o cont\u00ednua da comunidade, atenda o recenseador, responda as perguntas corretamente, tudo isso, influencia no presente e futuro de nossa cidade<\/em>.\u201d Alertou Marcos Calderan.<br><br>Ap\u00f3s altera\u00e7\u00f5es no calend\u00e1rio de entrega o IBGE prev\u00ea a finaliza\u00e7\u00e3o do CENSO 2022 para agora Janeiro de 2023.<\/h4>\n\n\n\n<h4 class=\"wp-block-heading\">Assessoria<\/h4>\n\n\n\n<figure class=\"wp-block-image\"><img decoding=\"async\" src=\"https:\/\/i.imgur.com\/R31xFca.jpg\" alt=\"\"\/><\/figure>\n\n\n\n<figure class=\"wp-block-image\"><img decoding=\"async\" src=\"https:\/\/i.imgur.com\/i7OXWMV.png\" alt=\"\"\/><\/figure>\n\n\n\n<figure class=\"wp-block-image\"><img decoding=\"async\" src=\"https:\/\/i.imgur.com\/MRhIHyG.png\" alt=\"\"\/><\/figure>\n\n\n\n<h4 class=\"wp-block-heading\">Acesse nossa p\u00e1gina no Facebook e fique por dentro dos destaques de Maracaju e regi\u00e3o.<br><a href=\"https:\/\/www.facebook.com\/MsConectado\/?__tn__=K-R&amp;eid=ARAhfp4e5aWbNVoyptzGrm4obmySmRA_YR3QE4VTRX5QMShFsdcdIz5Iq0b_MWIy7I4QmNXz6k8IoNle&amp;fref=mentions&amp;__xts__%5B0%5D=68.ARAioa_i2DB8DORiDt4nCzBX7dvRVCRXhE8omKRc8oaCnvkbB62J-ntBfEZirzPivEkJx1lDCVwLAcPtZ0yMQNLkCNTlcJQPj0xK6BaGWaOsY1faLudkMNiJdevECtsRmxRf4pPywtr6Ph-QfFtADqGObU6JSKIHeG-MeeDX4kDKXlTFIUBRK4hO5nTzRrhcr3MX5cg5M1qoQKrs0FAyJEjbCy_O8F2Huq0AcJWiZlkD8u8XSf0QlsVlsI8LptFuIqgBS8GhVTw0O9tDGx11ebCRNoaUxQIYsP4qWoTURB3au7pBOcC3DfEQdk--ypqG-M2wCG5kVpCnL3qr9XO0E0f23b1xxxMz0V4PiQ\">https:\/\/www.facebook.com\/MsConectado\/<\/a><\/h4>\n","protected":false},"excerpt":{"rendered":"<p>Ainda n\u00e3o finalizado, CENSO confirmou popula\u00e7\u00e3o do munic\u00edpio em 43.247, muito abaixo do esperado pela administra\u00e7\u00e3o municipal. Na \u00faltima quarta-feira 04-01 o Prefeito Marcos Calderan, devidamente acompanhado do Secret\u00e1rio Municipal de Fazenda Andr\u00e9 Hadlich, Secret\u00e1ria de Governo Cl\u00e9o Wosniak e do Procurador Geral Dr. Robson Coradini, acompanhou a reuni\u00e3o organizada pela CNM \u2013 Confedera\u00e7\u00e3o Nacional [&hellip;]<\/p>\n","protected":false},"author":2,"featured_media":17035,"comment_status":"open","ping_status":"closed","sticky":false,"template":"","format":"standard","meta":{"footnotes":""},"categories":[35],"tags":[],"class_list":["post-17034","post","type-post","status-publish","format-standard","has-post-thumbnail","hentry","category-cidades"],"yoast_head":"<!-- This site is optimized with the Yoast SEO plugin v27.5 - https:\/\/yoast.com\/product\/yoast-seo-wordpress\/ -->\n<title>Em reuni\u00e3o da Confedera\u00e7\u00e3o Nacional dos Munic\u00edpios, Prefeito Marcos Calderan demonstra preocupa\u00e7\u00e3o com pr\u00e9via populacional divulgada pelo CENSO 2022 - MsConectado<\/title>\n<meta name=\"robots\" content=\"index, follow, max-snippet:-1, max-image-preview:large, max-video-preview:-1\" \/>\n<link rel=\"canonical\" href=\"https:\/\/msconectado.com.br\/?p=17034\" \/>\n<meta property=\"og:locale\" content=\"pt_BR\" \/>\n<meta property=\"og:type\" content=\"article\" \/>\n<meta property=\"og:title\" content=\"Em reuni\u00e3o da Confedera\u00e7\u00e3o Nacional dos Munic\u00edpios, Prefeito Marcos Calderan demonstra preocupa\u00e7\u00e3o com pr\u00e9via populacional divulgada pelo CENSO 2022 - MsConectado\" \/>\n<meta property=\"og:description\" content=\"Ainda n\u00e3o finalizado, CENSO confirmou popula\u00e7\u00e3o do munic\u00edpio em 43.247, muito abaixo do esperado pela administra\u00e7\u00e3o municipal. Na \u00faltima quarta-feira 04-01 o Prefeito Marcos Calderan, devidamente acompanhado do Secret\u00e1rio Municipal de Fazenda Andr\u00e9 Hadlich, Secret\u00e1ria de Governo Cl\u00e9o Wosniak e do Procurador Geral Dr. Robson Coradini, acompanhou a reuni\u00e3o organizada pela CNM \u2013 Confedera\u00e7\u00e3o Nacional [&hellip;]\" \/>\n<meta property=\"og:url\" content=\"https:\/\/msconectado.com.br\/?p=17034\" \/>\n<meta property=\"og:site_name\" content=\"MsConectado\" \/>\n<meta property=\"article:published_time\" content=\"2023-01-12T14:43:58+00:00\" \/>\n<meta property=\"article:modified_time\" content=\"2023-01-13T12:00:39+00:00\" \/>\n<meta property=\"og:image\" content=\"https:\/\/msconectado.com.br\/wp-content\/uploads\/2023\/01\/23.jpg\" \/>\n\t<meta property=\"og:image:width\" content=\"800\" \/>\n\t<meta property=\"og:image:height\" content=\"533\" \/>\n\t<meta property=\"og:image:type\" content=\"image\/jpeg\" \/>\n<meta name=\"author\" content=\"MsConectado\" \/>\n<meta name=\"twitter:card\" content=\"summary_large_image\" \/>\n<meta name=\"twitter:label1\" content=\"Escrito por\" \/>\n\t<meta name=\"twitter:data1\" content=\"MsConectado\" \/>\n\t<meta name=\"twitter:label2\" content=\"Est. tempo de leitura\" \/>\n\t<meta name=\"twitter:data2\" content=\"2 minutos\" \/>\n<script type=\"application\/ld+json\" class=\"yoast-schema-graph\">{\"@context\":\"https:\\\/\\\/schema.org\",\"@graph\":[{\"@type\":\"Article\",\"@id\":\"https:\\\/\\\/msconectado.com.br\\\/?p=17034#article\",\"isPartOf\":{\"@id\":\"https:\\\/\\\/msconectado.com.br\\\/?p=17034\"},\"author\":{\"name\":\"MsConectado\",\"@id\":\"https:\\\/\\\/msconectado.com.br\\\/#\\\/schema\\\/person\\\/e5585545b5687092f1041d350b6e2c16\"},\"headline\":\"Em reuni\u00e3o da Confedera\u00e7\u00e3o Nacional dos Munic\u00edpios, Prefeito Marcos Calderan demonstra preocupa\u00e7\u00e3o com pr\u00e9via populacional divulgada pelo CENSO 2022\",\"datePublished\":\"2023-01-12T14:43:58+00:00\",\"dateModified\":\"2023-01-13T12:00:39+00:00\",\"mainEntityOfPage\":{\"@id\":\"https:\\\/\\\/msconectado.com.br\\\/?p=17034\"},\"wordCount\":436,\"commentCount\":0,\"publisher\":{\"@id\":\"https:\\\/\\\/msconectado.com.br\\\/#organization\"},\"image\":{\"@id\":\"https:\\\/\\\/msconectado.com.br\\\/?p=17034#primaryimage\"},\"thumbnailUrl\":\"https:\\\/\\\/msconectado.com.br\\\/wp-content\\\/uploads\\\/2023\\\/01\\\/23.jpg\",\"articleSection\":[\"Cidades\"],\"inLanguage\":\"pt-BR\",\"potentialAction\":[{\"@type\":\"CommentAction\",\"name\":\"Comment\",\"target\":[\"https:\\\/\\\/msconectado.com.br\\\/?p=17034#respond\"]}]},{\"@type\":\"WebPage\",\"@id\":\"https:\\\/\\\/msconectado.com.br\\\/?p=17034\",\"url\":\"https:\\\/\\\/msconectado.com.br\\\/?p=17034\",\"name\":\"Em reuni\u00e3o da Confedera\u00e7\u00e3o Nacional dos Munic\u00edpios, Prefeito Marcos Calderan demonstra preocupa\u00e7\u00e3o com pr\u00e9via populacional divulgada pelo CENSO 2022 - MsConectado\",\"isPartOf\":{\"@id\":\"https:\\\/\\\/msconectado.com.br\\\/#website\"},\"primaryImageOfPage\":{\"@id\":\"https:\\\/\\\/msconectado.com.br\\\/?p=17034#primaryimage\"},\"image\":{\"@id\":\"https:\\\/\\\/msconectado.com.br\\\/?p=17034#primaryimage\"},\"thumbnailUrl\":\"https:\\\/\\\/msconectado.com.br\\\/wp-content\\\/uploads\\\/2023\\\/01\\\/23.jpg\",\"datePublished\":\"2023-01-12T14:43:58+00:00\",\"dateModified\":\"2023-01-13T12:00:39+00:00\",\"breadcrumb\":{\"@id\":\"https:\\\/\\\/msconectado.com.br\\\/?p=17034#breadcrumb\"},\"inLanguage\":\"pt-BR\",\"potentialAction\":[{\"@type\":\"ReadAction\",\"target\":[\"https:\\\/\\\/msconectado.com.br\\\/?p=17034\"]}]},{\"@type\":\"ImageObject\",\"inLanguage\":\"pt-BR\",\"@id\":\"https:\\\/\\\/msconectado.com.br\\\/?p=17034#primaryimage\",\"url\":\"https:\\\/\\\/msconectado.com.br\\\/wp-content\\\/uploads\\\/2023\\\/01\\\/23.jpg\",\"contentUrl\":\"https:\\\/\\\/msconectado.com.br\\\/wp-content\\\/uploads\\\/2023\\\/01\\\/23.jpg\",\"width\":800,\"height\":533},{\"@type\":\"BreadcrumbList\",\"@id\":\"https:\\\/\\\/msconectado.com.br\\\/?p=17034#breadcrumb\",\"itemListElement\":[{\"@type\":\"ListItem\",\"position\":1,\"name\":\"In\u00edcio\",\"item\":\"https:\\\/\\\/msconectado.com.br\\\/\"},{\"@type\":\"ListItem\",\"position\":2,\"name\":\"Em reuni\u00e3o da Confedera\u00e7\u00e3o Nacional dos Munic\u00edpios, Prefeito Marcos Calderan demonstra preocupa\u00e7\u00e3o com pr\u00e9via populacional divulgada pelo CENSO 2022\"}]},{\"@type\":\"WebSite\",\"@id\":\"https:\\\/\\\/msconectado.com.br\\\/#website\",\"url\":\"https:\\\/\\\/msconectado.com.br\\\/\",\"name\":\"MsConectado\",\"description\":\"Voc\u00ea Conectado com a Not\u00edcia!\",\"publisher\":{\"@id\":\"https:\\\/\\\/msconectado.com.br\\\/#organization\"},\"potentialAction\":[{\"@type\":\"SearchAction\",\"target\":{\"@type\":\"EntryPoint\",\"urlTemplate\":\"https:\\\/\\\/msconectado.com.br\\\/?s={search_term_string}\"},\"query-input\":{\"@type\":\"PropertyValueSpecification\",\"valueRequired\":true,\"valueName\":\"search_term_string\"}}],\"inLanguage\":\"pt-BR\"},{\"@type\":\"Organization\",\"@id\":\"https:\\\/\\\/msconectado.com.br\\\/#organization\",\"name\":\"MsConectado\",\"url\":\"https:\\\/\\\/msconectado.com.br\\\/\",\"logo\":{\"@type\":\"ImageObject\",\"inLanguage\":\"pt-BR\",\"@id\":\"https:\\\/\\\/msconectado.com.br\\\/#\\\/schema\\\/logo\\\/image\\\/\",\"url\":\"https:\\\/\\\/msconectado.com.br\\\/wp-content\\\/uploads\\\/2023\\\/01\\\/cropped-noticia-2.png\",\"contentUrl\":\"https:\\\/\\\/msconectado.com.br\\\/wp-content\\\/uploads\\\/2023\\\/01\\\/cropped-noticia-2.png\",\"width\":720,\"height\":157,\"caption\":\"MsConectado\"},\"image\":{\"@id\":\"https:\\\/\\\/msconectado.com.br\\\/#\\\/schema\\\/logo\\\/image\\\/\"}},{\"@type\":\"Person\",\"@id\":\"https:\\\/\\\/msconectado.com.br\\\/#\\\/schema\\\/person\\\/e5585545b5687092f1041d350b6e2c16\",\"name\":\"MsConectado\",\"image\":{\"@type\":\"ImageObject\",\"inLanguage\":\"pt-BR\",\"@id\":\"https:\\\/\\\/secure.gravatar.com\\\/avatar\\\/3b4f84a0a8a4380ac4431fa79981d073692380c5da00ae97596e794ab0db5c8c?s=96&d=mm&r=g\",\"url\":\"https:\\\/\\\/secure.gravatar.com\\\/avatar\\\/3b4f84a0a8a4380ac4431fa79981d073692380c5da00ae97596e794ab0db5c8c?s=96&d=mm&r=g\",\"contentUrl\":\"https:\\\/\\\/secure.gravatar.com\\\/avatar\\\/3b4f84a0a8a4380ac4431fa79981d073692380c5da00ae97596e794ab0db5c8c?s=96&d=mm&r=g\",\"caption\":\"MsConectado\"},\"url\":\"https:\\\/\\\/msconectado.com.br\\\/?author=2\"}]}<\/script>\n<!-- \/ Yoast SEO plugin. -->","yoast_head_json":{"title":"Em reuni\u00e3o da Confedera\u00e7\u00e3o Nacional dos Munic\u00edpios, Prefeito Marcos Calderan demonstra preocupa\u00e7\u00e3o com pr\u00e9via populacional divulgada pelo CENSO 2022 - MsConectado","robots":{"index":"index","follow":"follow","max-snippet":"max-snippet:-1","max-image-preview":"max-image-preview:large","max-video-preview":"max-video-preview:-1"},"canonical":"https:\/\/msconectado.com.br\/?p=17034","og_locale":"pt_BR","og_type":"article","og_title":"Em reuni\u00e3o da Confedera\u00e7\u00e3o Nacional dos Munic\u00edpios, Prefeito Marcos Calderan demonstra preocupa\u00e7\u00e3o com pr\u00e9via populacional divulgada pelo CENSO 2022 - MsConectado","og_description":"Ainda n\u00e3o finalizado, CENSO confirmou popula\u00e7\u00e3o do munic\u00edpio em 43.247, muito abaixo do esperado pela administra\u00e7\u00e3o municipal. Na \u00faltima quarta-feira 04-01 o Prefeito Marcos Calderan, devidamente acompanhado do Secret\u00e1rio Municipal de Fazenda Andr\u00e9 Hadlich, Secret\u00e1ria de Governo Cl\u00e9o Wosniak e do Procurador Geral Dr. Robson Coradini, acompanhou a reuni\u00e3o organizada pela CNM \u2013 Confedera\u00e7\u00e3o Nacional [&hellip;]","og_url":"https:\/\/msconectado.com.br\/?p=17034","og_site_name":"MsConectado","article_published_time":"2023-01-12T14:43:58+00:00","article_modified_time":"2023-01-13T12:00:39+00:00","og_image":[{"width":800,"height":533,"url":"https:\/\/msconectado.com.br\/wp-content\/uploads\/2023\/01\/23.jpg","type":"image\/jpeg"}],"author":"MsConectado","twitter_card":"summary_large_image","twitter_misc":{"Escrito por":"MsConectado","Est. tempo de leitura":"2 minutos"},"schema":{"@context":"https:\/\/schema.org","@graph":[{"@type":"Article","@id":"https:\/\/msconectado.com.br\/?p=17034#article","isPartOf":{"@id":"https:\/\/msconectado.com.br\/?p=17034"},"author":{"name":"MsConectado","@id":"https:\/\/msconectado.com.br\/#\/schema\/person\/e5585545b5687092f1041d350b6e2c16"},"headline":"Em reuni\u00e3o da Confedera\u00e7\u00e3o Nacional dos Munic\u00edpios, Prefeito Marcos Calderan demonstra preocupa\u00e7\u00e3o com pr\u00e9via populacional divulgada pelo CENSO 2022","datePublished":"2023-01-12T14:43:58+00:00","dateModified":"2023-01-13T12:00:39+00:00","mainEntityOfPage":{"@id":"https:\/\/msconectado.com.br\/?p=17034"},"wordCount":436,"commentCount":0,"publisher":{"@id":"https:\/\/msconectado.com.br\/#organization"},"image":{"@id":"https:\/\/msconectado.com.br\/?p=17034#primaryimage"},"thumbnailUrl":"https:\/\/msconectado.com.br\/wp-content\/uploads\/2023\/01\/23.jpg","articleSection":["Cidades"],"inLanguage":"pt-BR","potentialAction":[{"@type":"CommentAction","name":"Comment","target":["https:\/\/msconectado.com.br\/?p=17034#respond"]}]},{"@type":"WebPage","@id":"https:\/\/msconectado.com.br\/?p=17034","url":"https:\/\/msconectado.com.br\/?p=17034","name":"Em reuni\u00e3o da Confedera\u00e7\u00e3o Nacional dos Munic\u00edpios, Prefeito Marcos Calderan demonstra preocupa\u00e7\u00e3o com pr\u00e9via populacional divulgada pelo CENSO 2022 - MsConectado","isPartOf":{"@id":"https:\/\/msconectado.com.br\/#website"},"primaryImageOfPage":{"@id":"https:\/\/msconectado.com.br\/?p=17034#primaryimage"},"image":{"@id":"https:\/\/msconectado.com.br\/?p=17034#primaryimage"},"thumbnailUrl":"https:\/\/msconectado.com.br\/wp-content\/uploads\/2023\/01\/23.jpg","datePublished":"2023-01-12T14:43:58+00:00","dateModified":"2023-01-13T12:00:39+00:00","breadcrumb":{"@id":"https:\/\/msconectado.com.br\/?p=17034#breadcrumb"},"inLanguage":"pt-BR","potentialAction":[{"@type":"ReadAction","target":["https:\/\/msconectado.com.br\/?p=17034"]}]},{"@type":"ImageObject","inLanguage":"pt-BR","@id":"https:\/\/msconectado.com.br\/?p=17034#primaryimage","url":"https:\/\/msconectado.com.br\/wp-content\/uploads\/2023\/01\/23.jpg","contentUrl":"https:\/\/msconectado.com.br\/wp-content\/uploads\/2023\/01\/23.jpg","width":800,"height":533},{"@type":"BreadcrumbList","@id":"https:\/\/msconectado.com.br\/?p=17034#breadcrumb","itemListElement":[{"@type":"ListItem","position":1,"name":"In\u00edcio","item":"https:\/\/msconectado.com.br\/"},{"@type":"ListItem","position":2,"name":"Em reuni\u00e3o da Confedera\u00e7\u00e3o Nacional dos Munic\u00edpios, Prefeito Marcos Calderan demonstra preocupa\u00e7\u00e3o com pr\u00e9via populacional divulgada pelo CENSO 2022"}]},{"@type":"WebSite","@id":"https:\/\/msconectado.com.br\/#website","url":"https:\/\/msconectado.com.br\/","name":"MsConectado","description":"Voc\u00ea Conectado com a Not\u00edcia!","publisher":{"@id":"https:\/\/msconectado.com.br\/#organization"},"potentialAction":[{"@type":"SearchAction","target":{"@type":"EntryPoint","urlTemplate":"https:\/\/msconectado.com.br\/?s={search_term_string}"},"query-input":{"@type":"PropertyValueSpecification","valueRequired":true,"valueName":"search_term_string"}}],"inLanguage":"pt-BR"},{"@type":"Organization","@id":"https:\/\/msconectado.com.br\/#organization","name":"MsConectado","url":"https:\/\/msconectado.com.br\/","logo":{"@type":"ImageObject","inLanguage":"pt-BR","@id":"https:\/\/msconectado.com.br\/#\/schema\/logo\/image\/","url":"https:\/\/msconectado.com.br\/wp-content\/uploads\/2023\/01\/cropped-noticia-2.png","contentUrl":"https:\/\/msconectado.com.br\/wp-content\/uploads\/2023\/01\/cropped-noticia-2.png","width":720,"height":157,"caption":"MsConectado"},"image":{"@id":"https:\/\/msconectado.com.br\/#\/schema\/logo\/image\/"}},{"@type":"Person","@id":"https:\/\/msconectado.com.br\/#\/schema\/person\/e5585545b5687092f1041d350b6e2c16","name":"MsConectado","image":{"@type":"ImageObject","inLanguage":"pt-BR","@id":"https:\/\/secure.gravatar.com\/avatar\/3b4f84a0a8a4380ac4431fa79981d073692380c5da00ae97596e794ab0db5c8c?s=96&d=mm&r=g","url":"https:\/\/secure.gravatar.com\/avatar\/3b4f84a0a8a4380ac4431fa79981d073692380c5da00ae97596e794ab0db5c8c?s=96&d=mm&r=g","contentUrl":"https:\/\/secure.gravatar.com\/avatar\/3b4f84a0a8a4380ac4431fa79981d073692380c5da00ae97596e794ab0db5c8c?s=96&d=mm&r=g","caption":"MsConectado"},"url":"https:\/\/msconectado.com.br\/?author=2"}]}},"_links":{"self":[{"href":"https:\/\/msconectado.com.br\/index.php?rest_route=\/wp\/v2\/posts\/17034","targetHints":{"allow":["GET"]}}],"collection":[{"href":"https:\/\/msconectado.com.br\/index.php?rest_route=\/wp\/v2\/posts"}],"about":[{"href":"https:\/\/msconectado.com.br\/index.php?rest_route=\/wp\/v2\/types\/post"}],"author":[{"embeddable":true,"href":"https:\/\/msconectado.com.br\/index.php?rest_route=\/wp\/v2\/users\/2"}],"replies":[{"embeddable":true,"href":"https:\/\/msconectado.com.br\/index.php?rest_route=%2Fwp%2Fv2%2Fcomments&post=17034"}],"version-history":[{"count":2,"href":"https:\/\/msconectado.com.br\/index.php?rest_route=\/wp\/v2\/posts\/17034\/revisions"}],"predecessor-version":[{"id":17338,"href":"https:\/\/msconectado.com.br\/index.php?rest_route=\/wp\/v2\/posts\/17034\/revisions\/17338"}],"wp:featuredmedia":[{"embeddable":true,"href":"https:\/\/msconectado.com.br\/index.php?rest_route=\/wp\/v2\/media\/17035"}],"wp:attachment":[{"href":"https:\/\/msconectado.com.br\/index.php?rest_route=%2Fwp%2Fv2%2Fmedia&parent=17034"}],"wp:term":[{"taxonomy":"category","embeddable":true,"href":"https:\/\/msconectado.com.br\/index.php?rest_route=%2Fwp%2Fv2%2Fcategories&post=17034"},{"taxonomy":"post_tag","embeddable":true,"href":"https:\/\/msconectado.com.br\/index.php?rest_route=%2Fwp%2Fv2%2Ftags&post=17034"}],"curies":[{"name":"wp","href":"https:\/\/api.w.org\/{rel}","templated":true}]}}