
{"id":17037,"date":"2023-01-12T14:44:58","date_gmt":"2023-01-12T14:44:58","guid":{"rendered":"https:\/\/teste.msconectado.com.br\/?p=17037"},"modified":"2023-01-13T12:00:24","modified_gmt":"2023-01-13T12:00:24","slug":"mato-grosso-do-sul-e-terreno-fertil-para-desenvolvimento-e-grandes-investimentos-declara-vice-governador","status":"publish","type":"post","link":"https:\/\/msconectado.com.br\/?p=17037","title":{"rendered":"Mato Grosso do Sul \u00e9 terreno f\u00e9rtil para desenvolvimento e grandes investimentos, declara vice-governador"},"content":{"rendered":"\n<h4 class=\"wp-block-heading\">Finalizada a primeira semana da gest\u00e3o de Eduardo Riedel no Governo de Mato Grosso do Sul, o vice-governador Barbosinha fez quest\u00e3o de enfatizar que o Estado \u00e9 terreno f\u00e9rtil para o desenvolvimento e para receber os grandes investimentos nacionais e internacionais que est\u00e3o por vir. A declara\u00e7\u00e3o foi feita durante entrevista na manh\u00e3 desta sexta-feira&nbsp; (6) na FM 104,7 Educativa, ao programa R\u00e1dio Livre.<\/h4>\n\n\n\n<h4 class=\"wp-block-heading\">\u201cEstamos nos preparando para este grande salto rumo a um futuro promissor. Vamos passar de um Estado eminentemente produtor e repassador de mat\u00e9ria-prima para um Estado muito mais industrializado. Mato Grosso do Sul tem o setor da celulose que tem crescido, obras estruturantes de rodovias, ferrovia, portos e aeroportos que s\u00e3o modais fundamentais para que possamos receber mais investimentos, al\u00e9m da Rota Bioce\u00e2nica que vai fazer com que a nossa economia cres\u00e7a ainda mais\u201d, comentou o vice ao enfatizar que o atual Governo far\u00e1 uma gest\u00e3o que facilite a vida dos cidad\u00e3os e cidad\u00e3s sendo inclusivo, pr\u00f3spero, verde e digital; cuide das pessoas com a manuten\u00e7\u00e3o de programas sociais, fortale\u00e7a o processo de regionaliza\u00e7\u00e3o da sa\u00fade e oportunize educa\u00e7\u00e3o de qualidade aos sul-mato-grossenses.<\/h4>\n\n\n\n<h4 class=\"wp-block-heading\">Na vis\u00e3o dele, o Governo possui grandes miss\u00f5es para com a popula\u00e7\u00e3o. \u201cTemos que fazer com que Mato Grosso do Sul esteja preparado para receber capital investidor; que use o exemplo do setor privado para aprimorar a m\u00e1quina p\u00fablica, facilitando a vida dos cidad\u00e3os sul-mato-grossenses e proporcionar o resgate social com oportunidades de emprego e renda melhor para nossa gente\u201d, real\u00e7ou.<\/h4>\n\n\n\n<h4 class=\"wp-block-heading\">Segundo Barbosinha, a Infovia Digital &#8211; Fibra \u00f3ptica de alt\u00edssima qualidade, compromisso do Plano de Governo de Eduardo Riedel para modernizar o Mato Grosso do Sul, tamb\u00e9m ser\u00e1 importante instrumento para possibilitar salto qualitativo em todas as \u00e1reas.<\/h4>\n\n\n\n<h4 class=\"wp-block-heading\"><strong>Di\u00e1logo produtivo e eficaz<\/strong><\/h4>\n\n\n\n<h4 class=\"wp-block-heading\">Aos jornalistas Joel Silva e Thiago Frizon, Barbosinha ainda falou da necessidade de se construir rela\u00e7\u00e3o institucional e pol\u00edticas de Estado atrav\u00e9s de um bom di\u00e1logo com o Governo Federal. \u201cTemos pautas que s\u00f3 ser\u00e3o destravadas com essa interlocu\u00e7\u00e3o. Teremos a maturidade necess\u00e1ria para construir este di\u00e1logo produtivo e real\u00e7ar parcerias que fortale\u00e7am o Mato Grosso do Sul\u201d, frisou.<\/h4>\n\n\n\n<h4 class=\"wp-block-heading\">Barbosinha disse que ficar\u00e1 livre na atual gest\u00e3o, sem estar ligado a nenhuma pasta espec\u00edfica, para atuar ajudando coletivamente. As miss\u00f5es que ir\u00e1 cumprir s\u00e3o as mais variadas e v\u00e3o desde o aux\u00edlio de contratos de gest\u00e3o com as respectivas secretarias, representa\u00e7\u00e3o institucional do Governo, al\u00e9m de outras pautas que lhe forem atribu\u00eddas.<\/h4>\n\n\n\n<h4 class=\"wp-block-heading\">\u201cO sucesso do Riedel \u00e9 o sucesso do Barbosinha. O Governo \u00e9 um s\u00f3. Eu enquanto vice-governador vou trabalhar para que esse Governo seja o melhor da hist\u00f3ria do Mato Grosso do Sul, sendo assim ser\u00e1 bom para o Riedel, ser\u00e1 bom para o vice e muito melhor ainda para a popula\u00e7\u00e3o e para o Estado do Mato Grosso do Sul\u201d, finalizou o vice-governador.&nbsp;<\/h4>\n\n\n\n<h4 class=\"wp-block-heading\">Assessoria<\/h4>\n\n\n\n<h4 class=\"wp-block-heading\"><em>Texto e fotos: Vice-governadoria de Mato Grosso do Sul<\/em><\/h4>\n\n\n\n<figure class=\"wp-block-image\"><img decoding=\"async\" src=\"https:\/\/i.imgur.com\/R31xFca.jpg\" alt=\"\"\/><\/figure>\n\n\n\n<figure class=\"wp-block-image\"><img decoding=\"async\" src=\"https:\/\/i.imgur.com\/i7OXWMV.png\" alt=\"\"\/><\/figure>\n\n\n\n<figure class=\"wp-block-image\"><img decoding=\"async\" src=\"https:\/\/i.imgur.com\/MRhIHyG.png\" alt=\"\"\/><\/figure>\n\n\n\n<h4 class=\"wp-block-heading\">Acesse nossa p\u00e1gina no Facebook e fique por dentro dos destaques de Maracaju e regi\u00e3o.<br><a href=\"https:\/\/www.facebook.com\/MsConectado\/?__tn__=K-R&amp;eid=ARAhfp4e5aWbNVoyptzGrm4obmySmRA_YR3QE4VTRX5QMShFsdcdIz5Iq0b_MWIy7I4QmNXz6k8IoNle&amp;fref=mentions&amp;__xts__%5B0%5D=68.ARAioa_i2DB8DORiDt4nCzBX7dvRVCRXhE8omKRc8oaCnvkbB62J-ntBfEZirzPivEkJx1lDCVwLAcPtZ0yMQNLkCNTlcJQPj0xK6BaGWaOsY1faLudkMNiJdevECtsRmxRf4pPywtr6Ph-QfFtADqGObU6JSKIHeG-MeeDX4kDKXlTFIUBRK4hO5nTzRrhcr3MX5cg5M1qoQKrs0FAyJEjbCy_O8F2Huq0AcJWiZlkD8u8XSf0QlsVlsI8LptFuIqgBS8GhVTw0O9tDGx11ebCRNoaUxQIYsP4qWoTURB3au7pBOcC3DfEQdk--ypqG-M2wCG5kVpCnL3qr9XO0E0f23b1xxxMz0V4PiQ\">https:\/\/www.facebook.com\/MsConectado\/<\/a><\/h4>\n","protected":false},"excerpt":{"rendered":"<p>Finalizada a primeira semana da gest\u00e3o de Eduardo Riedel no Governo de Mato Grosso do Sul, o vice-governador Barbosinha fez quest\u00e3o de enfatizar que o Estado \u00e9 terreno f\u00e9rtil para o desenvolvimento e para receber os grandes investimentos nacionais e internacionais que est\u00e3o por vir. A declara\u00e7\u00e3o foi feita durante entrevista na manh\u00e3 desta sexta-feira&nbsp; [&hellip;]<\/p>\n","protected":false},"author":2,"featured_media":17039,"comment_status":"open","ping_status":"closed","sticky":false,"template":"","format":"standard","meta":{"footnotes":""},"categories":[35,33],"tags":[],"class_list":["post-17037","post","type-post","status-publish","format-standard","has-post-thumbnail","hentry","category-cidades","category-politica"],"yoast_head":"<!-- This site is optimized with the Yoast SEO plugin v27.5 - https:\/\/yoast.com\/product\/yoast-seo-wordpress\/ -->\n<title>Mato Grosso do Sul \u00e9 terreno f\u00e9rtil para desenvolvimento e grandes investimentos, declara vice-governador - MsConectado<\/title>\n<meta name=\"robots\" content=\"index, follow, max-snippet:-1, max-image-preview:large, max-video-preview:-1\" \/>\n<link rel=\"canonical\" href=\"https:\/\/msconectado.com.br\/?p=17037\" \/>\n<meta property=\"og:locale\" content=\"pt_BR\" \/>\n<meta property=\"og:type\" content=\"article\" \/>\n<meta property=\"og:title\" content=\"Mato Grosso do Sul \u00e9 terreno f\u00e9rtil para desenvolvimento e grandes investimentos, declara vice-governador - MsConectado\" \/>\n<meta property=\"og:description\" content=\"Finalizada a primeira semana da gest\u00e3o de Eduardo Riedel no Governo de Mato Grosso do Sul, o vice-governador Barbosinha fez quest\u00e3o de enfatizar que o Estado \u00e9 terreno f\u00e9rtil para o desenvolvimento e para receber os grandes investimentos nacionais e internacionais que est\u00e3o por vir. A declara\u00e7\u00e3o foi feita durante entrevista na manh\u00e3 desta sexta-feira&nbsp; [&hellip;]\" \/>\n<meta property=\"og:url\" content=\"https:\/\/msconectado.com.br\/?p=17037\" \/>\n<meta property=\"og:site_name\" content=\"MsConectado\" \/>\n<meta property=\"article:published_time\" content=\"2023-01-12T14:44:58+00:00\" \/>\n<meta property=\"article:modified_time\" content=\"2023-01-13T12:00:24+00:00\" \/>\n<meta property=\"og:image\" content=\"https:\/\/msconectado.com.br\/wp-content\/uploads\/2023\/01\/22.jpg\" \/>\n\t<meta property=\"og:image:width\" content=\"730\" \/>\n\t<meta property=\"og:image:height\" content=\"425\" \/>\n\t<meta property=\"og:image:type\" content=\"image\/jpeg\" \/>\n<meta name=\"author\" content=\"MsConectado\" \/>\n<meta name=\"twitter:card\" content=\"summary_large_image\" \/>\n<meta name=\"twitter:label1\" content=\"Escrito por\" \/>\n\t<meta name=\"twitter:data1\" content=\"MsConectado\" \/>\n\t<meta name=\"twitter:label2\" content=\"Est. tempo de leitura\" \/>\n\t<meta name=\"twitter:data2\" content=\"3 minutos\" \/>\n<script type=\"application\/ld+json\" class=\"yoast-schema-graph\">{\"@context\":\"https:\\\/\\\/schema.org\",\"@graph\":[{\"@type\":\"Article\",\"@id\":\"https:\\\/\\\/msconectado.com.br\\\/?p=17037#article\",\"isPartOf\":{\"@id\":\"https:\\\/\\\/msconectado.com.br\\\/?p=17037\"},\"author\":{\"name\":\"MsConectado\",\"@id\":\"https:\\\/\\\/msconectado.com.br\\\/#\\\/schema\\\/person\\\/e5585545b5687092f1041d350b6e2c16\"},\"headline\":\"Mato Grosso do Sul \u00e9 terreno f\u00e9rtil para desenvolvimento e grandes investimentos, declara vice-governador\",\"datePublished\":\"2023-01-12T14:44:58+00:00\",\"dateModified\":\"2023-01-13T12:00:24+00:00\",\"mainEntityOfPage\":{\"@id\":\"https:\\\/\\\/msconectado.com.br\\\/?p=17037\"},\"wordCount\":561,\"commentCount\":0,\"publisher\":{\"@id\":\"https:\\\/\\\/msconectado.com.br\\\/#organization\"},\"image\":{\"@id\":\"https:\\\/\\\/msconectado.com.br\\\/?p=17037#primaryimage\"},\"thumbnailUrl\":\"https:\\\/\\\/msconectado.com.br\\\/wp-content\\\/uploads\\\/2023\\\/01\\\/22.jpg\",\"articleSection\":[\"Cidades\",\"Pol\u00edtica\"],\"inLanguage\":\"pt-BR\",\"potentialAction\":[{\"@type\":\"CommentAction\",\"name\":\"Comment\",\"target\":[\"https:\\\/\\\/msconectado.com.br\\\/?p=17037#respond\"]}]},{\"@type\":\"WebPage\",\"@id\":\"https:\\\/\\\/msconectado.com.br\\\/?p=17037\",\"url\":\"https:\\\/\\\/msconectado.com.br\\\/?p=17037\",\"name\":\"Mato Grosso do Sul \u00e9 terreno f\u00e9rtil para desenvolvimento e grandes investimentos, declara vice-governador - MsConectado\",\"isPartOf\":{\"@id\":\"https:\\\/\\\/msconectado.com.br\\\/#website\"},\"primaryImageOfPage\":{\"@id\":\"https:\\\/\\\/msconectado.com.br\\\/?p=17037#primaryimage\"},\"image\":{\"@id\":\"https:\\\/\\\/msconectado.com.br\\\/?p=17037#primaryimage\"},\"thumbnailUrl\":\"https:\\\/\\\/msconectado.com.br\\\/wp-content\\\/uploads\\\/2023\\\/01\\\/22.jpg\",\"datePublished\":\"2023-01-12T14:44:58+00:00\",\"dateModified\":\"2023-01-13T12:00:24+00:00\",\"breadcrumb\":{\"@id\":\"https:\\\/\\\/msconectado.com.br\\\/?p=17037#breadcrumb\"},\"inLanguage\":\"pt-BR\",\"potentialAction\":[{\"@type\":\"ReadAction\",\"target\":[\"https:\\\/\\\/msconectado.com.br\\\/?p=17037\"]}]},{\"@type\":\"ImageObject\",\"inLanguage\":\"pt-BR\",\"@id\":\"https:\\\/\\\/msconectado.com.br\\\/?p=17037#primaryimage\",\"url\":\"https:\\\/\\\/msconectado.com.br\\\/wp-content\\\/uploads\\\/2023\\\/01\\\/22.jpg\",\"contentUrl\":\"https:\\\/\\\/msconectado.com.br\\\/wp-content\\\/uploads\\\/2023\\\/01\\\/22.jpg\",\"width\":730,\"height\":425},{\"@type\":\"BreadcrumbList\",\"@id\":\"https:\\\/\\\/msconectado.com.br\\\/?p=17037#breadcrumb\",\"itemListElement\":[{\"@type\":\"ListItem\",\"position\":1,\"name\":\"In\u00edcio\",\"item\":\"https:\\\/\\\/msconectado.com.br\\\/?page_id=105\"},{\"@type\":\"ListItem\",\"position\":2,\"name\":\"Mato Grosso do Sul \u00e9 terreno f\u00e9rtil para desenvolvimento e grandes investimentos, declara vice-governador\"}]},{\"@type\":\"WebSite\",\"@id\":\"https:\\\/\\\/msconectado.com.br\\\/#website\",\"url\":\"https:\\\/\\\/msconectado.com.br\\\/\",\"name\":\"MsConectado\",\"description\":\"Voc\u00ea Conectado com a Not\u00edcia!\",\"publisher\":{\"@id\":\"https:\\\/\\\/msconectado.com.br\\\/#organization\"},\"potentialAction\":[{\"@type\":\"SearchAction\",\"target\":{\"@type\":\"EntryPoint\",\"urlTemplate\":\"https:\\\/\\\/msconectado.com.br\\\/?s={search_term_string}\"},\"query-input\":{\"@type\":\"PropertyValueSpecification\",\"valueRequired\":true,\"valueName\":\"search_term_string\"}}],\"inLanguage\":\"pt-BR\"},{\"@type\":\"Organization\",\"@id\":\"https:\\\/\\\/msconectado.com.br\\\/#organization\",\"name\":\"MsConectado\",\"url\":\"https:\\\/\\\/msconectado.com.br\\\/\",\"logo\":{\"@type\":\"ImageObject\",\"inLanguage\":\"pt-BR\",\"@id\":\"https:\\\/\\\/msconectado.com.br\\\/#\\\/schema\\\/logo\\\/image\\\/\",\"url\":\"https:\\\/\\\/msconectado.com.br\\\/wp-content\\\/uploads\\\/2023\\\/01\\\/cropped-noticia-2.png\",\"contentUrl\":\"https:\\\/\\\/msconectado.com.br\\\/wp-content\\\/uploads\\\/2023\\\/01\\\/cropped-noticia-2.png\",\"width\":720,\"height\":157,\"caption\":\"MsConectado\"},\"image\":{\"@id\":\"https:\\\/\\\/msconectado.com.br\\\/#\\\/schema\\\/logo\\\/image\\\/\"}},{\"@type\":\"Person\",\"@id\":\"https:\\\/\\\/msconectado.com.br\\\/#\\\/schema\\\/person\\\/e5585545b5687092f1041d350b6e2c16\",\"name\":\"MsConectado\",\"image\":{\"@type\":\"ImageObject\",\"inLanguage\":\"pt-BR\",\"@id\":\"https:\\\/\\\/secure.gravatar.com\\\/avatar\\\/3b4f84a0a8a4380ac4431fa79981d073692380c5da00ae97596e794ab0db5c8c?s=96&d=mm&r=g\",\"url\":\"https:\\\/\\\/secure.gravatar.com\\\/avatar\\\/3b4f84a0a8a4380ac4431fa79981d073692380c5da00ae97596e794ab0db5c8c?s=96&d=mm&r=g\",\"contentUrl\":\"https:\\\/\\\/secure.gravatar.com\\\/avatar\\\/3b4f84a0a8a4380ac4431fa79981d073692380c5da00ae97596e794ab0db5c8c?s=96&d=mm&r=g\",\"caption\":\"MsConectado\"},\"url\":\"https:\\\/\\\/msconectado.com.br\\\/?author=2\"}]}<\/script>\n<!-- \/ Yoast SEO plugin. -->","yoast_head_json":{"title":"Mato Grosso do Sul \u00e9 terreno f\u00e9rtil para desenvolvimento e grandes investimentos, declara vice-governador - MsConectado","robots":{"index":"index","follow":"follow","max-snippet":"max-snippet:-1","max-image-preview":"max-image-preview:large","max-video-preview":"max-video-preview:-1"},"canonical":"https:\/\/msconectado.com.br\/?p=17037","og_locale":"pt_BR","og_type":"article","og_title":"Mato Grosso do Sul \u00e9 terreno f\u00e9rtil para desenvolvimento e grandes investimentos, declara vice-governador - MsConectado","og_description":"Finalizada a primeira semana da gest\u00e3o de Eduardo Riedel no Governo de Mato Grosso do Sul, o vice-governador Barbosinha fez quest\u00e3o de enfatizar que o Estado \u00e9 terreno f\u00e9rtil para o desenvolvimento e para receber os grandes investimentos nacionais e internacionais que est\u00e3o por vir. A declara\u00e7\u00e3o foi feita durante entrevista na manh\u00e3 desta sexta-feira&nbsp; [&hellip;]","og_url":"https:\/\/msconectado.com.br\/?p=17037","og_site_name":"MsConectado","article_published_time":"2023-01-12T14:44:58+00:00","article_modified_time":"2023-01-13T12:00:24+00:00","og_image":[{"width":730,"height":425,"url":"https:\/\/msconectado.com.br\/wp-content\/uploads\/2023\/01\/22.jpg","type":"image\/jpeg"}],"author":"MsConectado","twitter_card":"summary_large_image","twitter_misc":{"Escrito por":"MsConectado","Est. tempo de leitura":"3 minutos"},"schema":{"@context":"https:\/\/schema.org","@graph":[{"@type":"Article","@id":"https:\/\/msconectado.com.br\/?p=17037#article","isPartOf":{"@id":"https:\/\/msconectado.com.br\/?p=17037"},"author":{"name":"MsConectado","@id":"https:\/\/msconectado.com.br\/#\/schema\/person\/e5585545b5687092f1041d350b6e2c16"},"headline":"Mato Grosso do Sul \u00e9 terreno f\u00e9rtil para desenvolvimento e grandes investimentos, declara vice-governador","datePublished":"2023-01-12T14:44:58+00:00","dateModified":"2023-01-13T12:00:24+00:00","mainEntityOfPage":{"@id":"https:\/\/msconectado.com.br\/?p=17037"},"wordCount":561,"commentCount":0,"publisher":{"@id":"https:\/\/msconectado.com.br\/#organization"},"image":{"@id":"https:\/\/msconectado.com.br\/?p=17037#primaryimage"},"thumbnailUrl":"https:\/\/msconectado.com.br\/wp-content\/uploads\/2023\/01\/22.jpg","articleSection":["Cidades","Pol\u00edtica"],"inLanguage":"pt-BR","potentialAction":[{"@type":"CommentAction","name":"Comment","target":["https:\/\/msconectado.com.br\/?p=17037#respond"]}]},{"@type":"WebPage","@id":"https:\/\/msconectado.com.br\/?p=17037","url":"https:\/\/msconectado.com.br\/?p=17037","name":"Mato Grosso do Sul \u00e9 terreno f\u00e9rtil para desenvolvimento e grandes investimentos, declara vice-governador - MsConectado","isPartOf":{"@id":"https:\/\/msconectado.com.br\/#website"},"primaryImageOfPage":{"@id":"https:\/\/msconectado.com.br\/?p=17037#primaryimage"},"image":{"@id":"https:\/\/msconectado.com.br\/?p=17037#primaryimage"},"thumbnailUrl":"https:\/\/msconectado.com.br\/wp-content\/uploads\/2023\/01\/22.jpg","datePublished":"2023-01-12T14:44:58+00:00","dateModified":"2023-01-13T12:00:24+00:00","breadcrumb":{"@id":"https:\/\/msconectado.com.br\/?p=17037#breadcrumb"},"inLanguage":"pt-BR","potentialAction":[{"@type":"ReadAction","target":["https:\/\/msconectado.com.br\/?p=17037"]}]},{"@type":"ImageObject","inLanguage":"pt-BR","@id":"https:\/\/msconectado.com.br\/?p=17037#primaryimage","url":"https:\/\/msconectado.com.br\/wp-content\/uploads\/2023\/01\/22.jpg","contentUrl":"https:\/\/msconectado.com.br\/wp-content\/uploads\/2023\/01\/22.jpg","width":730,"height":425},{"@type":"BreadcrumbList","@id":"https:\/\/msconectado.com.br\/?p=17037#breadcrumb","itemListElement":[{"@type":"ListItem","position":1,"name":"In\u00edcio","item":"https:\/\/msconectado.com.br\/?page_id=105"},{"@type":"ListItem","position":2,"name":"Mato Grosso do Sul \u00e9 terreno f\u00e9rtil para desenvolvimento e grandes investimentos, declara vice-governador"}]},{"@type":"WebSite","@id":"https:\/\/msconectado.com.br\/#website","url":"https:\/\/msconectado.com.br\/","name":"MsConectado","description":"Voc\u00ea Conectado com a Not\u00edcia!","publisher":{"@id":"https:\/\/msconectado.com.br\/#organization"},"potentialAction":[{"@type":"SearchAction","target":{"@type":"EntryPoint","urlTemplate":"https:\/\/msconectado.com.br\/?s={search_term_string}"},"query-input":{"@type":"PropertyValueSpecification","valueRequired":true,"valueName":"search_term_string"}}],"inLanguage":"pt-BR"},{"@type":"Organization","@id":"https:\/\/msconectado.com.br\/#organization","name":"MsConectado","url":"https:\/\/msconectado.com.br\/","logo":{"@type":"ImageObject","inLanguage":"pt-BR","@id":"https:\/\/msconectado.com.br\/#\/schema\/logo\/image\/","url":"https:\/\/msconectado.com.br\/wp-content\/uploads\/2023\/01\/cropped-noticia-2.png","contentUrl":"https:\/\/msconectado.com.br\/wp-content\/uploads\/2023\/01\/cropped-noticia-2.png","width":720,"height":157,"caption":"MsConectado"},"image":{"@id":"https:\/\/msconectado.com.br\/#\/schema\/logo\/image\/"}},{"@type":"Person","@id":"https:\/\/msconectado.com.br\/#\/schema\/person\/e5585545b5687092f1041d350b6e2c16","name":"MsConectado","image":{"@type":"ImageObject","inLanguage":"pt-BR","@id":"https:\/\/secure.gravatar.com\/avatar\/3b4f84a0a8a4380ac4431fa79981d073692380c5da00ae97596e794ab0db5c8c?s=96&d=mm&r=g","url":"https:\/\/secure.gravatar.com\/avatar\/3b4f84a0a8a4380ac4431fa79981d073692380c5da00ae97596e794ab0db5c8c?s=96&d=mm&r=g","contentUrl":"https:\/\/secure.gravatar.com\/avatar\/3b4f84a0a8a4380ac4431fa79981d073692380c5da00ae97596e794ab0db5c8c?s=96&d=mm&r=g","caption":"MsConectado"},"url":"https:\/\/msconectado.com.br\/?author=2"}]}},"_links":{"self":[{"href":"https:\/\/msconectado.com.br\/index.php?rest_route=\/wp\/v2\/posts\/17037","targetHints":{"allow":["GET"]}}],"collection":[{"href":"https:\/\/msconectado.com.br\/index.php?rest_route=\/wp\/v2\/posts"}],"about":[{"href":"https:\/\/msconectado.com.br\/index.php?rest_route=\/wp\/v2\/types\/post"}],"author":[{"embeddable":true,"href":"https:\/\/msconectado.com.br\/index.php?rest_route=\/wp\/v2\/users\/2"}],"replies":[{"embeddable":true,"href":"https:\/\/msconectado.com.br\/index.php?rest_route=%2Fwp%2Fv2%2Fcomments&post=17037"}],"version-history":[{"count":2,"href":"https:\/\/msconectado.com.br\/index.php?rest_route=\/wp\/v2\/posts\/17037\/revisions"}],"predecessor-version":[{"id":17337,"href":"https:\/\/msconectado.com.br\/index.php?rest_route=\/wp\/v2\/posts\/17037\/revisions\/17337"}],"wp:featuredmedia":[{"embeddable":true,"href":"https:\/\/msconectado.com.br\/index.php?rest_route=\/wp\/v2\/media\/17039"}],"wp:attachment":[{"href":"https:\/\/msconectado.com.br\/index.php?rest_route=%2Fwp%2Fv2%2Fmedia&parent=17037"}],"wp:term":[{"taxonomy":"category","embeddable":true,"href":"https:\/\/msconectado.com.br\/index.php?rest_route=%2Fwp%2Fv2%2Fcategories&post=17037"},{"taxonomy":"post_tag","embeddable":true,"href":"https:\/\/msconectado.com.br\/index.php?rest_route=%2Fwp%2Fv2%2Ftags&post=17037"}],"curies":[{"name":"wp","href":"https:\/\/api.w.org\/{rel}","templated":true}]}}