
{"id":17098,"date":"2023-01-12T17:19:52","date_gmt":"2023-01-12T17:19:52","guid":{"rendered":"https:\/\/teste.msconectado.com.br\/?p=17098"},"modified":"2023-01-13T11:59:31","modified_gmt":"2023-01-13T11:59:31","slug":"governador-promoveu-reunioes-com-setor-empresarial-e-classe-politica-na-primeira-semana","status":"publish","type":"post","link":"https:\/\/msconectado.com.br\/?p=17098","title":{"rendered":"Governador promoveu reuni\u00f5es com setor empresarial e classe pol\u00edtica na primeira semana"},"content":{"rendered":"\n<h4 class=\"wp-block-heading\">A primeira semana de trabalho do governador Eduardo Riedel foi produtiva e de muitas reuni\u00f5es importantes. Ele se reuniu com o Grupo Suzano, para discutir a constru\u00e7\u00e3o da f\u00e1brica de celulose em Ribas do Rio Pardo, que est\u00e1 em andamento, recebeu parlamentares e prefeitos e ainda assinou a posse do novo procurador-geral do Minist\u00e9rio P\u00fablico de Contas (MPC), Jo\u00e3o Ant\u00f4nio de Oliveira Martins J\u00fanior.<\/h4>\n\n\n\n<h4 class=\"wp-block-heading\">Com a meta de promover uma gest\u00e3o inclusiva, verde, digital e pr\u00f3spera, Eduardo Riedel tem trabalhado com afinco neste in\u00edcio de Governo. No primeiro dia de trabalho fez quest\u00e3o de reunir os servidores da Governadoria para participarem de uma ben\u00e7\u00e3o ecum\u00eanica, que teve a participa\u00e7\u00e3o do Ap\u00f3stolo Edmilson Oliveira e do Arcebispo Dom Dimas Lara Barbosa.<\/h4>\n\n\n\n<h4 class=\"wp-block-heading\">\u201cIniciar a caminhada com as b\u00ean\u00e7\u00e3os e agradecimentos a Deus por termos chegado at\u00e9 aqui \u00e9 uma a\u00e7\u00e3o importante para n\u00f3s e agora seguimos com paz e tranquilidade nestes pr\u00f3ximos dias que ser\u00e3o de arrumar a casa\u201d, destacou ele.<\/h4>\n\n\n\n<h4 class=\"wp-block-heading\">A semana teve a visita de parlamentares e prefeitos, al\u00e9m das primeiras reuni\u00f5es com os novos secret\u00e1rios estaduais, respons\u00e1veis por colocar os diversos programas e projetos em pr\u00e1tica, seguindo assim o plano de governo definido por Riedel.<\/h4>\n\n\n\n<h4 class=\"wp-block-heading\">Tamb\u00e9m cumpriu compromissos previstos no mandato, entre eles a assinatura da posse do novo procurador-geral do MPC, Jo\u00e3o Ant\u00f4nio de Oliveira Martins J\u00fanior, em cerim\u00f4nia que ocorreu na sala de reuni\u00f5es da Governadoria. Durante a solenidade destacou a import\u00e2ncia da institui\u00e7\u00e3o para o fortalecimento da democracia.<\/h4>\n\n\n\n<h4 class=\"wp-block-heading\">\u201cO Minist\u00e9rio P\u00fablico de Contas \u00e9 um instrumento indispens\u00e1vel na democracia, que refor\u00e7a todo o trabalho desenvolvido no Tribunal de Contas. Estamos aqui assinando a posse do procurador-geral, refor\u00e7ando este ato democr\u00e1tico que \u00e9 fundamental ao bom funcionamento do Estado\u201d, afirmou.<\/h4>\n\n\n\n<h4 class=\"wp-block-heading\"><strong>Investimento bilion\u00e1rio<\/strong><\/h4>\n\n\n\n<h4 class=\"wp-block-heading\">Riedel se reuniu nesta semana com diretores da Suzano para discutir a obra de constru\u00e7\u00e3o da f\u00e1brica de celulose, em Ribas do Rio Pardo, que tem investimento previsto de R$ 19,3 bilh\u00f5es. Durante o encontro ambos os lados confirmaram que as a\u00e7\u00f5es est\u00e3o dentro do cronograma previsto.<\/h4>\n\n\n\n<h4 class=\"wp-block-heading\">O governador anunciou que vai levar uma comitiva de secret\u00e1rios a Ribas do Rio Pardo em fevereiro, para manter o ritmo dos investimentos p\u00fablicos na cidade, com a\u00e7\u00f5es em diferentes setores, como infraestrutura, sa\u00fade, seguran\u00e7a e educa\u00e7\u00e3o. Esta \u00e9 a contrapartida do Estado para vinda deste megaempreendimento ao munic\u00edpio.&nbsp;<\/h4>\n\n\n\n<h4 class=\"wp-block-heading\">\u201cO Governo est\u00e1 ratificando os seus compromissos com o desenvolvimento de Ribas e criando uma estrutura para facilitar o empreendimento como um todo, que hoje conta com 7 mil colaboradores. Em junho deste ano, ser\u00e3o 10 mil colaboradores. Vamos estar juntos com o prefeito Jo\u00e3o Alfredo em fevereiro\u201d, explicou Riedel.&nbsp;A obra da f\u00e1brica come\u00e7ou em maio de 2021 e deve ser conclu\u00edda no final de 2024.<\/h4>\n\n\n\n<h4 class=\"wp-block-heading\"><em>Leonardo Rocha, Comunica\u00e7\u00e3o do Governo de Mato Grosso do Sul&nbsp;<\/em><br><em>Foto: Saul Schramm<\/em><\/h4>\n\n\n\n<figure class=\"wp-block-image\"><img decoding=\"async\" src=\"https:\/\/i.imgur.com\/R31xFca.jpg\" alt=\"\"\/><\/figure>\n\n\n\n<figure class=\"wp-block-image\"><img decoding=\"async\" src=\"https:\/\/i.imgur.com\/i7OXWMV.png\" alt=\"\"\/><\/figure>\n\n\n\n<figure class=\"wp-block-image\"><img decoding=\"async\" src=\"https:\/\/i.imgur.com\/MRhIHyG.png\" alt=\"\"\/><\/figure>\n\n\n\n<h4 class=\"wp-block-heading\">Acesse nossa p\u00e1gina no Facebook e fique por dentro dos destaques de Maracaju e regi\u00e3o.<br><a href=\"https:\/\/www.facebook.com\/MsConectado\/?__tn__=K-R&amp;eid=ARAhfp4e5aWbNVoyptzGrm4obmySmRA_YR3QE4VTRX5QMShFsdcdIz5Iq0b_MWIy7I4QmNXz6k8IoNle&amp;fref=mentions&amp;__xts__%5B0%5D=68.ARAioa_i2DB8DORiDt4nCzBX7dvRVCRXhE8omKRc8oaCnvkbB62J-ntBfEZirzPivEkJx1lDCVwLAcPtZ0yMQNLkCNTlcJQPj0xK6BaGWaOsY1faLudkMNiJdevECtsRmxRf4pPywtr6Ph-QfFtADqGObU6JSKIHeG-MeeDX4kDKXlTFIUBRK4hO5nTzRrhcr3MX5cg5M1qoQKrs0FAyJEjbCy_O8F2Huq0AcJWiZlkD8u8XSf0QlsVlsI8LptFuIqgBS8GhVTw0O9tDGx11ebCRNoaUxQIYsP4qWoTURB3au7pBOcC3DfEQdk--ypqG-M2wCG5kVpCnL3qr9XO0E0f23b1xxxMz0V4PiQ\">https:\/\/www.facebook.com\/MsConectado\/<\/a><\/h4>\n","protected":false},"excerpt":{"rendered":"<p>A primeira semana de trabalho do governador Eduardo Riedel foi produtiva e de muitas reuni\u00f5es importantes. Ele se reuniu com o Grupo Suzano, para discutir a constru\u00e7\u00e3o da f\u00e1brica de celulose em Ribas do Rio Pardo, que est\u00e1 em andamento, recebeu parlamentares e prefeitos e ainda assinou a posse do novo procurador-geral do Minist\u00e9rio P\u00fablico [&hellip;]<\/p>\n","protected":false},"author":2,"featured_media":17102,"comment_status":"open","ping_status":"closed","sticky":false,"template":"","format":"standard","meta":{"footnotes":""},"categories":[34],"tags":[],"class_list":["post-17098","post","type-post","status-publish","format-standard","has-post-thumbnail","hentry","category-comercio"],"yoast_head":"<!-- This site is optimized with the Yoast SEO plugin v27.5 - https:\/\/yoast.com\/product\/yoast-seo-wordpress\/ -->\n<title>Governador promoveu reuni\u00f5es com setor empresarial e classe pol\u00edtica na primeira semana - MsConectado<\/title>\n<meta name=\"robots\" content=\"index, follow, max-snippet:-1, max-image-preview:large, max-video-preview:-1\" \/>\n<link rel=\"canonical\" href=\"https:\/\/msconectado.com.br\/?p=17098\" \/>\n<meta property=\"og:locale\" content=\"pt_BR\" \/>\n<meta property=\"og:type\" content=\"article\" \/>\n<meta property=\"og:title\" content=\"Governador promoveu reuni\u00f5es com setor empresarial e classe pol\u00edtica na primeira semana - MsConectado\" \/>\n<meta property=\"og:description\" content=\"A primeira semana de trabalho do governador Eduardo Riedel foi produtiva e de muitas reuni\u00f5es importantes. Ele se reuniu com o Grupo Suzano, para discutir a constru\u00e7\u00e3o da f\u00e1brica de celulose em Ribas do Rio Pardo, que est\u00e1 em andamento, recebeu parlamentares e prefeitos e ainda assinou a posse do novo procurador-geral do Minist\u00e9rio P\u00fablico [&hellip;]\" \/>\n<meta property=\"og:url\" content=\"https:\/\/msconectado.com.br\/?p=17098\" \/>\n<meta property=\"og:site_name\" content=\"MsConectado\" \/>\n<meta property=\"article:published_time\" content=\"2023-01-12T17:19:52+00:00\" \/>\n<meta property=\"article:modified_time\" content=\"2023-01-13T11:59:31+00:00\" \/>\n<meta property=\"og:image\" content=\"https:\/\/msconectado.com.br\/wp-content\/uploads\/2023\/01\/19.jpg\" \/>\n\t<meta property=\"og:image:width\" content=\"730\" \/>\n\t<meta property=\"og:image:height\" content=\"480\" \/>\n\t<meta property=\"og:image:type\" content=\"image\/jpeg\" \/>\n<meta name=\"author\" content=\"MsConectado\" \/>\n<meta name=\"twitter:card\" content=\"summary_large_image\" \/>\n<meta name=\"twitter:label1\" content=\"Escrito por\" \/>\n\t<meta name=\"twitter:data1\" content=\"MsConectado\" \/>\n\t<meta name=\"twitter:label2\" content=\"Est. tempo de leitura\" \/>\n\t<meta name=\"twitter:data2\" content=\"3 minutos\" \/>\n<script type=\"application\/ld+json\" class=\"yoast-schema-graph\">{\"@context\":\"https:\\\/\\\/schema.org\",\"@graph\":[{\"@type\":\"Article\",\"@id\":\"https:\\\/\\\/msconectado.com.br\\\/?p=17098#article\",\"isPartOf\":{\"@id\":\"https:\\\/\\\/msconectado.com.br\\\/?p=17098\"},\"author\":{\"name\":\"MsConectado\",\"@id\":\"https:\\\/\\\/msconectado.com.br\\\/#\\\/schema\\\/person\\\/e5585545b5687092f1041d350b6e2c16\"},\"headline\":\"Governador promoveu reuni\u00f5es com setor empresarial e classe pol\u00edtica na primeira semana\",\"datePublished\":\"2023-01-12T17:19:52+00:00\",\"dateModified\":\"2023-01-13T11:59:31+00:00\",\"mainEntityOfPage\":{\"@id\":\"https:\\\/\\\/msconectado.com.br\\\/?p=17098\"},\"wordCount\":551,\"commentCount\":0,\"publisher\":{\"@id\":\"https:\\\/\\\/msconectado.com.br\\\/#organization\"},\"image\":{\"@id\":\"https:\\\/\\\/msconectado.com.br\\\/?p=17098#primaryimage\"},\"thumbnailUrl\":\"https:\\\/\\\/msconectado.com.br\\\/wp-content\\\/uploads\\\/2023\\\/01\\\/19.jpg\",\"articleSection\":[\"Com\u00e9rcio\"],\"inLanguage\":\"pt-BR\",\"potentialAction\":[{\"@type\":\"CommentAction\",\"name\":\"Comment\",\"target\":[\"https:\\\/\\\/msconectado.com.br\\\/?p=17098#respond\"]}]},{\"@type\":\"WebPage\",\"@id\":\"https:\\\/\\\/msconectado.com.br\\\/?p=17098\",\"url\":\"https:\\\/\\\/msconectado.com.br\\\/?p=17098\",\"name\":\"Governador promoveu reuni\u00f5es com setor empresarial e classe pol\u00edtica na primeira semana - MsConectado\",\"isPartOf\":{\"@id\":\"https:\\\/\\\/msconectado.com.br\\\/#website\"},\"primaryImageOfPage\":{\"@id\":\"https:\\\/\\\/msconectado.com.br\\\/?p=17098#primaryimage\"},\"image\":{\"@id\":\"https:\\\/\\\/msconectado.com.br\\\/?p=17098#primaryimage\"},\"thumbnailUrl\":\"https:\\\/\\\/msconectado.com.br\\\/wp-content\\\/uploads\\\/2023\\\/01\\\/19.jpg\",\"datePublished\":\"2023-01-12T17:19:52+00:00\",\"dateModified\":\"2023-01-13T11:59:31+00:00\",\"breadcrumb\":{\"@id\":\"https:\\\/\\\/msconectado.com.br\\\/?p=17098#breadcrumb\"},\"inLanguage\":\"pt-BR\",\"potentialAction\":[{\"@type\":\"ReadAction\",\"target\":[\"https:\\\/\\\/msconectado.com.br\\\/?p=17098\"]}]},{\"@type\":\"ImageObject\",\"inLanguage\":\"pt-BR\",\"@id\":\"https:\\\/\\\/msconectado.com.br\\\/?p=17098#primaryimage\",\"url\":\"https:\\\/\\\/msconectado.com.br\\\/wp-content\\\/uploads\\\/2023\\\/01\\\/19.jpg\",\"contentUrl\":\"https:\\\/\\\/msconectado.com.br\\\/wp-content\\\/uploads\\\/2023\\\/01\\\/19.jpg\",\"width\":730,\"height\":480},{\"@type\":\"BreadcrumbList\",\"@id\":\"https:\\\/\\\/msconectado.com.br\\\/?p=17098#breadcrumb\",\"itemListElement\":[{\"@type\":\"ListItem\",\"position\":1,\"name\":\"In\u00edcio\",\"item\":\"https:\\\/\\\/msconectado.com.br\\\/?page_id=105\"},{\"@type\":\"ListItem\",\"position\":2,\"name\":\"Governador promoveu reuni\u00f5es com setor empresarial e classe pol\u00edtica na primeira semana\"}]},{\"@type\":\"WebSite\",\"@id\":\"https:\\\/\\\/msconectado.com.br\\\/#website\",\"url\":\"https:\\\/\\\/msconectado.com.br\\\/\",\"name\":\"MsConectado\",\"description\":\"Voc\u00ea Conectado com a Not\u00edcia!\",\"publisher\":{\"@id\":\"https:\\\/\\\/msconectado.com.br\\\/#organization\"},\"potentialAction\":[{\"@type\":\"SearchAction\",\"target\":{\"@type\":\"EntryPoint\",\"urlTemplate\":\"https:\\\/\\\/msconectado.com.br\\\/?s={search_term_string}\"},\"query-input\":{\"@type\":\"PropertyValueSpecification\",\"valueRequired\":true,\"valueName\":\"search_term_string\"}}],\"inLanguage\":\"pt-BR\"},{\"@type\":\"Organization\",\"@id\":\"https:\\\/\\\/msconectado.com.br\\\/#organization\",\"name\":\"MsConectado\",\"url\":\"https:\\\/\\\/msconectado.com.br\\\/\",\"logo\":{\"@type\":\"ImageObject\",\"inLanguage\":\"pt-BR\",\"@id\":\"https:\\\/\\\/msconectado.com.br\\\/#\\\/schema\\\/logo\\\/image\\\/\",\"url\":\"https:\\\/\\\/msconectado.com.br\\\/wp-content\\\/uploads\\\/2023\\\/01\\\/cropped-noticia-2.png\",\"contentUrl\":\"https:\\\/\\\/msconectado.com.br\\\/wp-content\\\/uploads\\\/2023\\\/01\\\/cropped-noticia-2.png\",\"width\":720,\"height\":157,\"caption\":\"MsConectado\"},\"image\":{\"@id\":\"https:\\\/\\\/msconectado.com.br\\\/#\\\/schema\\\/logo\\\/image\\\/\"}},{\"@type\":\"Person\",\"@id\":\"https:\\\/\\\/msconectado.com.br\\\/#\\\/schema\\\/person\\\/e5585545b5687092f1041d350b6e2c16\",\"name\":\"MsConectado\",\"image\":{\"@type\":\"ImageObject\",\"inLanguage\":\"pt-BR\",\"@id\":\"https:\\\/\\\/secure.gravatar.com\\\/avatar\\\/3b4f84a0a8a4380ac4431fa79981d073692380c5da00ae97596e794ab0db5c8c?s=96&d=mm&r=g\",\"url\":\"https:\\\/\\\/secure.gravatar.com\\\/avatar\\\/3b4f84a0a8a4380ac4431fa79981d073692380c5da00ae97596e794ab0db5c8c?s=96&d=mm&r=g\",\"contentUrl\":\"https:\\\/\\\/secure.gravatar.com\\\/avatar\\\/3b4f84a0a8a4380ac4431fa79981d073692380c5da00ae97596e794ab0db5c8c?s=96&d=mm&r=g\",\"caption\":\"MsConectado\"},\"url\":\"https:\\\/\\\/msconectado.com.br\\\/?author=2\"}]}<\/script>\n<!-- \/ Yoast SEO plugin. -->","yoast_head_json":{"title":"Governador promoveu reuni\u00f5es com setor empresarial e classe pol\u00edtica na primeira semana - MsConectado","robots":{"index":"index","follow":"follow","max-snippet":"max-snippet:-1","max-image-preview":"max-image-preview:large","max-video-preview":"max-video-preview:-1"},"canonical":"https:\/\/msconectado.com.br\/?p=17098","og_locale":"pt_BR","og_type":"article","og_title":"Governador promoveu reuni\u00f5es com setor empresarial e classe pol\u00edtica na primeira semana - MsConectado","og_description":"A primeira semana de trabalho do governador Eduardo Riedel foi produtiva e de muitas reuni\u00f5es importantes. Ele se reuniu com o Grupo Suzano, para discutir a constru\u00e7\u00e3o da f\u00e1brica de celulose em Ribas do Rio Pardo, que est\u00e1 em andamento, recebeu parlamentares e prefeitos e ainda assinou a posse do novo procurador-geral do Minist\u00e9rio P\u00fablico [&hellip;]","og_url":"https:\/\/msconectado.com.br\/?p=17098","og_site_name":"MsConectado","article_published_time":"2023-01-12T17:19:52+00:00","article_modified_time":"2023-01-13T11:59:31+00:00","og_image":[{"width":730,"height":480,"url":"https:\/\/msconectado.com.br\/wp-content\/uploads\/2023\/01\/19.jpg","type":"image\/jpeg"}],"author":"MsConectado","twitter_card":"summary_large_image","twitter_misc":{"Escrito por":"MsConectado","Est. tempo de leitura":"3 minutos"},"schema":{"@context":"https:\/\/schema.org","@graph":[{"@type":"Article","@id":"https:\/\/msconectado.com.br\/?p=17098#article","isPartOf":{"@id":"https:\/\/msconectado.com.br\/?p=17098"},"author":{"name":"MsConectado","@id":"https:\/\/msconectado.com.br\/#\/schema\/person\/e5585545b5687092f1041d350b6e2c16"},"headline":"Governador promoveu reuni\u00f5es com setor empresarial e classe pol\u00edtica na primeira semana","datePublished":"2023-01-12T17:19:52+00:00","dateModified":"2023-01-13T11:59:31+00:00","mainEntityOfPage":{"@id":"https:\/\/msconectado.com.br\/?p=17098"},"wordCount":551,"commentCount":0,"publisher":{"@id":"https:\/\/msconectado.com.br\/#organization"},"image":{"@id":"https:\/\/msconectado.com.br\/?p=17098#primaryimage"},"thumbnailUrl":"https:\/\/msconectado.com.br\/wp-content\/uploads\/2023\/01\/19.jpg","articleSection":["Com\u00e9rcio"],"inLanguage":"pt-BR","potentialAction":[{"@type":"CommentAction","name":"Comment","target":["https:\/\/msconectado.com.br\/?p=17098#respond"]}]},{"@type":"WebPage","@id":"https:\/\/msconectado.com.br\/?p=17098","url":"https:\/\/msconectado.com.br\/?p=17098","name":"Governador promoveu reuni\u00f5es com setor empresarial e classe pol\u00edtica na primeira semana - MsConectado","isPartOf":{"@id":"https:\/\/msconectado.com.br\/#website"},"primaryImageOfPage":{"@id":"https:\/\/msconectado.com.br\/?p=17098#primaryimage"},"image":{"@id":"https:\/\/msconectado.com.br\/?p=17098#primaryimage"},"thumbnailUrl":"https:\/\/msconectado.com.br\/wp-content\/uploads\/2023\/01\/19.jpg","datePublished":"2023-01-12T17:19:52+00:00","dateModified":"2023-01-13T11:59:31+00:00","breadcrumb":{"@id":"https:\/\/msconectado.com.br\/?p=17098#breadcrumb"},"inLanguage":"pt-BR","potentialAction":[{"@type":"ReadAction","target":["https:\/\/msconectado.com.br\/?p=17098"]}]},{"@type":"ImageObject","inLanguage":"pt-BR","@id":"https:\/\/msconectado.com.br\/?p=17098#primaryimage","url":"https:\/\/msconectado.com.br\/wp-content\/uploads\/2023\/01\/19.jpg","contentUrl":"https:\/\/msconectado.com.br\/wp-content\/uploads\/2023\/01\/19.jpg","width":730,"height":480},{"@type":"BreadcrumbList","@id":"https:\/\/msconectado.com.br\/?p=17098#breadcrumb","itemListElement":[{"@type":"ListItem","position":1,"name":"In\u00edcio","item":"https:\/\/msconectado.com.br\/?page_id=105"},{"@type":"ListItem","position":2,"name":"Governador promoveu reuni\u00f5es com setor empresarial e classe pol\u00edtica na primeira semana"}]},{"@type":"WebSite","@id":"https:\/\/msconectado.com.br\/#website","url":"https:\/\/msconectado.com.br\/","name":"MsConectado","description":"Voc\u00ea Conectado com a Not\u00edcia!","publisher":{"@id":"https:\/\/msconectado.com.br\/#organization"},"potentialAction":[{"@type":"SearchAction","target":{"@type":"EntryPoint","urlTemplate":"https:\/\/msconectado.com.br\/?s={search_term_string}"},"query-input":{"@type":"PropertyValueSpecification","valueRequired":true,"valueName":"search_term_string"}}],"inLanguage":"pt-BR"},{"@type":"Organization","@id":"https:\/\/msconectado.com.br\/#organization","name":"MsConectado","url":"https:\/\/msconectado.com.br\/","logo":{"@type":"ImageObject","inLanguage":"pt-BR","@id":"https:\/\/msconectado.com.br\/#\/schema\/logo\/image\/","url":"https:\/\/msconectado.com.br\/wp-content\/uploads\/2023\/01\/cropped-noticia-2.png","contentUrl":"https:\/\/msconectado.com.br\/wp-content\/uploads\/2023\/01\/cropped-noticia-2.png","width":720,"height":157,"caption":"MsConectado"},"image":{"@id":"https:\/\/msconectado.com.br\/#\/schema\/logo\/image\/"}},{"@type":"Person","@id":"https:\/\/msconectado.com.br\/#\/schema\/person\/e5585545b5687092f1041d350b6e2c16","name":"MsConectado","image":{"@type":"ImageObject","inLanguage":"pt-BR","@id":"https:\/\/secure.gravatar.com\/avatar\/3b4f84a0a8a4380ac4431fa79981d073692380c5da00ae97596e794ab0db5c8c?s=96&d=mm&r=g","url":"https:\/\/secure.gravatar.com\/avatar\/3b4f84a0a8a4380ac4431fa79981d073692380c5da00ae97596e794ab0db5c8c?s=96&d=mm&r=g","contentUrl":"https:\/\/secure.gravatar.com\/avatar\/3b4f84a0a8a4380ac4431fa79981d073692380c5da00ae97596e794ab0db5c8c?s=96&d=mm&r=g","caption":"MsConectado"},"url":"https:\/\/msconectado.com.br\/?author=2"}]}},"_links":{"self":[{"href":"https:\/\/msconectado.com.br\/index.php?rest_route=\/wp\/v2\/posts\/17098","targetHints":{"allow":["GET"]}}],"collection":[{"href":"https:\/\/msconectado.com.br\/index.php?rest_route=\/wp\/v2\/posts"}],"about":[{"href":"https:\/\/msconectado.com.br\/index.php?rest_route=\/wp\/v2\/types\/post"}],"author":[{"embeddable":true,"href":"https:\/\/msconectado.com.br\/index.php?rest_route=\/wp\/v2\/users\/2"}],"replies":[{"embeddable":true,"href":"https:\/\/msconectado.com.br\/index.php?rest_route=%2Fwp%2Fv2%2Fcomments&post=17098"}],"version-history":[{"count":2,"href":"https:\/\/msconectado.com.br\/index.php?rest_route=\/wp\/v2\/posts\/17098\/revisions"}],"predecessor-version":[{"id":17334,"href":"https:\/\/msconectado.com.br\/index.php?rest_route=\/wp\/v2\/posts\/17098\/revisions\/17334"}],"wp:featuredmedia":[{"embeddable":true,"href":"https:\/\/msconectado.com.br\/index.php?rest_route=\/wp\/v2\/media\/17102"}],"wp:attachment":[{"href":"https:\/\/msconectado.com.br\/index.php?rest_route=%2Fwp%2Fv2%2Fmedia&parent=17098"}],"wp:term":[{"taxonomy":"category","embeddable":true,"href":"https:\/\/msconectado.com.br\/index.php?rest_route=%2Fwp%2Fv2%2Fcategories&post=17098"},{"taxonomy":"post_tag","embeddable":true,"href":"https:\/\/msconectado.com.br\/index.php?rest_route=%2Fwp%2Fv2%2Ftags&post=17098"}],"curies":[{"name":"wp","href":"https:\/\/api.w.org\/{rel}","templated":true}]}}