
{"id":17128,"date":"2023-01-12T17:31:53","date_gmt":"2023-01-12T17:31:53","guid":{"rendered":"https:\/\/teste.msconectado.com.br\/?p=17128"},"modified":"2023-01-13T11:58:20","modified_gmt":"2023-01-13T11:58:20","slug":"serie-de-entrevistas-especiais-mostra-as-perspectivas-do-governo-de-eduardo-riedel","status":"publish","type":"post","link":"https:\/\/msconectado.com.br\/?p=17128","title":{"rendered":"S\u00e9rie de entrevistas especiais mostra as perspectivas do Governo de Eduardo Riedel"},"content":{"rendered":"\n<h4 class=\"wp-block-heading\">O Portal do Governo do Estado lan\u00e7a, a partir de segunda-feira (9), uma s\u00e9rie com entrevistas exclusivas que v\u00e3o refor\u00e7ar os prop\u00f3sitos de transpar\u00eancia e capacidade t\u00e9cnica da Administra\u00e7\u00e3o de Mato Grosso do Sul.<\/h4>\n\n\n\n<h4 class=\"wp-block-heading\">A inten\u00e7\u00e3o \u00e9 levar&nbsp;para a sociedade sul-mato-grossense as perspectivas e desafios da gest\u00e3o de Eduardo Riedel (2023-2026) sob o olhar dos secret\u00e1rios estaduais e servidores do primeiro escal\u00e3o.<\/h4>\n\n\n\n<h4 class=\"wp-block-heading\">O primeiro entrevistado ser\u00e1 o secret\u00e1rio H\u00e9lio Queiroz Dhaer, respons\u00e1vel pela pasta da Educa\u00e7\u00e3o.<\/h4>\n\n\n\n<h4 class=\"wp-block-heading\">As entrevistas completas, em formato de pergunta e resposta, ser\u00e3o publicadas no endere\u00e7o eletr\u00f4nico www.ms.gov.br e podem ser reproduzidas por jornais, sites, revistas e outros meios de comunica\u00e7\u00e3o, desde que citada a fonte.<\/h4>\n\n\n\n<h4 class=\"wp-block-heading\"><em>Comunica\u00e7\u00e3o do Governo de MS<\/em><\/h4>\n\n\n\n<h4 class=\"wp-block-heading\"><em>Foto: Bruno Rezende<\/em><\/h4>\n\n\n\n<figure class=\"wp-block-image\"><img decoding=\"async\" src=\"https:\/\/i.imgur.com\/R31xFca.jpg\" alt=\"\"\/><\/figure>\n\n\n\n<figure class=\"wp-block-image\"><img decoding=\"async\" src=\"https:\/\/i.imgur.com\/i7OXWMV.png\" alt=\"\"\/><\/figure>\n\n\n\n<figure class=\"wp-block-image\"><img decoding=\"async\" src=\"https:\/\/i.imgur.com\/MRhIHyG.png\" alt=\"\"\/><\/figure>\n\n\n\n<h4 class=\"wp-block-heading\">Acesse nossa p\u00e1gina no Facebook e fique por dentro dos destaques de Maracaju e regi\u00e3o.<br><a href=\"https:\/\/www.facebook.com\/MsConectado\/?__tn__=K-R&amp;eid=ARAhfp4e5aWbNVoyptzGrm4obmySmRA_YR3QE4VTRX5QMShFsdcdIz5Iq0b_MWIy7I4QmNXz6k8IoNle&amp;fref=mentions&amp;__xts__%5B0%5D=68.ARAioa_i2DB8DORiDt4nCzBX7dvRVCRXhE8omKRc8oaCnvkbB62J-ntBfEZirzPivEkJx1lDCVwLAcPtZ0yMQNLkCNTlcJQPj0xK6BaGWaOsY1faLudkMNiJdevECtsRmxRf4pPywtr6Ph-QfFtADqGObU6JSKIHeG-MeeDX4kDKXlTFIUBRK4hO5nTzRrhcr3MX5cg5M1qoQKrs0FAyJEjbCy_O8F2Huq0AcJWiZlkD8u8XSf0QlsVlsI8LptFuIqgBS8GhVTw0O9tDGx11ebCRNoaUxQIYsP4qWoTURB3au7pBOcC3DfEQdk--ypqG-M2wCG5kVpCnL3qr9XO0E0f23b1xxxMz0V4PiQ\">https:\/\/www.facebook.com\/MsConectado\/<\/a><\/h4>\n","protected":false},"excerpt":{"rendered":"<p>O Portal do Governo do Estado lan\u00e7a, a partir de segunda-feira (9), uma s\u00e9rie com entrevistas exclusivas que v\u00e3o refor\u00e7ar os prop\u00f3sitos de transpar\u00eancia e capacidade t\u00e9cnica da Administra\u00e7\u00e3o de Mato Grosso do Sul. A inten\u00e7\u00e3o \u00e9 levar&nbsp;para a sociedade sul-mato-grossense as perspectivas e desafios da gest\u00e3o de Eduardo Riedel (2023-2026) sob o olhar dos [&hellip;]<\/p>\n","protected":false},"author":2,"featured_media":17129,"comment_status":"open","ping_status":"closed","sticky":false,"template":"","format":"standard","meta":{"footnotes":""},"categories":[33],"tags":[],"class_list":["post-17128","post","type-post","status-publish","format-standard","has-post-thumbnail","hentry","category-politica"],"yoast_head":"<!-- This site is optimized with the Yoast SEO plugin v27.5 - https:\/\/yoast.com\/product\/yoast-seo-wordpress\/ -->\n<title>S\u00e9rie de entrevistas especiais mostra as perspectivas do Governo de Eduardo Riedel - MsConectado<\/title>\n<meta name=\"robots\" content=\"index, follow, max-snippet:-1, max-image-preview:large, max-video-preview:-1\" \/>\n<link rel=\"canonical\" href=\"https:\/\/msconectado.com.br\/?p=17128\" \/>\n<meta property=\"og:locale\" content=\"pt_BR\" \/>\n<meta property=\"og:type\" content=\"article\" \/>\n<meta property=\"og:title\" content=\"S\u00e9rie de entrevistas especiais mostra as perspectivas do Governo de Eduardo Riedel - MsConectado\" \/>\n<meta property=\"og:description\" content=\"O Portal do Governo do Estado lan\u00e7a, a partir de segunda-feira (9), uma s\u00e9rie com entrevistas exclusivas que v\u00e3o refor\u00e7ar os prop\u00f3sitos de transpar\u00eancia e capacidade t\u00e9cnica da Administra\u00e7\u00e3o de Mato Grosso do Sul. A inten\u00e7\u00e3o \u00e9 levar&nbsp;para a sociedade sul-mato-grossense as perspectivas e desafios da gest\u00e3o de Eduardo Riedel (2023-2026) sob o olhar dos [&hellip;]\" \/>\n<meta property=\"og:url\" content=\"https:\/\/msconectado.com.br\/?p=17128\" \/>\n<meta property=\"og:site_name\" content=\"MsConectado\" \/>\n<meta property=\"article:published_time\" content=\"2023-01-12T17:31:53+00:00\" \/>\n<meta property=\"article:modified_time\" content=\"2023-01-13T11:58:20+00:00\" \/>\n<meta property=\"og:image\" content=\"https:\/\/msconectado.com.br\/wp-content\/uploads\/2023\/01\/16.jpg\" \/>\n\t<meta property=\"og:image:width\" content=\"730\" \/>\n\t<meta property=\"og:image:height\" content=\"480\" \/>\n\t<meta property=\"og:image:type\" content=\"image\/jpeg\" \/>\n<meta name=\"author\" content=\"MsConectado\" \/>\n<meta name=\"twitter:card\" content=\"summary_large_image\" \/>\n<meta name=\"twitter:label1\" content=\"Escrito por\" \/>\n\t<meta name=\"twitter:data1\" content=\"MsConectado\" \/>\n\t<meta name=\"twitter:label2\" content=\"Est. tempo de leitura\" \/>\n\t<meta name=\"twitter:data2\" content=\"1 minuto\" \/>\n<script type=\"application\/ld+json\" class=\"yoast-schema-graph\">{\"@context\":\"https:\\\/\\\/schema.org\",\"@graph\":[{\"@type\":\"Article\",\"@id\":\"https:\\\/\\\/msconectado.com.br\\\/?p=17128#article\",\"isPartOf\":{\"@id\":\"https:\\\/\\\/msconectado.com.br\\\/?p=17128\"},\"author\":{\"name\":\"MsConectado\",\"@id\":\"https:\\\/\\\/msconectado.com.br\\\/#\\\/schema\\\/person\\\/e5585545b5687092f1041d350b6e2c16\"},\"headline\":\"S\u00e9rie de entrevistas especiais mostra as perspectivas do Governo de Eduardo Riedel\",\"datePublished\":\"2023-01-12T17:31:53+00:00\",\"dateModified\":\"2023-01-13T11:58:20+00:00\",\"mainEntityOfPage\":{\"@id\":\"https:\\\/\\\/msconectado.com.br\\\/?p=17128\"},\"wordCount\":176,\"commentCount\":0,\"publisher\":{\"@id\":\"https:\\\/\\\/msconectado.com.br\\\/#organization\"},\"image\":{\"@id\":\"https:\\\/\\\/msconectado.com.br\\\/?p=17128#primaryimage\"},\"thumbnailUrl\":\"https:\\\/\\\/msconectado.com.br\\\/wp-content\\\/uploads\\\/2023\\\/01\\\/16.jpg\",\"articleSection\":[\"Pol\u00edtica\"],\"inLanguage\":\"pt-BR\",\"potentialAction\":[{\"@type\":\"CommentAction\",\"name\":\"Comment\",\"target\":[\"https:\\\/\\\/msconectado.com.br\\\/?p=17128#respond\"]}]},{\"@type\":\"WebPage\",\"@id\":\"https:\\\/\\\/msconectado.com.br\\\/?p=17128\",\"url\":\"https:\\\/\\\/msconectado.com.br\\\/?p=17128\",\"name\":\"S\u00e9rie de entrevistas especiais mostra as perspectivas do Governo de Eduardo Riedel - MsConectado\",\"isPartOf\":{\"@id\":\"https:\\\/\\\/msconectado.com.br\\\/#website\"},\"primaryImageOfPage\":{\"@id\":\"https:\\\/\\\/msconectado.com.br\\\/?p=17128#primaryimage\"},\"image\":{\"@id\":\"https:\\\/\\\/msconectado.com.br\\\/?p=17128#primaryimage\"},\"thumbnailUrl\":\"https:\\\/\\\/msconectado.com.br\\\/wp-content\\\/uploads\\\/2023\\\/01\\\/16.jpg\",\"datePublished\":\"2023-01-12T17:31:53+00:00\",\"dateModified\":\"2023-01-13T11:58:20+00:00\",\"breadcrumb\":{\"@id\":\"https:\\\/\\\/msconectado.com.br\\\/?p=17128#breadcrumb\"},\"inLanguage\":\"pt-BR\",\"potentialAction\":[{\"@type\":\"ReadAction\",\"target\":[\"https:\\\/\\\/msconectado.com.br\\\/?p=17128\"]}]},{\"@type\":\"ImageObject\",\"inLanguage\":\"pt-BR\",\"@id\":\"https:\\\/\\\/msconectado.com.br\\\/?p=17128#primaryimage\",\"url\":\"https:\\\/\\\/msconectado.com.br\\\/wp-content\\\/uploads\\\/2023\\\/01\\\/16.jpg\",\"contentUrl\":\"https:\\\/\\\/msconectado.com.br\\\/wp-content\\\/uploads\\\/2023\\\/01\\\/16.jpg\",\"width\":730,\"height\":480},{\"@type\":\"BreadcrumbList\",\"@id\":\"https:\\\/\\\/msconectado.com.br\\\/?p=17128#breadcrumb\",\"itemListElement\":[{\"@type\":\"ListItem\",\"position\":1,\"name\":\"In\u00edcio\",\"item\":\"https:\\\/\\\/msconectado.com.br\\\/?page_id=105\"},{\"@type\":\"ListItem\",\"position\":2,\"name\":\"S\u00e9rie de entrevistas especiais mostra as perspectivas do Governo de Eduardo Riedel\"}]},{\"@type\":\"WebSite\",\"@id\":\"https:\\\/\\\/msconectado.com.br\\\/#website\",\"url\":\"https:\\\/\\\/msconectado.com.br\\\/\",\"name\":\"MsConectado\",\"description\":\"Voc\u00ea Conectado com a Not\u00edcia!\",\"publisher\":{\"@id\":\"https:\\\/\\\/msconectado.com.br\\\/#organization\"},\"potentialAction\":[{\"@type\":\"SearchAction\",\"target\":{\"@type\":\"EntryPoint\",\"urlTemplate\":\"https:\\\/\\\/msconectado.com.br\\\/?s={search_term_string}\"},\"query-input\":{\"@type\":\"PropertyValueSpecification\",\"valueRequired\":true,\"valueName\":\"search_term_string\"}}],\"inLanguage\":\"pt-BR\"},{\"@type\":\"Organization\",\"@id\":\"https:\\\/\\\/msconectado.com.br\\\/#organization\",\"name\":\"MsConectado\",\"url\":\"https:\\\/\\\/msconectado.com.br\\\/\",\"logo\":{\"@type\":\"ImageObject\",\"inLanguage\":\"pt-BR\",\"@id\":\"https:\\\/\\\/msconectado.com.br\\\/#\\\/schema\\\/logo\\\/image\\\/\",\"url\":\"https:\\\/\\\/msconectado.com.br\\\/wp-content\\\/uploads\\\/2023\\\/01\\\/cropped-noticia-2.png\",\"contentUrl\":\"https:\\\/\\\/msconectado.com.br\\\/wp-content\\\/uploads\\\/2023\\\/01\\\/cropped-noticia-2.png\",\"width\":720,\"height\":157,\"caption\":\"MsConectado\"},\"image\":{\"@id\":\"https:\\\/\\\/msconectado.com.br\\\/#\\\/schema\\\/logo\\\/image\\\/\"}},{\"@type\":\"Person\",\"@id\":\"https:\\\/\\\/msconectado.com.br\\\/#\\\/schema\\\/person\\\/e5585545b5687092f1041d350b6e2c16\",\"name\":\"MsConectado\",\"image\":{\"@type\":\"ImageObject\",\"inLanguage\":\"pt-BR\",\"@id\":\"https:\\\/\\\/secure.gravatar.com\\\/avatar\\\/3b4f84a0a8a4380ac4431fa79981d073692380c5da00ae97596e794ab0db5c8c?s=96&d=mm&r=g\",\"url\":\"https:\\\/\\\/secure.gravatar.com\\\/avatar\\\/3b4f84a0a8a4380ac4431fa79981d073692380c5da00ae97596e794ab0db5c8c?s=96&d=mm&r=g\",\"contentUrl\":\"https:\\\/\\\/secure.gravatar.com\\\/avatar\\\/3b4f84a0a8a4380ac4431fa79981d073692380c5da00ae97596e794ab0db5c8c?s=96&d=mm&r=g\",\"caption\":\"MsConectado\"},\"url\":\"https:\\\/\\\/msconectado.com.br\\\/?author=2\"}]}<\/script>\n<!-- \/ Yoast SEO plugin. -->","yoast_head_json":{"title":"S\u00e9rie de entrevistas especiais mostra as perspectivas do Governo de Eduardo Riedel - MsConectado","robots":{"index":"index","follow":"follow","max-snippet":"max-snippet:-1","max-image-preview":"max-image-preview:large","max-video-preview":"max-video-preview:-1"},"canonical":"https:\/\/msconectado.com.br\/?p=17128","og_locale":"pt_BR","og_type":"article","og_title":"S\u00e9rie de entrevistas especiais mostra as perspectivas do Governo de Eduardo Riedel - MsConectado","og_description":"O Portal do Governo do Estado lan\u00e7a, a partir de segunda-feira (9), uma s\u00e9rie com entrevistas exclusivas que v\u00e3o refor\u00e7ar os prop\u00f3sitos de transpar\u00eancia e capacidade t\u00e9cnica da Administra\u00e7\u00e3o de Mato Grosso do Sul. A inten\u00e7\u00e3o \u00e9 levar&nbsp;para a sociedade sul-mato-grossense as perspectivas e desafios da gest\u00e3o de Eduardo Riedel (2023-2026) sob o olhar dos [&hellip;]","og_url":"https:\/\/msconectado.com.br\/?p=17128","og_site_name":"MsConectado","article_published_time":"2023-01-12T17:31:53+00:00","article_modified_time":"2023-01-13T11:58:20+00:00","og_image":[{"width":730,"height":480,"url":"https:\/\/msconectado.com.br\/wp-content\/uploads\/2023\/01\/16.jpg","type":"image\/jpeg"}],"author":"MsConectado","twitter_card":"summary_large_image","twitter_misc":{"Escrito por":"MsConectado","Est. tempo de leitura":"1 minuto"},"schema":{"@context":"https:\/\/schema.org","@graph":[{"@type":"Article","@id":"https:\/\/msconectado.com.br\/?p=17128#article","isPartOf":{"@id":"https:\/\/msconectado.com.br\/?p=17128"},"author":{"name":"MsConectado","@id":"https:\/\/msconectado.com.br\/#\/schema\/person\/e5585545b5687092f1041d350b6e2c16"},"headline":"S\u00e9rie de entrevistas especiais mostra as perspectivas do Governo de Eduardo Riedel","datePublished":"2023-01-12T17:31:53+00:00","dateModified":"2023-01-13T11:58:20+00:00","mainEntityOfPage":{"@id":"https:\/\/msconectado.com.br\/?p=17128"},"wordCount":176,"commentCount":0,"publisher":{"@id":"https:\/\/msconectado.com.br\/#organization"},"image":{"@id":"https:\/\/msconectado.com.br\/?p=17128#primaryimage"},"thumbnailUrl":"https:\/\/msconectado.com.br\/wp-content\/uploads\/2023\/01\/16.jpg","articleSection":["Pol\u00edtica"],"inLanguage":"pt-BR","potentialAction":[{"@type":"CommentAction","name":"Comment","target":["https:\/\/msconectado.com.br\/?p=17128#respond"]}]},{"@type":"WebPage","@id":"https:\/\/msconectado.com.br\/?p=17128","url":"https:\/\/msconectado.com.br\/?p=17128","name":"S\u00e9rie de entrevistas especiais mostra as perspectivas do Governo de Eduardo Riedel - MsConectado","isPartOf":{"@id":"https:\/\/msconectado.com.br\/#website"},"primaryImageOfPage":{"@id":"https:\/\/msconectado.com.br\/?p=17128#primaryimage"},"image":{"@id":"https:\/\/msconectado.com.br\/?p=17128#primaryimage"},"thumbnailUrl":"https:\/\/msconectado.com.br\/wp-content\/uploads\/2023\/01\/16.jpg","datePublished":"2023-01-12T17:31:53+00:00","dateModified":"2023-01-13T11:58:20+00:00","breadcrumb":{"@id":"https:\/\/msconectado.com.br\/?p=17128#breadcrumb"},"inLanguage":"pt-BR","potentialAction":[{"@type":"ReadAction","target":["https:\/\/msconectado.com.br\/?p=17128"]}]},{"@type":"ImageObject","inLanguage":"pt-BR","@id":"https:\/\/msconectado.com.br\/?p=17128#primaryimage","url":"https:\/\/msconectado.com.br\/wp-content\/uploads\/2023\/01\/16.jpg","contentUrl":"https:\/\/msconectado.com.br\/wp-content\/uploads\/2023\/01\/16.jpg","width":730,"height":480},{"@type":"BreadcrumbList","@id":"https:\/\/msconectado.com.br\/?p=17128#breadcrumb","itemListElement":[{"@type":"ListItem","position":1,"name":"In\u00edcio","item":"https:\/\/msconectado.com.br\/?page_id=105"},{"@type":"ListItem","position":2,"name":"S\u00e9rie de entrevistas especiais mostra as perspectivas do Governo de Eduardo Riedel"}]},{"@type":"WebSite","@id":"https:\/\/msconectado.com.br\/#website","url":"https:\/\/msconectado.com.br\/","name":"MsConectado","description":"Voc\u00ea Conectado com a Not\u00edcia!","publisher":{"@id":"https:\/\/msconectado.com.br\/#organization"},"potentialAction":[{"@type":"SearchAction","target":{"@type":"EntryPoint","urlTemplate":"https:\/\/msconectado.com.br\/?s={search_term_string}"},"query-input":{"@type":"PropertyValueSpecification","valueRequired":true,"valueName":"search_term_string"}}],"inLanguage":"pt-BR"},{"@type":"Organization","@id":"https:\/\/msconectado.com.br\/#organization","name":"MsConectado","url":"https:\/\/msconectado.com.br\/","logo":{"@type":"ImageObject","inLanguage":"pt-BR","@id":"https:\/\/msconectado.com.br\/#\/schema\/logo\/image\/","url":"https:\/\/msconectado.com.br\/wp-content\/uploads\/2023\/01\/cropped-noticia-2.png","contentUrl":"https:\/\/msconectado.com.br\/wp-content\/uploads\/2023\/01\/cropped-noticia-2.png","width":720,"height":157,"caption":"MsConectado"},"image":{"@id":"https:\/\/msconectado.com.br\/#\/schema\/logo\/image\/"}},{"@type":"Person","@id":"https:\/\/msconectado.com.br\/#\/schema\/person\/e5585545b5687092f1041d350b6e2c16","name":"MsConectado","image":{"@type":"ImageObject","inLanguage":"pt-BR","@id":"https:\/\/secure.gravatar.com\/avatar\/3b4f84a0a8a4380ac4431fa79981d073692380c5da00ae97596e794ab0db5c8c?s=96&d=mm&r=g","url":"https:\/\/secure.gravatar.com\/avatar\/3b4f84a0a8a4380ac4431fa79981d073692380c5da00ae97596e794ab0db5c8c?s=96&d=mm&r=g","contentUrl":"https:\/\/secure.gravatar.com\/avatar\/3b4f84a0a8a4380ac4431fa79981d073692380c5da00ae97596e794ab0db5c8c?s=96&d=mm&r=g","caption":"MsConectado"},"url":"https:\/\/msconectado.com.br\/?author=2"}]}},"_links":{"self":[{"href":"https:\/\/msconectado.com.br\/index.php?rest_route=\/wp\/v2\/posts\/17128","targetHints":{"allow":["GET"]}}],"collection":[{"href":"https:\/\/msconectado.com.br\/index.php?rest_route=\/wp\/v2\/posts"}],"about":[{"href":"https:\/\/msconectado.com.br\/index.php?rest_route=\/wp\/v2\/types\/post"}],"author":[{"embeddable":true,"href":"https:\/\/msconectado.com.br\/index.php?rest_route=\/wp\/v2\/users\/2"}],"replies":[{"embeddable":true,"href":"https:\/\/msconectado.com.br\/index.php?rest_route=%2Fwp%2Fv2%2Fcomments&post=17128"}],"version-history":[{"count":2,"href":"https:\/\/msconectado.com.br\/index.php?rest_route=\/wp\/v2\/posts\/17128\/revisions"}],"predecessor-version":[{"id":17331,"href":"https:\/\/msconectado.com.br\/index.php?rest_route=\/wp\/v2\/posts\/17128\/revisions\/17331"}],"wp:featuredmedia":[{"embeddable":true,"href":"https:\/\/msconectado.com.br\/index.php?rest_route=\/wp\/v2\/media\/17129"}],"wp:attachment":[{"href":"https:\/\/msconectado.com.br\/index.php?rest_route=%2Fwp%2Fv2%2Fmedia&parent=17128"}],"wp:term":[{"taxonomy":"category","embeddable":true,"href":"https:\/\/msconectado.com.br\/index.php?rest_route=%2Fwp%2Fv2%2Fcategories&post=17128"},{"taxonomy":"post_tag","embeddable":true,"href":"https:\/\/msconectado.com.br\/index.php?rest_route=%2Fwp%2Fv2%2Ftags&post=17128"}],"curies":[{"name":"wp","href":"https:\/\/api.w.org\/{rel}","templated":true}]}}