
{"id":17134,"date":"2023-01-12T17:35:19","date_gmt":"2023-01-12T17:35:19","guid":{"rendered":"https:\/\/teste.msconectado.com.br\/?p=17134"},"modified":"2023-01-13T11:57:37","modified_gmt":"2023-01-13T11:57:37","slug":"vice-governador-debate-no-dof-protocolos-de-seguranca-da-fronteira","status":"publish","type":"post","link":"https:\/\/msconectado.com.br\/?p=17134","title":{"rendered":"Vice-governador debate no DOF protocolos de seguran\u00e7a da fronteira"},"content":{"rendered":"\n<h4 class=\"wp-block-heading\">O vice-governador Barbosinha visitou no s\u00e1bado (7) a nova sede do DOF (Departamento de Opera\u00e7\u00f5es de Fronteira), inaugurada no dia 26 de setembro do ano passado em Dourados. Na oportunidade, cumprimentou o comandante da unidade, coronel Wagner Ferreira da Silva, pela bela estrutura montada para sediar as atividades do Departamento, que \u00e9 considerado refer\u00eancia nacional no combate \u00e0 criminalidade e aproveitou para trocar impress\u00f5es sobre a extens\u00e3o das atividades do DOF na faixa de fronteira.<\/h4>\n\n\n\n<h4 class=\"wp-block-heading\">Criado em 28 de maio de 1987 como GOF (Grupo de Opera\u00e7\u00f5es de Fronteira), o DOF \u00e9 uma iniciativa pioneira. \u00c9 o primeiro departamento especializado em fronteiras do Brasil com atua\u00e7\u00e3o em 53 munic\u00edpios, desses, nove que fazem divisa com o estado de S\u00e3o Paulo, afetados diretamente pelo tr\u00e1fico de entorpecentes. A base \u2018Coronel Adib Massad\u2019 [o nome foi dado pelo ent\u00e3o deputado Barbosinha em homenagem ao criador do Grupo, falecido em mar\u00e7o de 2021] compreende ainda um raio de 1.517 quil\u00f4metros de fronteira seca com o Paraguai e a Bol\u00edvia.<\/h4>\n\n\n\n<h4 class=\"wp-block-heading\">Por isso mesmo, o vice-governador defendeu o estreitamento das rela\u00e7\u00f5es diplom\u00e1ticas com esses pa\u00edses lim\u00edtrofes, e considerou a import\u00e2ncia de se estabelecer um protocolo de seguran\u00e7a de fronteira, capaz de permitir a\u00e7\u00f5es integradas entre as for\u00e7as de seguran\u00e7a brasileiras com os organismos paraguaios e bolivianos, no caso espec\u00edfico do DOF. \u201cComo temos apenas uma divisa imagin\u00e1ria, o que facilita a pr\u00e1tica de il\u00edcitos de um lado e a busca pela impunidade, muitas vezes, apenas atravessando a rua, penso que \u00e9 importante estreitar esse interc\u00e2mbio de atua\u00e7\u00e3o do DOF com as pol\u00edcias dos pa\u00edses irm\u00e3os, permitindo ampliar ainda mais a nossa capacidade de repress\u00e3o ao crime organizado\u201d, disse Barbosinha.<\/h4>\n\n\n\n<h4 class=\"wp-block-heading\">Na sede do Departamento, o vice-governador percorreu as depend\u00eancias administrativas, conheceu o sistema de videomonitoramento das \u00e1reas de cobertura dos agentes do DOF, esteve no p\u00e1tio que abriga viaturas todas novas e no heliponto que serve ao helic\u00f3ptero modelo AS350-B3, conhecido como Esquilo, adquirido por R$ 32 milh\u00f5es pela Sejusp (Secretaria estadual de Justi\u00e7a e Seguran\u00e7a P\u00fablica) e j\u00e1 em opera\u00e7\u00e3o, em apoio, inclusive, \u00e0s demais for\u00e7as de seguran\u00e7a, nos munic\u00edpios da faixa de fronteira. Barbosinha cumprimentou os policiais baseados na unidade de Dourados e elogiou a moderna estrutura colocada \u00e0 disposi\u00e7\u00e3o da popula\u00e7\u00e3o.<\/h4>\n\n\n\n<h4 class=\"wp-block-heading\">At\u00e9 setembro de 2021 o DOF havia apreendido 154,3 toneladas de drogas na regi\u00e3o de fronteira e 7,8 toneladas de agrot\u00f3xicos, al\u00e9m de prender 387 pessoas, a maioria por envolvimento com o tr\u00e1fico de entorpecentes. A nova estrutura f\u00edsica de Dourados demandou investimentos da ordem de R$ 5,3 milh\u00f5es.<\/h4>\n\n\n\n<h4 class=\"wp-block-heading\"><em>Texto e fotos: Vice-governadoria<\/em><\/h4>\n\n\n\n<figure class=\"wp-block-image\"><img decoding=\"async\" src=\"https:\/\/i.imgur.com\/R31xFca.jpg\" alt=\"\"\/><\/figure>\n\n\n\n<figure class=\"wp-block-image\"><img decoding=\"async\" src=\"https:\/\/i.imgur.com\/i7OXWMV.png\" alt=\"\"\/><\/figure>\n\n\n\n<figure class=\"wp-block-image\"><img decoding=\"async\" src=\"https:\/\/i.imgur.com\/MRhIHyG.png\" alt=\"\"\/><\/figure>\n\n\n\n<h4 class=\"wp-block-heading\">Acesse nossa p\u00e1gina no Facebook e fique por dentro dos destaques de Maracaju e regi\u00e3o.<br><a href=\"https:\/\/www.facebook.com\/MsConectado\/?__tn__=K-R&amp;eid=ARAhfp4e5aWbNVoyptzGrm4obmySmRA_YR3QE4VTRX5QMShFsdcdIz5Iq0b_MWIy7I4QmNXz6k8IoNle&amp;fref=mentions&amp;__xts__%5B0%5D=68.ARAioa_i2DB8DORiDt4nCzBX7dvRVCRXhE8omKRc8oaCnvkbB62J-ntBfEZirzPivEkJx1lDCVwLAcPtZ0yMQNLkCNTlcJQPj0xK6BaGWaOsY1faLudkMNiJdevECtsRmxRf4pPywtr6Ph-QfFtADqGObU6JSKIHeG-MeeDX4kDKXlTFIUBRK4hO5nTzRrhcr3MX5cg5M1qoQKrs0FAyJEjbCy_O8F2Huq0AcJWiZlkD8u8XSf0QlsVlsI8LptFuIqgBS8GhVTw0O9tDGx11ebCRNoaUxQIYsP4qWoTURB3au7pBOcC3DfEQdk--ypqG-M2wCG5kVpCnL3qr9XO0E0f23b1xxxMz0V4PiQ\">https:\/\/www.facebook.com\/MsConectado\/<\/a><\/h4>\n","protected":false},"excerpt":{"rendered":"<p>O vice-governador Barbosinha visitou no s\u00e1bado (7) a nova sede do DOF (Departamento de Opera\u00e7\u00f5es de Fronteira), inaugurada no dia 26 de setembro do ano passado em Dourados. Na oportunidade, cumprimentou o comandante da unidade, coronel Wagner Ferreira da Silva, pela bela estrutura montada para sediar as atividades do Departamento, que \u00e9 considerado refer\u00eancia nacional [&hellip;]<\/p>\n","protected":false},"author":2,"featured_media":17135,"comment_status":"open","ping_status":"closed","sticky":false,"template":"","format":"standard","meta":{"footnotes":""},"categories":[35],"tags":[],"class_list":["post-17134","post","type-post","status-publish","format-standard","has-post-thumbnail","hentry","category-cidades"],"yoast_head":"<!-- This site is optimized with the Yoast SEO plugin v27.5 - https:\/\/yoast.com\/product\/yoast-seo-wordpress\/ -->\n<title>Vice-governador debate no DOF protocolos de seguran\u00e7a da fronteira - MsConectado<\/title>\n<meta name=\"robots\" content=\"index, follow, max-snippet:-1, max-image-preview:large, max-video-preview:-1\" \/>\n<link rel=\"canonical\" href=\"https:\/\/msconectado.com.br\/?p=17134\" \/>\n<meta property=\"og:locale\" content=\"pt_BR\" \/>\n<meta property=\"og:type\" content=\"article\" \/>\n<meta property=\"og:title\" content=\"Vice-governador debate no DOF protocolos de seguran\u00e7a da fronteira - MsConectado\" \/>\n<meta property=\"og:description\" content=\"O vice-governador Barbosinha visitou no s\u00e1bado (7) a nova sede do DOF (Departamento de Opera\u00e7\u00f5es de Fronteira), inaugurada no dia 26 de setembro do ano passado em Dourados. Na oportunidade, cumprimentou o comandante da unidade, coronel Wagner Ferreira da Silva, pela bela estrutura montada para sediar as atividades do Departamento, que \u00e9 considerado refer\u00eancia nacional [&hellip;]\" \/>\n<meta property=\"og:url\" content=\"https:\/\/msconectado.com.br\/?p=17134\" \/>\n<meta property=\"og:site_name\" content=\"MsConectado\" \/>\n<meta property=\"article:published_time\" content=\"2023-01-12T17:35:19+00:00\" \/>\n<meta property=\"article:modified_time\" content=\"2023-01-13T11:57:37+00:00\" \/>\n<meta property=\"og:image\" content=\"https:\/\/msconectado.com.br\/wp-content\/uploads\/2023\/01\/14.jpg\" \/>\n\t<meta property=\"og:image:width\" content=\"1144\" \/>\n\t<meta property=\"og:image:height\" content=\"900\" \/>\n\t<meta property=\"og:image:type\" content=\"image\/jpeg\" \/>\n<meta name=\"author\" content=\"MsConectado\" \/>\n<meta name=\"twitter:card\" content=\"summary_large_image\" \/>\n<meta name=\"twitter:label1\" content=\"Escrito por\" \/>\n\t<meta name=\"twitter:data1\" content=\"MsConectado\" \/>\n\t<meta name=\"twitter:label2\" content=\"Est. tempo de leitura\" \/>\n\t<meta name=\"twitter:data2\" content=\"2 minutos\" \/>\n<script type=\"application\/ld+json\" class=\"yoast-schema-graph\">{\"@context\":\"https:\\\/\\\/schema.org\",\"@graph\":[{\"@type\":\"Article\",\"@id\":\"https:\\\/\\\/msconectado.com.br\\\/?p=17134#article\",\"isPartOf\":{\"@id\":\"https:\\\/\\\/msconectado.com.br\\\/?p=17134\"},\"author\":{\"name\":\"MsConectado\",\"@id\":\"https:\\\/\\\/msconectado.com.br\\\/#\\\/schema\\\/person\\\/e5585545b5687092f1041d350b6e2c16\"},\"headline\":\"Vice-governador debate no DOF protocolos de seguran\u00e7a da fronteira\",\"datePublished\":\"2023-01-12T17:35:19+00:00\",\"dateModified\":\"2023-01-13T11:57:37+00:00\",\"mainEntityOfPage\":{\"@id\":\"https:\\\/\\\/msconectado.com.br\\\/?p=17134\"},\"wordCount\":487,\"commentCount\":0,\"publisher\":{\"@id\":\"https:\\\/\\\/msconectado.com.br\\\/#organization\"},\"image\":{\"@id\":\"https:\\\/\\\/msconectado.com.br\\\/?p=17134#primaryimage\"},\"thumbnailUrl\":\"https:\\\/\\\/msconectado.com.br\\\/wp-content\\\/uploads\\\/2023\\\/01\\\/14.jpg\",\"articleSection\":[\"Cidades\"],\"inLanguage\":\"pt-BR\",\"potentialAction\":[{\"@type\":\"CommentAction\",\"name\":\"Comment\",\"target\":[\"https:\\\/\\\/msconectado.com.br\\\/?p=17134#respond\"]}]},{\"@type\":\"WebPage\",\"@id\":\"https:\\\/\\\/msconectado.com.br\\\/?p=17134\",\"url\":\"https:\\\/\\\/msconectado.com.br\\\/?p=17134\",\"name\":\"Vice-governador debate no DOF protocolos de seguran\u00e7a da fronteira - MsConectado\",\"isPartOf\":{\"@id\":\"https:\\\/\\\/msconectado.com.br\\\/#website\"},\"primaryImageOfPage\":{\"@id\":\"https:\\\/\\\/msconectado.com.br\\\/?p=17134#primaryimage\"},\"image\":{\"@id\":\"https:\\\/\\\/msconectado.com.br\\\/?p=17134#primaryimage\"},\"thumbnailUrl\":\"https:\\\/\\\/msconectado.com.br\\\/wp-content\\\/uploads\\\/2023\\\/01\\\/14.jpg\",\"datePublished\":\"2023-01-12T17:35:19+00:00\",\"dateModified\":\"2023-01-13T11:57:37+00:00\",\"breadcrumb\":{\"@id\":\"https:\\\/\\\/msconectado.com.br\\\/?p=17134#breadcrumb\"},\"inLanguage\":\"pt-BR\",\"potentialAction\":[{\"@type\":\"ReadAction\",\"target\":[\"https:\\\/\\\/msconectado.com.br\\\/?p=17134\"]}]},{\"@type\":\"ImageObject\",\"inLanguage\":\"pt-BR\",\"@id\":\"https:\\\/\\\/msconectado.com.br\\\/?p=17134#primaryimage\",\"url\":\"https:\\\/\\\/msconectado.com.br\\\/wp-content\\\/uploads\\\/2023\\\/01\\\/14.jpg\",\"contentUrl\":\"https:\\\/\\\/msconectado.com.br\\\/wp-content\\\/uploads\\\/2023\\\/01\\\/14.jpg\",\"width\":1144,\"height\":900},{\"@type\":\"BreadcrumbList\",\"@id\":\"https:\\\/\\\/msconectado.com.br\\\/?p=17134#breadcrumb\",\"itemListElement\":[{\"@type\":\"ListItem\",\"position\":1,\"name\":\"In\u00edcio\",\"item\":\"https:\\\/\\\/msconectado.com.br\\\/\"},{\"@type\":\"ListItem\",\"position\":2,\"name\":\"Vice-governador debate no DOF protocolos de seguran\u00e7a da fronteira\"}]},{\"@type\":\"WebSite\",\"@id\":\"https:\\\/\\\/msconectado.com.br\\\/#website\",\"url\":\"https:\\\/\\\/msconectado.com.br\\\/\",\"name\":\"MsConectado\",\"description\":\"Voc\u00ea Conectado com a Not\u00edcia!\",\"publisher\":{\"@id\":\"https:\\\/\\\/msconectado.com.br\\\/#organization\"},\"potentialAction\":[{\"@type\":\"SearchAction\",\"target\":{\"@type\":\"EntryPoint\",\"urlTemplate\":\"https:\\\/\\\/msconectado.com.br\\\/?s={search_term_string}\"},\"query-input\":{\"@type\":\"PropertyValueSpecification\",\"valueRequired\":true,\"valueName\":\"search_term_string\"}}],\"inLanguage\":\"pt-BR\"},{\"@type\":\"Organization\",\"@id\":\"https:\\\/\\\/msconectado.com.br\\\/#organization\",\"name\":\"MsConectado\",\"url\":\"https:\\\/\\\/msconectado.com.br\\\/\",\"logo\":{\"@type\":\"ImageObject\",\"inLanguage\":\"pt-BR\",\"@id\":\"https:\\\/\\\/msconectado.com.br\\\/#\\\/schema\\\/logo\\\/image\\\/\",\"url\":\"https:\\\/\\\/msconectado.com.br\\\/wp-content\\\/uploads\\\/2023\\\/01\\\/cropped-noticia-2.png\",\"contentUrl\":\"https:\\\/\\\/msconectado.com.br\\\/wp-content\\\/uploads\\\/2023\\\/01\\\/cropped-noticia-2.png\",\"width\":720,\"height\":157,\"caption\":\"MsConectado\"},\"image\":{\"@id\":\"https:\\\/\\\/msconectado.com.br\\\/#\\\/schema\\\/logo\\\/image\\\/\"}},{\"@type\":\"Person\",\"@id\":\"https:\\\/\\\/msconectado.com.br\\\/#\\\/schema\\\/person\\\/e5585545b5687092f1041d350b6e2c16\",\"name\":\"MsConectado\",\"image\":{\"@type\":\"ImageObject\",\"inLanguage\":\"pt-BR\",\"@id\":\"https:\\\/\\\/secure.gravatar.com\\\/avatar\\\/3b4f84a0a8a4380ac4431fa79981d073692380c5da00ae97596e794ab0db5c8c?s=96&d=mm&r=g\",\"url\":\"https:\\\/\\\/secure.gravatar.com\\\/avatar\\\/3b4f84a0a8a4380ac4431fa79981d073692380c5da00ae97596e794ab0db5c8c?s=96&d=mm&r=g\",\"contentUrl\":\"https:\\\/\\\/secure.gravatar.com\\\/avatar\\\/3b4f84a0a8a4380ac4431fa79981d073692380c5da00ae97596e794ab0db5c8c?s=96&d=mm&r=g\",\"caption\":\"MsConectado\"},\"url\":\"https:\\\/\\\/msconectado.com.br\\\/?author=2\"}]}<\/script>\n<!-- \/ Yoast SEO plugin. -->","yoast_head_json":{"title":"Vice-governador debate no DOF protocolos de seguran\u00e7a da fronteira - MsConectado","robots":{"index":"index","follow":"follow","max-snippet":"max-snippet:-1","max-image-preview":"max-image-preview:large","max-video-preview":"max-video-preview:-1"},"canonical":"https:\/\/msconectado.com.br\/?p=17134","og_locale":"pt_BR","og_type":"article","og_title":"Vice-governador debate no DOF protocolos de seguran\u00e7a da fronteira - MsConectado","og_description":"O vice-governador Barbosinha visitou no s\u00e1bado (7) a nova sede do DOF (Departamento de Opera\u00e7\u00f5es de Fronteira), inaugurada no dia 26 de setembro do ano passado em Dourados. Na oportunidade, cumprimentou o comandante da unidade, coronel Wagner Ferreira da Silva, pela bela estrutura montada para sediar as atividades do Departamento, que \u00e9 considerado refer\u00eancia nacional [&hellip;]","og_url":"https:\/\/msconectado.com.br\/?p=17134","og_site_name":"MsConectado","article_published_time":"2023-01-12T17:35:19+00:00","article_modified_time":"2023-01-13T11:57:37+00:00","og_image":[{"width":1144,"height":900,"url":"https:\/\/msconectado.com.br\/wp-content\/uploads\/2023\/01\/14.jpg","type":"image\/jpeg"}],"author":"MsConectado","twitter_card":"summary_large_image","twitter_misc":{"Escrito por":"MsConectado","Est. tempo de leitura":"2 minutos"},"schema":{"@context":"https:\/\/schema.org","@graph":[{"@type":"Article","@id":"https:\/\/msconectado.com.br\/?p=17134#article","isPartOf":{"@id":"https:\/\/msconectado.com.br\/?p=17134"},"author":{"name":"MsConectado","@id":"https:\/\/msconectado.com.br\/#\/schema\/person\/e5585545b5687092f1041d350b6e2c16"},"headline":"Vice-governador debate no DOF protocolos de seguran\u00e7a da fronteira","datePublished":"2023-01-12T17:35:19+00:00","dateModified":"2023-01-13T11:57:37+00:00","mainEntityOfPage":{"@id":"https:\/\/msconectado.com.br\/?p=17134"},"wordCount":487,"commentCount":0,"publisher":{"@id":"https:\/\/msconectado.com.br\/#organization"},"image":{"@id":"https:\/\/msconectado.com.br\/?p=17134#primaryimage"},"thumbnailUrl":"https:\/\/msconectado.com.br\/wp-content\/uploads\/2023\/01\/14.jpg","articleSection":["Cidades"],"inLanguage":"pt-BR","potentialAction":[{"@type":"CommentAction","name":"Comment","target":["https:\/\/msconectado.com.br\/?p=17134#respond"]}]},{"@type":"WebPage","@id":"https:\/\/msconectado.com.br\/?p=17134","url":"https:\/\/msconectado.com.br\/?p=17134","name":"Vice-governador debate no DOF protocolos de seguran\u00e7a da fronteira - MsConectado","isPartOf":{"@id":"https:\/\/msconectado.com.br\/#website"},"primaryImageOfPage":{"@id":"https:\/\/msconectado.com.br\/?p=17134#primaryimage"},"image":{"@id":"https:\/\/msconectado.com.br\/?p=17134#primaryimage"},"thumbnailUrl":"https:\/\/msconectado.com.br\/wp-content\/uploads\/2023\/01\/14.jpg","datePublished":"2023-01-12T17:35:19+00:00","dateModified":"2023-01-13T11:57:37+00:00","breadcrumb":{"@id":"https:\/\/msconectado.com.br\/?p=17134#breadcrumb"},"inLanguage":"pt-BR","potentialAction":[{"@type":"ReadAction","target":["https:\/\/msconectado.com.br\/?p=17134"]}]},{"@type":"ImageObject","inLanguage":"pt-BR","@id":"https:\/\/msconectado.com.br\/?p=17134#primaryimage","url":"https:\/\/msconectado.com.br\/wp-content\/uploads\/2023\/01\/14.jpg","contentUrl":"https:\/\/msconectado.com.br\/wp-content\/uploads\/2023\/01\/14.jpg","width":1144,"height":900},{"@type":"BreadcrumbList","@id":"https:\/\/msconectado.com.br\/?p=17134#breadcrumb","itemListElement":[{"@type":"ListItem","position":1,"name":"In\u00edcio","item":"https:\/\/msconectado.com.br\/"},{"@type":"ListItem","position":2,"name":"Vice-governador debate no DOF protocolos de seguran\u00e7a da fronteira"}]},{"@type":"WebSite","@id":"https:\/\/msconectado.com.br\/#website","url":"https:\/\/msconectado.com.br\/","name":"MsConectado","description":"Voc\u00ea Conectado com a Not\u00edcia!","publisher":{"@id":"https:\/\/msconectado.com.br\/#organization"},"potentialAction":[{"@type":"SearchAction","target":{"@type":"EntryPoint","urlTemplate":"https:\/\/msconectado.com.br\/?s={search_term_string}"},"query-input":{"@type":"PropertyValueSpecification","valueRequired":true,"valueName":"search_term_string"}}],"inLanguage":"pt-BR"},{"@type":"Organization","@id":"https:\/\/msconectado.com.br\/#organization","name":"MsConectado","url":"https:\/\/msconectado.com.br\/","logo":{"@type":"ImageObject","inLanguage":"pt-BR","@id":"https:\/\/msconectado.com.br\/#\/schema\/logo\/image\/","url":"https:\/\/msconectado.com.br\/wp-content\/uploads\/2023\/01\/cropped-noticia-2.png","contentUrl":"https:\/\/msconectado.com.br\/wp-content\/uploads\/2023\/01\/cropped-noticia-2.png","width":720,"height":157,"caption":"MsConectado"},"image":{"@id":"https:\/\/msconectado.com.br\/#\/schema\/logo\/image\/"}},{"@type":"Person","@id":"https:\/\/msconectado.com.br\/#\/schema\/person\/e5585545b5687092f1041d350b6e2c16","name":"MsConectado","image":{"@type":"ImageObject","inLanguage":"pt-BR","@id":"https:\/\/secure.gravatar.com\/avatar\/3b4f84a0a8a4380ac4431fa79981d073692380c5da00ae97596e794ab0db5c8c?s=96&d=mm&r=g","url":"https:\/\/secure.gravatar.com\/avatar\/3b4f84a0a8a4380ac4431fa79981d073692380c5da00ae97596e794ab0db5c8c?s=96&d=mm&r=g","contentUrl":"https:\/\/secure.gravatar.com\/avatar\/3b4f84a0a8a4380ac4431fa79981d073692380c5da00ae97596e794ab0db5c8c?s=96&d=mm&r=g","caption":"MsConectado"},"url":"https:\/\/msconectado.com.br\/?author=2"}]}},"_links":{"self":[{"href":"https:\/\/msconectado.com.br\/index.php?rest_route=\/wp\/v2\/posts\/17134","targetHints":{"allow":["GET"]}}],"collection":[{"href":"https:\/\/msconectado.com.br\/index.php?rest_route=\/wp\/v2\/posts"}],"about":[{"href":"https:\/\/msconectado.com.br\/index.php?rest_route=\/wp\/v2\/types\/post"}],"author":[{"embeddable":true,"href":"https:\/\/msconectado.com.br\/index.php?rest_route=\/wp\/v2\/users\/2"}],"replies":[{"embeddable":true,"href":"https:\/\/msconectado.com.br\/index.php?rest_route=%2Fwp%2Fv2%2Fcomments&post=17134"}],"version-history":[{"count":2,"href":"https:\/\/msconectado.com.br\/index.php?rest_route=\/wp\/v2\/posts\/17134\/revisions"}],"predecessor-version":[{"id":17329,"href":"https:\/\/msconectado.com.br\/index.php?rest_route=\/wp\/v2\/posts\/17134\/revisions\/17329"}],"wp:featuredmedia":[{"embeddable":true,"href":"https:\/\/msconectado.com.br\/index.php?rest_route=\/wp\/v2\/media\/17135"}],"wp:attachment":[{"href":"https:\/\/msconectado.com.br\/index.php?rest_route=%2Fwp%2Fv2%2Fmedia&parent=17134"}],"wp:term":[{"taxonomy":"category","embeddable":true,"href":"https:\/\/msconectado.com.br\/index.php?rest_route=%2Fwp%2Fv2%2Fcategories&post=17134"},{"taxonomy":"post_tag","embeddable":true,"href":"https:\/\/msconectado.com.br\/index.php?rest_route=%2Fwp%2Fv2%2Ftags&post=17134"}],"curies":[{"name":"wp","href":"https:\/\/api.w.org\/{rel}","templated":true}]}}