
{"id":17148,"date":"2023-01-12T17:47:30","date_gmt":"2023-01-12T17:47:30","guid":{"rendered":"https:\/\/teste.msconectado.com.br\/?p=17148"},"modified":"2023-01-13T11:56:44","modified_gmt":"2023-01-13T11:56:44","slug":"novo-secretario-aposta-na-inovacao-para-desburocratizar-a-saude-de-mato-grosso-do-sul","status":"publish","type":"post","link":"https:\/\/msconectado.com.br\/?p=17148","title":{"rendered":"Novo secret\u00e1rio aposta na inova\u00e7\u00e3o para desburocratizar a Sa\u00fade de Mato Grosso do Sul"},"content":{"rendered":"\n<h4 class=\"wp-block-heading\">O secret\u00e1rio de Estado de Sa\u00fade Maur\u00edcio Sim\u00f5es realizou a 1\u00aa reuni\u00e3o com diretores e coordenadores para alinhar as diretrizes de trabalho com prop\u00f3sito de ampliar e melhorar os servi\u00e7os oferecidos pelo SUS (Sistema \u00danico de Sa\u00fade) em Mato Grosso do Sul. O encontro foi realizado na manh\u00e3 desta quarta-feira (9) na Sala de Situa\u00e7\u00e3o, em Campo Grande.<\/h4>\n\n\n\n<h4 class=\"wp-block-heading\">Durante a reuni\u00e3o, Sim\u00f5es destacou aos representantes da dire\u00e7\u00e3o e integrantes do Hemosul, Central de Transplantes, Lacen\/MS (Laborat\u00f3rio Central de Sa\u00fade P\u00fablica) e Hospital Regional de Mato Grosso do Sul que a sua gest\u00e3o ser\u00e1 focada na inova\u00e7\u00e3o, aliada ao planejamento de a\u00e7\u00f5es assertivas junto \u00e0s equipes que comp\u00f5em a SES\/MS atrelado ao apoio que a pasta oferece aos munic\u00edpios.<\/h4>\n\n\n\n<h4 class=\"wp-block-heading\">\u201cPropus um desafio a minha equipe de revisar todos os processos internos a fim de desburocratizar as a\u00e7\u00f5es de trabalho que no meu entendimento podem se tornar mais c\u00e9leres. Nenhuma institui\u00e7\u00e3o evolui se as pessoas n\u00e3o estiverem com os objetivos alinhados. Privilegiamos os nossos t\u00e9cnicos que trabalham a mais tempo na secretaria e que possuem experi\u00eancia e forma\u00e7\u00e3o\u201d, destaca o novo secret\u00e1rio.<\/h4>\n\n\n\n<h4 class=\"wp-block-heading\">Para o coordenador de Tecnologia da Informa\u00e7\u00e3o da SES, Marcos Esp\u00edndola de Freitas, a expectativa \u00e9 de implantar um estado digital. \u201cN\u00e3o \u00e9 apenas oferecer bons servi\u00e7os mas hoje, na atual conjuntura moderna, \u00e9 preciso que o cidad\u00e3o consiga obter servi\u00e7os digitais e que ele possa consultar estes servi\u00e7os por meio de plataformas digitais. Ent\u00e3o n\u00f3s, do setor de tecnologia da SES\/MS, vamos trabalhar intensamente para o desenvolvimento destas plataformas para que possamos conect\u00e1-las com o cidad\u00e3o. A popula\u00e7\u00e3o pode esperar que vamos oferecer um servi\u00e7o voltado para o Hemosul, Lacen, para pessoas que realizam Tratamento Fora de Domic\u00edlio (TFD), al\u00e9m de outros servi\u00e7os p\u00fablicos oferecidos pelo Estado\u201d.<\/h4>\n\n\n\n<h4 class=\"wp-block-heading\">A convite do governador Eduardo Riedel, Maur\u00edcio Sim\u00f5es ter\u00e1 a miss\u00e3o de realizar a conclus\u00e3o da Regionaliza\u00e7\u00e3o dos Servi\u00e7os de Sa\u00fade, o Fortalecimento do Sistema \u00danico de Sa\u00fade (SUS), al\u00e9m de oferecer garantia de efici\u00eancia para a Rede Hospitalar Estadual e a amplia\u00e7\u00e3o do uso da Telemedicina, Medicina Bioeletr\u00f4nica e&nbsp; ntelig\u00eancia Artificial para Fortalecimento da Interface entre Sa\u00fade e Ci\u00eancia.<\/h4>\n\n\n\n<h4 class=\"wp-block-heading\"><strong>Sobre o secret\u00e1rio<\/strong><br>O m\u00e9dico Maur\u00edcio Sim\u00f5es Corr\u00eaa \u00e9 especialista em cabe\u00e7a e pesco\u00e7o. Ele tamb\u00e9m construiu uma longa carreira no setor administrativo como diretor-presidente da Unimed Campo Grande.<\/h4>\n\n\n\n<h4 class=\"wp-block-heading\">Natural do Rio de Janeiro (09\/04\/1965), Sim\u00f5es tem 57 anos, formou-se pela Funda\u00e7\u00e3o T\u00e9cnico Educacional Souza Marques Escola de Medicina do Rio de Janeiro em 1987, realizou Resid\u00eancia de Cirurgia Geral no Hospital dos Servidores do Rio de Janeiro (1988 a 1990) e Resid\u00eancia M\u00e9dica no Instituto Nacional do C\u00e2ncer (INCA\/RJ), no per\u00edodo de 1990 a 1993.<\/h4>\n\n\n\n<h4 class=\"wp-block-heading\">Casado e com filhos, mudou-se para o Estado em 1993 e sua experi\u00eancia como gestor hospitalar em Mato Grosso do Sul come\u00e7ou no Hospital S\u00e3o Juli\u00e3o (1998 a 2001), onde exerceu a fun\u00e7\u00e3o de diretor-cl\u00ednico.<\/h4>\n\n\n\n<h4 class=\"wp-block-heading\">Logo depois como diretor-presidente da Unicred (2002 a 2005) e tendo tr\u00eas passagens pela Unimed Campo Grande sendo duas vezes como diretor-presente (2007- 2010 e 2019-2022), bem como, diretor-financeiro (2013 a 2016).<\/h4>\n\n\n\n<h4 class=\"wp-block-heading\">Sim\u00f5es tamb\u00e9m foi docente na Universidade Uniderp, onde ministrou aulas no curso de medicina (1999 a 2016). Dentro do Conselho Federal de Medicina (CFM) \u00e9 Membro da Comiss\u00e3o de Sa\u00fade Suplementar e Membro da C\u00e2mara T\u00e9cnica de Cirurgia de Cabe\u00e7a e Pesco\u00e7o.<\/h4>\n\n\n\n<h4 class=\"wp-block-heading\">Como marco de sua carreira profissional, o m\u00e9dico \u00e9 presidente-fundador da Funda\u00e7\u00e3o Miguel Couto e registra passagem pela Funda\u00e7\u00e3o Unimed como membro do Conselho Curador; Sindicato e Organiza\u00e7\u00e3o das Cooperativas Brasileiras no Mato Grosso do Sul (OCB\/MS), como membro do Conselho de Administra\u00e7\u00e3o, al\u00e9m de ser membro da Academia de Medicina de Mato Grosso do Sul.<\/h4>\n\n\n\n<h4 class=\"wp-block-heading\">Por duas vezes, foi vice-presidente da Regi\u00e3o Centro-Oeste da Sociedade Brasileira de Cirurgia de Cabe\u00e7a e Pesco\u00e7o (SBCCP). Atualmente \u00e9 diretor-presidente da Federa\u00e7\u00e3o das Unimeds MS (Gest\u00e3o 2022 \u2013 2024).<\/h4>\n\n\n\n<h4 class=\"wp-block-heading\"><em>Texto e foto: Rodson Lima, SES<\/em><\/h4>\n\n\n\n<figure class=\"wp-block-image\"><img decoding=\"async\" src=\"https:\/\/i.imgur.com\/R31xFca.jpg\" alt=\"\"\/><\/figure>\n\n\n\n<figure class=\"wp-block-image\"><img decoding=\"async\" src=\"https:\/\/i.imgur.com\/i7OXWMV.png\" alt=\"\"\/><\/figure>\n\n\n\n<figure class=\"wp-block-image\"><img decoding=\"async\" src=\"https:\/\/i.imgur.com\/MRhIHyG.png\" alt=\"\"\/><\/figure>\n\n\n\n<h4 class=\"wp-block-heading\">Acesse nossa p\u00e1gina no Facebook e fique por dentro dos destaques de Maracaju e regi\u00e3o.<br><a href=\"https:\/\/www.facebook.com\/MsConectado\/?__tn__=K-R&amp;eid=ARAhfp4e5aWbNVoyptzGrm4obmySmRA_YR3QE4VTRX5QMShFsdcdIz5Iq0b_MWIy7I4QmNXz6k8IoNle&amp;fref=mentions&amp;__xts__%5B0%5D=68.ARAioa_i2DB8DORiDt4nCzBX7dvRVCRXhE8omKRc8oaCnvkbB62J-ntBfEZirzPivEkJx1lDCVwLAcPtZ0yMQNLkCNTlcJQPj0xK6BaGWaOsY1faLudkMNiJdevECtsRmxRf4pPywtr6Ph-QfFtADqGObU6JSKIHeG-MeeDX4kDKXlTFIUBRK4hO5nTzRrhcr3MX5cg5M1qoQKrs0FAyJEjbCy_O8F2Huq0AcJWiZlkD8u8XSf0QlsVlsI8LptFuIqgBS8GhVTw0O9tDGx11ebCRNoaUxQIYsP4qWoTURB3au7pBOcC3DfEQdk--ypqG-M2wCG5kVpCnL3qr9XO0E0f23b1xxxMz0V4PiQ\">https:\/\/www.facebook.com\/MsConectado\/<\/a><\/h4>\n","protected":false},"excerpt":{"rendered":"<p>O secret\u00e1rio de Estado de Sa\u00fade Maur\u00edcio Sim\u00f5es realizou a 1\u00aa reuni\u00e3o com diretores e coordenadores para alinhar as diretrizes de trabalho com prop\u00f3sito de ampliar e melhorar os servi\u00e7os oferecidos pelo SUS (Sistema \u00danico de Sa\u00fade) em Mato Grosso do Sul. O encontro foi realizado na manh\u00e3 desta quarta-feira (9) na Sala de Situa\u00e7\u00e3o, [&hellip;]<\/p>\n","protected":false},"author":2,"featured_media":17149,"comment_status":"open","ping_status":"closed","sticky":false,"template":"","format":"standard","meta":{"footnotes":""},"categories":[35],"tags":[],"class_list":["post-17148","post","type-post","status-publish","format-standard","has-post-thumbnail","hentry","category-cidades"],"yoast_head":"<!-- This site is optimized with the Yoast SEO plugin v27.5 - https:\/\/yoast.com\/product\/yoast-seo-wordpress\/ -->\n<title>Novo secret\u00e1rio aposta na inova\u00e7\u00e3o para desburocratizar a Sa\u00fade de Mato Grosso do Sul - MsConectado<\/title>\n<meta name=\"robots\" content=\"index, follow, max-snippet:-1, max-image-preview:large, max-video-preview:-1\" \/>\n<link rel=\"canonical\" href=\"https:\/\/msconectado.com.br\/?p=17148\" \/>\n<meta property=\"og:locale\" content=\"pt_BR\" \/>\n<meta property=\"og:type\" content=\"article\" \/>\n<meta property=\"og:title\" content=\"Novo secret\u00e1rio aposta na inova\u00e7\u00e3o para desburocratizar a Sa\u00fade de Mato Grosso do Sul - MsConectado\" \/>\n<meta property=\"og:description\" content=\"O secret\u00e1rio de Estado de Sa\u00fade Maur\u00edcio Sim\u00f5es realizou a 1\u00aa reuni\u00e3o com diretores e coordenadores para alinhar as diretrizes de trabalho com prop\u00f3sito de ampliar e melhorar os servi\u00e7os oferecidos pelo SUS (Sistema \u00danico de Sa\u00fade) em Mato Grosso do Sul. O encontro foi realizado na manh\u00e3 desta quarta-feira (9) na Sala de Situa\u00e7\u00e3o, [&hellip;]\" \/>\n<meta property=\"og:url\" content=\"https:\/\/msconectado.com.br\/?p=17148\" \/>\n<meta property=\"og:site_name\" content=\"MsConectado\" \/>\n<meta property=\"article:published_time\" content=\"2023-01-12T17:47:30+00:00\" \/>\n<meta property=\"article:modified_time\" content=\"2023-01-13T11:56:44+00:00\" \/>\n<meta property=\"og:image\" content=\"https:\/\/msconectado.com.br\/wp-content\/uploads\/2023\/01\/11.jpg\" \/>\n\t<meta property=\"og:image:width\" content=\"730\" \/>\n\t<meta property=\"og:image:height\" content=\"425\" \/>\n\t<meta property=\"og:image:type\" content=\"image\/jpeg\" \/>\n<meta name=\"author\" content=\"MsConectado\" \/>\n<meta name=\"twitter:card\" content=\"summary_large_image\" \/>\n<meta name=\"twitter:label1\" content=\"Escrito por\" \/>\n\t<meta name=\"twitter:data1\" content=\"MsConectado\" \/>\n\t<meta name=\"twitter:label2\" content=\"Est. tempo de leitura\" \/>\n\t<meta name=\"twitter:data2\" content=\"4 minutos\" \/>\n<script type=\"application\/ld+json\" class=\"yoast-schema-graph\">{\"@context\":\"https:\\\/\\\/schema.org\",\"@graph\":[{\"@type\":\"Article\",\"@id\":\"https:\\\/\\\/msconectado.com.br\\\/?p=17148#article\",\"isPartOf\":{\"@id\":\"https:\\\/\\\/msconectado.com.br\\\/?p=17148\"},\"author\":{\"name\":\"MsConectado\",\"@id\":\"https:\\\/\\\/msconectado.com.br\\\/#\\\/schema\\\/person\\\/e5585545b5687092f1041d350b6e2c16\"},\"headline\":\"Novo secret\u00e1rio aposta na inova\u00e7\u00e3o para desburocratizar a Sa\u00fade de Mato Grosso do Sul\",\"datePublished\":\"2023-01-12T17:47:30+00:00\",\"dateModified\":\"2023-01-13T11:56:44+00:00\",\"mainEntityOfPage\":{\"@id\":\"https:\\\/\\\/msconectado.com.br\\\/?p=17148\"},\"wordCount\":753,\"commentCount\":0,\"publisher\":{\"@id\":\"https:\\\/\\\/msconectado.com.br\\\/#organization\"},\"image\":{\"@id\":\"https:\\\/\\\/msconectado.com.br\\\/?p=17148#primaryimage\"},\"thumbnailUrl\":\"https:\\\/\\\/msconectado.com.br\\\/wp-content\\\/uploads\\\/2023\\\/01\\\/11.jpg\",\"articleSection\":[\"Cidades\"],\"inLanguage\":\"pt-BR\",\"potentialAction\":[{\"@type\":\"CommentAction\",\"name\":\"Comment\",\"target\":[\"https:\\\/\\\/msconectado.com.br\\\/?p=17148#respond\"]}]},{\"@type\":\"WebPage\",\"@id\":\"https:\\\/\\\/msconectado.com.br\\\/?p=17148\",\"url\":\"https:\\\/\\\/msconectado.com.br\\\/?p=17148\",\"name\":\"Novo secret\u00e1rio aposta na inova\u00e7\u00e3o para desburocratizar a Sa\u00fade de Mato Grosso do Sul - MsConectado\",\"isPartOf\":{\"@id\":\"https:\\\/\\\/msconectado.com.br\\\/#website\"},\"primaryImageOfPage\":{\"@id\":\"https:\\\/\\\/msconectado.com.br\\\/?p=17148#primaryimage\"},\"image\":{\"@id\":\"https:\\\/\\\/msconectado.com.br\\\/?p=17148#primaryimage\"},\"thumbnailUrl\":\"https:\\\/\\\/msconectado.com.br\\\/wp-content\\\/uploads\\\/2023\\\/01\\\/11.jpg\",\"datePublished\":\"2023-01-12T17:47:30+00:00\",\"dateModified\":\"2023-01-13T11:56:44+00:00\",\"breadcrumb\":{\"@id\":\"https:\\\/\\\/msconectado.com.br\\\/?p=17148#breadcrumb\"},\"inLanguage\":\"pt-BR\",\"potentialAction\":[{\"@type\":\"ReadAction\",\"target\":[\"https:\\\/\\\/msconectado.com.br\\\/?p=17148\"]}]},{\"@type\":\"ImageObject\",\"inLanguage\":\"pt-BR\",\"@id\":\"https:\\\/\\\/msconectado.com.br\\\/?p=17148#primaryimage\",\"url\":\"https:\\\/\\\/msconectado.com.br\\\/wp-content\\\/uploads\\\/2023\\\/01\\\/11.jpg\",\"contentUrl\":\"https:\\\/\\\/msconectado.com.br\\\/wp-content\\\/uploads\\\/2023\\\/01\\\/11.jpg\",\"width\":730,\"height\":425},{\"@type\":\"BreadcrumbList\",\"@id\":\"https:\\\/\\\/msconectado.com.br\\\/?p=17148#breadcrumb\",\"itemListElement\":[{\"@type\":\"ListItem\",\"position\":1,\"name\":\"In\u00edcio\",\"item\":\"https:\\\/\\\/msconectado.com.br\\\/\"},{\"@type\":\"ListItem\",\"position\":2,\"name\":\"Novo secret\u00e1rio aposta na inova\u00e7\u00e3o para desburocratizar a Sa\u00fade de Mato Grosso do Sul\"}]},{\"@type\":\"WebSite\",\"@id\":\"https:\\\/\\\/msconectado.com.br\\\/#website\",\"url\":\"https:\\\/\\\/msconectado.com.br\\\/\",\"name\":\"MsConectado\",\"description\":\"Voc\u00ea Conectado com a Not\u00edcia!\",\"publisher\":{\"@id\":\"https:\\\/\\\/msconectado.com.br\\\/#organization\"},\"potentialAction\":[{\"@type\":\"SearchAction\",\"target\":{\"@type\":\"EntryPoint\",\"urlTemplate\":\"https:\\\/\\\/msconectado.com.br\\\/?s={search_term_string}\"},\"query-input\":{\"@type\":\"PropertyValueSpecification\",\"valueRequired\":true,\"valueName\":\"search_term_string\"}}],\"inLanguage\":\"pt-BR\"},{\"@type\":\"Organization\",\"@id\":\"https:\\\/\\\/msconectado.com.br\\\/#organization\",\"name\":\"MsConectado\",\"url\":\"https:\\\/\\\/msconectado.com.br\\\/\",\"logo\":{\"@type\":\"ImageObject\",\"inLanguage\":\"pt-BR\",\"@id\":\"https:\\\/\\\/msconectado.com.br\\\/#\\\/schema\\\/logo\\\/image\\\/\",\"url\":\"https:\\\/\\\/msconectado.com.br\\\/wp-content\\\/uploads\\\/2023\\\/01\\\/cropped-noticia-2.png\",\"contentUrl\":\"https:\\\/\\\/msconectado.com.br\\\/wp-content\\\/uploads\\\/2023\\\/01\\\/cropped-noticia-2.png\",\"width\":720,\"height\":157,\"caption\":\"MsConectado\"},\"image\":{\"@id\":\"https:\\\/\\\/msconectado.com.br\\\/#\\\/schema\\\/logo\\\/image\\\/\"}},{\"@type\":\"Person\",\"@id\":\"https:\\\/\\\/msconectado.com.br\\\/#\\\/schema\\\/person\\\/e5585545b5687092f1041d350b6e2c16\",\"name\":\"MsConectado\",\"image\":{\"@type\":\"ImageObject\",\"inLanguage\":\"pt-BR\",\"@id\":\"https:\\\/\\\/secure.gravatar.com\\\/avatar\\\/3b4f84a0a8a4380ac4431fa79981d073692380c5da00ae97596e794ab0db5c8c?s=96&d=mm&r=g\",\"url\":\"https:\\\/\\\/secure.gravatar.com\\\/avatar\\\/3b4f84a0a8a4380ac4431fa79981d073692380c5da00ae97596e794ab0db5c8c?s=96&d=mm&r=g\",\"contentUrl\":\"https:\\\/\\\/secure.gravatar.com\\\/avatar\\\/3b4f84a0a8a4380ac4431fa79981d073692380c5da00ae97596e794ab0db5c8c?s=96&d=mm&r=g\",\"caption\":\"MsConectado\"},\"url\":\"https:\\\/\\\/msconectado.com.br\\\/?author=2\"}]}<\/script>\n<!-- \/ Yoast SEO plugin. -->","yoast_head_json":{"title":"Novo secret\u00e1rio aposta na inova\u00e7\u00e3o para desburocratizar a Sa\u00fade de Mato Grosso do Sul - MsConectado","robots":{"index":"index","follow":"follow","max-snippet":"max-snippet:-1","max-image-preview":"max-image-preview:large","max-video-preview":"max-video-preview:-1"},"canonical":"https:\/\/msconectado.com.br\/?p=17148","og_locale":"pt_BR","og_type":"article","og_title":"Novo secret\u00e1rio aposta na inova\u00e7\u00e3o para desburocratizar a Sa\u00fade de Mato Grosso do Sul - MsConectado","og_description":"O secret\u00e1rio de Estado de Sa\u00fade Maur\u00edcio Sim\u00f5es realizou a 1\u00aa reuni\u00e3o com diretores e coordenadores para alinhar as diretrizes de trabalho com prop\u00f3sito de ampliar e melhorar os servi\u00e7os oferecidos pelo SUS (Sistema \u00danico de Sa\u00fade) em Mato Grosso do Sul. O encontro foi realizado na manh\u00e3 desta quarta-feira (9) na Sala de Situa\u00e7\u00e3o, [&hellip;]","og_url":"https:\/\/msconectado.com.br\/?p=17148","og_site_name":"MsConectado","article_published_time":"2023-01-12T17:47:30+00:00","article_modified_time":"2023-01-13T11:56:44+00:00","og_image":[{"width":730,"height":425,"url":"https:\/\/msconectado.com.br\/wp-content\/uploads\/2023\/01\/11.jpg","type":"image\/jpeg"}],"author":"MsConectado","twitter_card":"summary_large_image","twitter_misc":{"Escrito por":"MsConectado","Est. tempo de leitura":"4 minutos"},"schema":{"@context":"https:\/\/schema.org","@graph":[{"@type":"Article","@id":"https:\/\/msconectado.com.br\/?p=17148#article","isPartOf":{"@id":"https:\/\/msconectado.com.br\/?p=17148"},"author":{"name":"MsConectado","@id":"https:\/\/msconectado.com.br\/#\/schema\/person\/e5585545b5687092f1041d350b6e2c16"},"headline":"Novo secret\u00e1rio aposta na inova\u00e7\u00e3o para desburocratizar a Sa\u00fade de Mato Grosso do Sul","datePublished":"2023-01-12T17:47:30+00:00","dateModified":"2023-01-13T11:56:44+00:00","mainEntityOfPage":{"@id":"https:\/\/msconectado.com.br\/?p=17148"},"wordCount":753,"commentCount":0,"publisher":{"@id":"https:\/\/msconectado.com.br\/#organization"},"image":{"@id":"https:\/\/msconectado.com.br\/?p=17148#primaryimage"},"thumbnailUrl":"https:\/\/msconectado.com.br\/wp-content\/uploads\/2023\/01\/11.jpg","articleSection":["Cidades"],"inLanguage":"pt-BR","potentialAction":[{"@type":"CommentAction","name":"Comment","target":["https:\/\/msconectado.com.br\/?p=17148#respond"]}]},{"@type":"WebPage","@id":"https:\/\/msconectado.com.br\/?p=17148","url":"https:\/\/msconectado.com.br\/?p=17148","name":"Novo secret\u00e1rio aposta na inova\u00e7\u00e3o para desburocratizar a Sa\u00fade de Mato Grosso do Sul - MsConectado","isPartOf":{"@id":"https:\/\/msconectado.com.br\/#website"},"primaryImageOfPage":{"@id":"https:\/\/msconectado.com.br\/?p=17148#primaryimage"},"image":{"@id":"https:\/\/msconectado.com.br\/?p=17148#primaryimage"},"thumbnailUrl":"https:\/\/msconectado.com.br\/wp-content\/uploads\/2023\/01\/11.jpg","datePublished":"2023-01-12T17:47:30+00:00","dateModified":"2023-01-13T11:56:44+00:00","breadcrumb":{"@id":"https:\/\/msconectado.com.br\/?p=17148#breadcrumb"},"inLanguage":"pt-BR","potentialAction":[{"@type":"ReadAction","target":["https:\/\/msconectado.com.br\/?p=17148"]}]},{"@type":"ImageObject","inLanguage":"pt-BR","@id":"https:\/\/msconectado.com.br\/?p=17148#primaryimage","url":"https:\/\/msconectado.com.br\/wp-content\/uploads\/2023\/01\/11.jpg","contentUrl":"https:\/\/msconectado.com.br\/wp-content\/uploads\/2023\/01\/11.jpg","width":730,"height":425},{"@type":"BreadcrumbList","@id":"https:\/\/msconectado.com.br\/?p=17148#breadcrumb","itemListElement":[{"@type":"ListItem","position":1,"name":"In\u00edcio","item":"https:\/\/msconectado.com.br\/"},{"@type":"ListItem","position":2,"name":"Novo secret\u00e1rio aposta na inova\u00e7\u00e3o para desburocratizar a Sa\u00fade de Mato Grosso do Sul"}]},{"@type":"WebSite","@id":"https:\/\/msconectado.com.br\/#website","url":"https:\/\/msconectado.com.br\/","name":"MsConectado","description":"Voc\u00ea Conectado com a Not\u00edcia!","publisher":{"@id":"https:\/\/msconectado.com.br\/#organization"},"potentialAction":[{"@type":"SearchAction","target":{"@type":"EntryPoint","urlTemplate":"https:\/\/msconectado.com.br\/?s={search_term_string}"},"query-input":{"@type":"PropertyValueSpecification","valueRequired":true,"valueName":"search_term_string"}}],"inLanguage":"pt-BR"},{"@type":"Organization","@id":"https:\/\/msconectado.com.br\/#organization","name":"MsConectado","url":"https:\/\/msconectado.com.br\/","logo":{"@type":"ImageObject","inLanguage":"pt-BR","@id":"https:\/\/msconectado.com.br\/#\/schema\/logo\/image\/","url":"https:\/\/msconectado.com.br\/wp-content\/uploads\/2023\/01\/cropped-noticia-2.png","contentUrl":"https:\/\/msconectado.com.br\/wp-content\/uploads\/2023\/01\/cropped-noticia-2.png","width":720,"height":157,"caption":"MsConectado"},"image":{"@id":"https:\/\/msconectado.com.br\/#\/schema\/logo\/image\/"}},{"@type":"Person","@id":"https:\/\/msconectado.com.br\/#\/schema\/person\/e5585545b5687092f1041d350b6e2c16","name":"MsConectado","image":{"@type":"ImageObject","inLanguage":"pt-BR","@id":"https:\/\/secure.gravatar.com\/avatar\/3b4f84a0a8a4380ac4431fa79981d073692380c5da00ae97596e794ab0db5c8c?s=96&d=mm&r=g","url":"https:\/\/secure.gravatar.com\/avatar\/3b4f84a0a8a4380ac4431fa79981d073692380c5da00ae97596e794ab0db5c8c?s=96&d=mm&r=g","contentUrl":"https:\/\/secure.gravatar.com\/avatar\/3b4f84a0a8a4380ac4431fa79981d073692380c5da00ae97596e794ab0db5c8c?s=96&d=mm&r=g","caption":"MsConectado"},"url":"https:\/\/msconectado.com.br\/?author=2"}]}},"_links":{"self":[{"href":"https:\/\/msconectado.com.br\/index.php?rest_route=\/wp\/v2\/posts\/17148","targetHints":{"allow":["GET"]}}],"collection":[{"href":"https:\/\/msconectado.com.br\/index.php?rest_route=\/wp\/v2\/posts"}],"about":[{"href":"https:\/\/msconectado.com.br\/index.php?rest_route=\/wp\/v2\/types\/post"}],"author":[{"embeddable":true,"href":"https:\/\/msconectado.com.br\/index.php?rest_route=\/wp\/v2\/users\/2"}],"replies":[{"embeddable":true,"href":"https:\/\/msconectado.com.br\/index.php?rest_route=%2Fwp%2Fv2%2Fcomments&post=17148"}],"version-history":[{"count":2,"href":"https:\/\/msconectado.com.br\/index.php?rest_route=\/wp\/v2\/posts\/17148\/revisions"}],"predecessor-version":[{"id":17326,"href":"https:\/\/msconectado.com.br\/index.php?rest_route=\/wp\/v2\/posts\/17148\/revisions\/17326"}],"wp:featuredmedia":[{"embeddable":true,"href":"https:\/\/msconectado.com.br\/index.php?rest_route=\/wp\/v2\/media\/17149"}],"wp:attachment":[{"href":"https:\/\/msconectado.com.br\/index.php?rest_route=%2Fwp%2Fv2%2Fmedia&parent=17148"}],"wp:term":[{"taxonomy":"category","embeddable":true,"href":"https:\/\/msconectado.com.br\/index.php?rest_route=%2Fwp%2Fv2%2Fcategories&post=17148"},{"taxonomy":"post_tag","embeddable":true,"href":"https:\/\/msconectado.com.br\/index.php?rest_route=%2Fwp%2Fv2%2Ftags&post=17148"}],"curies":[{"name":"wp","href":"https:\/\/api.w.org\/{rel}","templated":true}]}}