
{"id":17166,"date":"2023-01-12T17:57:43","date_gmt":"2023-01-12T17:57:43","guid":{"rendered":"https:\/\/teste.msconectado.com.br\/?p=17166"},"modified":"2023-01-13T11:55:40","modified_gmt":"2023-01-13T11:55:40","slug":"beneficio-de-janeiro-do-mais-social-estara-disponivel-no-dia-17","status":"publish","type":"post","link":"https:\/\/msconectado.com.br\/?p=17166","title":{"rendered":"Benef\u00edcio de janeiro do Mais Social estar\u00e1 dispon\u00edvel no dia 17"},"content":{"rendered":"\n<h4 class=\"wp-block-heading\">Os mais de 87 mil benefici\u00e1rios do programa Mais Social v\u00e3o poder utilizar o pagamento de janeiro na ter\u00e7a-feira (17). Somente o benef\u00edcio do m\u00eas deve injetar mais de R$ 26 milh\u00f5es na economia dos 79 munic\u00edpios de Mato Grosso do Sul, conforme dados da Secretaria de Estado de Assist\u00eancia Social e dos Direitos Humanos (Sead).<\/h4>\n\n\n\n<h4 class=\"wp-block-heading\">\u201c\u00c9 um compromisso que o Governo do Estado cumpre rigorosamente. Sabemos o qu\u00e3o importante \u00e9 esse benef\u00edcio para uma fam\u00edlia em vulnerabilidade social. Num come\u00e7o de ano, sempre apertado, essas fam\u00edlias ter\u00e3o mais tranquilidade com mais esse apoio e a comida na mesa n\u00e3o vai faltar\u201d, pontuou a secret\u00e1ria Elisa Cleia Nobre.<\/h4>\n\n\n\n<h4 class=\"wp-block-heading\">Com os R$ 300 reais do Mais Social, dispon\u00edvel em cart\u00e3o na fun\u00e7\u00e3o d\u00e9bito, \u00e9 poss\u00edvel comprar alimentos, itens de higiene pessoal e at\u00e9 g\u00e1s de cozinha. Bebidas alco\u00f3licas e produtos \u00e0 base de tabaco, por exemplo, n\u00e3o s\u00e3o permitidos. O uso indevido do cart\u00e3o pode at\u00e9 mesmo gerar a suspens\u00e3o do benef\u00edcio.<\/h4>\n\n\n\n<h4 class=\"wp-block-heading\">Segundo a Sead, nos 79 munic\u00edpios de Mato Grosso do Sul h\u00e1 coordena\u00e7\u00f5es pr\u00f3prias do Mais Social, o que facilita o acompanhamento do benefici\u00e1rio e sua evolu\u00e7\u00e3o com o apoio do programa.<\/h4>\n\n\n\n<h4 class=\"wp-block-heading\"><strong>Mais Social<\/strong><\/h4>\n\n\n\n<h4 class=\"wp-block-heading\">O Mais Social paga R$ 300 mensais para quem tem renda mensal inferior a meio sal\u00e1rio m\u00ednimo e atende aos crit\u00e9rios do programa.<\/h4>\n\n\n\n<h4 class=\"wp-block-heading\">Equipes da Sead continuam realizando o contato com os futuros benefici\u00e1rios, portanto \u00e9 necess\u00e1rio aguardar a visita desses grupos de trabalho que estar\u00e3o devidamente identificados e respeitando as normas de biosseguran\u00e7a adequadas ao atual momento de pandemia.<\/h4>\n\n\n\n<h4 class=\"wp-block-heading\">D\u00favidas sobre o Mais Social podem ser sanadas pelo telefone 3368-9000.<\/h4>\n\n\n\n<h4 class=\"wp-block-heading\"><em>Leomar Alves Rosa, SEAD<\/em><\/h4>\n\n\n\n<figure class=\"wp-block-image\"><img decoding=\"async\" src=\"https:\/\/i.imgur.com\/R31xFca.jpg\" alt=\"\"\/><\/figure>\n\n\n\n<figure class=\"wp-block-image\"><img decoding=\"async\" src=\"https:\/\/i.imgur.com\/i7OXWMV.png\" alt=\"\"\/><\/figure>\n\n\n\n<figure class=\"wp-block-image\"><img decoding=\"async\" src=\"https:\/\/i.imgur.com\/MRhIHyG.png\" alt=\"\"\/><\/figure>\n\n\n\n<h4 class=\"wp-block-heading\">Acesse nossa p\u00e1gina no Facebook e fique por dentro dos destaques de Maracaju e regi\u00e3o.<br><a href=\"https:\/\/www.facebook.com\/MsConectado\/?__tn__=K-R&amp;eid=ARAhfp4e5aWbNVoyptzGrm4obmySmRA_YR3QE4VTRX5QMShFsdcdIz5Iq0b_MWIy7I4QmNXz6k8IoNle&amp;fref=mentions&amp;__xts__%5B0%5D=68.ARAioa_i2DB8DORiDt4nCzBX7dvRVCRXhE8omKRc8oaCnvkbB62J-ntBfEZirzPivEkJx1lDCVwLAcPtZ0yMQNLkCNTlcJQPj0xK6BaGWaOsY1faLudkMNiJdevECtsRmxRf4pPywtr6Ph-QfFtADqGObU6JSKIHeG-MeeDX4kDKXlTFIUBRK4hO5nTzRrhcr3MX5cg5M1qoQKrs0FAyJEjbCy_O8F2Huq0AcJWiZlkD8u8XSf0QlsVlsI8LptFuIqgBS8GhVTw0O9tDGx11ebCRNoaUxQIYsP4qWoTURB3au7pBOcC3DfEQdk--ypqG-M2wCG5kVpCnL3qr9XO0E0f23b1xxxMz0V4PiQ\">https:\/\/www.facebook.com\/MsConectado\/<\/a><\/h4>\n","protected":false},"excerpt":{"rendered":"<p>Os mais de 87 mil benefici\u00e1rios do programa Mais Social v\u00e3o poder utilizar o pagamento de janeiro na ter\u00e7a-feira (17). Somente o benef\u00edcio do m\u00eas deve injetar mais de R$ 26 milh\u00f5es na economia dos 79 munic\u00edpios de Mato Grosso do Sul, conforme dados da Secretaria de Estado de Assist\u00eancia Social e dos Direitos Humanos [&hellip;]<\/p>\n","protected":false},"author":2,"featured_media":17169,"comment_status":"open","ping_status":"closed","sticky":false,"template":"","format":"standard","meta":{"footnotes":""},"categories":[35],"tags":[],"class_list":["post-17166","post","type-post","status-publish","format-standard","has-post-thumbnail","hentry","category-cidades"],"yoast_head":"<!-- This site is optimized with the Yoast SEO plugin v27.5 - https:\/\/yoast.com\/product\/yoast-seo-wordpress\/ -->\n<title>Benef\u00edcio de janeiro do Mais Social estar\u00e1 dispon\u00edvel no dia 17 - MsConectado<\/title>\n<meta name=\"robots\" content=\"index, follow, max-snippet:-1, max-image-preview:large, max-video-preview:-1\" \/>\n<link rel=\"canonical\" href=\"https:\/\/msconectado.com.br\/?p=17166\" \/>\n<meta property=\"og:locale\" content=\"pt_BR\" \/>\n<meta property=\"og:type\" content=\"article\" \/>\n<meta property=\"og:title\" content=\"Benef\u00edcio de janeiro do Mais Social estar\u00e1 dispon\u00edvel no dia 17 - MsConectado\" \/>\n<meta property=\"og:description\" content=\"Os mais de 87 mil benefici\u00e1rios do programa Mais Social v\u00e3o poder utilizar o pagamento de janeiro na ter\u00e7a-feira (17). Somente o benef\u00edcio do m\u00eas deve injetar mais de R$ 26 milh\u00f5es na economia dos 79 munic\u00edpios de Mato Grosso do Sul, conforme dados da Secretaria de Estado de Assist\u00eancia Social e dos Direitos Humanos [&hellip;]\" \/>\n<meta property=\"og:url\" content=\"https:\/\/msconectado.com.br\/?p=17166\" \/>\n<meta property=\"og:site_name\" content=\"MsConectado\" \/>\n<meta property=\"article:published_time\" content=\"2023-01-12T17:57:43+00:00\" \/>\n<meta property=\"article:modified_time\" content=\"2023-01-13T11:55:40+00:00\" \/>\n<meta property=\"og:image\" content=\"https:\/\/msconectado.com.br\/wp-content\/uploads\/2023\/01\/7.jpg\" \/>\n\t<meta property=\"og:image:width\" content=\"1920\" \/>\n\t<meta property=\"og:image:height\" content=\"1279\" \/>\n\t<meta property=\"og:image:type\" content=\"image\/jpeg\" \/>\n<meta name=\"author\" content=\"MsConectado\" \/>\n<meta name=\"twitter:card\" content=\"summary_large_image\" \/>\n<meta name=\"twitter:label1\" content=\"Escrito por\" \/>\n\t<meta name=\"twitter:data1\" content=\"MsConectado\" \/>\n\t<meta name=\"twitter:label2\" content=\"Est. tempo de leitura\" \/>\n\t<meta name=\"twitter:data2\" content=\"2 minutos\" \/>\n<script type=\"application\/ld+json\" class=\"yoast-schema-graph\">{\"@context\":\"https:\\\/\\\/schema.org\",\"@graph\":[{\"@type\":\"Article\",\"@id\":\"https:\\\/\\\/msconectado.com.br\\\/?p=17166#article\",\"isPartOf\":{\"@id\":\"https:\\\/\\\/msconectado.com.br\\\/?p=17166\"},\"author\":{\"name\":\"MsConectado\",\"@id\":\"https:\\\/\\\/msconectado.com.br\\\/#\\\/schema\\\/person\\\/e5585545b5687092f1041d350b6e2c16\"},\"headline\":\"Benef\u00edcio de janeiro do Mais Social estar\u00e1 dispon\u00edvel no dia 17\",\"datePublished\":\"2023-01-12T17:57:43+00:00\",\"dateModified\":\"2023-01-13T11:55:40+00:00\",\"mainEntityOfPage\":{\"@id\":\"https:\\\/\\\/msconectado.com.br\\\/?p=17166\"},\"wordCount\":333,\"commentCount\":0,\"publisher\":{\"@id\":\"https:\\\/\\\/msconectado.com.br\\\/#organization\"},\"image\":{\"@id\":\"https:\\\/\\\/msconectado.com.br\\\/?p=17166#primaryimage\"},\"thumbnailUrl\":\"https:\\\/\\\/msconectado.com.br\\\/wp-content\\\/uploads\\\/2023\\\/01\\\/7.jpg\",\"articleSection\":[\"Cidades\"],\"inLanguage\":\"pt-BR\",\"potentialAction\":[{\"@type\":\"CommentAction\",\"name\":\"Comment\",\"target\":[\"https:\\\/\\\/msconectado.com.br\\\/?p=17166#respond\"]}]},{\"@type\":\"WebPage\",\"@id\":\"https:\\\/\\\/msconectado.com.br\\\/?p=17166\",\"url\":\"https:\\\/\\\/msconectado.com.br\\\/?p=17166\",\"name\":\"Benef\u00edcio de janeiro do Mais Social estar\u00e1 dispon\u00edvel no dia 17 - MsConectado\",\"isPartOf\":{\"@id\":\"https:\\\/\\\/msconectado.com.br\\\/#website\"},\"primaryImageOfPage\":{\"@id\":\"https:\\\/\\\/msconectado.com.br\\\/?p=17166#primaryimage\"},\"image\":{\"@id\":\"https:\\\/\\\/msconectado.com.br\\\/?p=17166#primaryimage\"},\"thumbnailUrl\":\"https:\\\/\\\/msconectado.com.br\\\/wp-content\\\/uploads\\\/2023\\\/01\\\/7.jpg\",\"datePublished\":\"2023-01-12T17:57:43+00:00\",\"dateModified\":\"2023-01-13T11:55:40+00:00\",\"breadcrumb\":{\"@id\":\"https:\\\/\\\/msconectado.com.br\\\/?p=17166#breadcrumb\"},\"inLanguage\":\"pt-BR\",\"potentialAction\":[{\"@type\":\"ReadAction\",\"target\":[\"https:\\\/\\\/msconectado.com.br\\\/?p=17166\"]}]},{\"@type\":\"ImageObject\",\"inLanguage\":\"pt-BR\",\"@id\":\"https:\\\/\\\/msconectado.com.br\\\/?p=17166#primaryimage\",\"url\":\"https:\\\/\\\/msconectado.com.br\\\/wp-content\\\/uploads\\\/2023\\\/01\\\/7.jpg\",\"contentUrl\":\"https:\\\/\\\/msconectado.com.br\\\/wp-content\\\/uploads\\\/2023\\\/01\\\/7.jpg\",\"width\":1920,\"height\":1279},{\"@type\":\"BreadcrumbList\",\"@id\":\"https:\\\/\\\/msconectado.com.br\\\/?p=17166#breadcrumb\",\"itemListElement\":[{\"@type\":\"ListItem\",\"position\":1,\"name\":\"In\u00edcio\",\"item\":\"https:\\\/\\\/msconectado.com.br\\\/\"},{\"@type\":\"ListItem\",\"position\":2,\"name\":\"Benef\u00edcio de janeiro do Mais Social estar\u00e1 dispon\u00edvel no dia 17\"}]},{\"@type\":\"WebSite\",\"@id\":\"https:\\\/\\\/msconectado.com.br\\\/#website\",\"url\":\"https:\\\/\\\/msconectado.com.br\\\/\",\"name\":\"MsConectado\",\"description\":\"Voc\u00ea Conectado com a Not\u00edcia!\",\"publisher\":{\"@id\":\"https:\\\/\\\/msconectado.com.br\\\/#organization\"},\"potentialAction\":[{\"@type\":\"SearchAction\",\"target\":{\"@type\":\"EntryPoint\",\"urlTemplate\":\"https:\\\/\\\/msconectado.com.br\\\/?s={search_term_string}\"},\"query-input\":{\"@type\":\"PropertyValueSpecification\",\"valueRequired\":true,\"valueName\":\"search_term_string\"}}],\"inLanguage\":\"pt-BR\"},{\"@type\":\"Organization\",\"@id\":\"https:\\\/\\\/msconectado.com.br\\\/#organization\",\"name\":\"MsConectado\",\"url\":\"https:\\\/\\\/msconectado.com.br\\\/\",\"logo\":{\"@type\":\"ImageObject\",\"inLanguage\":\"pt-BR\",\"@id\":\"https:\\\/\\\/msconectado.com.br\\\/#\\\/schema\\\/logo\\\/image\\\/\",\"url\":\"https:\\\/\\\/msconectado.com.br\\\/wp-content\\\/uploads\\\/2023\\\/01\\\/cropped-noticia-2.png\",\"contentUrl\":\"https:\\\/\\\/msconectado.com.br\\\/wp-content\\\/uploads\\\/2023\\\/01\\\/cropped-noticia-2.png\",\"width\":720,\"height\":157,\"caption\":\"MsConectado\"},\"image\":{\"@id\":\"https:\\\/\\\/msconectado.com.br\\\/#\\\/schema\\\/logo\\\/image\\\/\"}},{\"@type\":\"Person\",\"@id\":\"https:\\\/\\\/msconectado.com.br\\\/#\\\/schema\\\/person\\\/e5585545b5687092f1041d350b6e2c16\",\"name\":\"MsConectado\",\"image\":{\"@type\":\"ImageObject\",\"inLanguage\":\"pt-BR\",\"@id\":\"https:\\\/\\\/secure.gravatar.com\\\/avatar\\\/3b4f84a0a8a4380ac4431fa79981d073692380c5da00ae97596e794ab0db5c8c?s=96&d=mm&r=g\",\"url\":\"https:\\\/\\\/secure.gravatar.com\\\/avatar\\\/3b4f84a0a8a4380ac4431fa79981d073692380c5da00ae97596e794ab0db5c8c?s=96&d=mm&r=g\",\"contentUrl\":\"https:\\\/\\\/secure.gravatar.com\\\/avatar\\\/3b4f84a0a8a4380ac4431fa79981d073692380c5da00ae97596e794ab0db5c8c?s=96&d=mm&r=g\",\"caption\":\"MsConectado\"},\"url\":\"https:\\\/\\\/msconectado.com.br\\\/?author=2\"}]}<\/script>\n<!-- \/ Yoast SEO plugin. -->","yoast_head_json":{"title":"Benef\u00edcio de janeiro do Mais Social estar\u00e1 dispon\u00edvel no dia 17 - MsConectado","robots":{"index":"index","follow":"follow","max-snippet":"max-snippet:-1","max-image-preview":"max-image-preview:large","max-video-preview":"max-video-preview:-1"},"canonical":"https:\/\/msconectado.com.br\/?p=17166","og_locale":"pt_BR","og_type":"article","og_title":"Benef\u00edcio de janeiro do Mais Social estar\u00e1 dispon\u00edvel no dia 17 - MsConectado","og_description":"Os mais de 87 mil benefici\u00e1rios do programa Mais Social v\u00e3o poder utilizar o pagamento de janeiro na ter\u00e7a-feira (17). Somente o benef\u00edcio do m\u00eas deve injetar mais de R$ 26 milh\u00f5es na economia dos 79 munic\u00edpios de Mato Grosso do Sul, conforme dados da Secretaria de Estado de Assist\u00eancia Social e dos Direitos Humanos [&hellip;]","og_url":"https:\/\/msconectado.com.br\/?p=17166","og_site_name":"MsConectado","article_published_time":"2023-01-12T17:57:43+00:00","article_modified_time":"2023-01-13T11:55:40+00:00","og_image":[{"width":1920,"height":1279,"url":"https:\/\/msconectado.com.br\/wp-content\/uploads\/2023\/01\/7.jpg","type":"image\/jpeg"}],"author":"MsConectado","twitter_card":"summary_large_image","twitter_misc":{"Escrito por":"MsConectado","Est. tempo de leitura":"2 minutos"},"schema":{"@context":"https:\/\/schema.org","@graph":[{"@type":"Article","@id":"https:\/\/msconectado.com.br\/?p=17166#article","isPartOf":{"@id":"https:\/\/msconectado.com.br\/?p=17166"},"author":{"name":"MsConectado","@id":"https:\/\/msconectado.com.br\/#\/schema\/person\/e5585545b5687092f1041d350b6e2c16"},"headline":"Benef\u00edcio de janeiro do Mais Social estar\u00e1 dispon\u00edvel no dia 17","datePublished":"2023-01-12T17:57:43+00:00","dateModified":"2023-01-13T11:55:40+00:00","mainEntityOfPage":{"@id":"https:\/\/msconectado.com.br\/?p=17166"},"wordCount":333,"commentCount":0,"publisher":{"@id":"https:\/\/msconectado.com.br\/#organization"},"image":{"@id":"https:\/\/msconectado.com.br\/?p=17166#primaryimage"},"thumbnailUrl":"https:\/\/msconectado.com.br\/wp-content\/uploads\/2023\/01\/7.jpg","articleSection":["Cidades"],"inLanguage":"pt-BR","potentialAction":[{"@type":"CommentAction","name":"Comment","target":["https:\/\/msconectado.com.br\/?p=17166#respond"]}]},{"@type":"WebPage","@id":"https:\/\/msconectado.com.br\/?p=17166","url":"https:\/\/msconectado.com.br\/?p=17166","name":"Benef\u00edcio de janeiro do Mais Social estar\u00e1 dispon\u00edvel no dia 17 - MsConectado","isPartOf":{"@id":"https:\/\/msconectado.com.br\/#website"},"primaryImageOfPage":{"@id":"https:\/\/msconectado.com.br\/?p=17166#primaryimage"},"image":{"@id":"https:\/\/msconectado.com.br\/?p=17166#primaryimage"},"thumbnailUrl":"https:\/\/msconectado.com.br\/wp-content\/uploads\/2023\/01\/7.jpg","datePublished":"2023-01-12T17:57:43+00:00","dateModified":"2023-01-13T11:55:40+00:00","breadcrumb":{"@id":"https:\/\/msconectado.com.br\/?p=17166#breadcrumb"},"inLanguage":"pt-BR","potentialAction":[{"@type":"ReadAction","target":["https:\/\/msconectado.com.br\/?p=17166"]}]},{"@type":"ImageObject","inLanguage":"pt-BR","@id":"https:\/\/msconectado.com.br\/?p=17166#primaryimage","url":"https:\/\/msconectado.com.br\/wp-content\/uploads\/2023\/01\/7.jpg","contentUrl":"https:\/\/msconectado.com.br\/wp-content\/uploads\/2023\/01\/7.jpg","width":1920,"height":1279},{"@type":"BreadcrumbList","@id":"https:\/\/msconectado.com.br\/?p=17166#breadcrumb","itemListElement":[{"@type":"ListItem","position":1,"name":"In\u00edcio","item":"https:\/\/msconectado.com.br\/"},{"@type":"ListItem","position":2,"name":"Benef\u00edcio de janeiro do Mais Social estar\u00e1 dispon\u00edvel no dia 17"}]},{"@type":"WebSite","@id":"https:\/\/msconectado.com.br\/#website","url":"https:\/\/msconectado.com.br\/","name":"MsConectado","description":"Voc\u00ea Conectado com a Not\u00edcia!","publisher":{"@id":"https:\/\/msconectado.com.br\/#organization"},"potentialAction":[{"@type":"SearchAction","target":{"@type":"EntryPoint","urlTemplate":"https:\/\/msconectado.com.br\/?s={search_term_string}"},"query-input":{"@type":"PropertyValueSpecification","valueRequired":true,"valueName":"search_term_string"}}],"inLanguage":"pt-BR"},{"@type":"Organization","@id":"https:\/\/msconectado.com.br\/#organization","name":"MsConectado","url":"https:\/\/msconectado.com.br\/","logo":{"@type":"ImageObject","inLanguage":"pt-BR","@id":"https:\/\/msconectado.com.br\/#\/schema\/logo\/image\/","url":"https:\/\/msconectado.com.br\/wp-content\/uploads\/2023\/01\/cropped-noticia-2.png","contentUrl":"https:\/\/msconectado.com.br\/wp-content\/uploads\/2023\/01\/cropped-noticia-2.png","width":720,"height":157,"caption":"MsConectado"},"image":{"@id":"https:\/\/msconectado.com.br\/#\/schema\/logo\/image\/"}},{"@type":"Person","@id":"https:\/\/msconectado.com.br\/#\/schema\/person\/e5585545b5687092f1041d350b6e2c16","name":"MsConectado","image":{"@type":"ImageObject","inLanguage":"pt-BR","@id":"https:\/\/secure.gravatar.com\/avatar\/3b4f84a0a8a4380ac4431fa79981d073692380c5da00ae97596e794ab0db5c8c?s=96&d=mm&r=g","url":"https:\/\/secure.gravatar.com\/avatar\/3b4f84a0a8a4380ac4431fa79981d073692380c5da00ae97596e794ab0db5c8c?s=96&d=mm&r=g","contentUrl":"https:\/\/secure.gravatar.com\/avatar\/3b4f84a0a8a4380ac4431fa79981d073692380c5da00ae97596e794ab0db5c8c?s=96&d=mm&r=g","caption":"MsConectado"},"url":"https:\/\/msconectado.com.br\/?author=2"}]}},"_links":{"self":[{"href":"https:\/\/msconectado.com.br\/index.php?rest_route=\/wp\/v2\/posts\/17166","targetHints":{"allow":["GET"]}}],"collection":[{"href":"https:\/\/msconectado.com.br\/index.php?rest_route=\/wp\/v2\/posts"}],"about":[{"href":"https:\/\/msconectado.com.br\/index.php?rest_route=\/wp\/v2\/types\/post"}],"author":[{"embeddable":true,"href":"https:\/\/msconectado.com.br\/index.php?rest_route=\/wp\/v2\/users\/2"}],"replies":[{"embeddable":true,"href":"https:\/\/msconectado.com.br\/index.php?rest_route=%2Fwp%2Fv2%2Fcomments&post=17166"}],"version-history":[{"count":2,"href":"https:\/\/msconectado.com.br\/index.php?rest_route=\/wp\/v2\/posts\/17166\/revisions"}],"predecessor-version":[{"id":17322,"href":"https:\/\/msconectado.com.br\/index.php?rest_route=\/wp\/v2\/posts\/17166\/revisions\/17322"}],"wp:featuredmedia":[{"embeddable":true,"href":"https:\/\/msconectado.com.br\/index.php?rest_route=\/wp\/v2\/media\/17169"}],"wp:attachment":[{"href":"https:\/\/msconectado.com.br\/index.php?rest_route=%2Fwp%2Fv2%2Fmedia&parent=17166"}],"wp:term":[{"taxonomy":"category","embeddable":true,"href":"https:\/\/msconectado.com.br\/index.php?rest_route=%2Fwp%2Fv2%2Fcategories&post=17166"},{"taxonomy":"post_tag","embeddable":true,"href":"https:\/\/msconectado.com.br\/index.php?rest_route=%2Fwp%2Fv2%2Ftags&post=17166"}],"curies":[{"name":"wp","href":"https:\/\/api.w.org\/{rel}","templated":true}]}}