
{"id":17180,"date":"2023-01-12T18:02:35","date_gmt":"2023-01-12T18:02:35","guid":{"rendered":"https:\/\/teste.msconectado.com.br\/?p=17180"},"modified":"2023-01-13T11:54:44","modified_gmt":"2023-01-13T11:54:44","slug":"camara-de-campo-grande-repudia-atos-de-vandalismo-ocorridos-em-brasilia","status":"publish","type":"post","link":"https:\/\/msconectado.com.br\/?p=17180","title":{"rendered":"C\u00e2mara de Campo Grande repudia atos de vandalismo ocorridos em Bras\u00edlia"},"content":{"rendered":"\n<h4 class=\"wp-block-heading\">A C\u00e2mara Municipal de Campo Grande vem a p\u00fablico manifestar seu rep\u00fadio e indigna\u00e7\u00e3o com os atos criminosos de invas\u00e3o, terrorismo e vandalismo contra o Congresso Nacional e Supremo Tribunal Federal (STF), ocorridos no domingo (8).<\/h4>\n\n\n\n<h4 class=\"wp-block-heading\">O presidente da Casa de Leis, vereador Carlos Augusto Borges, o Carl\u00e3o, enfatizou a import\u00e2ncia da democracia. \u201cNossos poderes t\u00eam que ser respeitados plenamente, e nosso Brasil tem que manter o estado democr\u00e1tico de direito\u201d.<\/h4>\n\n\n\n<h4 class=\"wp-block-heading\">Ele ressaltou ainda a necessidade de puni\u00e7\u00e3o de todos os envolvidos, inclusive os financiadores dos atos de vandalismo e antidemocr\u00e1ticos. \u201cAto como esse de Bras\u00edlia n\u00e3o \u00e9 manifesta\u00e7\u00e3o. Isso \u00e9 terrorismo e vandalismo. Os envolvidos e financiadores t\u00eam que ser punidos severamente. Nossa democracia tem que ser respeitada. Fico triste com esse acontecimento, pois nossos poderes t\u00eam que ser respeitados plenamente, e nosso Brasil tem que manter o estado democr\u00e1tico de direito\u201d, destacou.<\/h4>\n\n\n\n<h4 class=\"wp-block-heading\">No domingo, manifestantes golpistas invadiram e depredaram pr\u00e9dios p\u00fablicos: o Congresso Nacional, o STF e o Pal\u00e1cio do Planalto, em Bras\u00edlia (DF). Foram quebrados v\u00e1rios m\u00f3veis, vidra\u00e7as, obras de artes foram vandalizadas e documentos rasgados.<\/h4>\n\n\n\n<h4 class=\"wp-block-heading\"><strong>Assessoria de Imprensa da C\u00e2mara Municipal<\/strong><\/h4>\n\n\n\n<figure class=\"wp-block-image\"><img decoding=\"async\" src=\"https:\/\/i.imgur.com\/R31xFca.jpg\" alt=\"\"\/><\/figure>\n\n\n\n<figure class=\"wp-block-image\"><img decoding=\"async\" src=\"https:\/\/i.imgur.com\/i7OXWMV.png\" alt=\"\"\/><\/figure>\n\n\n\n<figure class=\"wp-block-image\"><img decoding=\"async\" src=\"https:\/\/i.imgur.com\/MRhIHyG.png\" alt=\"\"\/><\/figure>\n\n\n\n<h4 class=\"wp-block-heading\">Acesse nossa p\u00e1gina no Facebook e fique por dentro dos destaques de Maracaju e regi\u00e3o.<br><a href=\"https:\/\/www.facebook.com\/MsConectado\/?__tn__=K-R&amp;eid=ARAhfp4e5aWbNVoyptzGrm4obmySmRA_YR3QE4VTRX5QMShFsdcdIz5Iq0b_MWIy7I4QmNXz6k8IoNle&amp;fref=mentions&amp;__xts__%5B0%5D=68.ARAioa_i2DB8DORiDt4nCzBX7dvRVCRXhE8omKRc8oaCnvkbB62J-ntBfEZirzPivEkJx1lDCVwLAcPtZ0yMQNLkCNTlcJQPj0xK6BaGWaOsY1faLudkMNiJdevECtsRmxRf4pPywtr6Ph-QfFtADqGObU6JSKIHeG-MeeDX4kDKXlTFIUBRK4hO5nTzRrhcr3MX5cg5M1qoQKrs0FAyJEjbCy_O8F2Huq0AcJWiZlkD8u8XSf0QlsVlsI8LptFuIqgBS8GhVTw0O9tDGx11ebCRNoaUxQIYsP4qWoTURB3au7pBOcC3DfEQdk--ypqG-M2wCG5kVpCnL3qr9XO0E0f23b1xxxMz0V4PiQ\">https:\/\/www.facebook.com\/MsConectado\/<\/a><\/h4>\n","protected":false},"excerpt":{"rendered":"<p>A C\u00e2mara Municipal de Campo Grande vem a p\u00fablico manifestar seu rep\u00fadio e indigna\u00e7\u00e3o com os atos criminosos de invas\u00e3o, terrorismo e vandalismo contra o Congresso Nacional e Supremo Tribunal Federal (STF), ocorridos no domingo (8). O presidente da Casa de Leis, vereador Carlos Augusto Borges, o Carl\u00e3o, enfatizou a import\u00e2ncia da democracia. \u201cNossos poderes [&hellip;]<\/p>\n","protected":false},"author":2,"featured_media":17182,"comment_status":"open","ping_status":"closed","sticky":false,"template":"","format":"standard","meta":{"footnotes":""},"categories":[35,33],"tags":[],"class_list":["post-17180","post","type-post","status-publish","format-standard","has-post-thumbnail","hentry","category-cidades","category-politica"],"yoast_head":"<!-- This site is optimized with the Yoast SEO plugin v27.5 - https:\/\/yoast.com\/product\/yoast-seo-wordpress\/ -->\n<title>C\u00e2mara de Campo Grande repudia atos de vandalismo ocorridos em Bras\u00edlia - MsConectado<\/title>\n<meta name=\"robots\" content=\"index, follow, max-snippet:-1, max-image-preview:large, max-video-preview:-1\" \/>\n<link rel=\"canonical\" href=\"https:\/\/msconectado.com.br\/?p=17180\" \/>\n<meta property=\"og:locale\" content=\"pt_BR\" \/>\n<meta property=\"og:type\" content=\"article\" \/>\n<meta property=\"og:title\" content=\"C\u00e2mara de Campo Grande repudia atos de vandalismo ocorridos em Bras\u00edlia - MsConectado\" \/>\n<meta property=\"og:description\" content=\"A C\u00e2mara Municipal de Campo Grande vem a p\u00fablico manifestar seu rep\u00fadio e indigna\u00e7\u00e3o com os atos criminosos de invas\u00e3o, terrorismo e vandalismo contra o Congresso Nacional e Supremo Tribunal Federal (STF), ocorridos no domingo (8). O presidente da Casa de Leis, vereador Carlos Augusto Borges, o Carl\u00e3o, enfatizou a import\u00e2ncia da democracia. \u201cNossos poderes [&hellip;]\" \/>\n<meta property=\"og:url\" content=\"https:\/\/msconectado.com.br\/?p=17180\" \/>\n<meta property=\"og:site_name\" content=\"MsConectado\" \/>\n<meta property=\"article:published_time\" content=\"2023-01-12T18:02:35+00:00\" \/>\n<meta property=\"article:modified_time\" content=\"2023-01-13T11:54:44+00:00\" \/>\n<meta property=\"og:image\" content=\"https:\/\/msconectado.com.br\/wp-content\/uploads\/2023\/01\/5.jpg\" \/>\n\t<meta property=\"og:image:width\" content=\"1920\" \/>\n\t<meta property=\"og:image:height\" content=\"1280\" \/>\n\t<meta property=\"og:image:type\" content=\"image\/jpeg\" \/>\n<meta name=\"author\" content=\"MsConectado\" \/>\n<meta name=\"twitter:card\" content=\"summary_large_image\" \/>\n<meta name=\"twitter:label1\" content=\"Escrito por\" \/>\n\t<meta name=\"twitter:data1\" content=\"MsConectado\" \/>\n\t<meta name=\"twitter:label2\" content=\"Est. tempo de leitura\" \/>\n\t<meta name=\"twitter:data2\" content=\"1 minuto\" \/>\n<script type=\"application\/ld+json\" class=\"yoast-schema-graph\">{\"@context\":\"https:\\\/\\\/schema.org\",\"@graph\":[{\"@type\":\"Article\",\"@id\":\"https:\\\/\\\/msconectado.com.br\\\/?p=17180#article\",\"isPartOf\":{\"@id\":\"https:\\\/\\\/msconectado.com.br\\\/?p=17180\"},\"author\":{\"name\":\"MsConectado\",\"@id\":\"https:\\\/\\\/msconectado.com.br\\\/#\\\/schema\\\/person\\\/e5585545b5687092f1041d350b6e2c16\"},\"headline\":\"C\u00e2mara de Campo Grande repudia atos de vandalismo ocorridos em Bras\u00edlia\",\"datePublished\":\"2023-01-12T18:02:35+00:00\",\"dateModified\":\"2023-01-13T11:54:44+00:00\",\"mainEntityOfPage\":{\"@id\":\"https:\\\/\\\/msconectado.com.br\\\/?p=17180\"},\"wordCount\":242,\"commentCount\":0,\"publisher\":{\"@id\":\"https:\\\/\\\/msconectado.com.br\\\/#organization\"},\"image\":{\"@id\":\"https:\\\/\\\/msconectado.com.br\\\/?p=17180#primaryimage\"},\"thumbnailUrl\":\"https:\\\/\\\/msconectado.com.br\\\/wp-content\\\/uploads\\\/2023\\\/01\\\/5.jpg\",\"articleSection\":[\"Cidades\",\"Pol\u00edtica\"],\"inLanguage\":\"pt-BR\",\"potentialAction\":[{\"@type\":\"CommentAction\",\"name\":\"Comment\",\"target\":[\"https:\\\/\\\/msconectado.com.br\\\/?p=17180#respond\"]}]},{\"@type\":\"WebPage\",\"@id\":\"https:\\\/\\\/msconectado.com.br\\\/?p=17180\",\"url\":\"https:\\\/\\\/msconectado.com.br\\\/?p=17180\",\"name\":\"C\u00e2mara de Campo Grande repudia atos de vandalismo ocorridos em Bras\u00edlia - MsConectado\",\"isPartOf\":{\"@id\":\"https:\\\/\\\/msconectado.com.br\\\/#website\"},\"primaryImageOfPage\":{\"@id\":\"https:\\\/\\\/msconectado.com.br\\\/?p=17180#primaryimage\"},\"image\":{\"@id\":\"https:\\\/\\\/msconectado.com.br\\\/?p=17180#primaryimage\"},\"thumbnailUrl\":\"https:\\\/\\\/msconectado.com.br\\\/wp-content\\\/uploads\\\/2023\\\/01\\\/5.jpg\",\"datePublished\":\"2023-01-12T18:02:35+00:00\",\"dateModified\":\"2023-01-13T11:54:44+00:00\",\"breadcrumb\":{\"@id\":\"https:\\\/\\\/msconectado.com.br\\\/?p=17180#breadcrumb\"},\"inLanguage\":\"pt-BR\",\"potentialAction\":[{\"@type\":\"ReadAction\",\"target\":[\"https:\\\/\\\/msconectado.com.br\\\/?p=17180\"]}]},{\"@type\":\"ImageObject\",\"inLanguage\":\"pt-BR\",\"@id\":\"https:\\\/\\\/msconectado.com.br\\\/?p=17180#primaryimage\",\"url\":\"https:\\\/\\\/msconectado.com.br\\\/wp-content\\\/uploads\\\/2023\\\/01\\\/5.jpg\",\"contentUrl\":\"https:\\\/\\\/msconectado.com.br\\\/wp-content\\\/uploads\\\/2023\\\/01\\\/5.jpg\",\"width\":1920,\"height\":1280},{\"@type\":\"BreadcrumbList\",\"@id\":\"https:\\\/\\\/msconectado.com.br\\\/?p=17180#breadcrumb\",\"itemListElement\":[{\"@type\":\"ListItem\",\"position\":1,\"name\":\"In\u00edcio\",\"item\":\"https:\\\/\\\/msconectado.com.br\\\/?page_id=105\"},{\"@type\":\"ListItem\",\"position\":2,\"name\":\"C\u00e2mara de Campo Grande repudia atos de vandalismo ocorridos em Bras\u00edlia\"}]},{\"@type\":\"WebSite\",\"@id\":\"https:\\\/\\\/msconectado.com.br\\\/#website\",\"url\":\"https:\\\/\\\/msconectado.com.br\\\/\",\"name\":\"MsConectado\",\"description\":\"Voc\u00ea Conectado com a Not\u00edcia!\",\"publisher\":{\"@id\":\"https:\\\/\\\/msconectado.com.br\\\/#organization\"},\"potentialAction\":[{\"@type\":\"SearchAction\",\"target\":{\"@type\":\"EntryPoint\",\"urlTemplate\":\"https:\\\/\\\/msconectado.com.br\\\/?s={search_term_string}\"},\"query-input\":{\"@type\":\"PropertyValueSpecification\",\"valueRequired\":true,\"valueName\":\"search_term_string\"}}],\"inLanguage\":\"pt-BR\"},{\"@type\":\"Organization\",\"@id\":\"https:\\\/\\\/msconectado.com.br\\\/#organization\",\"name\":\"MsConectado\",\"url\":\"https:\\\/\\\/msconectado.com.br\\\/\",\"logo\":{\"@type\":\"ImageObject\",\"inLanguage\":\"pt-BR\",\"@id\":\"https:\\\/\\\/msconectado.com.br\\\/#\\\/schema\\\/logo\\\/image\\\/\",\"url\":\"https:\\\/\\\/msconectado.com.br\\\/wp-content\\\/uploads\\\/2023\\\/01\\\/cropped-noticia-2.png\",\"contentUrl\":\"https:\\\/\\\/msconectado.com.br\\\/wp-content\\\/uploads\\\/2023\\\/01\\\/cropped-noticia-2.png\",\"width\":720,\"height\":157,\"caption\":\"MsConectado\"},\"image\":{\"@id\":\"https:\\\/\\\/msconectado.com.br\\\/#\\\/schema\\\/logo\\\/image\\\/\"}},{\"@type\":\"Person\",\"@id\":\"https:\\\/\\\/msconectado.com.br\\\/#\\\/schema\\\/person\\\/e5585545b5687092f1041d350b6e2c16\",\"name\":\"MsConectado\",\"image\":{\"@type\":\"ImageObject\",\"inLanguage\":\"pt-BR\",\"@id\":\"https:\\\/\\\/secure.gravatar.com\\\/avatar\\\/3b4f84a0a8a4380ac4431fa79981d073692380c5da00ae97596e794ab0db5c8c?s=96&d=mm&r=g\",\"url\":\"https:\\\/\\\/secure.gravatar.com\\\/avatar\\\/3b4f84a0a8a4380ac4431fa79981d073692380c5da00ae97596e794ab0db5c8c?s=96&d=mm&r=g\",\"contentUrl\":\"https:\\\/\\\/secure.gravatar.com\\\/avatar\\\/3b4f84a0a8a4380ac4431fa79981d073692380c5da00ae97596e794ab0db5c8c?s=96&d=mm&r=g\",\"caption\":\"MsConectado\"},\"url\":\"https:\\\/\\\/msconectado.com.br\\\/?author=2\"}]}<\/script>\n<!-- \/ Yoast SEO plugin. -->","yoast_head_json":{"title":"C\u00e2mara de Campo Grande repudia atos de vandalismo ocorridos em Bras\u00edlia - MsConectado","robots":{"index":"index","follow":"follow","max-snippet":"max-snippet:-1","max-image-preview":"max-image-preview:large","max-video-preview":"max-video-preview:-1"},"canonical":"https:\/\/msconectado.com.br\/?p=17180","og_locale":"pt_BR","og_type":"article","og_title":"C\u00e2mara de Campo Grande repudia atos de vandalismo ocorridos em Bras\u00edlia - MsConectado","og_description":"A C\u00e2mara Municipal de Campo Grande vem a p\u00fablico manifestar seu rep\u00fadio e indigna\u00e7\u00e3o com os atos criminosos de invas\u00e3o, terrorismo e vandalismo contra o Congresso Nacional e Supremo Tribunal Federal (STF), ocorridos no domingo (8). O presidente da Casa de Leis, vereador Carlos Augusto Borges, o Carl\u00e3o, enfatizou a import\u00e2ncia da democracia. \u201cNossos poderes [&hellip;]","og_url":"https:\/\/msconectado.com.br\/?p=17180","og_site_name":"MsConectado","article_published_time":"2023-01-12T18:02:35+00:00","article_modified_time":"2023-01-13T11:54:44+00:00","og_image":[{"width":1920,"height":1280,"url":"https:\/\/msconectado.com.br\/wp-content\/uploads\/2023\/01\/5.jpg","type":"image\/jpeg"}],"author":"MsConectado","twitter_card":"summary_large_image","twitter_misc":{"Escrito por":"MsConectado","Est. tempo de leitura":"1 minuto"},"schema":{"@context":"https:\/\/schema.org","@graph":[{"@type":"Article","@id":"https:\/\/msconectado.com.br\/?p=17180#article","isPartOf":{"@id":"https:\/\/msconectado.com.br\/?p=17180"},"author":{"name":"MsConectado","@id":"https:\/\/msconectado.com.br\/#\/schema\/person\/e5585545b5687092f1041d350b6e2c16"},"headline":"C\u00e2mara de Campo Grande repudia atos de vandalismo ocorridos em Bras\u00edlia","datePublished":"2023-01-12T18:02:35+00:00","dateModified":"2023-01-13T11:54:44+00:00","mainEntityOfPage":{"@id":"https:\/\/msconectado.com.br\/?p=17180"},"wordCount":242,"commentCount":0,"publisher":{"@id":"https:\/\/msconectado.com.br\/#organization"},"image":{"@id":"https:\/\/msconectado.com.br\/?p=17180#primaryimage"},"thumbnailUrl":"https:\/\/msconectado.com.br\/wp-content\/uploads\/2023\/01\/5.jpg","articleSection":["Cidades","Pol\u00edtica"],"inLanguage":"pt-BR","potentialAction":[{"@type":"CommentAction","name":"Comment","target":["https:\/\/msconectado.com.br\/?p=17180#respond"]}]},{"@type":"WebPage","@id":"https:\/\/msconectado.com.br\/?p=17180","url":"https:\/\/msconectado.com.br\/?p=17180","name":"C\u00e2mara de Campo Grande repudia atos de vandalismo ocorridos em Bras\u00edlia - MsConectado","isPartOf":{"@id":"https:\/\/msconectado.com.br\/#website"},"primaryImageOfPage":{"@id":"https:\/\/msconectado.com.br\/?p=17180#primaryimage"},"image":{"@id":"https:\/\/msconectado.com.br\/?p=17180#primaryimage"},"thumbnailUrl":"https:\/\/msconectado.com.br\/wp-content\/uploads\/2023\/01\/5.jpg","datePublished":"2023-01-12T18:02:35+00:00","dateModified":"2023-01-13T11:54:44+00:00","breadcrumb":{"@id":"https:\/\/msconectado.com.br\/?p=17180#breadcrumb"},"inLanguage":"pt-BR","potentialAction":[{"@type":"ReadAction","target":["https:\/\/msconectado.com.br\/?p=17180"]}]},{"@type":"ImageObject","inLanguage":"pt-BR","@id":"https:\/\/msconectado.com.br\/?p=17180#primaryimage","url":"https:\/\/msconectado.com.br\/wp-content\/uploads\/2023\/01\/5.jpg","contentUrl":"https:\/\/msconectado.com.br\/wp-content\/uploads\/2023\/01\/5.jpg","width":1920,"height":1280},{"@type":"BreadcrumbList","@id":"https:\/\/msconectado.com.br\/?p=17180#breadcrumb","itemListElement":[{"@type":"ListItem","position":1,"name":"In\u00edcio","item":"https:\/\/msconectado.com.br\/?page_id=105"},{"@type":"ListItem","position":2,"name":"C\u00e2mara de Campo Grande repudia atos de vandalismo ocorridos em Bras\u00edlia"}]},{"@type":"WebSite","@id":"https:\/\/msconectado.com.br\/#website","url":"https:\/\/msconectado.com.br\/","name":"MsConectado","description":"Voc\u00ea Conectado com a Not\u00edcia!","publisher":{"@id":"https:\/\/msconectado.com.br\/#organization"},"potentialAction":[{"@type":"SearchAction","target":{"@type":"EntryPoint","urlTemplate":"https:\/\/msconectado.com.br\/?s={search_term_string}"},"query-input":{"@type":"PropertyValueSpecification","valueRequired":true,"valueName":"search_term_string"}}],"inLanguage":"pt-BR"},{"@type":"Organization","@id":"https:\/\/msconectado.com.br\/#organization","name":"MsConectado","url":"https:\/\/msconectado.com.br\/","logo":{"@type":"ImageObject","inLanguage":"pt-BR","@id":"https:\/\/msconectado.com.br\/#\/schema\/logo\/image\/","url":"https:\/\/msconectado.com.br\/wp-content\/uploads\/2023\/01\/cropped-noticia-2.png","contentUrl":"https:\/\/msconectado.com.br\/wp-content\/uploads\/2023\/01\/cropped-noticia-2.png","width":720,"height":157,"caption":"MsConectado"},"image":{"@id":"https:\/\/msconectado.com.br\/#\/schema\/logo\/image\/"}},{"@type":"Person","@id":"https:\/\/msconectado.com.br\/#\/schema\/person\/e5585545b5687092f1041d350b6e2c16","name":"MsConectado","image":{"@type":"ImageObject","inLanguage":"pt-BR","@id":"https:\/\/secure.gravatar.com\/avatar\/3b4f84a0a8a4380ac4431fa79981d073692380c5da00ae97596e794ab0db5c8c?s=96&d=mm&r=g","url":"https:\/\/secure.gravatar.com\/avatar\/3b4f84a0a8a4380ac4431fa79981d073692380c5da00ae97596e794ab0db5c8c?s=96&d=mm&r=g","contentUrl":"https:\/\/secure.gravatar.com\/avatar\/3b4f84a0a8a4380ac4431fa79981d073692380c5da00ae97596e794ab0db5c8c?s=96&d=mm&r=g","caption":"MsConectado"},"url":"https:\/\/msconectado.com.br\/?author=2"}]}},"_links":{"self":[{"href":"https:\/\/msconectado.com.br\/index.php?rest_route=\/wp\/v2\/posts\/17180","targetHints":{"allow":["GET"]}}],"collection":[{"href":"https:\/\/msconectado.com.br\/index.php?rest_route=\/wp\/v2\/posts"}],"about":[{"href":"https:\/\/msconectado.com.br\/index.php?rest_route=\/wp\/v2\/types\/post"}],"author":[{"embeddable":true,"href":"https:\/\/msconectado.com.br\/index.php?rest_route=\/wp\/v2\/users\/2"}],"replies":[{"embeddable":true,"href":"https:\/\/msconectado.com.br\/index.php?rest_route=%2Fwp%2Fv2%2Fcomments&post=17180"}],"version-history":[{"count":2,"href":"https:\/\/msconectado.com.br\/index.php?rest_route=\/wp\/v2\/posts\/17180\/revisions"}],"predecessor-version":[{"id":17320,"href":"https:\/\/msconectado.com.br\/index.php?rest_route=\/wp\/v2\/posts\/17180\/revisions\/17320"}],"wp:featuredmedia":[{"embeddable":true,"href":"https:\/\/msconectado.com.br\/index.php?rest_route=\/wp\/v2\/media\/17182"}],"wp:attachment":[{"href":"https:\/\/msconectado.com.br\/index.php?rest_route=%2Fwp%2Fv2%2Fmedia&parent=17180"}],"wp:term":[{"taxonomy":"category","embeddable":true,"href":"https:\/\/msconectado.com.br\/index.php?rest_route=%2Fwp%2Fv2%2Fcategories&post=17180"},{"taxonomy":"post_tag","embeddable":true,"href":"https:\/\/msconectado.com.br\/index.php?rest_route=%2Fwp%2Fv2%2Ftags&post=17180"}],"curies":[{"name":"wp","href":"https:\/\/api.w.org\/{rel}","templated":true}]}}