
{"id":17184,"date":"2023-01-12T18:03:29","date_gmt":"2023-01-12T18:03:29","guid":{"rendered":"https:\/\/teste.msconectado.com.br\/?p=17184"},"modified":"2023-01-13T11:54:17","modified_gmt":"2023-01-13T11:54:17","slug":"governo-prepara-acoes-para-levar-carne-pantaneira-sustentavel-de-ms-a-novos-mercados","status":"publish","type":"post","link":"https:\/\/msconectado.com.br\/?p=17184","title":{"rendered":"Governo prepara a\u00e7\u00f5es para levar carne pantaneira sustent\u00e1vel de MS a novos mercados"},"content":{"rendered":"\n<h4 class=\"wp-block-heading\">O Governo do Estado, por meio da Secretaria de Estado de Meio Ambiente, Desenvolvimento, Ci\u00eancia, Tecnologia e Inova\u00e7\u00e3o (Semadesc) est\u00e1 ampliando parcerias para o desenvolvimento da pecu\u00e1ria sustent\u00e1vel do Pantanal. A meta \u00e9 evidenciar a sustentabilidade da carne pantaneira, o diferencial da sua produ\u00e7\u00e3o e ganhar mercados consumidores cada vez mais exigentes, propiciando melhor remunera\u00e7\u00e3o para os produtores. Atualmente no Estado s\u00e3o abatidas de 50 mil a 70 mil cabe\u00e7as de gado por ano com a certifica\u00e7\u00e3o de sustent\u00e1vel, \u00edndice que equivale de 5% a 7% dos abates anuais no Pantanal.<\/h4>\n\n\n\n<h4 class=\"wp-block-heading\">Para ser considerada sustent\u00e1vel, al\u00e9m da identifica\u00e7\u00e3o desde o nascimento, indicando quem \u00e9 a m\u00e3e, o boi n\u00e3o pode ser alimentado, em nenhuma fase da vida, com ra\u00e7\u00f5es que contenham agrot\u00f3xicos (milho, soja, sorgo) nem receber antibi\u00f3ticos. O tratamento preventivo s\u00f3 pode ser feito com homeopatia e fitoterapia e o rebanho deve ser criado em \u00e1reas sem desmatamento ilegal.<\/h4>\n\n\n\n<h4 class=\"wp-block-heading\">Reuni\u00e3o para debater o assunto foi realizada ontem (10) pelo secret\u00e1rio da Semadesc, Jaime Verruck, com o presidente da Associa\u00e7\u00e3o Pantaneira de Pecu\u00e1ria Org\u00e2nica e Sustent\u00e1vel, Eduardo Cruzetta. Tamb\u00e9m participaram do encontro o secret\u00e1rio executivo de desenvolvimento sustent\u00e1vel Rog\u00e9rio Beretta, o secret\u00e1rio executivo de Ci\u00eancia e Tecnologia, Ricardo Senna, e o coordenador na \u00e1rea ambiental Pedro Neto.<\/h4>\n\n\n\n<h4 class=\"wp-block-heading\">O objetivo &#8211; segundo o titular da pasta, Jaime Verruck, &#8211; foi discutir a\u00e7\u00f5es e metas para alavancar ainda mais o projeto de carne de produ\u00e7\u00e3o sustent\u00e1vel e org\u00e2nica do Pantanal, um dos caminhos para se obter em 2030 o Estado Carbono Neutro atendendo a proposta de Governo de Eduardo Riedel. &#8220;Hoje n\u00f3s fizemos uma reuni\u00e3o com a Associa\u00e7\u00e3o Pantaneira de Pecu\u00e1ria Org\u00e2nica e Sustent\u00e1vel para discutir a\u00e7\u00f5es que possibilitem o avan\u00e7o do projeto de carne sustent\u00e1vel e org\u00e2nica do Pantanal. O primeiro ponto que \u00e9 importante destacar \u00e9 que o Eduardo Cruzetta, presidente da Associa\u00e7\u00e3o, mencionou que realmente a partir do momento que o Governo do Estado estabeleceu os incentivos fiscais para produ\u00e7\u00e3o da carne sustent\u00e1vel se criou um novo ecossistema de produ\u00e7\u00e3o viabilizando a pecu\u00e1ria pantaneira. Hoje s\u00e3o mais de 90 produtores envolvidos. Isso incentivou o associativismo neste setor&#8221;, pontuou o secret\u00e1rio. Com os incentivos dados na produ\u00e7\u00e3o, Mato Grosso do Sul conseguiu consolidar o projeto carne org\u00e2nica e sustent\u00e1vel.<\/h4>\n\n\n\n<h4 class=\"wp-block-heading\"><strong>Ganhando mercado consumidor<\/strong><\/h4>\n\n\n\n<h4 class=\"wp-block-heading\">Na reuni\u00e3o ainda foram debatidos no \u00e2mbito da ci\u00eancia e tecnologia e inova\u00e7\u00e3o e do desenvolvimento estrat\u00e9gias para consolidar a carne do Pantanal como um produto diferenciado de maior valor agregado. &#8220;A ideia \u00e9 que a gente discuta exatamente uma linha de trabalho do marketing de divulga\u00e7\u00e3o dessa carne, visando que os consumidores reconhe\u00e7am esses valores da carne e possamos obter melhor remunera\u00e7\u00e3o aos produtores&#8221;, explicou Verruck. Uma das a\u00e7\u00f5es, conforme o secret\u00e1rio, ser\u00e1 a realiza\u00e7\u00e3o neste ano de um evento para divulgar a carne pantaneira sustent\u00e1vel. &#8220;J\u00e1 definimos na reuni\u00e3o que vamos fazer um evento, o Pantanal Meat Fashion, aqui em Campo Grande. Vamos definir a data em parceria com a Associa\u00e7\u00e3o Pantaneira de Pecu\u00e1ria Org\u00e2nica e Sustent\u00e1vel. Tivemos um evento desse no munic\u00edpio de Rio Verde e acreditamos que essa \u00e9 uma forma de divulgarmos a qualidade da carne do Pantanal&#8221;.<\/h4>\n\n\n\n<h4 class=\"wp-block-heading\">Outra estrat\u00e9gia para ampliar a abrang\u00eancia da carne pantaneira ser\u00e1 a Indica\u00e7\u00e3o Geogr\u00e1fica (IG), que \u00e9 um reconhecimento para produtos ou servi\u00e7os que apresentam uma origem geogr\u00e1fica espec\u00edfica e que possuem qualidades e reputa\u00e7\u00e3o relacionadas ao local de origem. &#8220;A Associa\u00e7\u00e3o Pantaneira de Pecu\u00e1ria Org\u00e2nica e Sustent\u00e1vel come\u00e7ou um trabalho j\u00e1 de fazer indica\u00e7\u00e3o de origem da carne pantaneira e vai registrar isso no INPI. Ent\u00e3o, o Governo do Estado, a partir de agora, passa a ser parceiro dessa iniciativa para que a gente consiga uma identifica\u00e7\u00e3o geogr\u00e1fica, assim denominada Indica\u00e7\u00e3o Geogr\u00e1fica de Origem do Pantanal. Vai ser um trabalho importante que a Associa\u00e7\u00e3o est\u00e1 fazendo e n\u00f3s vamos entrar como parceiros nessa linha&#8221;, citou.<\/h4>\n\n\n\n<h4 class=\"wp-block-heading\">Outra medida definida no encontro foi de desenvolvimento de pastagens nativas. &#8220;Queremos ampliar a linha da pesquisa para desenvolvimento de pastagens nativas e de projetos de pesquisa na \u00e1rea do carbono neutro. Isso \u00e9 fundamental e talvez seja a linha mais importante no curto prazo que a gente trabalhe com a pesquisa na pecu\u00e1ria\u201d, acrescentou.<\/h4>\n\n\n\n<h4 class=\"wp-block-heading\">Verruck ainda enfatizou que a quest\u00e3o social tamb\u00e9m ser\u00e1 priorizada na regi\u00e3o pantaneira. \u201cA meta \u00e9 fazer um trabalho amplo e completo junto a Sedhast. Quer dizer, que al\u00e9m do Ilumina Pantanal, que leva energia aos ribeirinhos e popula\u00e7\u00e3o pantaneira, possamos ter uma cadeia de valores estruturado. A ideia \u00e9 dar mais qualidade de vida e condi\u00e7\u00f5es para as pessoas que ali habitam e trabalham&#8221;, finalizou.<\/h4>\n\n\n\n<h4 class=\"wp-block-heading\"><em>Texto e foto da reuni\u00e3o: Rosana Siqueira<\/em><\/h4>\n\n\n\n<h4 class=\"wp-block-heading\"><em>Foto da comitiva: Edemir Rodrigues\/arquivo<\/em><\/h4>\n\n\n\n<figure class=\"wp-block-image\"><img decoding=\"async\" src=\"https:\/\/i.imgur.com\/R31xFca.jpg\" alt=\"\"\/><\/figure>\n\n\n\n<figure class=\"wp-block-image\"><img decoding=\"async\" src=\"https:\/\/i.imgur.com\/i7OXWMV.png\" alt=\"\"\/><\/figure>\n\n\n\n<figure class=\"wp-block-image\"><img decoding=\"async\" src=\"https:\/\/i.imgur.com\/MRhIHyG.png\" alt=\"\"\/><\/figure>\n\n\n\n<h4 class=\"wp-block-heading\">Acesse nossa p\u00e1gina no Facebook e fique por dentro dos destaques de Maracaju e regi\u00e3o.<br><a href=\"https:\/\/www.facebook.com\/MsConectado\/?__tn__=K-R&amp;eid=ARAhfp4e5aWbNVoyptzGrm4obmySmRA_YR3QE4VTRX5QMShFsdcdIz5Iq0b_MWIy7I4QmNXz6k8IoNle&amp;fref=mentions&amp;__xts__%5B0%5D=68.ARAioa_i2DB8DORiDt4nCzBX7dvRVCRXhE8omKRc8oaCnvkbB62J-ntBfEZirzPivEkJx1lDCVwLAcPtZ0yMQNLkCNTlcJQPj0xK6BaGWaOsY1faLudkMNiJdevECtsRmxRf4pPywtr6Ph-QfFtADqGObU6JSKIHeG-MeeDX4kDKXlTFIUBRK4hO5nTzRrhcr3MX5cg5M1qoQKrs0FAyJEjbCy_O8F2Huq0AcJWiZlkD8u8XSf0QlsVlsI8LptFuIqgBS8GhVTw0O9tDGx11ebCRNoaUxQIYsP4qWoTURB3au7pBOcC3DfEQdk--ypqG-M2wCG5kVpCnL3qr9XO0E0f23b1xxxMz0V4PiQ\">https:\/\/www.facebook.com\/MsConectado\/<\/a><\/h4>\n","protected":false},"excerpt":{"rendered":"<p>O Governo do Estado, por meio da Secretaria de Estado de Meio Ambiente, Desenvolvimento, Ci\u00eancia, Tecnologia e Inova\u00e7\u00e3o (Semadesc) est\u00e1 ampliando parcerias para o desenvolvimento da pecu\u00e1ria sustent\u00e1vel do Pantanal. A meta \u00e9 evidenciar a sustentabilidade da carne pantaneira, o diferencial da sua produ\u00e7\u00e3o e ganhar mercados consumidores cada vez mais exigentes, propiciando melhor remunera\u00e7\u00e3o [&hellip;]<\/p>\n","protected":false},"author":2,"featured_media":17185,"comment_status":"open","ping_status":"closed","sticky":false,"template":"","format":"standard","meta":{"footnotes":""},"categories":[35,33],"tags":[],"class_list":["post-17184","post","type-post","status-publish","format-standard","has-post-thumbnail","hentry","category-cidades","category-politica"],"yoast_head":"<!-- This site is optimized with the Yoast SEO plugin v27.5 - https:\/\/yoast.com\/product\/yoast-seo-wordpress\/ -->\n<title>Governo prepara a\u00e7\u00f5es para levar carne pantaneira sustent\u00e1vel de MS a novos mercados - MsConectado<\/title>\n<meta name=\"robots\" content=\"index, follow, max-snippet:-1, max-image-preview:large, max-video-preview:-1\" \/>\n<link rel=\"canonical\" href=\"https:\/\/msconectado.com.br\/?p=17184\" \/>\n<meta property=\"og:locale\" content=\"pt_BR\" \/>\n<meta property=\"og:type\" content=\"article\" \/>\n<meta property=\"og:title\" content=\"Governo prepara a\u00e7\u00f5es para levar carne pantaneira sustent\u00e1vel de MS a novos mercados - MsConectado\" \/>\n<meta property=\"og:description\" content=\"O Governo do Estado, por meio da Secretaria de Estado de Meio Ambiente, Desenvolvimento, Ci\u00eancia, Tecnologia e Inova\u00e7\u00e3o (Semadesc) est\u00e1 ampliando parcerias para o desenvolvimento da pecu\u00e1ria sustent\u00e1vel do Pantanal. A meta \u00e9 evidenciar a sustentabilidade da carne pantaneira, o diferencial da sua produ\u00e7\u00e3o e ganhar mercados consumidores cada vez mais exigentes, propiciando melhor remunera\u00e7\u00e3o [&hellip;]\" \/>\n<meta property=\"og:url\" content=\"https:\/\/msconectado.com.br\/?p=17184\" \/>\n<meta property=\"og:site_name\" content=\"MsConectado\" \/>\n<meta property=\"article:published_time\" content=\"2023-01-12T18:03:29+00:00\" \/>\n<meta property=\"article:modified_time\" content=\"2023-01-13T11:54:17+00:00\" \/>\n<meta property=\"og:image\" content=\"https:\/\/msconectado.com.br\/wp-content\/uploads\/2023\/01\/4.jpg\" \/>\n\t<meta property=\"og:image:width\" content=\"730\" \/>\n\t<meta property=\"og:image:height\" content=\"425\" \/>\n\t<meta property=\"og:image:type\" content=\"image\/jpeg\" \/>\n<meta name=\"author\" content=\"MsConectado\" \/>\n<meta name=\"twitter:card\" content=\"summary_large_image\" \/>\n<meta name=\"twitter:label1\" content=\"Escrito por\" \/>\n\t<meta name=\"twitter:data1\" content=\"MsConectado\" \/>\n\t<meta name=\"twitter:label2\" content=\"Est. tempo de leitura\" \/>\n\t<meta name=\"twitter:data2\" content=\"4 minutos\" \/>\n<script type=\"application\/ld+json\" class=\"yoast-schema-graph\">{\"@context\":\"https:\\\/\\\/schema.org\",\"@graph\":[{\"@type\":\"Article\",\"@id\":\"https:\\\/\\\/msconectado.com.br\\\/?p=17184#article\",\"isPartOf\":{\"@id\":\"https:\\\/\\\/msconectado.com.br\\\/?p=17184\"},\"author\":{\"name\":\"MsConectado\",\"@id\":\"https:\\\/\\\/msconectado.com.br\\\/#\\\/schema\\\/person\\\/e5585545b5687092f1041d350b6e2c16\"},\"headline\":\"Governo prepara a\u00e7\u00f5es para levar carne pantaneira sustent\u00e1vel de MS a novos mercados\",\"datePublished\":\"2023-01-12T18:03:29+00:00\",\"dateModified\":\"2023-01-13T11:54:17+00:00\",\"mainEntityOfPage\":{\"@id\":\"https:\\\/\\\/msconectado.com.br\\\/?p=17184\"},\"wordCount\":884,\"commentCount\":0,\"publisher\":{\"@id\":\"https:\\\/\\\/msconectado.com.br\\\/#organization\"},\"image\":{\"@id\":\"https:\\\/\\\/msconectado.com.br\\\/?p=17184#primaryimage\"},\"thumbnailUrl\":\"https:\\\/\\\/msconectado.com.br\\\/wp-content\\\/uploads\\\/2023\\\/01\\\/4.jpg\",\"articleSection\":[\"Cidades\",\"Pol\u00edtica\"],\"inLanguage\":\"pt-BR\",\"potentialAction\":[{\"@type\":\"CommentAction\",\"name\":\"Comment\",\"target\":[\"https:\\\/\\\/msconectado.com.br\\\/?p=17184#respond\"]}]},{\"@type\":\"WebPage\",\"@id\":\"https:\\\/\\\/msconectado.com.br\\\/?p=17184\",\"url\":\"https:\\\/\\\/msconectado.com.br\\\/?p=17184\",\"name\":\"Governo prepara a\u00e7\u00f5es para levar carne pantaneira sustent\u00e1vel de MS a novos mercados - MsConectado\",\"isPartOf\":{\"@id\":\"https:\\\/\\\/msconectado.com.br\\\/#website\"},\"primaryImageOfPage\":{\"@id\":\"https:\\\/\\\/msconectado.com.br\\\/?p=17184#primaryimage\"},\"image\":{\"@id\":\"https:\\\/\\\/msconectado.com.br\\\/?p=17184#primaryimage\"},\"thumbnailUrl\":\"https:\\\/\\\/msconectado.com.br\\\/wp-content\\\/uploads\\\/2023\\\/01\\\/4.jpg\",\"datePublished\":\"2023-01-12T18:03:29+00:00\",\"dateModified\":\"2023-01-13T11:54:17+00:00\",\"breadcrumb\":{\"@id\":\"https:\\\/\\\/msconectado.com.br\\\/?p=17184#breadcrumb\"},\"inLanguage\":\"pt-BR\",\"potentialAction\":[{\"@type\":\"ReadAction\",\"target\":[\"https:\\\/\\\/msconectado.com.br\\\/?p=17184\"]}]},{\"@type\":\"ImageObject\",\"inLanguage\":\"pt-BR\",\"@id\":\"https:\\\/\\\/msconectado.com.br\\\/?p=17184#primaryimage\",\"url\":\"https:\\\/\\\/msconectado.com.br\\\/wp-content\\\/uploads\\\/2023\\\/01\\\/4.jpg\",\"contentUrl\":\"https:\\\/\\\/msconectado.com.br\\\/wp-content\\\/uploads\\\/2023\\\/01\\\/4.jpg\",\"width\":730,\"height\":425},{\"@type\":\"BreadcrumbList\",\"@id\":\"https:\\\/\\\/msconectado.com.br\\\/?p=17184#breadcrumb\",\"itemListElement\":[{\"@type\":\"ListItem\",\"position\":1,\"name\":\"In\u00edcio\",\"item\":\"https:\\\/\\\/msconectado.com.br\\\/?page_id=105\"},{\"@type\":\"ListItem\",\"position\":2,\"name\":\"Governo prepara a\u00e7\u00f5es para levar carne pantaneira sustent\u00e1vel de MS a novos mercados\"}]},{\"@type\":\"WebSite\",\"@id\":\"https:\\\/\\\/msconectado.com.br\\\/#website\",\"url\":\"https:\\\/\\\/msconectado.com.br\\\/\",\"name\":\"MsConectado\",\"description\":\"Voc\u00ea Conectado com a Not\u00edcia!\",\"publisher\":{\"@id\":\"https:\\\/\\\/msconectado.com.br\\\/#organization\"},\"potentialAction\":[{\"@type\":\"SearchAction\",\"target\":{\"@type\":\"EntryPoint\",\"urlTemplate\":\"https:\\\/\\\/msconectado.com.br\\\/?s={search_term_string}\"},\"query-input\":{\"@type\":\"PropertyValueSpecification\",\"valueRequired\":true,\"valueName\":\"search_term_string\"}}],\"inLanguage\":\"pt-BR\"},{\"@type\":\"Organization\",\"@id\":\"https:\\\/\\\/msconectado.com.br\\\/#organization\",\"name\":\"MsConectado\",\"url\":\"https:\\\/\\\/msconectado.com.br\\\/\",\"logo\":{\"@type\":\"ImageObject\",\"inLanguage\":\"pt-BR\",\"@id\":\"https:\\\/\\\/msconectado.com.br\\\/#\\\/schema\\\/logo\\\/image\\\/\",\"url\":\"https:\\\/\\\/msconectado.com.br\\\/wp-content\\\/uploads\\\/2023\\\/01\\\/cropped-noticia-2.png\",\"contentUrl\":\"https:\\\/\\\/msconectado.com.br\\\/wp-content\\\/uploads\\\/2023\\\/01\\\/cropped-noticia-2.png\",\"width\":720,\"height\":157,\"caption\":\"MsConectado\"},\"image\":{\"@id\":\"https:\\\/\\\/msconectado.com.br\\\/#\\\/schema\\\/logo\\\/image\\\/\"}},{\"@type\":\"Person\",\"@id\":\"https:\\\/\\\/msconectado.com.br\\\/#\\\/schema\\\/person\\\/e5585545b5687092f1041d350b6e2c16\",\"name\":\"MsConectado\",\"image\":{\"@type\":\"ImageObject\",\"inLanguage\":\"pt-BR\",\"@id\":\"https:\\\/\\\/secure.gravatar.com\\\/avatar\\\/3b4f84a0a8a4380ac4431fa79981d073692380c5da00ae97596e794ab0db5c8c?s=96&d=mm&r=g\",\"url\":\"https:\\\/\\\/secure.gravatar.com\\\/avatar\\\/3b4f84a0a8a4380ac4431fa79981d073692380c5da00ae97596e794ab0db5c8c?s=96&d=mm&r=g\",\"contentUrl\":\"https:\\\/\\\/secure.gravatar.com\\\/avatar\\\/3b4f84a0a8a4380ac4431fa79981d073692380c5da00ae97596e794ab0db5c8c?s=96&d=mm&r=g\",\"caption\":\"MsConectado\"},\"url\":\"https:\\\/\\\/msconectado.com.br\\\/?author=2\"}]}<\/script>\n<!-- \/ Yoast SEO plugin. -->","yoast_head_json":{"title":"Governo prepara a\u00e7\u00f5es para levar carne pantaneira sustent\u00e1vel de MS a novos mercados - MsConectado","robots":{"index":"index","follow":"follow","max-snippet":"max-snippet:-1","max-image-preview":"max-image-preview:large","max-video-preview":"max-video-preview:-1"},"canonical":"https:\/\/msconectado.com.br\/?p=17184","og_locale":"pt_BR","og_type":"article","og_title":"Governo prepara a\u00e7\u00f5es para levar carne pantaneira sustent\u00e1vel de MS a novos mercados - MsConectado","og_description":"O Governo do Estado, por meio da Secretaria de Estado de Meio Ambiente, Desenvolvimento, Ci\u00eancia, Tecnologia e Inova\u00e7\u00e3o (Semadesc) est\u00e1 ampliando parcerias para o desenvolvimento da pecu\u00e1ria sustent\u00e1vel do Pantanal. A meta \u00e9 evidenciar a sustentabilidade da carne pantaneira, o diferencial da sua produ\u00e7\u00e3o e ganhar mercados consumidores cada vez mais exigentes, propiciando melhor remunera\u00e7\u00e3o [&hellip;]","og_url":"https:\/\/msconectado.com.br\/?p=17184","og_site_name":"MsConectado","article_published_time":"2023-01-12T18:03:29+00:00","article_modified_time":"2023-01-13T11:54:17+00:00","og_image":[{"width":730,"height":425,"url":"https:\/\/msconectado.com.br\/wp-content\/uploads\/2023\/01\/4.jpg","type":"image\/jpeg"}],"author":"MsConectado","twitter_card":"summary_large_image","twitter_misc":{"Escrito por":"MsConectado","Est. tempo de leitura":"4 minutos"},"schema":{"@context":"https:\/\/schema.org","@graph":[{"@type":"Article","@id":"https:\/\/msconectado.com.br\/?p=17184#article","isPartOf":{"@id":"https:\/\/msconectado.com.br\/?p=17184"},"author":{"name":"MsConectado","@id":"https:\/\/msconectado.com.br\/#\/schema\/person\/e5585545b5687092f1041d350b6e2c16"},"headline":"Governo prepara a\u00e7\u00f5es para levar carne pantaneira sustent\u00e1vel de MS a novos mercados","datePublished":"2023-01-12T18:03:29+00:00","dateModified":"2023-01-13T11:54:17+00:00","mainEntityOfPage":{"@id":"https:\/\/msconectado.com.br\/?p=17184"},"wordCount":884,"commentCount":0,"publisher":{"@id":"https:\/\/msconectado.com.br\/#organization"},"image":{"@id":"https:\/\/msconectado.com.br\/?p=17184#primaryimage"},"thumbnailUrl":"https:\/\/msconectado.com.br\/wp-content\/uploads\/2023\/01\/4.jpg","articleSection":["Cidades","Pol\u00edtica"],"inLanguage":"pt-BR","potentialAction":[{"@type":"CommentAction","name":"Comment","target":["https:\/\/msconectado.com.br\/?p=17184#respond"]}]},{"@type":"WebPage","@id":"https:\/\/msconectado.com.br\/?p=17184","url":"https:\/\/msconectado.com.br\/?p=17184","name":"Governo prepara a\u00e7\u00f5es para levar carne pantaneira sustent\u00e1vel de MS a novos mercados - MsConectado","isPartOf":{"@id":"https:\/\/msconectado.com.br\/#website"},"primaryImageOfPage":{"@id":"https:\/\/msconectado.com.br\/?p=17184#primaryimage"},"image":{"@id":"https:\/\/msconectado.com.br\/?p=17184#primaryimage"},"thumbnailUrl":"https:\/\/msconectado.com.br\/wp-content\/uploads\/2023\/01\/4.jpg","datePublished":"2023-01-12T18:03:29+00:00","dateModified":"2023-01-13T11:54:17+00:00","breadcrumb":{"@id":"https:\/\/msconectado.com.br\/?p=17184#breadcrumb"},"inLanguage":"pt-BR","potentialAction":[{"@type":"ReadAction","target":["https:\/\/msconectado.com.br\/?p=17184"]}]},{"@type":"ImageObject","inLanguage":"pt-BR","@id":"https:\/\/msconectado.com.br\/?p=17184#primaryimage","url":"https:\/\/msconectado.com.br\/wp-content\/uploads\/2023\/01\/4.jpg","contentUrl":"https:\/\/msconectado.com.br\/wp-content\/uploads\/2023\/01\/4.jpg","width":730,"height":425},{"@type":"BreadcrumbList","@id":"https:\/\/msconectado.com.br\/?p=17184#breadcrumb","itemListElement":[{"@type":"ListItem","position":1,"name":"In\u00edcio","item":"https:\/\/msconectado.com.br\/?page_id=105"},{"@type":"ListItem","position":2,"name":"Governo prepara a\u00e7\u00f5es para levar carne pantaneira sustent\u00e1vel de MS a novos mercados"}]},{"@type":"WebSite","@id":"https:\/\/msconectado.com.br\/#website","url":"https:\/\/msconectado.com.br\/","name":"MsConectado","description":"Voc\u00ea Conectado com a Not\u00edcia!","publisher":{"@id":"https:\/\/msconectado.com.br\/#organization"},"potentialAction":[{"@type":"SearchAction","target":{"@type":"EntryPoint","urlTemplate":"https:\/\/msconectado.com.br\/?s={search_term_string}"},"query-input":{"@type":"PropertyValueSpecification","valueRequired":true,"valueName":"search_term_string"}}],"inLanguage":"pt-BR"},{"@type":"Organization","@id":"https:\/\/msconectado.com.br\/#organization","name":"MsConectado","url":"https:\/\/msconectado.com.br\/","logo":{"@type":"ImageObject","inLanguage":"pt-BR","@id":"https:\/\/msconectado.com.br\/#\/schema\/logo\/image\/","url":"https:\/\/msconectado.com.br\/wp-content\/uploads\/2023\/01\/cropped-noticia-2.png","contentUrl":"https:\/\/msconectado.com.br\/wp-content\/uploads\/2023\/01\/cropped-noticia-2.png","width":720,"height":157,"caption":"MsConectado"},"image":{"@id":"https:\/\/msconectado.com.br\/#\/schema\/logo\/image\/"}},{"@type":"Person","@id":"https:\/\/msconectado.com.br\/#\/schema\/person\/e5585545b5687092f1041d350b6e2c16","name":"MsConectado","image":{"@type":"ImageObject","inLanguage":"pt-BR","@id":"https:\/\/secure.gravatar.com\/avatar\/3b4f84a0a8a4380ac4431fa79981d073692380c5da00ae97596e794ab0db5c8c?s=96&d=mm&r=g","url":"https:\/\/secure.gravatar.com\/avatar\/3b4f84a0a8a4380ac4431fa79981d073692380c5da00ae97596e794ab0db5c8c?s=96&d=mm&r=g","contentUrl":"https:\/\/secure.gravatar.com\/avatar\/3b4f84a0a8a4380ac4431fa79981d073692380c5da00ae97596e794ab0db5c8c?s=96&d=mm&r=g","caption":"MsConectado"},"url":"https:\/\/msconectado.com.br\/?author=2"}]}},"_links":{"self":[{"href":"https:\/\/msconectado.com.br\/index.php?rest_route=\/wp\/v2\/posts\/17184","targetHints":{"allow":["GET"]}}],"collection":[{"href":"https:\/\/msconectado.com.br\/index.php?rest_route=\/wp\/v2\/posts"}],"about":[{"href":"https:\/\/msconectado.com.br\/index.php?rest_route=\/wp\/v2\/types\/post"}],"author":[{"embeddable":true,"href":"https:\/\/msconectado.com.br\/index.php?rest_route=\/wp\/v2\/users\/2"}],"replies":[{"embeddable":true,"href":"https:\/\/msconectado.com.br\/index.php?rest_route=%2Fwp%2Fv2%2Fcomments&post=17184"}],"version-history":[{"count":2,"href":"https:\/\/msconectado.com.br\/index.php?rest_route=\/wp\/v2\/posts\/17184\/revisions"}],"predecessor-version":[{"id":17319,"href":"https:\/\/msconectado.com.br\/index.php?rest_route=\/wp\/v2\/posts\/17184\/revisions\/17319"}],"wp:featuredmedia":[{"embeddable":true,"href":"https:\/\/msconectado.com.br\/index.php?rest_route=\/wp\/v2\/media\/17185"}],"wp:attachment":[{"href":"https:\/\/msconectado.com.br\/index.php?rest_route=%2Fwp%2Fv2%2Fmedia&parent=17184"}],"wp:term":[{"taxonomy":"category","embeddable":true,"href":"https:\/\/msconectado.com.br\/index.php?rest_route=%2Fwp%2Fv2%2Fcategories&post=17184"},{"taxonomy":"post_tag","embeddable":true,"href":"https:\/\/msconectado.com.br\/index.php?rest_route=%2Fwp%2Fv2%2Ftags&post=17184"}],"curies":[{"name":"wp","href":"https:\/\/api.w.org\/{rel}","templated":true}]}}