
{"id":17187,"date":"2023-01-12T18:05:14","date_gmt":"2023-01-12T18:05:14","guid":{"rendered":"https:\/\/teste.msconectado.com.br\/?p=17187"},"modified":"2023-01-13T11:53:53","modified_gmt":"2023-01-13T11:53:53","slug":"governo-do-estado-entrega-viaturas-para-a-guarda-municipal-de-dourados","status":"publish","type":"post","link":"https:\/\/msconectado.com.br\/?p=17187","title":{"rendered":"Governo do Estado entrega viaturas para a Guarda Municipal de Dourados"},"content":{"rendered":"\n<h4 class=\"wp-block-heading\">O governador Eduardo Riedel e o vice Barbosinha fizeram a entrega de cinco viaturas para o munic\u00edpio de Dourados, no final da tarde desta ter\u00e7a-feira (10), na governadoria, com a presen\u00e7a do prefeito Alan Guedes. Os ve\u00edculos somam um investimento de R$ 1,314 milh\u00e3o, foram adquiridos com recurso estaduais e ser\u00e3o utilizados pela Guarda Municipal e Defesa Civil da cidade.<\/h4>\n\n\n\n<h4 class=\"wp-block-heading\">De acordo com o governador, as viaturas ir\u00e3o fortalecer a seguran\u00e7a no munic\u00edpio de Dourados. \u201c\u00c9 muito bom podermos apoiar \u00e1reas important\u00edssimas como a seguran\u00e7a p\u00fablica e fortalecer ainda mais o nosso foco de governar pata todos os munic\u00edpios de Mato Grosso do Sul, um trabalho que come\u00e7ou na gest\u00e3o passada e n\u00f3s iremos fortalecer e ampliar nesta\u201d, disse Eduardo Riedel.<\/h4>\n\n\n\n<h4 class=\"wp-block-heading\">J\u00e1 o vice-governador Barbosinha ressaltou que a entrega das viaturas \u00e9 um reconhecimento ao grande trabalho que a Guarda Municipal e a Defesa Civil realizam em Dourados. \u201cS\u00e3o \u00e1reas da seguran\u00e7a p\u00fablica que se destacam no munic\u00edpio de Dourados e este \u00e9 um momento de reconhecimento, colabora\u00e7\u00e3o e mostra que n\u00f3s estamos seguindo com um trabalho de fortalecimento de nossa gest\u00e3o municipalista\u201d, destacou.<\/h4>\n\n\n\n<h4 class=\"wp-block-heading\">Segundo o secret\u00e1rio de Justi\u00e7a e Seguran\u00e7a P\u00fablica, Antonio Carlos Videira, as parcerias com os munic\u00edpios s\u00e3o de suma import\u00e2ncia para ampliar e fortalecer o trabalho em todo o Estado. \u201cEssa entrega \u00e9 um fruto da parceria que temos com a Guarda Municipal de Dourados, que ir\u00e1 utilizar estes ve\u00edculos na ronda escolar do munic\u00edpio e tamb\u00e9m com a Defesa Civil da cidade. S\u00e3o \u00f3rg\u00e3os que t\u00eam feito um excelente trabalho e fortalecido muito a seguran\u00e7a p\u00fablica da regi\u00e3o\u201d, enfatizou Carlos Videira.<\/h4>\n\n\n\n<h4 class=\"wp-block-heading\">Para o prefeito de Dourados, Alan Guedes, o fortalecimento da parceira com o Governo do Estado \u00e9 de suma import\u00e2ncia para o desenvolvimento das mais diversas \u00e1reas do munic\u00edpio. \u201cN\u00f3s caminhamos juntos, essa parceria vem de tempos e agora poder fortalecer a Guarda Municipal, para que eles possam exercer trabalhos como a ronda escolar e tamb\u00e9m as a\u00e7\u00f5es da Defesa Civil nos deixa muito felizes e agradecidos\u201d, concluiu Alan Guedes.<\/h4>\n\n\n\n<h4 class=\"wp-block-heading\">Foram entregues 4 Trail Blazer e 1 L200 Triton. Esses ve\u00edculos foram adquiridos ainda em 2022, na gest\u00e3o do ex-governador Reinaldo Azambuja.<\/h4>\n\n\n\n<h4 class=\"wp-block-heading\"><em>Karina Vilas Boas, Comunica\u00e7\u00e3o do Governo de Mato Grosso do Sul<\/em><\/h4>\n\n\n\n<h4 class=\"wp-block-heading\"><em>Fotos: Jo\u00e3o Garrig\u00f3<\/em><\/h4>\n\n\n\n<figure class=\"wp-block-image\"><img decoding=\"async\" src=\"https:\/\/i.imgur.com\/R31xFca.jpg\" alt=\"\"\/><\/figure>\n\n\n\n<figure class=\"wp-block-image\"><img decoding=\"async\" src=\"https:\/\/i.imgur.com\/i7OXWMV.png\" alt=\"\"\/><\/figure>\n\n\n\n<figure class=\"wp-block-image\"><img decoding=\"async\" src=\"https:\/\/i.imgur.com\/MRhIHyG.png\" alt=\"\"\/><\/figure>\n\n\n\n<h4 class=\"wp-block-heading\">Acesse nossa p\u00e1gina no Facebook e fique por dentro dos destaques de Maracaju e regi\u00e3o.<br><a href=\"https:\/\/www.facebook.com\/MsConectado\/?__tn__=K-R&amp;eid=ARAhfp4e5aWbNVoyptzGrm4obmySmRA_YR3QE4VTRX5QMShFsdcdIz5Iq0b_MWIy7I4QmNXz6k8IoNle&amp;fref=mentions&amp;__xts__%5B0%5D=68.ARAioa_i2DB8DORiDt4nCzBX7dvRVCRXhE8omKRc8oaCnvkbB62J-ntBfEZirzPivEkJx1lDCVwLAcPtZ0yMQNLkCNTlcJQPj0xK6BaGWaOsY1faLudkMNiJdevECtsRmxRf4pPywtr6Ph-QfFtADqGObU6JSKIHeG-MeeDX4kDKXlTFIUBRK4hO5nTzRrhcr3MX5cg5M1qoQKrs0FAyJEjbCy_O8F2Huq0AcJWiZlkD8u8XSf0QlsVlsI8LptFuIqgBS8GhVTw0O9tDGx11ebCRNoaUxQIYsP4qWoTURB3au7pBOcC3DfEQdk--ypqG-M2wCG5kVpCnL3qr9XO0E0f23b1xxxMz0V4PiQ\">https:\/\/www.facebook.com\/MsConectado<\/a><\/h4>\n","protected":false},"excerpt":{"rendered":"<p>O governador Eduardo Riedel e o vice Barbosinha fizeram a entrega de cinco viaturas para o munic\u00edpio de Dourados, no final da tarde desta ter\u00e7a-feira (10), na governadoria, com a presen\u00e7a do prefeito Alan Guedes. Os ve\u00edculos somam um investimento de R$ 1,314 milh\u00e3o, foram adquiridos com recurso estaduais e ser\u00e3o utilizados pela Guarda Municipal [&hellip;]<\/p>\n","protected":false},"author":2,"featured_media":17190,"comment_status":"open","ping_status":"closed","sticky":false,"template":"","format":"standard","meta":{"footnotes":""},"categories":[35,33],"tags":[],"class_list":["post-17187","post","type-post","status-publish","format-standard","has-post-thumbnail","hentry","category-cidades","category-politica"],"yoast_head":"<!-- This site is optimized with the Yoast SEO plugin v27.5 - https:\/\/yoast.com\/product\/yoast-seo-wordpress\/ -->\n<title>Governo do Estado entrega viaturas para a Guarda Municipal de Dourados - MsConectado<\/title>\n<meta name=\"robots\" content=\"index, follow, max-snippet:-1, max-image-preview:large, max-video-preview:-1\" \/>\n<link rel=\"canonical\" href=\"https:\/\/msconectado.com.br\/?p=17187\" \/>\n<meta property=\"og:locale\" content=\"pt_BR\" \/>\n<meta property=\"og:type\" content=\"article\" \/>\n<meta property=\"og:title\" content=\"Governo do Estado entrega viaturas para a Guarda Municipal de Dourados - MsConectado\" \/>\n<meta property=\"og:description\" content=\"O governador Eduardo Riedel e o vice Barbosinha fizeram a entrega de cinco viaturas para o munic\u00edpio de Dourados, no final da tarde desta ter\u00e7a-feira (10), na governadoria, com a presen\u00e7a do prefeito Alan Guedes. Os ve\u00edculos somam um investimento de R$ 1,314 milh\u00e3o, foram adquiridos com recurso estaduais e ser\u00e3o utilizados pela Guarda Municipal [&hellip;]\" \/>\n<meta property=\"og:url\" content=\"https:\/\/msconectado.com.br\/?p=17187\" \/>\n<meta property=\"og:site_name\" content=\"MsConectado\" \/>\n<meta property=\"article:published_time\" content=\"2023-01-12T18:05:14+00:00\" \/>\n<meta property=\"article:modified_time\" content=\"2023-01-13T11:53:53+00:00\" \/>\n<meta property=\"og:image\" content=\"https:\/\/msconectado.com.br\/wp-content\/uploads\/2023\/01\/3.jpg\" \/>\n\t<meta property=\"og:image:width\" content=\"730\" \/>\n\t<meta property=\"og:image:height\" content=\"425\" \/>\n\t<meta property=\"og:image:type\" content=\"image\/jpeg\" \/>\n<meta name=\"author\" content=\"MsConectado\" \/>\n<meta name=\"twitter:card\" content=\"summary_large_image\" \/>\n<meta name=\"twitter:label1\" content=\"Escrito por\" \/>\n\t<meta name=\"twitter:data1\" content=\"MsConectado\" \/>\n\t<meta name=\"twitter:label2\" content=\"Est. tempo de leitura\" \/>\n\t<meta name=\"twitter:data2\" content=\"2 minutos\" \/>\n<script type=\"application\/ld+json\" class=\"yoast-schema-graph\">{\"@context\":\"https:\\\/\\\/schema.org\",\"@graph\":[{\"@type\":\"Article\",\"@id\":\"https:\\\/\\\/msconectado.com.br\\\/?p=17187#article\",\"isPartOf\":{\"@id\":\"https:\\\/\\\/msconectado.com.br\\\/?p=17187\"},\"author\":{\"name\":\"MsConectado\",\"@id\":\"https:\\\/\\\/msconectado.com.br\\\/#\\\/schema\\\/person\\\/e5585545b5687092f1041d350b6e2c16\"},\"headline\":\"Governo do Estado entrega viaturas para a Guarda Municipal de Dourados\",\"datePublished\":\"2023-01-12T18:05:14+00:00\",\"dateModified\":\"2023-01-13T11:53:53+00:00\",\"mainEntityOfPage\":{\"@id\":\"https:\\\/\\\/msconectado.com.br\\\/?p=17187\"},\"wordCount\":443,\"commentCount\":0,\"publisher\":{\"@id\":\"https:\\\/\\\/msconectado.com.br\\\/#organization\"},\"image\":{\"@id\":\"https:\\\/\\\/msconectado.com.br\\\/?p=17187#primaryimage\"},\"thumbnailUrl\":\"https:\\\/\\\/msconectado.com.br\\\/wp-content\\\/uploads\\\/2023\\\/01\\\/3.jpg\",\"articleSection\":[\"Cidades\",\"Pol\u00edtica\"],\"inLanguage\":\"pt-BR\",\"potentialAction\":[{\"@type\":\"CommentAction\",\"name\":\"Comment\",\"target\":[\"https:\\\/\\\/msconectado.com.br\\\/?p=17187#respond\"]}]},{\"@type\":\"WebPage\",\"@id\":\"https:\\\/\\\/msconectado.com.br\\\/?p=17187\",\"url\":\"https:\\\/\\\/msconectado.com.br\\\/?p=17187\",\"name\":\"Governo do Estado entrega viaturas para a Guarda Municipal de Dourados - MsConectado\",\"isPartOf\":{\"@id\":\"https:\\\/\\\/msconectado.com.br\\\/#website\"},\"primaryImageOfPage\":{\"@id\":\"https:\\\/\\\/msconectado.com.br\\\/?p=17187#primaryimage\"},\"image\":{\"@id\":\"https:\\\/\\\/msconectado.com.br\\\/?p=17187#primaryimage\"},\"thumbnailUrl\":\"https:\\\/\\\/msconectado.com.br\\\/wp-content\\\/uploads\\\/2023\\\/01\\\/3.jpg\",\"datePublished\":\"2023-01-12T18:05:14+00:00\",\"dateModified\":\"2023-01-13T11:53:53+00:00\",\"breadcrumb\":{\"@id\":\"https:\\\/\\\/msconectado.com.br\\\/?p=17187#breadcrumb\"},\"inLanguage\":\"pt-BR\",\"potentialAction\":[{\"@type\":\"ReadAction\",\"target\":[\"https:\\\/\\\/msconectado.com.br\\\/?p=17187\"]}]},{\"@type\":\"ImageObject\",\"inLanguage\":\"pt-BR\",\"@id\":\"https:\\\/\\\/msconectado.com.br\\\/?p=17187#primaryimage\",\"url\":\"https:\\\/\\\/msconectado.com.br\\\/wp-content\\\/uploads\\\/2023\\\/01\\\/3.jpg\",\"contentUrl\":\"https:\\\/\\\/msconectado.com.br\\\/wp-content\\\/uploads\\\/2023\\\/01\\\/3.jpg\",\"width\":730,\"height\":425},{\"@type\":\"BreadcrumbList\",\"@id\":\"https:\\\/\\\/msconectado.com.br\\\/?p=17187#breadcrumb\",\"itemListElement\":[{\"@type\":\"ListItem\",\"position\":1,\"name\":\"In\u00edcio\",\"item\":\"https:\\\/\\\/msconectado.com.br\\\/?page_id=105\"},{\"@type\":\"ListItem\",\"position\":2,\"name\":\"Governo do Estado entrega viaturas para a Guarda Municipal de Dourados\"}]},{\"@type\":\"WebSite\",\"@id\":\"https:\\\/\\\/msconectado.com.br\\\/#website\",\"url\":\"https:\\\/\\\/msconectado.com.br\\\/\",\"name\":\"MsConectado\",\"description\":\"Voc\u00ea Conectado com a Not\u00edcia!\",\"publisher\":{\"@id\":\"https:\\\/\\\/msconectado.com.br\\\/#organization\"},\"potentialAction\":[{\"@type\":\"SearchAction\",\"target\":{\"@type\":\"EntryPoint\",\"urlTemplate\":\"https:\\\/\\\/msconectado.com.br\\\/?s={search_term_string}\"},\"query-input\":{\"@type\":\"PropertyValueSpecification\",\"valueRequired\":true,\"valueName\":\"search_term_string\"}}],\"inLanguage\":\"pt-BR\"},{\"@type\":\"Organization\",\"@id\":\"https:\\\/\\\/msconectado.com.br\\\/#organization\",\"name\":\"MsConectado\",\"url\":\"https:\\\/\\\/msconectado.com.br\\\/\",\"logo\":{\"@type\":\"ImageObject\",\"inLanguage\":\"pt-BR\",\"@id\":\"https:\\\/\\\/msconectado.com.br\\\/#\\\/schema\\\/logo\\\/image\\\/\",\"url\":\"https:\\\/\\\/msconectado.com.br\\\/wp-content\\\/uploads\\\/2023\\\/01\\\/cropped-noticia-2.png\",\"contentUrl\":\"https:\\\/\\\/msconectado.com.br\\\/wp-content\\\/uploads\\\/2023\\\/01\\\/cropped-noticia-2.png\",\"width\":720,\"height\":157,\"caption\":\"MsConectado\"},\"image\":{\"@id\":\"https:\\\/\\\/msconectado.com.br\\\/#\\\/schema\\\/logo\\\/image\\\/\"}},{\"@type\":\"Person\",\"@id\":\"https:\\\/\\\/msconectado.com.br\\\/#\\\/schema\\\/person\\\/e5585545b5687092f1041d350b6e2c16\",\"name\":\"MsConectado\",\"image\":{\"@type\":\"ImageObject\",\"inLanguage\":\"pt-BR\",\"@id\":\"https:\\\/\\\/secure.gravatar.com\\\/avatar\\\/3b4f84a0a8a4380ac4431fa79981d073692380c5da00ae97596e794ab0db5c8c?s=96&d=mm&r=g\",\"url\":\"https:\\\/\\\/secure.gravatar.com\\\/avatar\\\/3b4f84a0a8a4380ac4431fa79981d073692380c5da00ae97596e794ab0db5c8c?s=96&d=mm&r=g\",\"contentUrl\":\"https:\\\/\\\/secure.gravatar.com\\\/avatar\\\/3b4f84a0a8a4380ac4431fa79981d073692380c5da00ae97596e794ab0db5c8c?s=96&d=mm&r=g\",\"caption\":\"MsConectado\"},\"url\":\"https:\\\/\\\/msconectado.com.br\\\/?author=2\"}]}<\/script>\n<!-- \/ Yoast SEO plugin. -->","yoast_head_json":{"title":"Governo do Estado entrega viaturas para a Guarda Municipal de Dourados - MsConectado","robots":{"index":"index","follow":"follow","max-snippet":"max-snippet:-1","max-image-preview":"max-image-preview:large","max-video-preview":"max-video-preview:-1"},"canonical":"https:\/\/msconectado.com.br\/?p=17187","og_locale":"pt_BR","og_type":"article","og_title":"Governo do Estado entrega viaturas para a Guarda Municipal de Dourados - MsConectado","og_description":"O governador Eduardo Riedel e o vice Barbosinha fizeram a entrega de cinco viaturas para o munic\u00edpio de Dourados, no final da tarde desta ter\u00e7a-feira (10), na governadoria, com a presen\u00e7a do prefeito Alan Guedes. Os ve\u00edculos somam um investimento de R$ 1,314 milh\u00e3o, foram adquiridos com recurso estaduais e ser\u00e3o utilizados pela Guarda Municipal [&hellip;]","og_url":"https:\/\/msconectado.com.br\/?p=17187","og_site_name":"MsConectado","article_published_time":"2023-01-12T18:05:14+00:00","article_modified_time":"2023-01-13T11:53:53+00:00","og_image":[{"width":730,"height":425,"url":"https:\/\/msconectado.com.br\/wp-content\/uploads\/2023\/01\/3.jpg","type":"image\/jpeg"}],"author":"MsConectado","twitter_card":"summary_large_image","twitter_misc":{"Escrito por":"MsConectado","Est. tempo de leitura":"2 minutos"},"schema":{"@context":"https:\/\/schema.org","@graph":[{"@type":"Article","@id":"https:\/\/msconectado.com.br\/?p=17187#article","isPartOf":{"@id":"https:\/\/msconectado.com.br\/?p=17187"},"author":{"name":"MsConectado","@id":"https:\/\/msconectado.com.br\/#\/schema\/person\/e5585545b5687092f1041d350b6e2c16"},"headline":"Governo do Estado entrega viaturas para a Guarda Municipal de Dourados","datePublished":"2023-01-12T18:05:14+00:00","dateModified":"2023-01-13T11:53:53+00:00","mainEntityOfPage":{"@id":"https:\/\/msconectado.com.br\/?p=17187"},"wordCount":443,"commentCount":0,"publisher":{"@id":"https:\/\/msconectado.com.br\/#organization"},"image":{"@id":"https:\/\/msconectado.com.br\/?p=17187#primaryimage"},"thumbnailUrl":"https:\/\/msconectado.com.br\/wp-content\/uploads\/2023\/01\/3.jpg","articleSection":["Cidades","Pol\u00edtica"],"inLanguage":"pt-BR","potentialAction":[{"@type":"CommentAction","name":"Comment","target":["https:\/\/msconectado.com.br\/?p=17187#respond"]}]},{"@type":"WebPage","@id":"https:\/\/msconectado.com.br\/?p=17187","url":"https:\/\/msconectado.com.br\/?p=17187","name":"Governo do Estado entrega viaturas para a Guarda Municipal de Dourados - MsConectado","isPartOf":{"@id":"https:\/\/msconectado.com.br\/#website"},"primaryImageOfPage":{"@id":"https:\/\/msconectado.com.br\/?p=17187#primaryimage"},"image":{"@id":"https:\/\/msconectado.com.br\/?p=17187#primaryimage"},"thumbnailUrl":"https:\/\/msconectado.com.br\/wp-content\/uploads\/2023\/01\/3.jpg","datePublished":"2023-01-12T18:05:14+00:00","dateModified":"2023-01-13T11:53:53+00:00","breadcrumb":{"@id":"https:\/\/msconectado.com.br\/?p=17187#breadcrumb"},"inLanguage":"pt-BR","potentialAction":[{"@type":"ReadAction","target":["https:\/\/msconectado.com.br\/?p=17187"]}]},{"@type":"ImageObject","inLanguage":"pt-BR","@id":"https:\/\/msconectado.com.br\/?p=17187#primaryimage","url":"https:\/\/msconectado.com.br\/wp-content\/uploads\/2023\/01\/3.jpg","contentUrl":"https:\/\/msconectado.com.br\/wp-content\/uploads\/2023\/01\/3.jpg","width":730,"height":425},{"@type":"BreadcrumbList","@id":"https:\/\/msconectado.com.br\/?p=17187#breadcrumb","itemListElement":[{"@type":"ListItem","position":1,"name":"In\u00edcio","item":"https:\/\/msconectado.com.br\/?page_id=105"},{"@type":"ListItem","position":2,"name":"Governo do Estado entrega viaturas para a Guarda Municipal de Dourados"}]},{"@type":"WebSite","@id":"https:\/\/msconectado.com.br\/#website","url":"https:\/\/msconectado.com.br\/","name":"MsConectado","description":"Voc\u00ea Conectado com a Not\u00edcia!","publisher":{"@id":"https:\/\/msconectado.com.br\/#organization"},"potentialAction":[{"@type":"SearchAction","target":{"@type":"EntryPoint","urlTemplate":"https:\/\/msconectado.com.br\/?s={search_term_string}"},"query-input":{"@type":"PropertyValueSpecification","valueRequired":true,"valueName":"search_term_string"}}],"inLanguage":"pt-BR"},{"@type":"Organization","@id":"https:\/\/msconectado.com.br\/#organization","name":"MsConectado","url":"https:\/\/msconectado.com.br\/","logo":{"@type":"ImageObject","inLanguage":"pt-BR","@id":"https:\/\/msconectado.com.br\/#\/schema\/logo\/image\/","url":"https:\/\/msconectado.com.br\/wp-content\/uploads\/2023\/01\/cropped-noticia-2.png","contentUrl":"https:\/\/msconectado.com.br\/wp-content\/uploads\/2023\/01\/cropped-noticia-2.png","width":720,"height":157,"caption":"MsConectado"},"image":{"@id":"https:\/\/msconectado.com.br\/#\/schema\/logo\/image\/"}},{"@type":"Person","@id":"https:\/\/msconectado.com.br\/#\/schema\/person\/e5585545b5687092f1041d350b6e2c16","name":"MsConectado","image":{"@type":"ImageObject","inLanguage":"pt-BR","@id":"https:\/\/secure.gravatar.com\/avatar\/3b4f84a0a8a4380ac4431fa79981d073692380c5da00ae97596e794ab0db5c8c?s=96&d=mm&r=g","url":"https:\/\/secure.gravatar.com\/avatar\/3b4f84a0a8a4380ac4431fa79981d073692380c5da00ae97596e794ab0db5c8c?s=96&d=mm&r=g","contentUrl":"https:\/\/secure.gravatar.com\/avatar\/3b4f84a0a8a4380ac4431fa79981d073692380c5da00ae97596e794ab0db5c8c?s=96&d=mm&r=g","caption":"MsConectado"},"url":"https:\/\/msconectado.com.br\/?author=2"}]}},"_links":{"self":[{"href":"https:\/\/msconectado.com.br\/index.php?rest_route=\/wp\/v2\/posts\/17187","targetHints":{"allow":["GET"]}}],"collection":[{"href":"https:\/\/msconectado.com.br\/index.php?rest_route=\/wp\/v2\/posts"}],"about":[{"href":"https:\/\/msconectado.com.br\/index.php?rest_route=\/wp\/v2\/types\/post"}],"author":[{"embeddable":true,"href":"https:\/\/msconectado.com.br\/index.php?rest_route=\/wp\/v2\/users\/2"}],"replies":[{"embeddable":true,"href":"https:\/\/msconectado.com.br\/index.php?rest_route=%2Fwp%2Fv2%2Fcomments&post=17187"}],"version-history":[{"count":2,"href":"https:\/\/msconectado.com.br\/index.php?rest_route=\/wp\/v2\/posts\/17187\/revisions"}],"predecessor-version":[{"id":17318,"href":"https:\/\/msconectado.com.br\/index.php?rest_route=\/wp\/v2\/posts\/17187\/revisions\/17318"}],"wp:featuredmedia":[{"embeddable":true,"href":"https:\/\/msconectado.com.br\/index.php?rest_route=\/wp\/v2\/media\/17190"}],"wp:attachment":[{"href":"https:\/\/msconectado.com.br\/index.php?rest_route=%2Fwp%2Fv2%2Fmedia&parent=17187"}],"wp:term":[{"taxonomy":"category","embeddable":true,"href":"https:\/\/msconectado.com.br\/index.php?rest_route=%2Fwp%2Fv2%2Fcategories&post=17187"},{"taxonomy":"post_tag","embeddable":true,"href":"https:\/\/msconectado.com.br\/index.php?rest_route=%2Fwp%2Fv2%2Ftags&post=17187"}],"curies":[{"name":"wp","href":"https:\/\/api.w.org\/{rel}","templated":true}]}}