
{"id":17192,"date":"2023-01-12T18:10:14","date_gmt":"2023-01-12T18:10:14","guid":{"rendered":"https:\/\/teste.msconectado.com.br\/?p=17192"},"modified":"2023-01-13T11:52:46","modified_gmt":"2023-01-13T11:52:46","slug":"familias-comemoram-a-prorrogacao-do-energia-social-alivio-e-sentimento-de-gratidao","status":"publish","type":"post","link":"https:\/\/msconectado.com.br\/?p=17192","title":{"rendered":"Fam\u00edlias comemoram a prorroga\u00e7\u00e3o do Energia Social: &#8220;Al\u00edvio e sentimento de gratid\u00e3o&#8221;"},"content":{"rendered":"\n<h4 class=\"wp-block-heading\">Fam\u00edlias contempladas no programa \u201cEnergia Social: Conta de Luz Zero\u201d comemoram a sua prorroga\u00e7\u00e3o por mais 14 meses, em decreto assinado pelo governador Eduardo Riedel. Elas destacaram que o sentimento foi de al\u00edvio e gratid\u00e3o ao Governo do Estado, que durante todo este per\u00edodo vai arcar com suas contas de energia.<\/h4>\n\n\n\n<h4 class=\"wp-block-heading\">\u201cEste programa ajuda bastante, porque o que iria gastar para pagar conta de luz, uso para comprar alimentos. Gra\u00e7as a Deus fa\u00e7o parte deste programa e s\u00f3 tenho que agradecer que este benef\u00edcio vai continuar, j\u00e1 estava planejando que teria que pagar nos pr\u00f3ximos meses\u201d, afirmou Gilmara Vitorino de Souza, de 28 anos. Ela mora com marido e dois filhos no Loteamento Aguadinha, em Campo Grande.<\/h4>\n\n\n\n<h4 class=\"wp-block-heading\">Mesma sensa\u00e7\u00e3o de Mirian Rosa Matos, de 40 anos, que ficou muito feliz com a decis\u00e3o do governador. \u201cCom certeza \u00e9 muito importante esta prorroga\u00e7\u00e3o. Antes eu gastava de 60 a 70 reais e agora n\u00e3o preciso mais pagar conta de luz. Uso este dinheiro para pagar outra conta ou para fazer compras aqui para casa. Moro sozinha por isso fazer parte do programa \u00e9 muito importante, faz diferen\u00e7a\u201d.<\/h4>\n\n\n\n<h4 class=\"wp-block-heading\">Bruna da Silva do Amaral, moradora do bairro Z\u00e9 Pereira, em Campo Grande, tamb\u00e9m comemorou a continuidade do programa. \u201cEste pagamento feito pelo Governo ajuda demais. Quando fiquei sabendo que prorrogou por mais 14 meses foi um grande al\u00edvio, pois achei que teria que voltar a pagar esta conta. Estou sendo beneficiado desde o in\u00edcio do programa. Uma not\u00edcia maravilhosa, muita satisfa\u00e7\u00e3o\u201d.<\/h4>\n\n\n\n<h4 class=\"wp-block-heading\">O governador Eduardo Riedel destacou que o Energia Social \u00e9 um grande projeto na \u00e1rea social, por isso realizou a prorroga\u00e7\u00e3o. \u201cDurante a campanha eu falei que n\u00e3o gostava de fazer promessa, mas sim de fazer projetos. E este \u00e9 um projeto que faz a diferen\u00e7a na vida das pessoas. Um benef\u00edcio para mais de 150 mil fam\u00edlias. Com apenas 11 dias j\u00e1 temos uma grande a\u00e7\u00e3o de impacto social\u201d.<\/h4>\n\n\n\n<h4 class=\"wp-block-heading\">O programa tem o custo mensal de R$ 12 milh\u00f5es por m\u00eas aos cofres estaduais. Para serem atendidas e as 152 mil fam\u00edlias precisam consumir at\u00e9 220 kw\/h, e se enquadraram nas regras definidas, assim como fazer parte do Cadastro \u00danico do Governo Federal (Cad\u00danico).<\/h4>\n\n\n\n<h4 class=\"wp-block-heading\">Quando as fam\u00edlias entram no programa a sua conta de energia chega na sua casa \u201czerada\u201d, caso o cidad\u00e3o cadastrado extrapole o consumo previsto,&nbsp;perde o direito naquele m\u00eas, podendo ser contemplado no pr\u00f3ximo se voltar a preencher os requisitos. &nbsp;<\/h4>\n\n\n\n<h4 class=\"wp-block-heading\"><em>Leonardo Rocha, Comunica\u00e7\u00e3o do Governo de Mato Grosso do Sul<\/em><br><em>Foto Capa: Jo\u00e3o Pedro Flores (imagem de Gilmara Vitorino)<\/em><\/h4>\n\n\n\n<p><\/p>\n\n\n\n<figure class=\"wp-block-image\"><img decoding=\"async\" src=\"https:\/\/i.imgur.com\/R31xFca.jpg\" alt=\"\"\/><\/figure>\n\n\n\n<figure class=\"wp-block-image\"><img decoding=\"async\" src=\"https:\/\/i.imgur.com\/i7OXWMV.png\" alt=\"\"\/><\/figure>\n\n\n\n<figure class=\"wp-block-image\"><img decoding=\"async\" src=\"https:\/\/i.imgur.com\/MRhIHyG.png\" alt=\"\"\/><\/figure>\n\n\n\n<h4 class=\"wp-block-heading\">Acesse nossa p\u00e1gina no Facebook e fique por dentro dos destaques de Maracaju e regi\u00e3o.<br><a href=\"https:\/\/www.facebook.com\/MsConectado\/?__tn__=K-R&amp;eid=ARAhfp4e5aWbNVoyptzGrm4obmySmRA_YR3QE4VTRX5QMShFsdcdIz5Iq0b_MWIy7I4QmNXz6k8IoNle&amp;fref=mentions&amp;__xts__%5B0%5D=68.ARAioa_i2DB8DORiDt4nCzBX7dvRVCRXhE8omKRc8oaCnvkbB62J-ntBfEZirzPivEkJx1lDCVwLAcPtZ0yMQNLkCNTlcJQPj0xK6BaGWaOsY1faLudkMNiJdevECtsRmxRf4pPywtr6Ph-QfFtADqGObU6JSKIHeG-MeeDX4kDKXlTFIUBRK4hO5nTzRrhcr3MX5cg5M1qoQKrs0FAyJEjbCy_O8F2Huq0AcJWiZlkD8u8XSf0QlsVlsI8LptFuIqgBS8GhVTw0O9tDGx11ebCRNoaUxQIYsP4qWoTURB3au7pBOcC3DfEQdk--ypqG-M2wCG5kVpCnL3qr9XO0E0f23b1xxxMz0V4PiQ\">https:\/\/www.facebook.com\/MsConectado\/<\/a><br><\/h4>\n","protected":false},"excerpt":{"rendered":"<p>Fam\u00edlias contempladas no programa \u201cEnergia Social: Conta de Luz Zero\u201d comemoram a sua prorroga\u00e7\u00e3o por mais 14 meses, em decreto assinado pelo governador Eduardo Riedel. Elas destacaram que o sentimento foi de al\u00edvio e gratid\u00e3o ao Governo do Estado, que durante todo este per\u00edodo vai arcar com suas contas de energia. \u201cEste programa ajuda bastante, [&hellip;]<\/p>\n","protected":false},"author":2,"featured_media":17201,"comment_status":"open","ping_status":"closed","sticky":false,"template":"","format":"standard","meta":{"footnotes":""},"categories":[35],"tags":[],"class_list":["post-17192","post","type-post","status-publish","format-standard","has-post-thumbnail","hentry","category-cidades"],"yoast_head":"<!-- This site is optimized with the Yoast SEO plugin v27.5 - https:\/\/yoast.com\/product\/yoast-seo-wordpress\/ -->\n<title>Fam\u00edlias comemoram a prorroga\u00e7\u00e3o do Energia Social: &quot;Al\u00edvio e sentimento de gratid\u00e3o&quot; - MsConectado<\/title>\n<meta name=\"robots\" content=\"index, follow, max-snippet:-1, max-image-preview:large, max-video-preview:-1\" \/>\n<link rel=\"canonical\" href=\"https:\/\/msconectado.com.br\/?p=17192\" \/>\n<meta property=\"og:locale\" content=\"pt_BR\" \/>\n<meta property=\"og:type\" content=\"article\" \/>\n<meta property=\"og:title\" content=\"Fam\u00edlias comemoram a prorroga\u00e7\u00e3o do Energia Social: &quot;Al\u00edvio e sentimento de gratid\u00e3o&quot; - MsConectado\" \/>\n<meta property=\"og:description\" content=\"Fam\u00edlias contempladas no programa \u201cEnergia Social: Conta de Luz Zero\u201d comemoram a sua prorroga\u00e7\u00e3o por mais 14 meses, em decreto assinado pelo governador Eduardo Riedel. Elas destacaram que o sentimento foi de al\u00edvio e gratid\u00e3o ao Governo do Estado, que durante todo este per\u00edodo vai arcar com suas contas de energia. \u201cEste programa ajuda bastante, [&hellip;]\" \/>\n<meta property=\"og:url\" content=\"https:\/\/msconectado.com.br\/?p=17192\" \/>\n<meta property=\"og:site_name\" content=\"MsConectado\" \/>\n<meta property=\"article:published_time\" content=\"2023-01-12T18:10:14+00:00\" \/>\n<meta property=\"article:modified_time\" content=\"2023-01-13T11:52:46+00:00\" \/>\n<meta property=\"og:image\" content=\"https:\/\/msconectado.com.br\/wp-content\/uploads\/2023\/01\/2.jpg\" \/>\n\t<meta property=\"og:image:width\" content=\"730\" \/>\n\t<meta property=\"og:image:height\" content=\"480\" \/>\n\t<meta property=\"og:image:type\" content=\"image\/jpeg\" \/>\n<meta name=\"author\" content=\"MsConectado\" \/>\n<meta name=\"twitter:card\" content=\"summary_large_image\" \/>\n<meta name=\"twitter:label1\" content=\"Escrito por\" \/>\n\t<meta name=\"twitter:data1\" content=\"MsConectado\" \/>\n\t<meta name=\"twitter:label2\" content=\"Est. tempo de leitura\" \/>\n\t<meta name=\"twitter:data2\" content=\"2 minutos\" \/>\n<script type=\"application\/ld+json\" class=\"yoast-schema-graph\">{\"@context\":\"https:\\\/\\\/schema.org\",\"@graph\":[{\"@type\":\"Article\",\"@id\":\"https:\\\/\\\/msconectado.com.br\\\/?p=17192#article\",\"isPartOf\":{\"@id\":\"https:\\\/\\\/msconectado.com.br\\\/?p=17192\"},\"author\":{\"name\":\"MsConectado\",\"@id\":\"https:\\\/\\\/msconectado.com.br\\\/#\\\/schema\\\/person\\\/e5585545b5687092f1041d350b6e2c16\"},\"headline\":\"Fam\u00edlias comemoram a prorroga\u00e7\u00e3o do Energia Social: &#8220;Al\u00edvio e sentimento de gratid\u00e3o&#8221;\",\"datePublished\":\"2023-01-12T18:10:14+00:00\",\"dateModified\":\"2023-01-13T11:52:46+00:00\",\"mainEntityOfPage\":{\"@id\":\"https:\\\/\\\/msconectado.com.br\\\/?p=17192\"},\"wordCount\":483,\"commentCount\":0,\"publisher\":{\"@id\":\"https:\\\/\\\/msconectado.com.br\\\/#organization\"},\"image\":{\"@id\":\"https:\\\/\\\/msconectado.com.br\\\/?p=17192#primaryimage\"},\"thumbnailUrl\":\"https:\\\/\\\/msconectado.com.br\\\/wp-content\\\/uploads\\\/2023\\\/01\\\/2.jpg\",\"articleSection\":[\"Cidades\"],\"inLanguage\":\"pt-BR\",\"potentialAction\":[{\"@type\":\"CommentAction\",\"name\":\"Comment\",\"target\":[\"https:\\\/\\\/msconectado.com.br\\\/?p=17192#respond\"]}]},{\"@type\":\"WebPage\",\"@id\":\"https:\\\/\\\/msconectado.com.br\\\/?p=17192\",\"url\":\"https:\\\/\\\/msconectado.com.br\\\/?p=17192\",\"name\":\"Fam\u00edlias comemoram a prorroga\u00e7\u00e3o do Energia Social: \\\"Al\u00edvio e sentimento de gratid\u00e3o\\\" - MsConectado\",\"isPartOf\":{\"@id\":\"https:\\\/\\\/msconectado.com.br\\\/#website\"},\"primaryImageOfPage\":{\"@id\":\"https:\\\/\\\/msconectado.com.br\\\/?p=17192#primaryimage\"},\"image\":{\"@id\":\"https:\\\/\\\/msconectado.com.br\\\/?p=17192#primaryimage\"},\"thumbnailUrl\":\"https:\\\/\\\/msconectado.com.br\\\/wp-content\\\/uploads\\\/2023\\\/01\\\/2.jpg\",\"datePublished\":\"2023-01-12T18:10:14+00:00\",\"dateModified\":\"2023-01-13T11:52:46+00:00\",\"breadcrumb\":{\"@id\":\"https:\\\/\\\/msconectado.com.br\\\/?p=17192#breadcrumb\"},\"inLanguage\":\"pt-BR\",\"potentialAction\":[{\"@type\":\"ReadAction\",\"target\":[\"https:\\\/\\\/msconectado.com.br\\\/?p=17192\"]}]},{\"@type\":\"ImageObject\",\"inLanguage\":\"pt-BR\",\"@id\":\"https:\\\/\\\/msconectado.com.br\\\/?p=17192#primaryimage\",\"url\":\"https:\\\/\\\/msconectado.com.br\\\/wp-content\\\/uploads\\\/2023\\\/01\\\/2.jpg\",\"contentUrl\":\"https:\\\/\\\/msconectado.com.br\\\/wp-content\\\/uploads\\\/2023\\\/01\\\/2.jpg\",\"width\":730,\"height\":480},{\"@type\":\"BreadcrumbList\",\"@id\":\"https:\\\/\\\/msconectado.com.br\\\/?p=17192#breadcrumb\",\"itemListElement\":[{\"@type\":\"ListItem\",\"position\":1,\"name\":\"In\u00edcio\",\"item\":\"https:\\\/\\\/msconectado.com.br\\\/\"},{\"@type\":\"ListItem\",\"position\":2,\"name\":\"Fam\u00edlias comemoram a prorroga\u00e7\u00e3o do Energia Social: &#8220;Al\u00edvio e sentimento de gratid\u00e3o&#8221;\"}]},{\"@type\":\"WebSite\",\"@id\":\"https:\\\/\\\/msconectado.com.br\\\/#website\",\"url\":\"https:\\\/\\\/msconectado.com.br\\\/\",\"name\":\"MsConectado\",\"description\":\"Voc\u00ea Conectado com a Not\u00edcia!\",\"publisher\":{\"@id\":\"https:\\\/\\\/msconectado.com.br\\\/#organization\"},\"potentialAction\":[{\"@type\":\"SearchAction\",\"target\":{\"@type\":\"EntryPoint\",\"urlTemplate\":\"https:\\\/\\\/msconectado.com.br\\\/?s={search_term_string}\"},\"query-input\":{\"@type\":\"PropertyValueSpecification\",\"valueRequired\":true,\"valueName\":\"search_term_string\"}}],\"inLanguage\":\"pt-BR\"},{\"@type\":\"Organization\",\"@id\":\"https:\\\/\\\/msconectado.com.br\\\/#organization\",\"name\":\"MsConectado\",\"url\":\"https:\\\/\\\/msconectado.com.br\\\/\",\"logo\":{\"@type\":\"ImageObject\",\"inLanguage\":\"pt-BR\",\"@id\":\"https:\\\/\\\/msconectado.com.br\\\/#\\\/schema\\\/logo\\\/image\\\/\",\"url\":\"https:\\\/\\\/msconectado.com.br\\\/wp-content\\\/uploads\\\/2023\\\/01\\\/cropped-noticia-2.png\",\"contentUrl\":\"https:\\\/\\\/msconectado.com.br\\\/wp-content\\\/uploads\\\/2023\\\/01\\\/cropped-noticia-2.png\",\"width\":720,\"height\":157,\"caption\":\"MsConectado\"},\"image\":{\"@id\":\"https:\\\/\\\/msconectado.com.br\\\/#\\\/schema\\\/logo\\\/image\\\/\"}},{\"@type\":\"Person\",\"@id\":\"https:\\\/\\\/msconectado.com.br\\\/#\\\/schema\\\/person\\\/e5585545b5687092f1041d350b6e2c16\",\"name\":\"MsConectado\",\"image\":{\"@type\":\"ImageObject\",\"inLanguage\":\"pt-BR\",\"@id\":\"https:\\\/\\\/secure.gravatar.com\\\/avatar\\\/3b4f84a0a8a4380ac4431fa79981d073692380c5da00ae97596e794ab0db5c8c?s=96&d=mm&r=g\",\"url\":\"https:\\\/\\\/secure.gravatar.com\\\/avatar\\\/3b4f84a0a8a4380ac4431fa79981d073692380c5da00ae97596e794ab0db5c8c?s=96&d=mm&r=g\",\"contentUrl\":\"https:\\\/\\\/secure.gravatar.com\\\/avatar\\\/3b4f84a0a8a4380ac4431fa79981d073692380c5da00ae97596e794ab0db5c8c?s=96&d=mm&r=g\",\"caption\":\"MsConectado\"},\"url\":\"https:\\\/\\\/msconectado.com.br\\\/?author=2\"}]}<\/script>\n<!-- \/ Yoast SEO plugin. -->","yoast_head_json":{"title":"Fam\u00edlias comemoram a prorroga\u00e7\u00e3o do Energia Social: \"Al\u00edvio e sentimento de gratid\u00e3o\" - MsConectado","robots":{"index":"index","follow":"follow","max-snippet":"max-snippet:-1","max-image-preview":"max-image-preview:large","max-video-preview":"max-video-preview:-1"},"canonical":"https:\/\/msconectado.com.br\/?p=17192","og_locale":"pt_BR","og_type":"article","og_title":"Fam\u00edlias comemoram a prorroga\u00e7\u00e3o do Energia Social: \"Al\u00edvio e sentimento de gratid\u00e3o\" - MsConectado","og_description":"Fam\u00edlias contempladas no programa \u201cEnergia Social: Conta de Luz Zero\u201d comemoram a sua prorroga\u00e7\u00e3o por mais 14 meses, em decreto assinado pelo governador Eduardo Riedel. Elas destacaram que o sentimento foi de al\u00edvio e gratid\u00e3o ao Governo do Estado, que durante todo este per\u00edodo vai arcar com suas contas de energia. \u201cEste programa ajuda bastante, [&hellip;]","og_url":"https:\/\/msconectado.com.br\/?p=17192","og_site_name":"MsConectado","article_published_time":"2023-01-12T18:10:14+00:00","article_modified_time":"2023-01-13T11:52:46+00:00","og_image":[{"width":730,"height":480,"url":"https:\/\/msconectado.com.br\/wp-content\/uploads\/2023\/01\/2.jpg","type":"image\/jpeg"}],"author":"MsConectado","twitter_card":"summary_large_image","twitter_misc":{"Escrito por":"MsConectado","Est. tempo de leitura":"2 minutos"},"schema":{"@context":"https:\/\/schema.org","@graph":[{"@type":"Article","@id":"https:\/\/msconectado.com.br\/?p=17192#article","isPartOf":{"@id":"https:\/\/msconectado.com.br\/?p=17192"},"author":{"name":"MsConectado","@id":"https:\/\/msconectado.com.br\/#\/schema\/person\/e5585545b5687092f1041d350b6e2c16"},"headline":"Fam\u00edlias comemoram a prorroga\u00e7\u00e3o do Energia Social: &#8220;Al\u00edvio e sentimento de gratid\u00e3o&#8221;","datePublished":"2023-01-12T18:10:14+00:00","dateModified":"2023-01-13T11:52:46+00:00","mainEntityOfPage":{"@id":"https:\/\/msconectado.com.br\/?p=17192"},"wordCount":483,"commentCount":0,"publisher":{"@id":"https:\/\/msconectado.com.br\/#organization"},"image":{"@id":"https:\/\/msconectado.com.br\/?p=17192#primaryimage"},"thumbnailUrl":"https:\/\/msconectado.com.br\/wp-content\/uploads\/2023\/01\/2.jpg","articleSection":["Cidades"],"inLanguage":"pt-BR","potentialAction":[{"@type":"CommentAction","name":"Comment","target":["https:\/\/msconectado.com.br\/?p=17192#respond"]}]},{"@type":"WebPage","@id":"https:\/\/msconectado.com.br\/?p=17192","url":"https:\/\/msconectado.com.br\/?p=17192","name":"Fam\u00edlias comemoram a prorroga\u00e7\u00e3o do Energia Social: \"Al\u00edvio e sentimento de gratid\u00e3o\" - MsConectado","isPartOf":{"@id":"https:\/\/msconectado.com.br\/#website"},"primaryImageOfPage":{"@id":"https:\/\/msconectado.com.br\/?p=17192#primaryimage"},"image":{"@id":"https:\/\/msconectado.com.br\/?p=17192#primaryimage"},"thumbnailUrl":"https:\/\/msconectado.com.br\/wp-content\/uploads\/2023\/01\/2.jpg","datePublished":"2023-01-12T18:10:14+00:00","dateModified":"2023-01-13T11:52:46+00:00","breadcrumb":{"@id":"https:\/\/msconectado.com.br\/?p=17192#breadcrumb"},"inLanguage":"pt-BR","potentialAction":[{"@type":"ReadAction","target":["https:\/\/msconectado.com.br\/?p=17192"]}]},{"@type":"ImageObject","inLanguage":"pt-BR","@id":"https:\/\/msconectado.com.br\/?p=17192#primaryimage","url":"https:\/\/msconectado.com.br\/wp-content\/uploads\/2023\/01\/2.jpg","contentUrl":"https:\/\/msconectado.com.br\/wp-content\/uploads\/2023\/01\/2.jpg","width":730,"height":480},{"@type":"BreadcrumbList","@id":"https:\/\/msconectado.com.br\/?p=17192#breadcrumb","itemListElement":[{"@type":"ListItem","position":1,"name":"In\u00edcio","item":"https:\/\/msconectado.com.br\/"},{"@type":"ListItem","position":2,"name":"Fam\u00edlias comemoram a prorroga\u00e7\u00e3o do Energia Social: &#8220;Al\u00edvio e sentimento de gratid\u00e3o&#8221;"}]},{"@type":"WebSite","@id":"https:\/\/msconectado.com.br\/#website","url":"https:\/\/msconectado.com.br\/","name":"MsConectado","description":"Voc\u00ea Conectado com a Not\u00edcia!","publisher":{"@id":"https:\/\/msconectado.com.br\/#organization"},"potentialAction":[{"@type":"SearchAction","target":{"@type":"EntryPoint","urlTemplate":"https:\/\/msconectado.com.br\/?s={search_term_string}"},"query-input":{"@type":"PropertyValueSpecification","valueRequired":true,"valueName":"search_term_string"}}],"inLanguage":"pt-BR"},{"@type":"Organization","@id":"https:\/\/msconectado.com.br\/#organization","name":"MsConectado","url":"https:\/\/msconectado.com.br\/","logo":{"@type":"ImageObject","inLanguage":"pt-BR","@id":"https:\/\/msconectado.com.br\/#\/schema\/logo\/image\/","url":"https:\/\/msconectado.com.br\/wp-content\/uploads\/2023\/01\/cropped-noticia-2.png","contentUrl":"https:\/\/msconectado.com.br\/wp-content\/uploads\/2023\/01\/cropped-noticia-2.png","width":720,"height":157,"caption":"MsConectado"},"image":{"@id":"https:\/\/msconectado.com.br\/#\/schema\/logo\/image\/"}},{"@type":"Person","@id":"https:\/\/msconectado.com.br\/#\/schema\/person\/e5585545b5687092f1041d350b6e2c16","name":"MsConectado","image":{"@type":"ImageObject","inLanguage":"pt-BR","@id":"https:\/\/secure.gravatar.com\/avatar\/3b4f84a0a8a4380ac4431fa79981d073692380c5da00ae97596e794ab0db5c8c?s=96&d=mm&r=g","url":"https:\/\/secure.gravatar.com\/avatar\/3b4f84a0a8a4380ac4431fa79981d073692380c5da00ae97596e794ab0db5c8c?s=96&d=mm&r=g","contentUrl":"https:\/\/secure.gravatar.com\/avatar\/3b4f84a0a8a4380ac4431fa79981d073692380c5da00ae97596e794ab0db5c8c?s=96&d=mm&r=g","caption":"MsConectado"},"url":"https:\/\/msconectado.com.br\/?author=2"}]}},"_links":{"self":[{"href":"https:\/\/msconectado.com.br\/index.php?rest_route=\/wp\/v2\/posts\/17192","targetHints":{"allow":["GET"]}}],"collection":[{"href":"https:\/\/msconectado.com.br\/index.php?rest_route=\/wp\/v2\/posts"}],"about":[{"href":"https:\/\/msconectado.com.br\/index.php?rest_route=\/wp\/v2\/types\/post"}],"author":[{"embeddable":true,"href":"https:\/\/msconectado.com.br\/index.php?rest_route=\/wp\/v2\/users\/2"}],"replies":[{"embeddable":true,"href":"https:\/\/msconectado.com.br\/index.php?rest_route=%2Fwp%2Fv2%2Fcomments&post=17192"}],"version-history":[{"count":2,"href":"https:\/\/msconectado.com.br\/index.php?rest_route=\/wp\/v2\/posts\/17192\/revisions"}],"predecessor-version":[{"id":17317,"href":"https:\/\/msconectado.com.br\/index.php?rest_route=\/wp\/v2\/posts\/17192\/revisions\/17317"}],"wp:featuredmedia":[{"embeddable":true,"href":"https:\/\/msconectado.com.br\/index.php?rest_route=\/wp\/v2\/media\/17201"}],"wp:attachment":[{"href":"https:\/\/msconectado.com.br\/index.php?rest_route=%2Fwp%2Fv2%2Fmedia&parent=17192"}],"wp:term":[{"taxonomy":"category","embeddable":true,"href":"https:\/\/msconectado.com.br\/index.php?rest_route=%2Fwp%2Fv2%2Fcategories&post=17192"},{"taxonomy":"post_tag","embeddable":true,"href":"https:\/\/msconectado.com.br\/index.php?rest_route=%2Fwp%2Fv2%2Ftags&post=17192"}],"curies":[{"name":"wp","href":"https:\/\/api.w.org\/{rel}","templated":true}]}}