
{"id":17401,"date":"2023-01-13T19:50:17","date_gmt":"2023-01-13T19:50:17","guid":{"rendered":"https:\/\/teste.msconectado.com.br\/?p=17401"},"modified":"2023-01-13T19:50:18","modified_gmt":"2023-01-13T19:50:18","slug":"em-primeira-reuniao-com-secretariado-eduardo-riedel-define-prazo-para-entrega-de-contratos-de-gestao","status":"publish","type":"post","link":"https:\/\/msconectado.com.br\/?p=17401","title":{"rendered":"Em primeira reuni\u00e3o com secretariado, Eduardo Riedel define prazo para entrega de contratos de gest\u00e3o."},"content":{"rendered":"\n<p>De olho no plano de governo e nas entregas para a popula\u00e7\u00e3o sul-mato-grossense, o governador Eduardo Riedel fez uma reuni\u00e3o com os secret\u00e1rios de Estado e secret\u00e1rios-adjuntos, nesta sexta-feira (13), para definir as diretrizes e estabelecer um prazo para a entrega dos contratos de gest\u00e3o &#8211; instrumento que vai nortear as a\u00e7\u00f5es. O prazo limite estabelecido \u00e9 o Carnaval, que neste ano ser\u00e1 em 21 de fevereiro. O encontro foi realizado na Sala de Reuni\u00f5es, na governadoria.<\/p>\n\n\n\n<p>\u201c\u00c9 fundamental que todos os secret\u00e1rios tenham muito bem definidas as suas a\u00e7\u00f5es de 2023, alinhadas com nosso plano de governo. A gente definiu uma linha de trabalho para entregar para a sociedade sul-mato-grossense um modelo de Estado e cada \u00e1rea de atua\u00e7\u00e3o vai ter essa responsabilidade de definir as a\u00e7\u00f5es e seguir porque se n\u00e3o as pessoas acabam sendo consumidas pela burocracia, pelo dia a dia, pelo problemas e deixam de avan\u00e7ar naquilo que \u00e9 fundamental para as pessoas no Estado. Ent\u00e3o, \u00e9 um trabalho dobrado. Al\u00e9m de atender a rotina, ter que realmente construir transforma\u00e7\u00f5es que s\u00e3o importantes para Mato Grosso do Sul\u201d, explicou o governador.Eduardo Riedel contou ainda que pretende visitar cada uma das secretarias para conversar com os servidores e explicar as metas estabelecidas. \u201cFoi definido um prazo. Eu pedi que at\u00e9 o Carnaval a gente tenha praticamente todas as secretarias com os contratos assinados e quero ir a cada uma das secretarias para conversar com os servidores, ratificar as metas e propostas est\u00e3o colocadas ali e assinar os contratos de gest\u00e3o at\u00e9 o Carnaval\u201d, disse.<\/p>\n\n\n\n<p>O vice-governador Barbosinha destacou a import\u00e2ncia da defini\u00e7\u00e3o das diretrizes para o cumprimento dos compromissos de campanha e dos primeiros dias de gest\u00e3o para dar andamento ao trabalho do governo. \u201cO plano de governo come\u00e7a a ser colocado em pr\u00e1tica. Foi uma reuni\u00e3o muito importante para o governo colocar as suas diretrizes. Agora \u00e9 trabalho. Os primeiros 100 dias s\u00e3o muito importantes. At\u00e9 o Carnaval, vamos fechar os respectivos contratos de gest\u00e3o porque \u00e9 nos contratos de gest\u00e3o que voc\u00ea estabelece as meta de cada secretaria e tamb\u00e9m o trabalho, andamento do governo\u201d, ressaltou.<\/p>\n\n\n\n<p>J\u00e1 o secret\u00e1rio de Estado de Governo e Gest\u00e3o Estrat\u00e9gica, Pedro Arlei Caravina, ressaltou que a reuni\u00e3o tratou de v\u00e1rias quest\u00f5es importantes visando as entregas para a popula\u00e7\u00e3o. \u201cFoi primeiro feita uma apresenta\u00e7\u00e3o de todos os secret\u00e1rios, o hist\u00f3rico conhecido j\u00e1, mas foi o momento de cada um se apresentar. O governador refor\u00e7ou as premissas do governo, o que ele espera de cada secretaria, o trabalho em conjunto, falou um pouco sobre&nbsp;<em>compliance<\/em>, sobre a quest\u00e3o de transpar\u00eancia, os pontos focais de governo, aquilo que espera de cada um, e j\u00e1 marcou um prazo curto para a apresenta\u00e7\u00e3o dos contratos de gest\u00e3o, para que cada secretaria comece a trabalhar o seu planejamento do ano para que a gente possa assinar esse contrato de gest\u00e3o o mais r\u00e1pido poss\u00edvel\u201d, resumiu.<\/p>\n\n\n\n<p>Instrumento previsto na Constitui\u00e7\u00e3o Federal de 1988, o contrato de gest\u00e3o somente foi implementado em Mato Grosso do Sul no ano de 2015. O objetivo dessa pe\u00e7a de planejamento \u00e9 fixar metas de desempenho para \u00f3rg\u00e3os e entidades. O contrato de gest\u00e3o estabelece indicadores e metas que precisam ser atingidas, assim como projetos e processos que devem ser executados pelos \u00f3rg\u00e3os e entidades ao longo dos meses de cada ano.<\/p>\n\n\n\n<p><em>Paulo Fernandes, Comunica\u00e7\u00e3o do Governo de MS<\/em><\/p>\n\n\n\n<p><em>Foto: Saul Schramm<\/em><\/p>\n\n\n\n<p><\/p>\n\n\n<div class=\"wp-block-image\">\n<figure class=\"aligncenter size-full\"><img fetchpriority=\"high\" decoding=\"async\" width=\"900\" height=\"100\" src=\"https:\/\/teste.msconectado.com.br\/wp-content\/uploads\/2023\/01\/ms-900-100.png-2.png\" alt=\"\" class=\"wp-image-17264\" srcset=\"https:\/\/msconectado.com.br\/wp-content\/uploads\/2023\/01\/ms-900-100.png-2.png 900w, https:\/\/msconectado.com.br\/wp-content\/uploads\/2023\/01\/ms-900-100.png-2-300x33.png 300w, https:\/\/msconectado.com.br\/wp-content\/uploads\/2023\/01\/ms-900-100.png-2-768x85.png 768w\" sizes=\"(max-width: 900px) 100vw, 900px\" \/><\/figure>\n<\/div>","protected":false},"excerpt":{"rendered":"<p>De olho no plano de governo e nas entregas para a popula\u00e7\u00e3o sul-mato-grossense, o governador Eduardo Riedel fez uma reuni\u00e3o com os secret\u00e1rios de Estado e secret\u00e1rios-adjuntos, nesta sexta-feira (13), para definir as diretrizes e estabelecer um prazo para a entrega dos contratos de gest\u00e3o &#8211; instrumento que vai nortear as a\u00e7\u00f5es. O prazo limite [&hellip;]<\/p>\n","protected":false},"author":3,"featured_media":17402,"comment_status":"open","ping_status":"closed","sticky":false,"template":"","format":"standard","meta":{"footnotes":""},"categories":[33],"tags":[],"class_list":["post-17401","post","type-post","status-publish","format-standard","has-post-thumbnail","hentry","category-politica"],"yoast_head":"<!-- This site is optimized with the Yoast SEO plugin v27.5 - https:\/\/yoast.com\/product\/yoast-seo-wordpress\/ -->\n<title>Em primeira reuni\u00e3o com secretariado, Eduardo Riedel define prazo para entrega de contratos de gest\u00e3o. - MsConectado<\/title>\n<meta name=\"robots\" content=\"index, follow, max-snippet:-1, max-image-preview:large, max-video-preview:-1\" \/>\n<link rel=\"canonical\" href=\"https:\/\/msconectado.com.br\/?p=17401\" \/>\n<meta property=\"og:locale\" content=\"pt_BR\" \/>\n<meta property=\"og:type\" content=\"article\" \/>\n<meta property=\"og:title\" content=\"Em primeira reuni\u00e3o com secretariado, Eduardo Riedel define prazo para entrega de contratos de gest\u00e3o. - MsConectado\" \/>\n<meta property=\"og:description\" content=\"De olho no plano de governo e nas entregas para a popula\u00e7\u00e3o sul-mato-grossense, o governador Eduardo Riedel fez uma reuni\u00e3o com os secret\u00e1rios de Estado e secret\u00e1rios-adjuntos, nesta sexta-feira (13), para definir as diretrizes e estabelecer um prazo para a entrega dos contratos de gest\u00e3o &#8211; instrumento que vai nortear as a\u00e7\u00f5es. O prazo limite [&hellip;]\" \/>\n<meta property=\"og:url\" content=\"https:\/\/msconectado.com.br\/?p=17401\" \/>\n<meta property=\"og:site_name\" content=\"MsConectado\" \/>\n<meta property=\"article:published_time\" content=\"2023-01-13T19:50:17+00:00\" \/>\n<meta property=\"article:modified_time\" content=\"2023-01-13T19:50:18+00:00\" \/>\n<meta property=\"og:image\" content=\"https:\/\/msconectado.com.br\/wp-content\/uploads\/2023\/01\/Reuniao-Secretarios-Foto-Saul-Schramm-22-730x480-1.jpg\" \/>\n\t<meta property=\"og:image:width\" content=\"730\" \/>\n\t<meta property=\"og:image:height\" content=\"480\" \/>\n\t<meta property=\"og:image:type\" content=\"image\/jpeg\" \/>\n<meta name=\"author\" content=\"Jeferson\" \/>\n<meta name=\"twitter:card\" content=\"summary_large_image\" \/>\n<meta name=\"twitter:label1\" content=\"Escrito por\" \/>\n\t<meta name=\"twitter:data1\" content=\"Jeferson\" \/>\n\t<meta name=\"twitter:label2\" content=\"Est. tempo de leitura\" \/>\n\t<meta name=\"twitter:data2\" content=\"3 minutos\" \/>\n<script type=\"application\/ld+json\" class=\"yoast-schema-graph\">{\"@context\":\"https:\\\/\\\/schema.org\",\"@graph\":[{\"@type\":\"Article\",\"@id\":\"https:\\\/\\\/msconectado.com.br\\\/?p=17401#article\",\"isPartOf\":{\"@id\":\"https:\\\/\\\/msconectado.com.br\\\/?p=17401\"},\"author\":{\"name\":\"Jeferson\",\"@id\":\"https:\\\/\\\/msconectado.com.br\\\/#\\\/schema\\\/person\\\/feb123a95a93eebea36f0ed6a2e5ba48\"},\"headline\":\"Em primeira reuni\u00e3o com secretariado, Eduardo Riedel define prazo para entrega de contratos de gest\u00e3o.\",\"datePublished\":\"2023-01-13T19:50:17+00:00\",\"dateModified\":\"2023-01-13T19:50:18+00:00\",\"mainEntityOfPage\":{\"@id\":\"https:\\\/\\\/msconectado.com.br\\\/?p=17401\"},\"wordCount\":620,\"commentCount\":0,\"publisher\":{\"@id\":\"https:\\\/\\\/msconectado.com.br\\\/#organization\"},\"image\":{\"@id\":\"https:\\\/\\\/msconectado.com.br\\\/?p=17401#primaryimage\"},\"thumbnailUrl\":\"https:\\\/\\\/msconectado.com.br\\\/wp-content\\\/uploads\\\/2023\\\/01\\\/Reuniao-Secretarios-Foto-Saul-Schramm-22-730x480-1.jpg\",\"articleSection\":[\"Pol\u00edtica\"],\"inLanguage\":\"pt-BR\",\"potentialAction\":[{\"@type\":\"CommentAction\",\"name\":\"Comment\",\"target\":[\"https:\\\/\\\/msconectado.com.br\\\/?p=17401#respond\"]}]},{\"@type\":\"WebPage\",\"@id\":\"https:\\\/\\\/msconectado.com.br\\\/?p=17401\",\"url\":\"https:\\\/\\\/msconectado.com.br\\\/?p=17401\",\"name\":\"Em primeira reuni\u00e3o com secretariado, Eduardo Riedel define prazo para entrega de contratos de gest\u00e3o. - MsConectado\",\"isPartOf\":{\"@id\":\"https:\\\/\\\/msconectado.com.br\\\/#website\"},\"primaryImageOfPage\":{\"@id\":\"https:\\\/\\\/msconectado.com.br\\\/?p=17401#primaryimage\"},\"image\":{\"@id\":\"https:\\\/\\\/msconectado.com.br\\\/?p=17401#primaryimage\"},\"thumbnailUrl\":\"https:\\\/\\\/msconectado.com.br\\\/wp-content\\\/uploads\\\/2023\\\/01\\\/Reuniao-Secretarios-Foto-Saul-Schramm-22-730x480-1.jpg\",\"datePublished\":\"2023-01-13T19:50:17+00:00\",\"dateModified\":\"2023-01-13T19:50:18+00:00\",\"breadcrumb\":{\"@id\":\"https:\\\/\\\/msconectado.com.br\\\/?p=17401#breadcrumb\"},\"inLanguage\":\"pt-BR\",\"potentialAction\":[{\"@type\":\"ReadAction\",\"target\":[\"https:\\\/\\\/msconectado.com.br\\\/?p=17401\"]}]},{\"@type\":\"ImageObject\",\"inLanguage\":\"pt-BR\",\"@id\":\"https:\\\/\\\/msconectado.com.br\\\/?p=17401#primaryimage\",\"url\":\"https:\\\/\\\/msconectado.com.br\\\/wp-content\\\/uploads\\\/2023\\\/01\\\/Reuniao-Secretarios-Foto-Saul-Schramm-22-730x480-1.jpg\",\"contentUrl\":\"https:\\\/\\\/msconectado.com.br\\\/wp-content\\\/uploads\\\/2023\\\/01\\\/Reuniao-Secretarios-Foto-Saul-Schramm-22-730x480-1.jpg\",\"width\":730,\"height\":480},{\"@type\":\"BreadcrumbList\",\"@id\":\"https:\\\/\\\/msconectado.com.br\\\/?p=17401#breadcrumb\",\"itemListElement\":[{\"@type\":\"ListItem\",\"position\":1,\"name\":\"In\u00edcio\",\"item\":\"https:\\\/\\\/msconectado.com.br\\\/?page_id=105\"},{\"@type\":\"ListItem\",\"position\":2,\"name\":\"Em primeira reuni\u00e3o com secretariado, Eduardo Riedel define prazo para entrega de contratos de gest\u00e3o.\"}]},{\"@type\":\"WebSite\",\"@id\":\"https:\\\/\\\/msconectado.com.br\\\/#website\",\"url\":\"https:\\\/\\\/msconectado.com.br\\\/\",\"name\":\"MsConectado\",\"description\":\"Voc\u00ea Conectado com a Not\u00edcia!\",\"publisher\":{\"@id\":\"https:\\\/\\\/msconectado.com.br\\\/#organization\"},\"potentialAction\":[{\"@type\":\"SearchAction\",\"target\":{\"@type\":\"EntryPoint\",\"urlTemplate\":\"https:\\\/\\\/msconectado.com.br\\\/?s={search_term_string}\"},\"query-input\":{\"@type\":\"PropertyValueSpecification\",\"valueRequired\":true,\"valueName\":\"search_term_string\"}}],\"inLanguage\":\"pt-BR\"},{\"@type\":\"Organization\",\"@id\":\"https:\\\/\\\/msconectado.com.br\\\/#organization\",\"name\":\"MsConectado\",\"url\":\"https:\\\/\\\/msconectado.com.br\\\/\",\"logo\":{\"@type\":\"ImageObject\",\"inLanguage\":\"pt-BR\",\"@id\":\"https:\\\/\\\/msconectado.com.br\\\/#\\\/schema\\\/logo\\\/image\\\/\",\"url\":\"https:\\\/\\\/msconectado.com.br\\\/wp-content\\\/uploads\\\/2023\\\/01\\\/cropped-noticia-2.png\",\"contentUrl\":\"https:\\\/\\\/msconectado.com.br\\\/wp-content\\\/uploads\\\/2023\\\/01\\\/cropped-noticia-2.png\",\"width\":720,\"height\":157,\"caption\":\"MsConectado\"},\"image\":{\"@id\":\"https:\\\/\\\/msconectado.com.br\\\/#\\\/schema\\\/logo\\\/image\\\/\"}},{\"@type\":\"Person\",\"@id\":\"https:\\\/\\\/msconectado.com.br\\\/#\\\/schema\\\/person\\\/feb123a95a93eebea36f0ed6a2e5ba48\",\"name\":\"Jeferson\",\"image\":{\"@type\":\"ImageObject\",\"inLanguage\":\"pt-BR\",\"@id\":\"https:\\\/\\\/secure.gravatar.com\\\/avatar\\\/e23e8901c88f0cdc0ad479ef7a39bf3e4c806344549c087c00b721a65549a328?s=96&d=mm&r=g\",\"url\":\"https:\\\/\\\/secure.gravatar.com\\\/avatar\\\/e23e8901c88f0cdc0ad479ef7a39bf3e4c806344549c087c00b721a65549a328?s=96&d=mm&r=g\",\"contentUrl\":\"https:\\\/\\\/secure.gravatar.com\\\/avatar\\\/e23e8901c88f0cdc0ad479ef7a39bf3e4c806344549c087c00b721a65549a328?s=96&d=mm&r=g\",\"caption\":\"Jeferson\"},\"url\":\"https:\\\/\\\/msconectado.com.br\\\/?author=3\"}]}<\/script>\n<!-- \/ Yoast SEO plugin. -->","yoast_head_json":{"title":"Em primeira reuni\u00e3o com secretariado, Eduardo Riedel define prazo para entrega de contratos de gest\u00e3o. - MsConectado","robots":{"index":"index","follow":"follow","max-snippet":"max-snippet:-1","max-image-preview":"max-image-preview:large","max-video-preview":"max-video-preview:-1"},"canonical":"https:\/\/msconectado.com.br\/?p=17401","og_locale":"pt_BR","og_type":"article","og_title":"Em primeira reuni\u00e3o com secretariado, Eduardo Riedel define prazo para entrega de contratos de gest\u00e3o. - MsConectado","og_description":"De olho no plano de governo e nas entregas para a popula\u00e7\u00e3o sul-mato-grossense, o governador Eduardo Riedel fez uma reuni\u00e3o com os secret\u00e1rios de Estado e secret\u00e1rios-adjuntos, nesta sexta-feira (13), para definir as diretrizes e estabelecer um prazo para a entrega dos contratos de gest\u00e3o &#8211; instrumento que vai nortear as a\u00e7\u00f5es. O prazo limite [&hellip;]","og_url":"https:\/\/msconectado.com.br\/?p=17401","og_site_name":"MsConectado","article_published_time":"2023-01-13T19:50:17+00:00","article_modified_time":"2023-01-13T19:50:18+00:00","og_image":[{"width":730,"height":480,"url":"https:\/\/msconectado.com.br\/wp-content\/uploads\/2023\/01\/Reuniao-Secretarios-Foto-Saul-Schramm-22-730x480-1.jpg","type":"image\/jpeg"}],"author":"Jeferson","twitter_card":"summary_large_image","twitter_misc":{"Escrito por":"Jeferson","Est. tempo de leitura":"3 minutos"},"schema":{"@context":"https:\/\/schema.org","@graph":[{"@type":"Article","@id":"https:\/\/msconectado.com.br\/?p=17401#article","isPartOf":{"@id":"https:\/\/msconectado.com.br\/?p=17401"},"author":{"name":"Jeferson","@id":"https:\/\/msconectado.com.br\/#\/schema\/person\/feb123a95a93eebea36f0ed6a2e5ba48"},"headline":"Em primeira reuni\u00e3o com secretariado, Eduardo Riedel define prazo para entrega de contratos de gest\u00e3o.","datePublished":"2023-01-13T19:50:17+00:00","dateModified":"2023-01-13T19:50:18+00:00","mainEntityOfPage":{"@id":"https:\/\/msconectado.com.br\/?p=17401"},"wordCount":620,"commentCount":0,"publisher":{"@id":"https:\/\/msconectado.com.br\/#organization"},"image":{"@id":"https:\/\/msconectado.com.br\/?p=17401#primaryimage"},"thumbnailUrl":"https:\/\/msconectado.com.br\/wp-content\/uploads\/2023\/01\/Reuniao-Secretarios-Foto-Saul-Schramm-22-730x480-1.jpg","articleSection":["Pol\u00edtica"],"inLanguage":"pt-BR","potentialAction":[{"@type":"CommentAction","name":"Comment","target":["https:\/\/msconectado.com.br\/?p=17401#respond"]}]},{"@type":"WebPage","@id":"https:\/\/msconectado.com.br\/?p=17401","url":"https:\/\/msconectado.com.br\/?p=17401","name":"Em primeira reuni\u00e3o com secretariado, Eduardo Riedel define prazo para entrega de contratos de gest\u00e3o. - MsConectado","isPartOf":{"@id":"https:\/\/msconectado.com.br\/#website"},"primaryImageOfPage":{"@id":"https:\/\/msconectado.com.br\/?p=17401#primaryimage"},"image":{"@id":"https:\/\/msconectado.com.br\/?p=17401#primaryimage"},"thumbnailUrl":"https:\/\/msconectado.com.br\/wp-content\/uploads\/2023\/01\/Reuniao-Secretarios-Foto-Saul-Schramm-22-730x480-1.jpg","datePublished":"2023-01-13T19:50:17+00:00","dateModified":"2023-01-13T19:50:18+00:00","breadcrumb":{"@id":"https:\/\/msconectado.com.br\/?p=17401#breadcrumb"},"inLanguage":"pt-BR","potentialAction":[{"@type":"ReadAction","target":["https:\/\/msconectado.com.br\/?p=17401"]}]},{"@type":"ImageObject","inLanguage":"pt-BR","@id":"https:\/\/msconectado.com.br\/?p=17401#primaryimage","url":"https:\/\/msconectado.com.br\/wp-content\/uploads\/2023\/01\/Reuniao-Secretarios-Foto-Saul-Schramm-22-730x480-1.jpg","contentUrl":"https:\/\/msconectado.com.br\/wp-content\/uploads\/2023\/01\/Reuniao-Secretarios-Foto-Saul-Schramm-22-730x480-1.jpg","width":730,"height":480},{"@type":"BreadcrumbList","@id":"https:\/\/msconectado.com.br\/?p=17401#breadcrumb","itemListElement":[{"@type":"ListItem","position":1,"name":"In\u00edcio","item":"https:\/\/msconectado.com.br\/?page_id=105"},{"@type":"ListItem","position":2,"name":"Em primeira reuni\u00e3o com secretariado, Eduardo Riedel define prazo para entrega de contratos de gest\u00e3o."}]},{"@type":"WebSite","@id":"https:\/\/msconectado.com.br\/#website","url":"https:\/\/msconectado.com.br\/","name":"MsConectado","description":"Voc\u00ea Conectado com a Not\u00edcia!","publisher":{"@id":"https:\/\/msconectado.com.br\/#organization"},"potentialAction":[{"@type":"SearchAction","target":{"@type":"EntryPoint","urlTemplate":"https:\/\/msconectado.com.br\/?s={search_term_string}"},"query-input":{"@type":"PropertyValueSpecification","valueRequired":true,"valueName":"search_term_string"}}],"inLanguage":"pt-BR"},{"@type":"Organization","@id":"https:\/\/msconectado.com.br\/#organization","name":"MsConectado","url":"https:\/\/msconectado.com.br\/","logo":{"@type":"ImageObject","inLanguage":"pt-BR","@id":"https:\/\/msconectado.com.br\/#\/schema\/logo\/image\/","url":"https:\/\/msconectado.com.br\/wp-content\/uploads\/2023\/01\/cropped-noticia-2.png","contentUrl":"https:\/\/msconectado.com.br\/wp-content\/uploads\/2023\/01\/cropped-noticia-2.png","width":720,"height":157,"caption":"MsConectado"},"image":{"@id":"https:\/\/msconectado.com.br\/#\/schema\/logo\/image\/"}},{"@type":"Person","@id":"https:\/\/msconectado.com.br\/#\/schema\/person\/feb123a95a93eebea36f0ed6a2e5ba48","name":"Jeferson","image":{"@type":"ImageObject","inLanguage":"pt-BR","@id":"https:\/\/secure.gravatar.com\/avatar\/e23e8901c88f0cdc0ad479ef7a39bf3e4c806344549c087c00b721a65549a328?s=96&d=mm&r=g","url":"https:\/\/secure.gravatar.com\/avatar\/e23e8901c88f0cdc0ad479ef7a39bf3e4c806344549c087c00b721a65549a328?s=96&d=mm&r=g","contentUrl":"https:\/\/secure.gravatar.com\/avatar\/e23e8901c88f0cdc0ad479ef7a39bf3e4c806344549c087c00b721a65549a328?s=96&d=mm&r=g","caption":"Jeferson"},"url":"https:\/\/msconectado.com.br\/?author=3"}]}},"_links":{"self":[{"href":"https:\/\/msconectado.com.br\/index.php?rest_route=\/wp\/v2\/posts\/17401","targetHints":{"allow":["GET"]}}],"collection":[{"href":"https:\/\/msconectado.com.br\/index.php?rest_route=\/wp\/v2\/posts"}],"about":[{"href":"https:\/\/msconectado.com.br\/index.php?rest_route=\/wp\/v2\/types\/post"}],"author":[{"embeddable":true,"href":"https:\/\/msconectado.com.br\/index.php?rest_route=\/wp\/v2\/users\/3"}],"replies":[{"embeddable":true,"href":"https:\/\/msconectado.com.br\/index.php?rest_route=%2Fwp%2Fv2%2Fcomments&post=17401"}],"version-history":[{"count":1,"href":"https:\/\/msconectado.com.br\/index.php?rest_route=\/wp\/v2\/posts\/17401\/revisions"}],"predecessor-version":[{"id":17403,"href":"https:\/\/msconectado.com.br\/index.php?rest_route=\/wp\/v2\/posts\/17401\/revisions\/17403"}],"wp:featuredmedia":[{"embeddable":true,"href":"https:\/\/msconectado.com.br\/index.php?rest_route=\/wp\/v2\/media\/17402"}],"wp:attachment":[{"href":"https:\/\/msconectado.com.br\/index.php?rest_route=%2Fwp%2Fv2%2Fmedia&parent=17401"}],"wp:term":[{"taxonomy":"category","embeddable":true,"href":"https:\/\/msconectado.com.br\/index.php?rest_route=%2Fwp%2Fv2%2Fcategories&post=17401"},{"taxonomy":"post_tag","embeddable":true,"href":"https:\/\/msconectado.com.br\/index.php?rest_route=%2Fwp%2Fv2%2Ftags&post=17401"}],"curies":[{"name":"wp","href":"https:\/\/api.w.org\/{rel}","templated":true}]}}