
{"id":17471,"date":"2023-01-16T13:19:38","date_gmt":"2023-01-16T13:19:38","guid":{"rendered":"https:\/\/teste.msconectado.com.br\/?p=17471"},"modified":"2023-01-16T13:19:39","modified_gmt":"2023-01-16T13:19:39","slug":"camara-municipal-de-maracaju-realiza-a-1a-sessao-extraordinario-de-2023","status":"publish","type":"post","link":"https:\/\/msconectado.com.br\/?p=17471","title":{"rendered":"C\u00e2mara Municipal de Maracaju realiza a 1\u00aa Sess\u00e3o Extraordin\u00e1rio de 2023."},"content":{"rendered":"\n<p>Nesta segunda-feira (16-01),&nbsp; os vereadores da C\u00e2mara Municipal de Maracaju,&nbsp; realizaram a 1\u00aa Sess\u00e3o Extraordin\u00e1ria de 2023, para vota\u00e7\u00e3o&nbsp; de tr\u00eas Projetos, sendo dois do Legislativo e um do Executivo.&nbsp;<br><br>O&nbsp;<strong>Projeto de Lei Complementar 001\/2023<\/strong>, de autoria do Executivo, disp\u00f5e da altera\u00e7\u00e3o da Leis Complementares 004\/1998 030\/2006 e d\u00e1 169\/2022, concede revis\u00e3o geral de 10% (dez por cento) aos servidores p\u00fablicos da Administra\u00e7\u00e3o Direta e Indireta do Poder Executivo do Munic\u00edpio de Maracaju, prevista no art. 37, inciso X da Constitui\u00e7\u00e3o Federal, recompondo a perda do poder aquisitivo (infla\u00e7\u00e3o) dos&nbsp; \u00faltimos doze meses anteriores \u00e0 data-base estabelecida no artigo 252 da Lei Complementar 029\/2006 &#8211; Estatuto do servidor, com arredondamento para cima, em estrita observ\u00e2ncia das limita\u00e7\u00f5es da lei da Responsabilidade Fiscal (LRF) e visando a manuten\u00e7\u00e3o do poder de compra (valor monet\u00e1rio) da moeda.&nbsp;<\/p>\n\n\n\n<p>Os Pareceres das Comiss\u00f5es de Legisla\u00e7\u00e3o, Justi\u00e7a e Reda\u00e7\u00e3o Final e Or\u00e7amentos e Finan\u00e7as receberam aprova\u00e7\u00e3o de todos os vereadores presentes. O PLC foi aprovado&nbsp; por unanimidade por todos os vereadores.<\/p>\n\n\n\n<p>O&nbsp;<strong>Projeto de Lei Complementar 001\/2023<\/strong>, de autoria da C\u00e2mara Municipal de Maracaju,&nbsp; disp\u00f5e sobre altera\u00e7\u00e3o da Lei Complementar 076\/2011 &#8211; Plano de Cargos e Remunera\u00e7\u00e3o dos Servidores da C\u00e2mara Municipal de Maracaju. A proposta visa conceder revis\u00e3o geral da remunera\u00e7\u00e3o dos servidores de 10% (dez por cento), reposi\u00e7\u00e3o esta que \u00e9 um direito dos servidores e a cria\u00e7\u00e3o de gratifica\u00e7\u00e3o de at\u00e9 50% (cinquenta por cento), calculada sobre a remunera\u00e7\u00e3o percebida, que poder\u00e1 ser concedida aos servidores efetivos e comissionados&nbsp; aos quais seja determinado em portaria o regime de dedica\u00e7\u00e3o integral ou exclusiva. O texto cumpre com o que determina o art. 37 e o \u00a74\u00ba do Art. 39, da Constitui\u00e7\u00e3o Federal, e tem por objetivo a valoriza\u00e7\u00e3o do servidor, a cria\u00e7\u00e3o de condi\u00e7\u00f5es favor\u00e1veis \u00e0 sua inova\u00e7\u00e3o e&nbsp; aprimoramento profissional.<\/p>\n\n\n\n<p>Os Pareceres das Comiss\u00f5es de Legisla\u00e7\u00e3o, Justi\u00e7a e Reda\u00e7\u00e3o Final e Or\u00e7amentos e Finan\u00e7as receberam dos vereadores presentes, todos os votos favor\u00e1veis. O PLC foi aprovado&nbsp; por unanimidade por todos os vereadores.<\/p>\n\n\n\n<p><br>O&nbsp;<strong>Projeto de Lei 001\/2023<\/strong>,&nbsp; prop\u00f5e resolu\u00e7\u00e3o que visa conceder aos servidores do Poder Legislativo Municipal Aux\u00edlio Alimenta\u00e7\u00e3o. O benef\u00edcio tem por finalidade&nbsp; melhorar as condi\u00e7\u00f5es de trabalho dos servidores, tendo como&nbsp; objetivo espec\u00edfico proporcionar incentivo ao servidor que se dedica no efetivo labor e desempenho da fun\u00e7\u00e3o no cargo que ocupa, al\u00e9m de buscar a efici\u00eancia do servi\u00e7o p\u00fablico por conta do cumprimento integral do hor\u00e1rio de trabalho.&nbsp;<\/p>\n\n\n\n<p>Os Pareceres das Comiss\u00f5es de Legisla\u00e7\u00e3o,&nbsp; Justi\u00e7a e Reda\u00e7\u00e3o Final e Or\u00e7amento e Finan\u00e7as foram aprovados por unanimidade.<\/p>\n\n\n\n<p><br><em>Todos os Projetos citados acima, tramitaram em regime de urg\u00eancia, sendo em uma \u00fanica discuss\u00e3o e vota\u00e7\u00e3o.<\/em><\/p>\n\n\n\n<p><\/p>\n\n\n<div class=\"wp-block-image\">\n<figure class=\"aligncenter size-full\"><img fetchpriority=\"high\" decoding=\"async\" width=\"1024\" height=\"114\" src=\"https:\/\/teste.msconectado.com.br\/wp-content\/uploads\/2023\/01\/ACADEMIA-1-Copia.png\" alt=\"\" class=\"wp-image-17413\" srcset=\"https:\/\/msconectado.com.br\/wp-content\/uploads\/2023\/01\/ACADEMIA-1-Copia.png 1024w, https:\/\/msconectado.com.br\/wp-content\/uploads\/2023\/01\/ACADEMIA-1-Copia-300x33.png 300w, https:\/\/msconectado.com.br\/wp-content\/uploads\/2023\/01\/ACADEMIA-1-Copia-768x86.png 768w\" sizes=\"(max-width: 1024px) 100vw, 1024px\" \/><\/figure>\n<\/div>","protected":false},"excerpt":{"rendered":"<p>Nesta segunda-feira (16-01),&nbsp; os vereadores da C\u00e2mara Municipal de Maracaju,&nbsp; realizaram a 1\u00aa Sess\u00e3o Extraordin\u00e1ria de 2023, para vota\u00e7\u00e3o&nbsp; de tr\u00eas Projetos, sendo dois do Legislativo e um do Executivo.&nbsp; O&nbsp;Projeto de Lei Complementar 001\/2023, de autoria do Executivo, disp\u00f5e da altera\u00e7\u00e3o da Leis Complementares 004\/1998 030\/2006 e d\u00e1 169\/2022, concede revis\u00e3o geral de 10% [&hellip;]<\/p>\n","protected":false},"author":3,"featured_media":17472,"comment_status":"open","ping_status":"closed","sticky":false,"template":"","format":"standard","meta":{"footnotes":""},"categories":[35,33],"tags":[],"class_list":["post-17471","post","type-post","status-publish","format-standard","has-post-thumbnail","hentry","category-cidades","category-politica"],"yoast_head":"<!-- This site is optimized with the Yoast SEO plugin v27.5 - https:\/\/yoast.com\/product\/yoast-seo-wordpress\/ -->\n<title>C\u00e2mara Municipal de Maracaju realiza a 1\u00aa Sess\u00e3o Extraordin\u00e1rio de 2023. - MsConectado<\/title>\n<meta name=\"robots\" content=\"index, follow, max-snippet:-1, max-image-preview:large, max-video-preview:-1\" \/>\n<link rel=\"canonical\" href=\"https:\/\/msconectado.com.br\/?p=17471\" \/>\n<meta property=\"og:locale\" content=\"pt_BR\" \/>\n<meta property=\"og:type\" content=\"article\" \/>\n<meta property=\"og:title\" content=\"C\u00e2mara Municipal de Maracaju realiza a 1\u00aa Sess\u00e3o Extraordin\u00e1rio de 2023. - MsConectado\" \/>\n<meta property=\"og:description\" content=\"Nesta segunda-feira (16-01),&nbsp; os vereadores da C\u00e2mara Municipal de Maracaju,&nbsp; realizaram a 1\u00aa Sess\u00e3o Extraordin\u00e1ria de 2023, para vota\u00e7\u00e3o&nbsp; de tr\u00eas Projetos, sendo dois do Legislativo e um do Executivo.&nbsp; O&nbsp;Projeto de Lei Complementar 001\/2023, de autoria do Executivo, disp\u00f5e da altera\u00e7\u00e3o da Leis Complementares 004\/1998 030\/2006 e d\u00e1 169\/2022, concede revis\u00e3o geral de 10% [&hellip;]\" \/>\n<meta property=\"og:url\" content=\"https:\/\/msconectado.com.br\/?p=17471\" \/>\n<meta property=\"og:site_name\" content=\"MsConectado\" \/>\n<meta property=\"article:published_time\" content=\"2023-01-16T13:19:38+00:00\" \/>\n<meta property=\"article:modified_time\" content=\"2023-01-16T13:19:39+00:00\" \/>\n<meta property=\"og:image\" content=\"https:\/\/msconectado.com.br\/wp-content\/uploads\/2023\/01\/camara.jpg\" \/>\n\t<meta property=\"og:image:width\" content=\"800\" \/>\n\t<meta property=\"og:image:height\" content=\"533\" \/>\n\t<meta property=\"og:image:type\" content=\"image\/jpeg\" \/>\n<meta name=\"author\" content=\"Jeferson\" \/>\n<meta name=\"twitter:card\" content=\"summary_large_image\" \/>\n<meta name=\"twitter:label1\" content=\"Escrito por\" \/>\n\t<meta name=\"twitter:data1\" content=\"Jeferson\" \/>\n\t<meta name=\"twitter:label2\" content=\"Est. tempo de leitura\" \/>\n\t<meta name=\"twitter:data2\" content=\"3 minutos\" \/>\n<script type=\"application\/ld+json\" class=\"yoast-schema-graph\">{\"@context\":\"https:\\\/\\\/schema.org\",\"@graph\":[{\"@type\":\"Article\",\"@id\":\"https:\\\/\\\/msconectado.com.br\\\/?p=17471#article\",\"isPartOf\":{\"@id\":\"https:\\\/\\\/msconectado.com.br\\\/?p=17471\"},\"author\":{\"name\":\"Jeferson\",\"@id\":\"https:\\\/\\\/msconectado.com.br\\\/#\\\/schema\\\/person\\\/feb123a95a93eebea36f0ed6a2e5ba48\"},\"headline\":\"C\u00e2mara Municipal de Maracaju realiza a 1\u00aa Sess\u00e3o Extraordin\u00e1rio de 2023.\",\"datePublished\":\"2023-01-16T13:19:38+00:00\",\"dateModified\":\"2023-01-16T13:19:39+00:00\",\"mainEntityOfPage\":{\"@id\":\"https:\\\/\\\/msconectado.com.br\\\/?p=17471\"},\"wordCount\":516,\"commentCount\":0,\"publisher\":{\"@id\":\"https:\\\/\\\/msconectado.com.br\\\/#organization\"},\"image\":{\"@id\":\"https:\\\/\\\/msconectado.com.br\\\/?p=17471#primaryimage\"},\"thumbnailUrl\":\"https:\\\/\\\/msconectado.com.br\\\/wp-content\\\/uploads\\\/2023\\\/01\\\/camara.jpg\",\"articleSection\":[\"Cidades\",\"Pol\u00edtica\"],\"inLanguage\":\"pt-BR\",\"potentialAction\":[{\"@type\":\"CommentAction\",\"name\":\"Comment\",\"target\":[\"https:\\\/\\\/msconectado.com.br\\\/?p=17471#respond\"]}]},{\"@type\":\"WebPage\",\"@id\":\"https:\\\/\\\/msconectado.com.br\\\/?p=17471\",\"url\":\"https:\\\/\\\/msconectado.com.br\\\/?p=17471\",\"name\":\"C\u00e2mara Municipal de Maracaju realiza a 1\u00aa Sess\u00e3o Extraordin\u00e1rio de 2023. - MsConectado\",\"isPartOf\":{\"@id\":\"https:\\\/\\\/msconectado.com.br\\\/#website\"},\"primaryImageOfPage\":{\"@id\":\"https:\\\/\\\/msconectado.com.br\\\/?p=17471#primaryimage\"},\"image\":{\"@id\":\"https:\\\/\\\/msconectado.com.br\\\/?p=17471#primaryimage\"},\"thumbnailUrl\":\"https:\\\/\\\/msconectado.com.br\\\/wp-content\\\/uploads\\\/2023\\\/01\\\/camara.jpg\",\"datePublished\":\"2023-01-16T13:19:38+00:00\",\"dateModified\":\"2023-01-16T13:19:39+00:00\",\"breadcrumb\":{\"@id\":\"https:\\\/\\\/msconectado.com.br\\\/?p=17471#breadcrumb\"},\"inLanguage\":\"pt-BR\",\"potentialAction\":[{\"@type\":\"ReadAction\",\"target\":[\"https:\\\/\\\/msconectado.com.br\\\/?p=17471\"]}]},{\"@type\":\"ImageObject\",\"inLanguage\":\"pt-BR\",\"@id\":\"https:\\\/\\\/msconectado.com.br\\\/?p=17471#primaryimage\",\"url\":\"https:\\\/\\\/msconectado.com.br\\\/wp-content\\\/uploads\\\/2023\\\/01\\\/camara.jpg\",\"contentUrl\":\"https:\\\/\\\/msconectado.com.br\\\/wp-content\\\/uploads\\\/2023\\\/01\\\/camara.jpg\",\"width\":800,\"height\":533},{\"@type\":\"BreadcrumbList\",\"@id\":\"https:\\\/\\\/msconectado.com.br\\\/?p=17471#breadcrumb\",\"itemListElement\":[{\"@type\":\"ListItem\",\"position\":1,\"name\":\"In\u00edcio\",\"item\":\"https:\\\/\\\/msconectado.com.br\\\/?page_id=105\"},{\"@type\":\"ListItem\",\"position\":2,\"name\":\"C\u00e2mara Municipal de Maracaju realiza a 1\u00aa Sess\u00e3o Extraordin\u00e1rio de 2023.\"}]},{\"@type\":\"WebSite\",\"@id\":\"https:\\\/\\\/msconectado.com.br\\\/#website\",\"url\":\"https:\\\/\\\/msconectado.com.br\\\/\",\"name\":\"MsConectado\",\"description\":\"Voc\u00ea Conectado com a Not\u00edcia!\",\"publisher\":{\"@id\":\"https:\\\/\\\/msconectado.com.br\\\/#organization\"},\"potentialAction\":[{\"@type\":\"SearchAction\",\"target\":{\"@type\":\"EntryPoint\",\"urlTemplate\":\"https:\\\/\\\/msconectado.com.br\\\/?s={search_term_string}\"},\"query-input\":{\"@type\":\"PropertyValueSpecification\",\"valueRequired\":true,\"valueName\":\"search_term_string\"}}],\"inLanguage\":\"pt-BR\"},{\"@type\":\"Organization\",\"@id\":\"https:\\\/\\\/msconectado.com.br\\\/#organization\",\"name\":\"MsConectado\",\"url\":\"https:\\\/\\\/msconectado.com.br\\\/\",\"logo\":{\"@type\":\"ImageObject\",\"inLanguage\":\"pt-BR\",\"@id\":\"https:\\\/\\\/msconectado.com.br\\\/#\\\/schema\\\/logo\\\/image\\\/\",\"url\":\"https:\\\/\\\/msconectado.com.br\\\/wp-content\\\/uploads\\\/2023\\\/01\\\/cropped-noticia-2.png\",\"contentUrl\":\"https:\\\/\\\/msconectado.com.br\\\/wp-content\\\/uploads\\\/2023\\\/01\\\/cropped-noticia-2.png\",\"width\":720,\"height\":157,\"caption\":\"MsConectado\"},\"image\":{\"@id\":\"https:\\\/\\\/msconectado.com.br\\\/#\\\/schema\\\/logo\\\/image\\\/\"}},{\"@type\":\"Person\",\"@id\":\"https:\\\/\\\/msconectado.com.br\\\/#\\\/schema\\\/person\\\/feb123a95a93eebea36f0ed6a2e5ba48\",\"name\":\"Jeferson\",\"image\":{\"@type\":\"ImageObject\",\"inLanguage\":\"pt-BR\",\"@id\":\"https:\\\/\\\/secure.gravatar.com\\\/avatar\\\/e23e8901c88f0cdc0ad479ef7a39bf3e4c806344549c087c00b721a65549a328?s=96&d=mm&r=g\",\"url\":\"https:\\\/\\\/secure.gravatar.com\\\/avatar\\\/e23e8901c88f0cdc0ad479ef7a39bf3e4c806344549c087c00b721a65549a328?s=96&d=mm&r=g\",\"contentUrl\":\"https:\\\/\\\/secure.gravatar.com\\\/avatar\\\/e23e8901c88f0cdc0ad479ef7a39bf3e4c806344549c087c00b721a65549a328?s=96&d=mm&r=g\",\"caption\":\"Jeferson\"},\"url\":\"https:\\\/\\\/msconectado.com.br\\\/?author=3\"}]}<\/script>\n<!-- \/ Yoast SEO plugin. -->","yoast_head_json":{"title":"C\u00e2mara Municipal de Maracaju realiza a 1\u00aa Sess\u00e3o Extraordin\u00e1rio de 2023. - MsConectado","robots":{"index":"index","follow":"follow","max-snippet":"max-snippet:-1","max-image-preview":"max-image-preview:large","max-video-preview":"max-video-preview:-1"},"canonical":"https:\/\/msconectado.com.br\/?p=17471","og_locale":"pt_BR","og_type":"article","og_title":"C\u00e2mara Municipal de Maracaju realiza a 1\u00aa Sess\u00e3o Extraordin\u00e1rio de 2023. - MsConectado","og_description":"Nesta segunda-feira (16-01),&nbsp; os vereadores da C\u00e2mara Municipal de Maracaju,&nbsp; realizaram a 1\u00aa Sess\u00e3o Extraordin\u00e1ria de 2023, para vota\u00e7\u00e3o&nbsp; de tr\u00eas Projetos, sendo dois do Legislativo e um do Executivo.&nbsp; O&nbsp;Projeto de Lei Complementar 001\/2023, de autoria do Executivo, disp\u00f5e da altera\u00e7\u00e3o da Leis Complementares 004\/1998 030\/2006 e d\u00e1 169\/2022, concede revis\u00e3o geral de 10% [&hellip;]","og_url":"https:\/\/msconectado.com.br\/?p=17471","og_site_name":"MsConectado","article_published_time":"2023-01-16T13:19:38+00:00","article_modified_time":"2023-01-16T13:19:39+00:00","og_image":[{"width":800,"height":533,"url":"https:\/\/msconectado.com.br\/wp-content\/uploads\/2023\/01\/camara.jpg","type":"image\/jpeg"}],"author":"Jeferson","twitter_card":"summary_large_image","twitter_misc":{"Escrito por":"Jeferson","Est. tempo de leitura":"3 minutos"},"schema":{"@context":"https:\/\/schema.org","@graph":[{"@type":"Article","@id":"https:\/\/msconectado.com.br\/?p=17471#article","isPartOf":{"@id":"https:\/\/msconectado.com.br\/?p=17471"},"author":{"name":"Jeferson","@id":"https:\/\/msconectado.com.br\/#\/schema\/person\/feb123a95a93eebea36f0ed6a2e5ba48"},"headline":"C\u00e2mara Municipal de Maracaju realiza a 1\u00aa Sess\u00e3o Extraordin\u00e1rio de 2023.","datePublished":"2023-01-16T13:19:38+00:00","dateModified":"2023-01-16T13:19:39+00:00","mainEntityOfPage":{"@id":"https:\/\/msconectado.com.br\/?p=17471"},"wordCount":516,"commentCount":0,"publisher":{"@id":"https:\/\/msconectado.com.br\/#organization"},"image":{"@id":"https:\/\/msconectado.com.br\/?p=17471#primaryimage"},"thumbnailUrl":"https:\/\/msconectado.com.br\/wp-content\/uploads\/2023\/01\/camara.jpg","articleSection":["Cidades","Pol\u00edtica"],"inLanguage":"pt-BR","potentialAction":[{"@type":"CommentAction","name":"Comment","target":["https:\/\/msconectado.com.br\/?p=17471#respond"]}]},{"@type":"WebPage","@id":"https:\/\/msconectado.com.br\/?p=17471","url":"https:\/\/msconectado.com.br\/?p=17471","name":"C\u00e2mara Municipal de Maracaju realiza a 1\u00aa Sess\u00e3o Extraordin\u00e1rio de 2023. - MsConectado","isPartOf":{"@id":"https:\/\/msconectado.com.br\/#website"},"primaryImageOfPage":{"@id":"https:\/\/msconectado.com.br\/?p=17471#primaryimage"},"image":{"@id":"https:\/\/msconectado.com.br\/?p=17471#primaryimage"},"thumbnailUrl":"https:\/\/msconectado.com.br\/wp-content\/uploads\/2023\/01\/camara.jpg","datePublished":"2023-01-16T13:19:38+00:00","dateModified":"2023-01-16T13:19:39+00:00","breadcrumb":{"@id":"https:\/\/msconectado.com.br\/?p=17471#breadcrumb"},"inLanguage":"pt-BR","potentialAction":[{"@type":"ReadAction","target":["https:\/\/msconectado.com.br\/?p=17471"]}]},{"@type":"ImageObject","inLanguage":"pt-BR","@id":"https:\/\/msconectado.com.br\/?p=17471#primaryimage","url":"https:\/\/msconectado.com.br\/wp-content\/uploads\/2023\/01\/camara.jpg","contentUrl":"https:\/\/msconectado.com.br\/wp-content\/uploads\/2023\/01\/camara.jpg","width":800,"height":533},{"@type":"BreadcrumbList","@id":"https:\/\/msconectado.com.br\/?p=17471#breadcrumb","itemListElement":[{"@type":"ListItem","position":1,"name":"In\u00edcio","item":"https:\/\/msconectado.com.br\/?page_id=105"},{"@type":"ListItem","position":2,"name":"C\u00e2mara Municipal de Maracaju realiza a 1\u00aa Sess\u00e3o Extraordin\u00e1rio de 2023."}]},{"@type":"WebSite","@id":"https:\/\/msconectado.com.br\/#website","url":"https:\/\/msconectado.com.br\/","name":"MsConectado","description":"Voc\u00ea Conectado com a Not\u00edcia!","publisher":{"@id":"https:\/\/msconectado.com.br\/#organization"},"potentialAction":[{"@type":"SearchAction","target":{"@type":"EntryPoint","urlTemplate":"https:\/\/msconectado.com.br\/?s={search_term_string}"},"query-input":{"@type":"PropertyValueSpecification","valueRequired":true,"valueName":"search_term_string"}}],"inLanguage":"pt-BR"},{"@type":"Organization","@id":"https:\/\/msconectado.com.br\/#organization","name":"MsConectado","url":"https:\/\/msconectado.com.br\/","logo":{"@type":"ImageObject","inLanguage":"pt-BR","@id":"https:\/\/msconectado.com.br\/#\/schema\/logo\/image\/","url":"https:\/\/msconectado.com.br\/wp-content\/uploads\/2023\/01\/cropped-noticia-2.png","contentUrl":"https:\/\/msconectado.com.br\/wp-content\/uploads\/2023\/01\/cropped-noticia-2.png","width":720,"height":157,"caption":"MsConectado"},"image":{"@id":"https:\/\/msconectado.com.br\/#\/schema\/logo\/image\/"}},{"@type":"Person","@id":"https:\/\/msconectado.com.br\/#\/schema\/person\/feb123a95a93eebea36f0ed6a2e5ba48","name":"Jeferson","image":{"@type":"ImageObject","inLanguage":"pt-BR","@id":"https:\/\/secure.gravatar.com\/avatar\/e23e8901c88f0cdc0ad479ef7a39bf3e4c806344549c087c00b721a65549a328?s=96&d=mm&r=g","url":"https:\/\/secure.gravatar.com\/avatar\/e23e8901c88f0cdc0ad479ef7a39bf3e4c806344549c087c00b721a65549a328?s=96&d=mm&r=g","contentUrl":"https:\/\/secure.gravatar.com\/avatar\/e23e8901c88f0cdc0ad479ef7a39bf3e4c806344549c087c00b721a65549a328?s=96&d=mm&r=g","caption":"Jeferson"},"url":"https:\/\/msconectado.com.br\/?author=3"}]}},"_links":{"self":[{"href":"https:\/\/msconectado.com.br\/index.php?rest_route=\/wp\/v2\/posts\/17471","targetHints":{"allow":["GET"]}}],"collection":[{"href":"https:\/\/msconectado.com.br\/index.php?rest_route=\/wp\/v2\/posts"}],"about":[{"href":"https:\/\/msconectado.com.br\/index.php?rest_route=\/wp\/v2\/types\/post"}],"author":[{"embeddable":true,"href":"https:\/\/msconectado.com.br\/index.php?rest_route=\/wp\/v2\/users\/3"}],"replies":[{"embeddable":true,"href":"https:\/\/msconectado.com.br\/index.php?rest_route=%2Fwp%2Fv2%2Fcomments&post=17471"}],"version-history":[{"count":1,"href":"https:\/\/msconectado.com.br\/index.php?rest_route=\/wp\/v2\/posts\/17471\/revisions"}],"predecessor-version":[{"id":17473,"href":"https:\/\/msconectado.com.br\/index.php?rest_route=\/wp\/v2\/posts\/17471\/revisions\/17473"}],"wp:featuredmedia":[{"embeddable":true,"href":"https:\/\/msconectado.com.br\/index.php?rest_route=\/wp\/v2\/media\/17472"}],"wp:attachment":[{"href":"https:\/\/msconectado.com.br\/index.php?rest_route=%2Fwp%2Fv2%2Fmedia&parent=17471"}],"wp:term":[{"taxonomy":"category","embeddable":true,"href":"https:\/\/msconectado.com.br\/index.php?rest_route=%2Fwp%2Fv2%2Fcategories&post=17471"},{"taxonomy":"post_tag","embeddable":true,"href":"https:\/\/msconectado.com.br\/index.php?rest_route=%2Fwp%2Fv2%2Ftags&post=17471"}],"curies":[{"name":"wp","href":"https:\/\/api.w.org\/{rel}","templated":true}]}}