
{"id":17477,"date":"2023-01-16T13:48:04","date_gmt":"2023-01-16T13:48:04","guid":{"rendered":"https:\/\/teste.msconectado.com.br\/?p=17477"},"modified":"2023-01-16T13:50:49","modified_gmt":"2023-01-16T13:50:49","slug":"prefeito-lucas-discute-ampliacao-do-projeto-bombeiros-do-amanha-em-rio-brilhante-saiba-mais","status":"publish","type":"post","link":"https:\/\/msconectado.com.br\/?p=17477","title":{"rendered":"Prefeito Lucas discute amplia\u00e7\u00e3o do Projeto Bombeiros do Amanh\u00e3 em Rio Brilhante. Saiba mais."},"content":{"rendered":"\n<p><strong>O Prefeito Lucas Foroni recebeu na \u00faltima semana, em seu gabinete o comando do 20\u00b0 SGBM Corpo de Bombeiros de Rio Brilhante o Capit\u00e3o Paulo Cordeiro Ramiro e o Alex de Alencar Castro coordenador do projeto Bombeiros do Amanh\u00e3, tratar do planejamento para 2023 acerca dos diversos projetos sociais a serem realizados em conjunto com a Prefeitura, constru\u00e7\u00e3o do Centro de Treinamento Aqu\u00e1tico na unidade do CBMMS, aloca\u00e7\u00e3o de 1 ou 2 containers sala de aula a fim de dobrar o n\u00famero de alunos no projeto Bombeiros do Amanh\u00e3 e implementar outros projetos sociais de preven\u00e7\u00e3o, incentivo de moradia de profissionais de seguran\u00e7a p\u00fablica no munic\u00edpio de Rio Brilhante para dar mais seguran\u00e7a ao munic\u00edpio nos diversos bairros onde ser\u00e3o oferecidos o incentivo, al\u00e9m da oferta de diversos cursos que o CBMMS far\u00e1 em parceria com o Governo Municipal de Rio Brilhante, Secretaria Municipal de Assist\u00eancia Social, Secretaria Municipal de Educa\u00e7\u00e3o, Secretaria Municipal de Sa\u00fade, FUNCERB, e demais \u00f3rg\u00e3os ligados \u00e0 Prefeitura Municipal de Rio Brilhante.<\/strong><\/p>\n\n\n\n<p><strong>Assessoria<\/strong><\/p>\n\n\n\n<p><\/p>\n\n\n<div class=\"wp-block-image\">\n<figure class=\"aligncenter size-full\"><img fetchpriority=\"high\" decoding=\"async\" width=\"900\" height=\"100\" src=\"https:\/\/teste.msconectado.com.br\/wp-content\/uploads\/2023\/01\/ms-900-100-1.png-2-1.png\" alt=\"\" class=\"wp-image-17266\" srcset=\"https:\/\/msconectado.com.br\/wp-content\/uploads\/2023\/01\/ms-900-100-1.png-2-1.png 900w, https:\/\/msconectado.com.br\/wp-content\/uploads\/2023\/01\/ms-900-100-1.png-2-1-300x33.png 300w, https:\/\/msconectado.com.br\/wp-content\/uploads\/2023\/01\/ms-900-100-1.png-2-1-768x85.png 768w\" sizes=\"(max-width: 900px) 100vw, 900px\" \/><\/figure>\n<\/div>","protected":false},"excerpt":{"rendered":"<p>O Prefeito Lucas Foroni recebeu na \u00faltima semana, em seu gabinete o comando do 20\u00b0 SGBM Corpo de Bombeiros de Rio Brilhante o Capit\u00e3o Paulo Cordeiro Ramiro e o Alex de Alencar Castro coordenador do projeto Bombeiros do Amanh\u00e3, tratar do planejamento para 2023 acerca dos diversos projetos sociais a serem realizados em conjunto com [&hellip;]<\/p>\n","protected":false},"author":2,"featured_media":17478,"comment_status":"open","ping_status":"closed","sticky":false,"template":"","format":"standard","meta":{"footnotes":""},"categories":[35,33],"tags":[],"class_list":["post-17477","post","type-post","status-publish","format-standard","has-post-thumbnail","hentry","category-cidades","category-politica"],"yoast_head":"<!-- This site is optimized with the Yoast SEO plugin v27.5 - https:\/\/yoast.com\/product\/yoast-seo-wordpress\/ -->\n<title>Prefeito Lucas discute amplia\u00e7\u00e3o do Projeto Bombeiros do Amanh\u00e3 em Rio Brilhante. Saiba mais. - MsConectado<\/title>\n<meta name=\"robots\" content=\"index, follow, max-snippet:-1, max-image-preview:large, max-video-preview:-1\" \/>\n<link rel=\"canonical\" href=\"https:\/\/msconectado.com.br\/?p=17477\" \/>\n<meta property=\"og:locale\" content=\"pt_BR\" \/>\n<meta property=\"og:type\" content=\"article\" \/>\n<meta property=\"og:title\" content=\"Prefeito Lucas discute amplia\u00e7\u00e3o do Projeto Bombeiros do Amanh\u00e3 em Rio Brilhante. Saiba mais. - MsConectado\" \/>\n<meta property=\"og:description\" content=\"O Prefeito Lucas Foroni recebeu na \u00faltima semana, em seu gabinete o comando do 20\u00b0 SGBM Corpo de Bombeiros de Rio Brilhante o Capit\u00e3o Paulo Cordeiro Ramiro e o Alex de Alencar Castro coordenador do projeto Bombeiros do Amanh\u00e3, tratar do planejamento para 2023 acerca dos diversos projetos sociais a serem realizados em conjunto com [&hellip;]\" \/>\n<meta property=\"og:url\" content=\"https:\/\/msconectado.com.br\/?p=17477\" \/>\n<meta property=\"og:site_name\" content=\"MsConectado\" \/>\n<meta property=\"article:published_time\" content=\"2023-01-16T13:48:04+00:00\" \/>\n<meta property=\"article:modified_time\" content=\"2023-01-16T13:50:49+00:00\" \/>\n<meta property=\"og:image\" content=\"https:\/\/msconectado.com.br\/wp-content\/uploads\/2023\/01\/lucas.jpg\" \/>\n\t<meta property=\"og:image:width\" content=\"720\" \/>\n\t<meta property=\"og:image:height\" content=\"540\" \/>\n\t<meta property=\"og:image:type\" content=\"image\/jpeg\" \/>\n<meta name=\"author\" content=\"MsConectado\" \/>\n<meta name=\"twitter:card\" content=\"summary_large_image\" \/>\n<meta name=\"twitter:label1\" content=\"Escrito por\" \/>\n\t<meta name=\"twitter:data1\" content=\"MsConectado\" \/>\n\t<meta name=\"twitter:label2\" content=\"Est. tempo de leitura\" \/>\n\t<meta name=\"twitter:data2\" content=\"1 minuto\" \/>\n<script type=\"application\/ld+json\" class=\"yoast-schema-graph\">{\"@context\":\"https:\\\/\\\/schema.org\",\"@graph\":[{\"@type\":\"Article\",\"@id\":\"https:\\\/\\\/msconectado.com.br\\\/?p=17477#article\",\"isPartOf\":{\"@id\":\"https:\\\/\\\/msconectado.com.br\\\/?p=17477\"},\"author\":{\"name\":\"MsConectado\",\"@id\":\"https:\\\/\\\/msconectado.com.br\\\/#\\\/schema\\\/person\\\/e5585545b5687092f1041d350b6e2c16\"},\"headline\":\"Prefeito Lucas discute amplia\u00e7\u00e3o do Projeto Bombeiros do Amanh\u00e3 em Rio Brilhante. Saiba mais.\",\"datePublished\":\"2023-01-16T13:48:04+00:00\",\"dateModified\":\"2023-01-16T13:50:49+00:00\",\"mainEntityOfPage\":{\"@id\":\"https:\\\/\\\/msconectado.com.br\\\/?p=17477\"},\"wordCount\":194,\"commentCount\":0,\"publisher\":{\"@id\":\"https:\\\/\\\/msconectado.com.br\\\/#organization\"},\"image\":{\"@id\":\"https:\\\/\\\/msconectado.com.br\\\/?p=17477#primaryimage\"},\"thumbnailUrl\":\"https:\\\/\\\/msconectado.com.br\\\/wp-content\\\/uploads\\\/2023\\\/01\\\/lucas.jpg\",\"articleSection\":[\"Cidades\",\"Pol\u00edtica\"],\"inLanguage\":\"pt-BR\",\"potentialAction\":[{\"@type\":\"CommentAction\",\"name\":\"Comment\",\"target\":[\"https:\\\/\\\/msconectado.com.br\\\/?p=17477#respond\"]}]},{\"@type\":\"WebPage\",\"@id\":\"https:\\\/\\\/msconectado.com.br\\\/?p=17477\",\"url\":\"https:\\\/\\\/msconectado.com.br\\\/?p=17477\",\"name\":\"Prefeito Lucas discute amplia\u00e7\u00e3o do Projeto Bombeiros do Amanh\u00e3 em Rio Brilhante. Saiba mais. - MsConectado\",\"isPartOf\":{\"@id\":\"https:\\\/\\\/msconectado.com.br\\\/#website\"},\"primaryImageOfPage\":{\"@id\":\"https:\\\/\\\/msconectado.com.br\\\/?p=17477#primaryimage\"},\"image\":{\"@id\":\"https:\\\/\\\/msconectado.com.br\\\/?p=17477#primaryimage\"},\"thumbnailUrl\":\"https:\\\/\\\/msconectado.com.br\\\/wp-content\\\/uploads\\\/2023\\\/01\\\/lucas.jpg\",\"datePublished\":\"2023-01-16T13:48:04+00:00\",\"dateModified\":\"2023-01-16T13:50:49+00:00\",\"breadcrumb\":{\"@id\":\"https:\\\/\\\/msconectado.com.br\\\/?p=17477#breadcrumb\"},\"inLanguage\":\"pt-BR\",\"potentialAction\":[{\"@type\":\"ReadAction\",\"target\":[\"https:\\\/\\\/msconectado.com.br\\\/?p=17477\"]}]},{\"@type\":\"ImageObject\",\"inLanguage\":\"pt-BR\",\"@id\":\"https:\\\/\\\/msconectado.com.br\\\/?p=17477#primaryimage\",\"url\":\"https:\\\/\\\/msconectado.com.br\\\/wp-content\\\/uploads\\\/2023\\\/01\\\/lucas.jpg\",\"contentUrl\":\"https:\\\/\\\/msconectado.com.br\\\/wp-content\\\/uploads\\\/2023\\\/01\\\/lucas.jpg\",\"width\":720,\"height\":540},{\"@type\":\"BreadcrumbList\",\"@id\":\"https:\\\/\\\/msconectado.com.br\\\/?p=17477#breadcrumb\",\"itemListElement\":[{\"@type\":\"ListItem\",\"position\":1,\"name\":\"In\u00edcio\",\"item\":\"https:\\\/\\\/msconectado.com.br\\\/?page_id=105\"},{\"@type\":\"ListItem\",\"position\":2,\"name\":\"Prefeito Lucas discute amplia\u00e7\u00e3o do Projeto Bombeiros do Amanh\u00e3 em Rio Brilhante. Saiba mais.\"}]},{\"@type\":\"WebSite\",\"@id\":\"https:\\\/\\\/msconectado.com.br\\\/#website\",\"url\":\"https:\\\/\\\/msconectado.com.br\\\/\",\"name\":\"MsConectado\",\"description\":\"Voc\u00ea Conectado com a Not\u00edcia!\",\"publisher\":{\"@id\":\"https:\\\/\\\/msconectado.com.br\\\/#organization\"},\"potentialAction\":[{\"@type\":\"SearchAction\",\"target\":{\"@type\":\"EntryPoint\",\"urlTemplate\":\"https:\\\/\\\/msconectado.com.br\\\/?s={search_term_string}\"},\"query-input\":{\"@type\":\"PropertyValueSpecification\",\"valueRequired\":true,\"valueName\":\"search_term_string\"}}],\"inLanguage\":\"pt-BR\"},{\"@type\":\"Organization\",\"@id\":\"https:\\\/\\\/msconectado.com.br\\\/#organization\",\"name\":\"MsConectado\",\"url\":\"https:\\\/\\\/msconectado.com.br\\\/\",\"logo\":{\"@type\":\"ImageObject\",\"inLanguage\":\"pt-BR\",\"@id\":\"https:\\\/\\\/msconectado.com.br\\\/#\\\/schema\\\/logo\\\/image\\\/\",\"url\":\"https:\\\/\\\/msconectado.com.br\\\/wp-content\\\/uploads\\\/2023\\\/01\\\/cropped-noticia-2.png\",\"contentUrl\":\"https:\\\/\\\/msconectado.com.br\\\/wp-content\\\/uploads\\\/2023\\\/01\\\/cropped-noticia-2.png\",\"width\":720,\"height\":157,\"caption\":\"MsConectado\"},\"image\":{\"@id\":\"https:\\\/\\\/msconectado.com.br\\\/#\\\/schema\\\/logo\\\/image\\\/\"}},{\"@type\":\"Person\",\"@id\":\"https:\\\/\\\/msconectado.com.br\\\/#\\\/schema\\\/person\\\/e5585545b5687092f1041d350b6e2c16\",\"name\":\"MsConectado\",\"image\":{\"@type\":\"ImageObject\",\"inLanguage\":\"pt-BR\",\"@id\":\"https:\\\/\\\/secure.gravatar.com\\\/avatar\\\/3b4f84a0a8a4380ac4431fa79981d073692380c5da00ae97596e794ab0db5c8c?s=96&d=mm&r=g\",\"url\":\"https:\\\/\\\/secure.gravatar.com\\\/avatar\\\/3b4f84a0a8a4380ac4431fa79981d073692380c5da00ae97596e794ab0db5c8c?s=96&d=mm&r=g\",\"contentUrl\":\"https:\\\/\\\/secure.gravatar.com\\\/avatar\\\/3b4f84a0a8a4380ac4431fa79981d073692380c5da00ae97596e794ab0db5c8c?s=96&d=mm&r=g\",\"caption\":\"MsConectado\"},\"url\":\"https:\\\/\\\/msconectado.com.br\\\/?author=2\"}]}<\/script>\n<!-- \/ Yoast SEO plugin. -->","yoast_head_json":{"title":"Prefeito Lucas discute amplia\u00e7\u00e3o do Projeto Bombeiros do Amanh\u00e3 em Rio Brilhante. Saiba mais. - MsConectado","robots":{"index":"index","follow":"follow","max-snippet":"max-snippet:-1","max-image-preview":"max-image-preview:large","max-video-preview":"max-video-preview:-1"},"canonical":"https:\/\/msconectado.com.br\/?p=17477","og_locale":"pt_BR","og_type":"article","og_title":"Prefeito Lucas discute amplia\u00e7\u00e3o do Projeto Bombeiros do Amanh\u00e3 em Rio Brilhante. Saiba mais. - MsConectado","og_description":"O Prefeito Lucas Foroni recebeu na \u00faltima semana, em seu gabinete o comando do 20\u00b0 SGBM Corpo de Bombeiros de Rio Brilhante o Capit\u00e3o Paulo Cordeiro Ramiro e o Alex de Alencar Castro coordenador do projeto Bombeiros do Amanh\u00e3, tratar do planejamento para 2023 acerca dos diversos projetos sociais a serem realizados em conjunto com [&hellip;]","og_url":"https:\/\/msconectado.com.br\/?p=17477","og_site_name":"MsConectado","article_published_time":"2023-01-16T13:48:04+00:00","article_modified_time":"2023-01-16T13:50:49+00:00","og_image":[{"width":720,"height":540,"url":"https:\/\/msconectado.com.br\/wp-content\/uploads\/2023\/01\/lucas.jpg","type":"image\/jpeg"}],"author":"MsConectado","twitter_card":"summary_large_image","twitter_misc":{"Escrito por":"MsConectado","Est. tempo de leitura":"1 minuto"},"schema":{"@context":"https:\/\/schema.org","@graph":[{"@type":"Article","@id":"https:\/\/msconectado.com.br\/?p=17477#article","isPartOf":{"@id":"https:\/\/msconectado.com.br\/?p=17477"},"author":{"name":"MsConectado","@id":"https:\/\/msconectado.com.br\/#\/schema\/person\/e5585545b5687092f1041d350b6e2c16"},"headline":"Prefeito Lucas discute amplia\u00e7\u00e3o do Projeto Bombeiros do Amanh\u00e3 em Rio Brilhante. Saiba mais.","datePublished":"2023-01-16T13:48:04+00:00","dateModified":"2023-01-16T13:50:49+00:00","mainEntityOfPage":{"@id":"https:\/\/msconectado.com.br\/?p=17477"},"wordCount":194,"commentCount":0,"publisher":{"@id":"https:\/\/msconectado.com.br\/#organization"},"image":{"@id":"https:\/\/msconectado.com.br\/?p=17477#primaryimage"},"thumbnailUrl":"https:\/\/msconectado.com.br\/wp-content\/uploads\/2023\/01\/lucas.jpg","articleSection":["Cidades","Pol\u00edtica"],"inLanguage":"pt-BR","potentialAction":[{"@type":"CommentAction","name":"Comment","target":["https:\/\/msconectado.com.br\/?p=17477#respond"]}]},{"@type":"WebPage","@id":"https:\/\/msconectado.com.br\/?p=17477","url":"https:\/\/msconectado.com.br\/?p=17477","name":"Prefeito Lucas discute amplia\u00e7\u00e3o do Projeto Bombeiros do Amanh\u00e3 em Rio Brilhante. Saiba mais. - MsConectado","isPartOf":{"@id":"https:\/\/msconectado.com.br\/#website"},"primaryImageOfPage":{"@id":"https:\/\/msconectado.com.br\/?p=17477#primaryimage"},"image":{"@id":"https:\/\/msconectado.com.br\/?p=17477#primaryimage"},"thumbnailUrl":"https:\/\/msconectado.com.br\/wp-content\/uploads\/2023\/01\/lucas.jpg","datePublished":"2023-01-16T13:48:04+00:00","dateModified":"2023-01-16T13:50:49+00:00","breadcrumb":{"@id":"https:\/\/msconectado.com.br\/?p=17477#breadcrumb"},"inLanguage":"pt-BR","potentialAction":[{"@type":"ReadAction","target":["https:\/\/msconectado.com.br\/?p=17477"]}]},{"@type":"ImageObject","inLanguage":"pt-BR","@id":"https:\/\/msconectado.com.br\/?p=17477#primaryimage","url":"https:\/\/msconectado.com.br\/wp-content\/uploads\/2023\/01\/lucas.jpg","contentUrl":"https:\/\/msconectado.com.br\/wp-content\/uploads\/2023\/01\/lucas.jpg","width":720,"height":540},{"@type":"BreadcrumbList","@id":"https:\/\/msconectado.com.br\/?p=17477#breadcrumb","itemListElement":[{"@type":"ListItem","position":1,"name":"In\u00edcio","item":"https:\/\/msconectado.com.br\/?page_id=105"},{"@type":"ListItem","position":2,"name":"Prefeito Lucas discute amplia\u00e7\u00e3o do Projeto Bombeiros do Amanh\u00e3 em Rio Brilhante. Saiba mais."}]},{"@type":"WebSite","@id":"https:\/\/msconectado.com.br\/#website","url":"https:\/\/msconectado.com.br\/","name":"MsConectado","description":"Voc\u00ea Conectado com a Not\u00edcia!","publisher":{"@id":"https:\/\/msconectado.com.br\/#organization"},"potentialAction":[{"@type":"SearchAction","target":{"@type":"EntryPoint","urlTemplate":"https:\/\/msconectado.com.br\/?s={search_term_string}"},"query-input":{"@type":"PropertyValueSpecification","valueRequired":true,"valueName":"search_term_string"}}],"inLanguage":"pt-BR"},{"@type":"Organization","@id":"https:\/\/msconectado.com.br\/#organization","name":"MsConectado","url":"https:\/\/msconectado.com.br\/","logo":{"@type":"ImageObject","inLanguage":"pt-BR","@id":"https:\/\/msconectado.com.br\/#\/schema\/logo\/image\/","url":"https:\/\/msconectado.com.br\/wp-content\/uploads\/2023\/01\/cropped-noticia-2.png","contentUrl":"https:\/\/msconectado.com.br\/wp-content\/uploads\/2023\/01\/cropped-noticia-2.png","width":720,"height":157,"caption":"MsConectado"},"image":{"@id":"https:\/\/msconectado.com.br\/#\/schema\/logo\/image\/"}},{"@type":"Person","@id":"https:\/\/msconectado.com.br\/#\/schema\/person\/e5585545b5687092f1041d350b6e2c16","name":"MsConectado","image":{"@type":"ImageObject","inLanguage":"pt-BR","@id":"https:\/\/secure.gravatar.com\/avatar\/3b4f84a0a8a4380ac4431fa79981d073692380c5da00ae97596e794ab0db5c8c?s=96&d=mm&r=g","url":"https:\/\/secure.gravatar.com\/avatar\/3b4f84a0a8a4380ac4431fa79981d073692380c5da00ae97596e794ab0db5c8c?s=96&d=mm&r=g","contentUrl":"https:\/\/secure.gravatar.com\/avatar\/3b4f84a0a8a4380ac4431fa79981d073692380c5da00ae97596e794ab0db5c8c?s=96&d=mm&r=g","caption":"MsConectado"},"url":"https:\/\/msconectado.com.br\/?author=2"}]}},"_links":{"self":[{"href":"https:\/\/msconectado.com.br\/index.php?rest_route=\/wp\/v2\/posts\/17477","targetHints":{"allow":["GET"]}}],"collection":[{"href":"https:\/\/msconectado.com.br\/index.php?rest_route=\/wp\/v2\/posts"}],"about":[{"href":"https:\/\/msconectado.com.br\/index.php?rest_route=\/wp\/v2\/types\/post"}],"author":[{"embeddable":true,"href":"https:\/\/msconectado.com.br\/index.php?rest_route=\/wp\/v2\/users\/2"}],"replies":[{"embeddable":true,"href":"https:\/\/msconectado.com.br\/index.php?rest_route=%2Fwp%2Fv2%2Fcomments&post=17477"}],"version-history":[{"count":2,"href":"https:\/\/msconectado.com.br\/index.php?rest_route=\/wp\/v2\/posts\/17477\/revisions"}],"predecessor-version":[{"id":17480,"href":"https:\/\/msconectado.com.br\/index.php?rest_route=\/wp\/v2\/posts\/17477\/revisions\/17480"}],"wp:featuredmedia":[{"embeddable":true,"href":"https:\/\/msconectado.com.br\/index.php?rest_route=\/wp\/v2\/media\/17478"}],"wp:attachment":[{"href":"https:\/\/msconectado.com.br\/index.php?rest_route=%2Fwp%2Fv2%2Fmedia&parent=17477"}],"wp:term":[{"taxonomy":"category","embeddable":true,"href":"https:\/\/msconectado.com.br\/index.php?rest_route=%2Fwp%2Fv2%2Fcategories&post=17477"},{"taxonomy":"post_tag","embeddable":true,"href":"https:\/\/msconectado.com.br\/index.php?rest_route=%2Fwp%2Fv2%2Ftags&post=17477"}],"curies":[{"name":"wp","href":"https:\/\/api.w.org\/{rel}","templated":true}]}}