
{"id":17491,"date":"2023-01-17T12:13:55","date_gmt":"2023-01-17T12:13:55","guid":{"rendered":"https:\/\/msconectado.com.br\/?p=17491"},"modified":"2023-01-17T12:13:56","modified_gmt":"2023-01-17T12:13:56","slug":"haddad-defende-retomada-do-crescimento-economico-aliada-a-sustentabilidade-fiscal-e-ambiental-saiba-mais","status":"publish","type":"post","link":"https:\/\/msconectado.com.br\/?p=17491","title":{"rendered":"Haddad defende retomada do crescimento econ\u00f4mico aliada \u00e0 sustentabilidade fiscal e ambiental. Saiba mais."},"content":{"rendered":"\n<p>As reformas econ\u00f4micas no Brasil caminham junto com os objetivos de sustentabilidade. Esta \u00e9 uma das principais mensagens que o governo federal pretende passar \u00e0 comunidade internacional durante o F\u00f3rum Econ\u00f4mico Mundial, que tem in\u00edcio nesta segunda-feira (16\/1) em Davos, na Su\u00ed\u00e7a.<br>&nbsp;<\/p>\n\n\n\n<p>Representando o Brasil &#8212; juntamente com a ministra do Meio Ambiente, Marina Silva &#8212; o ministro da Fazenda, Fernando Haddad, destacou em conversa com jornalistas que o modelo de economia defendido pelo Brasil \u00e9 o da \u201cretomada do crescimento com sustentabilidade fiscal e ambiental e justi\u00e7a social\u201d, declarou.<br>&nbsp;<\/p>\n\n\n\n<p>De acordo com Haddad, o Brasil pode contribuir muito no crescimento aliado \u00e0 sustentabilidade e est\u00e1 preparado para assumir o lugar que a comunidade internacional espera do pa\u00eds. \u201cA sustentabilidade ambiental ganhou uma dimens\u00e3o na qual o Brasil tem muito a oferecer, n\u00e3o apenas em termos da retomada dos compromissos hist\u00f3ricos, com o combate ao desmatamento e [o uso de] energia renov\u00e1vel, mas, tamb\u00e9m, na pauta do desenvolvimento\u201d, afirmou o ministro.<br>&nbsp;<\/p>\n\n\n\n<p><strong>Ataques \u00e0 democracia<\/strong><\/p>\n\n\n\n<p>A respeito dos ataques aos pr\u00e9dios dos tr\u00eas Poderes, ocorridos em 8 de janeiro em Bras\u00edlia &#8212; quando o Congresso Nacional, o Supremo Tribunal Federal e o Pal\u00e1cio do Planalto foram invadidos, vandalizados e depredados &#8211;, Fernando Haddad reafirmou \u201co compromisso do Brasil com o combate a todo tipo de extremismo que vem dando a t\u00f4nica no \u00faltimo per\u00edodo\u201d, disse.<br>&nbsp;<\/p>\n\n\n\n<p>Haddad enfatizou a resposta imediata dada pelas institui\u00e7\u00f5es brasileiras em rela\u00e7\u00e3o aos ataques. \u201cNo dia seguinte, houve uma interven\u00e7\u00e3o na seguran\u00e7a p\u00fablica do Distrito Federal, o afastamento judicial do governador do DF, a visita dos 27 governadores a Bras\u00edlia, que se reuniram com os tr\u00eas Poderes da Rep\u00fablica &#8212; Executivo, Legislativo e Judici\u00e1rio &#8212; num gesto de compromisso com a Constitui\u00e7\u00e3o e com a agenda democr\u00e1tica. Acredito que a pr\u00f3pria maneira como o presidente Lula vem se comportando, e a receptividade que ele vem tendo tanto no Congresso, quanto no Judici\u00e1rio, \u00e9 a prova de que n\u00f3s estamos no bom caminho\u201d, considerou. O ministro ressaltou, ainda, o compromisso do Brasil em dar suporte \u00e0s jornadas democr\u00e1ticas que o mundo est\u00e1 vivendo, sobretudo na Am\u00e9rica do Sul.<\/p>\n\n\n\n<p><br><em><strong>Secretaria de Comunica\u00e7\u00e3o Social da Presid\u00eancia da Rep\u00fablica<\/strong><\/em><\/p>\n\n\n\n<p><\/p>\n\n\n<div class=\"wp-block-image\">\n<figure class=\"aligncenter size-full\"><a href=\"https:\/\/al.ms.gov.br\/\"><img fetchpriority=\"high\" decoding=\"async\" width=\"900\" height=\"100\" src=\"https:\/\/msconectado.com.br\/wp-content\/uploads\/2023\/01\/001__900X100PX.gif\" alt=\"\" class=\"wp-image-17227\"\/><\/a><\/figure>\n<\/div>","protected":false},"excerpt":{"rendered":"<p>As reformas econ\u00f4micas no Brasil caminham junto com os objetivos de sustentabilidade. Esta \u00e9 uma das principais mensagens que o governo federal pretende passar \u00e0 comunidade internacional durante o F\u00f3rum Econ\u00f4mico Mundial, que tem in\u00edcio nesta segunda-feira (16\/1) em Davos, na Su\u00ed\u00e7a.&nbsp; Representando o Brasil &#8212; juntamente com a ministra do Meio Ambiente, Marina Silva [&hellip;]<\/p>\n","protected":false},"author":2,"featured_media":17492,"comment_status":"open","ping_status":"closed","sticky":false,"template":"","format":"standard","meta":{"footnotes":""},"categories":[33],"tags":[],"class_list":["post-17491","post","type-post","status-publish","format-standard","has-post-thumbnail","hentry","category-politica"],"yoast_head":"<!-- This site is optimized with the Yoast SEO plugin v27.5 - https:\/\/yoast.com\/product\/yoast-seo-wordpress\/ -->\n<title>Haddad defende retomada do crescimento econ\u00f4mico aliada \u00e0 sustentabilidade fiscal e ambiental. Saiba mais. - MsConectado<\/title>\n<meta name=\"robots\" content=\"index, follow, max-snippet:-1, max-image-preview:large, max-video-preview:-1\" \/>\n<link rel=\"canonical\" href=\"https:\/\/msconectado.com.br\/?p=17491\" \/>\n<meta property=\"og:locale\" content=\"pt_BR\" \/>\n<meta property=\"og:type\" content=\"article\" \/>\n<meta property=\"og:title\" content=\"Haddad defende retomada do crescimento econ\u00f4mico aliada \u00e0 sustentabilidade fiscal e ambiental. Saiba mais. - MsConectado\" \/>\n<meta property=\"og:description\" content=\"As reformas econ\u00f4micas no Brasil caminham junto com os objetivos de sustentabilidade. Esta \u00e9 uma das principais mensagens que o governo federal pretende passar \u00e0 comunidade internacional durante o F\u00f3rum Econ\u00f4mico Mundial, que tem in\u00edcio nesta segunda-feira (16\/1) em Davos, na Su\u00ed\u00e7a.&nbsp; Representando o Brasil &#8212; juntamente com a ministra do Meio Ambiente, Marina Silva [&hellip;]\" \/>\n<meta property=\"og:url\" content=\"https:\/\/msconectado.com.br\/?p=17491\" \/>\n<meta property=\"og:site_name\" content=\"MsConectado\" \/>\n<meta property=\"article:published_time\" content=\"2023-01-17T12:13:55+00:00\" \/>\n<meta property=\"article:modified_time\" content=\"2023-01-17T12:13:56+00:00\" \/>\n<meta property=\"og:image\" content=\"https:\/\/msconectado.com.br\/wp-content\/uploads\/2023\/01\/9173f9d8-af99-4b5b-b335-2e39ad143ebb.jpg\" \/>\n\t<meta property=\"og:image:width\" content=\"768\" \/>\n\t<meta property=\"og:image:height\" content=\"398\" \/>\n\t<meta property=\"og:image:type\" content=\"image\/jpeg\" \/>\n<meta name=\"author\" content=\"MsConectado\" \/>\n<meta name=\"twitter:card\" content=\"summary_large_image\" \/>\n<meta name=\"twitter:label1\" content=\"Escrito por\" \/>\n\t<meta name=\"twitter:data1\" content=\"MsConectado\" \/>\n\t<meta name=\"twitter:label2\" content=\"Est. tempo de leitura\" \/>\n\t<meta name=\"twitter:data2\" content=\"2 minutos\" \/>\n<script type=\"application\/ld+json\" class=\"yoast-schema-graph\">{\"@context\":\"https:\\\/\\\/schema.org\",\"@graph\":[{\"@type\":\"Article\",\"@id\":\"https:\\\/\\\/msconectado.com.br\\\/?p=17491#article\",\"isPartOf\":{\"@id\":\"https:\\\/\\\/msconectado.com.br\\\/?p=17491\"},\"author\":{\"name\":\"MsConectado\",\"@id\":\"https:\\\/\\\/msconectado.com.br\\\/#\\\/schema\\\/person\\\/e5585545b5687092f1041d350b6e2c16\"},\"headline\":\"Haddad defende retomada do crescimento econ\u00f4mico aliada \u00e0 sustentabilidade fiscal e ambiental. Saiba mais.\",\"datePublished\":\"2023-01-17T12:13:55+00:00\",\"dateModified\":\"2023-01-17T12:13:56+00:00\",\"mainEntityOfPage\":{\"@id\":\"https:\\\/\\\/msconectado.com.br\\\/?p=17491\"},\"wordCount\":404,\"commentCount\":0,\"publisher\":{\"@id\":\"https:\\\/\\\/msconectado.com.br\\\/#organization\"},\"image\":{\"@id\":\"https:\\\/\\\/msconectado.com.br\\\/?p=17491#primaryimage\"},\"thumbnailUrl\":\"https:\\\/\\\/msconectado.com.br\\\/wp-content\\\/uploads\\\/2023\\\/01\\\/9173f9d8-af99-4b5b-b335-2e39ad143ebb.jpg\",\"articleSection\":[\"Pol\u00edtica\"],\"inLanguage\":\"pt-BR\",\"potentialAction\":[{\"@type\":\"CommentAction\",\"name\":\"Comment\",\"target\":[\"https:\\\/\\\/msconectado.com.br\\\/?p=17491#respond\"]}]},{\"@type\":\"WebPage\",\"@id\":\"https:\\\/\\\/msconectado.com.br\\\/?p=17491\",\"url\":\"https:\\\/\\\/msconectado.com.br\\\/?p=17491\",\"name\":\"Haddad defende retomada do crescimento econ\u00f4mico aliada \u00e0 sustentabilidade fiscal e ambiental. Saiba mais. - MsConectado\",\"isPartOf\":{\"@id\":\"https:\\\/\\\/msconectado.com.br\\\/#website\"},\"primaryImageOfPage\":{\"@id\":\"https:\\\/\\\/msconectado.com.br\\\/?p=17491#primaryimage\"},\"image\":{\"@id\":\"https:\\\/\\\/msconectado.com.br\\\/?p=17491#primaryimage\"},\"thumbnailUrl\":\"https:\\\/\\\/msconectado.com.br\\\/wp-content\\\/uploads\\\/2023\\\/01\\\/9173f9d8-af99-4b5b-b335-2e39ad143ebb.jpg\",\"datePublished\":\"2023-01-17T12:13:55+00:00\",\"dateModified\":\"2023-01-17T12:13:56+00:00\",\"breadcrumb\":{\"@id\":\"https:\\\/\\\/msconectado.com.br\\\/?p=17491#breadcrumb\"},\"inLanguage\":\"pt-BR\",\"potentialAction\":[{\"@type\":\"ReadAction\",\"target\":[\"https:\\\/\\\/msconectado.com.br\\\/?p=17491\"]}]},{\"@type\":\"ImageObject\",\"inLanguage\":\"pt-BR\",\"@id\":\"https:\\\/\\\/msconectado.com.br\\\/?p=17491#primaryimage\",\"url\":\"https:\\\/\\\/msconectado.com.br\\\/wp-content\\\/uploads\\\/2023\\\/01\\\/9173f9d8-af99-4b5b-b335-2e39ad143ebb.jpg\",\"contentUrl\":\"https:\\\/\\\/msconectado.com.br\\\/wp-content\\\/uploads\\\/2023\\\/01\\\/9173f9d8-af99-4b5b-b335-2e39ad143ebb.jpg\",\"width\":768,\"height\":398},{\"@type\":\"BreadcrumbList\",\"@id\":\"https:\\\/\\\/msconectado.com.br\\\/?p=17491#breadcrumb\",\"itemListElement\":[{\"@type\":\"ListItem\",\"position\":1,\"name\":\"In\u00edcio\",\"item\":\"https:\\\/\\\/msconectado.com.br\\\/\"},{\"@type\":\"ListItem\",\"position\":2,\"name\":\"Haddad defende retomada do crescimento econ\u00f4mico aliada \u00e0 sustentabilidade fiscal e ambiental. Saiba mais.\"}]},{\"@type\":\"WebSite\",\"@id\":\"https:\\\/\\\/msconectado.com.br\\\/#website\",\"url\":\"https:\\\/\\\/msconectado.com.br\\\/\",\"name\":\"MsConectado\",\"description\":\"Voc\u00ea Conectado com a Not\u00edcia!\",\"publisher\":{\"@id\":\"https:\\\/\\\/msconectado.com.br\\\/#organization\"},\"potentialAction\":[{\"@type\":\"SearchAction\",\"target\":{\"@type\":\"EntryPoint\",\"urlTemplate\":\"https:\\\/\\\/msconectado.com.br\\\/?s={search_term_string}\"},\"query-input\":{\"@type\":\"PropertyValueSpecification\",\"valueRequired\":true,\"valueName\":\"search_term_string\"}}],\"inLanguage\":\"pt-BR\"},{\"@type\":\"Organization\",\"@id\":\"https:\\\/\\\/msconectado.com.br\\\/#organization\",\"name\":\"MsConectado\",\"url\":\"https:\\\/\\\/msconectado.com.br\\\/\",\"logo\":{\"@type\":\"ImageObject\",\"inLanguage\":\"pt-BR\",\"@id\":\"https:\\\/\\\/msconectado.com.br\\\/#\\\/schema\\\/logo\\\/image\\\/\",\"url\":\"https:\\\/\\\/msconectado.com.br\\\/wp-content\\\/uploads\\\/2023\\\/01\\\/cropped-noticia-2.png\",\"contentUrl\":\"https:\\\/\\\/msconectado.com.br\\\/wp-content\\\/uploads\\\/2023\\\/01\\\/cropped-noticia-2.png\",\"width\":720,\"height\":157,\"caption\":\"MsConectado\"},\"image\":{\"@id\":\"https:\\\/\\\/msconectado.com.br\\\/#\\\/schema\\\/logo\\\/image\\\/\"}},{\"@type\":\"Person\",\"@id\":\"https:\\\/\\\/msconectado.com.br\\\/#\\\/schema\\\/person\\\/e5585545b5687092f1041d350b6e2c16\",\"name\":\"MsConectado\",\"image\":{\"@type\":\"ImageObject\",\"inLanguage\":\"pt-BR\",\"@id\":\"https:\\\/\\\/secure.gravatar.com\\\/avatar\\\/3b4f84a0a8a4380ac4431fa79981d073692380c5da00ae97596e794ab0db5c8c?s=96&d=mm&r=g\",\"url\":\"https:\\\/\\\/secure.gravatar.com\\\/avatar\\\/3b4f84a0a8a4380ac4431fa79981d073692380c5da00ae97596e794ab0db5c8c?s=96&d=mm&r=g\",\"contentUrl\":\"https:\\\/\\\/secure.gravatar.com\\\/avatar\\\/3b4f84a0a8a4380ac4431fa79981d073692380c5da00ae97596e794ab0db5c8c?s=96&d=mm&r=g\",\"caption\":\"MsConectado\"},\"url\":\"https:\\\/\\\/msconectado.com.br\\\/?author=2\"}]}<\/script>\n<!-- \/ Yoast SEO plugin. -->","yoast_head_json":{"title":"Haddad defende retomada do crescimento econ\u00f4mico aliada \u00e0 sustentabilidade fiscal e ambiental. Saiba mais. - MsConectado","robots":{"index":"index","follow":"follow","max-snippet":"max-snippet:-1","max-image-preview":"max-image-preview:large","max-video-preview":"max-video-preview:-1"},"canonical":"https:\/\/msconectado.com.br\/?p=17491","og_locale":"pt_BR","og_type":"article","og_title":"Haddad defende retomada do crescimento econ\u00f4mico aliada \u00e0 sustentabilidade fiscal e ambiental. Saiba mais. - MsConectado","og_description":"As reformas econ\u00f4micas no Brasil caminham junto com os objetivos de sustentabilidade. Esta \u00e9 uma das principais mensagens que o governo federal pretende passar \u00e0 comunidade internacional durante o F\u00f3rum Econ\u00f4mico Mundial, que tem in\u00edcio nesta segunda-feira (16\/1) em Davos, na Su\u00ed\u00e7a.&nbsp; Representando o Brasil &#8212; juntamente com a ministra do Meio Ambiente, Marina Silva [&hellip;]","og_url":"https:\/\/msconectado.com.br\/?p=17491","og_site_name":"MsConectado","article_published_time":"2023-01-17T12:13:55+00:00","article_modified_time":"2023-01-17T12:13:56+00:00","og_image":[{"width":768,"height":398,"url":"https:\/\/msconectado.com.br\/wp-content\/uploads\/2023\/01\/9173f9d8-af99-4b5b-b335-2e39ad143ebb.jpg","type":"image\/jpeg"}],"author":"MsConectado","twitter_card":"summary_large_image","twitter_misc":{"Escrito por":"MsConectado","Est. tempo de leitura":"2 minutos"},"schema":{"@context":"https:\/\/schema.org","@graph":[{"@type":"Article","@id":"https:\/\/msconectado.com.br\/?p=17491#article","isPartOf":{"@id":"https:\/\/msconectado.com.br\/?p=17491"},"author":{"name":"MsConectado","@id":"https:\/\/msconectado.com.br\/#\/schema\/person\/e5585545b5687092f1041d350b6e2c16"},"headline":"Haddad defende retomada do crescimento econ\u00f4mico aliada \u00e0 sustentabilidade fiscal e ambiental. Saiba mais.","datePublished":"2023-01-17T12:13:55+00:00","dateModified":"2023-01-17T12:13:56+00:00","mainEntityOfPage":{"@id":"https:\/\/msconectado.com.br\/?p=17491"},"wordCount":404,"commentCount":0,"publisher":{"@id":"https:\/\/msconectado.com.br\/#organization"},"image":{"@id":"https:\/\/msconectado.com.br\/?p=17491#primaryimage"},"thumbnailUrl":"https:\/\/msconectado.com.br\/wp-content\/uploads\/2023\/01\/9173f9d8-af99-4b5b-b335-2e39ad143ebb.jpg","articleSection":["Pol\u00edtica"],"inLanguage":"pt-BR","potentialAction":[{"@type":"CommentAction","name":"Comment","target":["https:\/\/msconectado.com.br\/?p=17491#respond"]}]},{"@type":"WebPage","@id":"https:\/\/msconectado.com.br\/?p=17491","url":"https:\/\/msconectado.com.br\/?p=17491","name":"Haddad defende retomada do crescimento econ\u00f4mico aliada \u00e0 sustentabilidade fiscal e ambiental. Saiba mais. - MsConectado","isPartOf":{"@id":"https:\/\/msconectado.com.br\/#website"},"primaryImageOfPage":{"@id":"https:\/\/msconectado.com.br\/?p=17491#primaryimage"},"image":{"@id":"https:\/\/msconectado.com.br\/?p=17491#primaryimage"},"thumbnailUrl":"https:\/\/msconectado.com.br\/wp-content\/uploads\/2023\/01\/9173f9d8-af99-4b5b-b335-2e39ad143ebb.jpg","datePublished":"2023-01-17T12:13:55+00:00","dateModified":"2023-01-17T12:13:56+00:00","breadcrumb":{"@id":"https:\/\/msconectado.com.br\/?p=17491#breadcrumb"},"inLanguage":"pt-BR","potentialAction":[{"@type":"ReadAction","target":["https:\/\/msconectado.com.br\/?p=17491"]}]},{"@type":"ImageObject","inLanguage":"pt-BR","@id":"https:\/\/msconectado.com.br\/?p=17491#primaryimage","url":"https:\/\/msconectado.com.br\/wp-content\/uploads\/2023\/01\/9173f9d8-af99-4b5b-b335-2e39ad143ebb.jpg","contentUrl":"https:\/\/msconectado.com.br\/wp-content\/uploads\/2023\/01\/9173f9d8-af99-4b5b-b335-2e39ad143ebb.jpg","width":768,"height":398},{"@type":"BreadcrumbList","@id":"https:\/\/msconectado.com.br\/?p=17491#breadcrumb","itemListElement":[{"@type":"ListItem","position":1,"name":"In\u00edcio","item":"https:\/\/msconectado.com.br\/"},{"@type":"ListItem","position":2,"name":"Haddad defende retomada do crescimento econ\u00f4mico aliada \u00e0 sustentabilidade fiscal e ambiental. Saiba mais."}]},{"@type":"WebSite","@id":"https:\/\/msconectado.com.br\/#website","url":"https:\/\/msconectado.com.br\/","name":"MsConectado","description":"Voc\u00ea Conectado com a Not\u00edcia!","publisher":{"@id":"https:\/\/msconectado.com.br\/#organization"},"potentialAction":[{"@type":"SearchAction","target":{"@type":"EntryPoint","urlTemplate":"https:\/\/msconectado.com.br\/?s={search_term_string}"},"query-input":{"@type":"PropertyValueSpecification","valueRequired":true,"valueName":"search_term_string"}}],"inLanguage":"pt-BR"},{"@type":"Organization","@id":"https:\/\/msconectado.com.br\/#organization","name":"MsConectado","url":"https:\/\/msconectado.com.br\/","logo":{"@type":"ImageObject","inLanguage":"pt-BR","@id":"https:\/\/msconectado.com.br\/#\/schema\/logo\/image\/","url":"https:\/\/msconectado.com.br\/wp-content\/uploads\/2023\/01\/cropped-noticia-2.png","contentUrl":"https:\/\/msconectado.com.br\/wp-content\/uploads\/2023\/01\/cropped-noticia-2.png","width":720,"height":157,"caption":"MsConectado"},"image":{"@id":"https:\/\/msconectado.com.br\/#\/schema\/logo\/image\/"}},{"@type":"Person","@id":"https:\/\/msconectado.com.br\/#\/schema\/person\/e5585545b5687092f1041d350b6e2c16","name":"MsConectado","image":{"@type":"ImageObject","inLanguage":"pt-BR","@id":"https:\/\/secure.gravatar.com\/avatar\/3b4f84a0a8a4380ac4431fa79981d073692380c5da00ae97596e794ab0db5c8c?s=96&d=mm&r=g","url":"https:\/\/secure.gravatar.com\/avatar\/3b4f84a0a8a4380ac4431fa79981d073692380c5da00ae97596e794ab0db5c8c?s=96&d=mm&r=g","contentUrl":"https:\/\/secure.gravatar.com\/avatar\/3b4f84a0a8a4380ac4431fa79981d073692380c5da00ae97596e794ab0db5c8c?s=96&d=mm&r=g","caption":"MsConectado"},"url":"https:\/\/msconectado.com.br\/?author=2"}]}},"_links":{"self":[{"href":"https:\/\/msconectado.com.br\/index.php?rest_route=\/wp\/v2\/posts\/17491","targetHints":{"allow":["GET"]}}],"collection":[{"href":"https:\/\/msconectado.com.br\/index.php?rest_route=\/wp\/v2\/posts"}],"about":[{"href":"https:\/\/msconectado.com.br\/index.php?rest_route=\/wp\/v2\/types\/post"}],"author":[{"embeddable":true,"href":"https:\/\/msconectado.com.br\/index.php?rest_route=\/wp\/v2\/users\/2"}],"replies":[{"embeddable":true,"href":"https:\/\/msconectado.com.br\/index.php?rest_route=%2Fwp%2Fv2%2Fcomments&post=17491"}],"version-history":[{"count":1,"href":"https:\/\/msconectado.com.br\/index.php?rest_route=\/wp\/v2\/posts\/17491\/revisions"}],"predecessor-version":[{"id":17493,"href":"https:\/\/msconectado.com.br\/index.php?rest_route=\/wp\/v2\/posts\/17491\/revisions\/17493"}],"wp:featuredmedia":[{"embeddable":true,"href":"https:\/\/msconectado.com.br\/index.php?rest_route=\/wp\/v2\/media\/17492"}],"wp:attachment":[{"href":"https:\/\/msconectado.com.br\/index.php?rest_route=%2Fwp%2Fv2%2Fmedia&parent=17491"}],"wp:term":[{"taxonomy":"category","embeddable":true,"href":"https:\/\/msconectado.com.br\/index.php?rest_route=%2Fwp%2Fv2%2Fcategories&post=17491"},{"taxonomy":"post_tag","embeddable":true,"href":"https:\/\/msconectado.com.br\/index.php?rest_route=%2Fwp%2Fv2%2Ftags&post=17491"}],"curies":[{"name":"wp","href":"https:\/\/api.w.org\/{rel}","templated":true}]}}