
{"id":17498,"date":"2023-01-17T12:49:06","date_gmt":"2023-01-17T12:49:06","guid":{"rendered":"https:\/\/msconectado.com.br\/?p=17498"},"modified":"2023-01-17T12:49:06","modified_gmt":"2023-01-17T12:49:06","slug":"laudir-questiona-procon-sobre-aumento-do-preco-do-combustivel-em-dourados-saiba-mais","status":"publish","type":"post","link":"https:\/\/msconectado.com.br\/?p=17498","title":{"rendered":"Laudir questiona Procon sobre aumento do pre\u00e7o do combust\u00edvel em Dourados. Saiba mais."},"content":{"rendered":"\n<p>O presidente da C\u00e2mara Municipal de Dourados, o vereador Laudir Munaretto (MDB), encaminhou um of\u00edcio ao Procon (Programa Municipal de Prote\u00e7\u00e3o e Defesa do Consumidor) questionando a fiscaliza\u00e7\u00e3o devido ao aumento repentino dos pre\u00e7os dos combust\u00edveis no munic\u00edpio. O documento solicitando as informa\u00e7\u00f5es foi encaminhado considerando que, o Decreto Federal e a Medida Provis\u00f3ria n\u00b0 1.157 prorrogou a isen\u00e7\u00e3o dos impostos federais PIS\/Cofins e Cide sobre os combust\u00edveis. No caso da gasolina e etanol, a desonera\u00e7\u00e3o vale por 60 dias, ou seja, at\u00e9 28 de fevereiro de 2023, enquanto para o \u00f3leo diesel at\u00e9 o dia 31 de dezembro deste ano.<\/p>\n\n\n\n<p>Em of\u00edcio, o parlamentar questionou se a equipe do Procon de Dourados notificou os estabelecimentos do munic\u00edpio, com o intuito de verificar o valor do reajuste no pre\u00e7o dos combust\u00edveis e quais as raz\u00f5es que justificaram essas mudan\u00e7as. Al\u00e9m disso, o presidente da C\u00e2mara de Dourados, questionou se o \u00f3rg\u00e3o fez uma pesquisa detalhada sobre o valor do litro dos combust\u00edveis no munic\u00edpio no per\u00edodo de dezembro de 2022 a janeiro de 2023 e quais medidas adotadas a respeito da alta dos pre\u00e7os neste per\u00edodo.<\/p>\n\n\n\n<p>\u201cAinda n\u00e3o est\u00e1 claro para a popula\u00e7\u00e3o douradense o motivo da alta dos pre\u00e7os dos combust\u00edveis neste per\u00edodo de transi\u00e7\u00e3o do Governo Federal. Por isso estamos recorrendo ao Procon para que verifique essa situa\u00e7\u00e3o o mais urgente poss\u00edvel para que o cidad\u00e3o n\u00e3o seja prejudicado\u201d, explicou Laudir.<\/p>\n\n\n\n<p><\/p>\n\n\n\n<p>Assessoria<\/p>\n\n\n\n<p><\/p>\n\n\n<div class=\"wp-block-image\">\n<figure class=\"aligncenter size-full\"><a href=\"https:\/\/www.al.ms.gov.br\/\" rel=\"https:\/\/www.al.ms.gov.br\/\"><img fetchpriority=\"high\" decoding=\"async\" width=\"900\" height=\"100\" src=\"https:\/\/msconectado.com.br\/wp-content\/uploads\/2023\/01\/001__900X100PX.gif\" alt=\"\" class=\"wp-image-17227\"\/><\/a><\/figure>\n<\/div>","protected":false},"excerpt":{"rendered":"<p>O presidente da C\u00e2mara Municipal de Dourados, o vereador Laudir Munaretto (MDB), encaminhou um of\u00edcio ao Procon (Programa Municipal de Prote\u00e7\u00e3o e Defesa do Consumidor) questionando a fiscaliza\u00e7\u00e3o devido ao aumento repentino dos pre\u00e7os dos combust\u00edveis no munic\u00edpio. O documento solicitando as informa\u00e7\u00f5es foi encaminhado considerando que, o Decreto Federal e a Medida Provis\u00f3ria n\u00b0 [&hellip;]<\/p>\n","protected":false},"author":2,"featured_media":17499,"comment_status":"open","ping_status":"closed","sticky":false,"template":"","format":"standard","meta":{"footnotes":""},"categories":[35],"tags":[],"class_list":["post-17498","post","type-post","status-publish","format-standard","has-post-thumbnail","hentry","category-cidades"],"yoast_head":"<!-- This site is optimized with the Yoast SEO plugin v27.5 - https:\/\/yoast.com\/product\/yoast-seo-wordpress\/ -->\n<title>Laudir questiona Procon sobre aumento do pre\u00e7o do combust\u00edvel em Dourados. Saiba mais. - MsConectado<\/title>\n<meta name=\"robots\" content=\"index, follow, max-snippet:-1, max-image-preview:large, max-video-preview:-1\" \/>\n<link rel=\"canonical\" href=\"https:\/\/msconectado.com.br\/?p=17498\" \/>\n<meta property=\"og:locale\" content=\"pt_BR\" \/>\n<meta property=\"og:type\" content=\"article\" \/>\n<meta property=\"og:title\" content=\"Laudir questiona Procon sobre aumento do pre\u00e7o do combust\u00edvel em Dourados. Saiba mais. - MsConectado\" \/>\n<meta property=\"og:description\" content=\"O presidente da C\u00e2mara Municipal de Dourados, o vereador Laudir Munaretto (MDB), encaminhou um of\u00edcio ao Procon (Programa Municipal de Prote\u00e7\u00e3o e Defesa do Consumidor) questionando a fiscaliza\u00e7\u00e3o devido ao aumento repentino dos pre\u00e7os dos combust\u00edveis no munic\u00edpio. O documento solicitando as informa\u00e7\u00f5es foi encaminhado considerando que, o Decreto Federal e a Medida Provis\u00f3ria n\u00b0 [&hellip;]\" \/>\n<meta property=\"og:url\" content=\"https:\/\/msconectado.com.br\/?p=17498\" \/>\n<meta property=\"og:site_name\" content=\"MsConectado\" \/>\n<meta property=\"article:published_time\" content=\"2023-01-17T12:49:06+00:00\" \/>\n<meta property=\"og:image\" content=\"https:\/\/msconectado.com.br\/wp-content\/uploads\/2023\/01\/laudir.jpg\" \/>\n\t<meta property=\"og:image:width\" content=\"440\" \/>\n\t<meta property=\"og:image:height\" content=\"270\" \/>\n\t<meta property=\"og:image:type\" content=\"image\/jpeg\" \/>\n<meta name=\"author\" content=\"MsConectado\" \/>\n<meta name=\"twitter:card\" content=\"summary_large_image\" \/>\n<meta name=\"twitter:label1\" content=\"Escrito por\" \/>\n\t<meta name=\"twitter:data1\" content=\"MsConectado\" \/>\n\t<meta name=\"twitter:label2\" content=\"Est. tempo de leitura\" \/>\n\t<meta name=\"twitter:data2\" content=\"1 minuto\" \/>\n<script type=\"application\/ld+json\" class=\"yoast-schema-graph\">{\"@context\":\"https:\\\/\\\/schema.org\",\"@graph\":[{\"@type\":\"Article\",\"@id\":\"https:\\\/\\\/msconectado.com.br\\\/?p=17498#article\",\"isPartOf\":{\"@id\":\"https:\\\/\\\/msconectado.com.br\\\/?p=17498\"},\"author\":{\"name\":\"MsConectado\",\"@id\":\"https:\\\/\\\/msconectado.com.br\\\/#\\\/schema\\\/person\\\/e5585545b5687092f1041d350b6e2c16\"},\"headline\":\"Laudir questiona Procon sobre aumento do pre\u00e7o do combust\u00edvel em Dourados. Saiba mais.\",\"datePublished\":\"2023-01-17T12:49:06+00:00\",\"mainEntityOfPage\":{\"@id\":\"https:\\\/\\\/msconectado.com.br\\\/?p=17498\"},\"wordCount\":279,\"commentCount\":0,\"publisher\":{\"@id\":\"https:\\\/\\\/msconectado.com.br\\\/#organization\"},\"image\":{\"@id\":\"https:\\\/\\\/msconectado.com.br\\\/?p=17498#primaryimage\"},\"thumbnailUrl\":\"https:\\\/\\\/msconectado.com.br\\\/wp-content\\\/uploads\\\/2023\\\/01\\\/laudir.jpg\",\"articleSection\":[\"Cidades\"],\"inLanguage\":\"pt-BR\",\"potentialAction\":[{\"@type\":\"CommentAction\",\"name\":\"Comment\",\"target\":[\"https:\\\/\\\/msconectado.com.br\\\/?p=17498#respond\"]}]},{\"@type\":\"WebPage\",\"@id\":\"https:\\\/\\\/msconectado.com.br\\\/?p=17498\",\"url\":\"https:\\\/\\\/msconectado.com.br\\\/?p=17498\",\"name\":\"Laudir questiona Procon sobre aumento do pre\u00e7o do combust\u00edvel em Dourados. Saiba mais. - MsConectado\",\"isPartOf\":{\"@id\":\"https:\\\/\\\/msconectado.com.br\\\/#website\"},\"primaryImageOfPage\":{\"@id\":\"https:\\\/\\\/msconectado.com.br\\\/?p=17498#primaryimage\"},\"image\":{\"@id\":\"https:\\\/\\\/msconectado.com.br\\\/?p=17498#primaryimage\"},\"thumbnailUrl\":\"https:\\\/\\\/msconectado.com.br\\\/wp-content\\\/uploads\\\/2023\\\/01\\\/laudir.jpg\",\"datePublished\":\"2023-01-17T12:49:06+00:00\",\"breadcrumb\":{\"@id\":\"https:\\\/\\\/msconectado.com.br\\\/?p=17498#breadcrumb\"},\"inLanguage\":\"pt-BR\",\"potentialAction\":[{\"@type\":\"ReadAction\",\"target\":[\"https:\\\/\\\/msconectado.com.br\\\/?p=17498\"]}]},{\"@type\":\"ImageObject\",\"inLanguage\":\"pt-BR\",\"@id\":\"https:\\\/\\\/msconectado.com.br\\\/?p=17498#primaryimage\",\"url\":\"https:\\\/\\\/msconectado.com.br\\\/wp-content\\\/uploads\\\/2023\\\/01\\\/laudir.jpg\",\"contentUrl\":\"https:\\\/\\\/msconectado.com.br\\\/wp-content\\\/uploads\\\/2023\\\/01\\\/laudir.jpg\",\"width\":440,\"height\":270},{\"@type\":\"BreadcrumbList\",\"@id\":\"https:\\\/\\\/msconectado.com.br\\\/?p=17498#breadcrumb\",\"itemListElement\":[{\"@type\":\"ListItem\",\"position\":1,\"name\":\"In\u00edcio\",\"item\":\"https:\\\/\\\/msconectado.com.br\\\/\"},{\"@type\":\"ListItem\",\"position\":2,\"name\":\"Laudir questiona Procon sobre aumento do pre\u00e7o do combust\u00edvel em Dourados. Saiba mais.\"}]},{\"@type\":\"WebSite\",\"@id\":\"https:\\\/\\\/msconectado.com.br\\\/#website\",\"url\":\"https:\\\/\\\/msconectado.com.br\\\/\",\"name\":\"MsConectado\",\"description\":\"Voc\u00ea Conectado com a Not\u00edcia!\",\"publisher\":{\"@id\":\"https:\\\/\\\/msconectado.com.br\\\/#organization\"},\"potentialAction\":[{\"@type\":\"SearchAction\",\"target\":{\"@type\":\"EntryPoint\",\"urlTemplate\":\"https:\\\/\\\/msconectado.com.br\\\/?s={search_term_string}\"},\"query-input\":{\"@type\":\"PropertyValueSpecification\",\"valueRequired\":true,\"valueName\":\"search_term_string\"}}],\"inLanguage\":\"pt-BR\"},{\"@type\":\"Organization\",\"@id\":\"https:\\\/\\\/msconectado.com.br\\\/#organization\",\"name\":\"MsConectado\",\"url\":\"https:\\\/\\\/msconectado.com.br\\\/\",\"logo\":{\"@type\":\"ImageObject\",\"inLanguage\":\"pt-BR\",\"@id\":\"https:\\\/\\\/msconectado.com.br\\\/#\\\/schema\\\/logo\\\/image\\\/\",\"url\":\"https:\\\/\\\/msconectado.com.br\\\/wp-content\\\/uploads\\\/2023\\\/01\\\/cropped-noticia-2.png\",\"contentUrl\":\"https:\\\/\\\/msconectado.com.br\\\/wp-content\\\/uploads\\\/2023\\\/01\\\/cropped-noticia-2.png\",\"width\":720,\"height\":157,\"caption\":\"MsConectado\"},\"image\":{\"@id\":\"https:\\\/\\\/msconectado.com.br\\\/#\\\/schema\\\/logo\\\/image\\\/\"}},{\"@type\":\"Person\",\"@id\":\"https:\\\/\\\/msconectado.com.br\\\/#\\\/schema\\\/person\\\/e5585545b5687092f1041d350b6e2c16\",\"name\":\"MsConectado\",\"image\":{\"@type\":\"ImageObject\",\"inLanguage\":\"pt-BR\",\"@id\":\"https:\\\/\\\/secure.gravatar.com\\\/avatar\\\/3b4f84a0a8a4380ac4431fa79981d073692380c5da00ae97596e794ab0db5c8c?s=96&d=mm&r=g\",\"url\":\"https:\\\/\\\/secure.gravatar.com\\\/avatar\\\/3b4f84a0a8a4380ac4431fa79981d073692380c5da00ae97596e794ab0db5c8c?s=96&d=mm&r=g\",\"contentUrl\":\"https:\\\/\\\/secure.gravatar.com\\\/avatar\\\/3b4f84a0a8a4380ac4431fa79981d073692380c5da00ae97596e794ab0db5c8c?s=96&d=mm&r=g\",\"caption\":\"MsConectado\"},\"url\":\"https:\\\/\\\/msconectado.com.br\\\/?author=2\"}]}<\/script>\n<!-- \/ Yoast SEO plugin. -->","yoast_head_json":{"title":"Laudir questiona Procon sobre aumento do pre\u00e7o do combust\u00edvel em Dourados. Saiba mais. - MsConectado","robots":{"index":"index","follow":"follow","max-snippet":"max-snippet:-1","max-image-preview":"max-image-preview:large","max-video-preview":"max-video-preview:-1"},"canonical":"https:\/\/msconectado.com.br\/?p=17498","og_locale":"pt_BR","og_type":"article","og_title":"Laudir questiona Procon sobre aumento do pre\u00e7o do combust\u00edvel em Dourados. Saiba mais. - MsConectado","og_description":"O presidente da C\u00e2mara Municipal de Dourados, o vereador Laudir Munaretto (MDB), encaminhou um of\u00edcio ao Procon (Programa Municipal de Prote\u00e7\u00e3o e Defesa do Consumidor) questionando a fiscaliza\u00e7\u00e3o devido ao aumento repentino dos pre\u00e7os dos combust\u00edveis no munic\u00edpio. O documento solicitando as informa\u00e7\u00f5es foi encaminhado considerando que, o Decreto Federal e a Medida Provis\u00f3ria n\u00b0 [&hellip;]","og_url":"https:\/\/msconectado.com.br\/?p=17498","og_site_name":"MsConectado","article_published_time":"2023-01-17T12:49:06+00:00","og_image":[{"width":440,"height":270,"url":"https:\/\/msconectado.com.br\/wp-content\/uploads\/2023\/01\/laudir.jpg","type":"image\/jpeg"}],"author":"MsConectado","twitter_card":"summary_large_image","twitter_misc":{"Escrito por":"MsConectado","Est. tempo de leitura":"1 minuto"},"schema":{"@context":"https:\/\/schema.org","@graph":[{"@type":"Article","@id":"https:\/\/msconectado.com.br\/?p=17498#article","isPartOf":{"@id":"https:\/\/msconectado.com.br\/?p=17498"},"author":{"name":"MsConectado","@id":"https:\/\/msconectado.com.br\/#\/schema\/person\/e5585545b5687092f1041d350b6e2c16"},"headline":"Laudir questiona Procon sobre aumento do pre\u00e7o do combust\u00edvel em Dourados. Saiba mais.","datePublished":"2023-01-17T12:49:06+00:00","mainEntityOfPage":{"@id":"https:\/\/msconectado.com.br\/?p=17498"},"wordCount":279,"commentCount":0,"publisher":{"@id":"https:\/\/msconectado.com.br\/#organization"},"image":{"@id":"https:\/\/msconectado.com.br\/?p=17498#primaryimage"},"thumbnailUrl":"https:\/\/msconectado.com.br\/wp-content\/uploads\/2023\/01\/laudir.jpg","articleSection":["Cidades"],"inLanguage":"pt-BR","potentialAction":[{"@type":"CommentAction","name":"Comment","target":["https:\/\/msconectado.com.br\/?p=17498#respond"]}]},{"@type":"WebPage","@id":"https:\/\/msconectado.com.br\/?p=17498","url":"https:\/\/msconectado.com.br\/?p=17498","name":"Laudir questiona Procon sobre aumento do pre\u00e7o do combust\u00edvel em Dourados. Saiba mais. - MsConectado","isPartOf":{"@id":"https:\/\/msconectado.com.br\/#website"},"primaryImageOfPage":{"@id":"https:\/\/msconectado.com.br\/?p=17498#primaryimage"},"image":{"@id":"https:\/\/msconectado.com.br\/?p=17498#primaryimage"},"thumbnailUrl":"https:\/\/msconectado.com.br\/wp-content\/uploads\/2023\/01\/laudir.jpg","datePublished":"2023-01-17T12:49:06+00:00","breadcrumb":{"@id":"https:\/\/msconectado.com.br\/?p=17498#breadcrumb"},"inLanguage":"pt-BR","potentialAction":[{"@type":"ReadAction","target":["https:\/\/msconectado.com.br\/?p=17498"]}]},{"@type":"ImageObject","inLanguage":"pt-BR","@id":"https:\/\/msconectado.com.br\/?p=17498#primaryimage","url":"https:\/\/msconectado.com.br\/wp-content\/uploads\/2023\/01\/laudir.jpg","contentUrl":"https:\/\/msconectado.com.br\/wp-content\/uploads\/2023\/01\/laudir.jpg","width":440,"height":270},{"@type":"BreadcrumbList","@id":"https:\/\/msconectado.com.br\/?p=17498#breadcrumb","itemListElement":[{"@type":"ListItem","position":1,"name":"In\u00edcio","item":"https:\/\/msconectado.com.br\/"},{"@type":"ListItem","position":2,"name":"Laudir questiona Procon sobre aumento do pre\u00e7o do combust\u00edvel em Dourados. Saiba mais."}]},{"@type":"WebSite","@id":"https:\/\/msconectado.com.br\/#website","url":"https:\/\/msconectado.com.br\/","name":"MsConectado","description":"Voc\u00ea Conectado com a Not\u00edcia!","publisher":{"@id":"https:\/\/msconectado.com.br\/#organization"},"potentialAction":[{"@type":"SearchAction","target":{"@type":"EntryPoint","urlTemplate":"https:\/\/msconectado.com.br\/?s={search_term_string}"},"query-input":{"@type":"PropertyValueSpecification","valueRequired":true,"valueName":"search_term_string"}}],"inLanguage":"pt-BR"},{"@type":"Organization","@id":"https:\/\/msconectado.com.br\/#organization","name":"MsConectado","url":"https:\/\/msconectado.com.br\/","logo":{"@type":"ImageObject","inLanguage":"pt-BR","@id":"https:\/\/msconectado.com.br\/#\/schema\/logo\/image\/","url":"https:\/\/msconectado.com.br\/wp-content\/uploads\/2023\/01\/cropped-noticia-2.png","contentUrl":"https:\/\/msconectado.com.br\/wp-content\/uploads\/2023\/01\/cropped-noticia-2.png","width":720,"height":157,"caption":"MsConectado"},"image":{"@id":"https:\/\/msconectado.com.br\/#\/schema\/logo\/image\/"}},{"@type":"Person","@id":"https:\/\/msconectado.com.br\/#\/schema\/person\/e5585545b5687092f1041d350b6e2c16","name":"MsConectado","image":{"@type":"ImageObject","inLanguage":"pt-BR","@id":"https:\/\/secure.gravatar.com\/avatar\/3b4f84a0a8a4380ac4431fa79981d073692380c5da00ae97596e794ab0db5c8c?s=96&d=mm&r=g","url":"https:\/\/secure.gravatar.com\/avatar\/3b4f84a0a8a4380ac4431fa79981d073692380c5da00ae97596e794ab0db5c8c?s=96&d=mm&r=g","contentUrl":"https:\/\/secure.gravatar.com\/avatar\/3b4f84a0a8a4380ac4431fa79981d073692380c5da00ae97596e794ab0db5c8c?s=96&d=mm&r=g","caption":"MsConectado"},"url":"https:\/\/msconectado.com.br\/?author=2"}]}},"_links":{"self":[{"href":"https:\/\/msconectado.com.br\/index.php?rest_route=\/wp\/v2\/posts\/17498","targetHints":{"allow":["GET"]}}],"collection":[{"href":"https:\/\/msconectado.com.br\/index.php?rest_route=\/wp\/v2\/posts"}],"about":[{"href":"https:\/\/msconectado.com.br\/index.php?rest_route=\/wp\/v2\/types\/post"}],"author":[{"embeddable":true,"href":"https:\/\/msconectado.com.br\/index.php?rest_route=\/wp\/v2\/users\/2"}],"replies":[{"embeddable":true,"href":"https:\/\/msconectado.com.br\/index.php?rest_route=%2Fwp%2Fv2%2Fcomments&post=17498"}],"version-history":[{"count":1,"href":"https:\/\/msconectado.com.br\/index.php?rest_route=\/wp\/v2\/posts\/17498\/revisions"}],"predecessor-version":[{"id":17500,"href":"https:\/\/msconectado.com.br\/index.php?rest_route=\/wp\/v2\/posts\/17498\/revisions\/17500"}],"wp:featuredmedia":[{"embeddable":true,"href":"https:\/\/msconectado.com.br\/index.php?rest_route=\/wp\/v2\/media\/17499"}],"wp:attachment":[{"href":"https:\/\/msconectado.com.br\/index.php?rest_route=%2Fwp%2Fv2%2Fmedia&parent=17498"}],"wp:term":[{"taxonomy":"category","embeddable":true,"href":"https:\/\/msconectado.com.br\/index.php?rest_route=%2Fwp%2Fv2%2Fcategories&post=17498"},{"taxonomy":"post_tag","embeddable":true,"href":"https:\/\/msconectado.com.br\/index.php?rest_route=%2Fwp%2Fv2%2Ftags&post=17498"}],"curies":[{"name":"wp","href":"https:\/\/api.w.org\/{rel}","templated":true}]}}