
{"id":17537,"date":"2023-01-17T19:49:53","date_gmt":"2023-01-17T19:49:53","guid":{"rendered":"https:\/\/msconectado.com.br\/?p=17537"},"modified":"2023-01-17T19:49:54","modified_gmt":"2023-01-17T19:49:54","slug":"lira-diz-que-todos-serao-chamados-a-responsabilidade-inclusive-parlamentares-saiba-mais","status":"publish","type":"post","link":"https:\/\/msconectado.com.br\/?p=17537","title":{"rendered":"Lira diz que todos ser\u00e3o chamados \u00e0 responsabilidade, inclusive parlamentares. Saiba mais."},"content":{"rendered":"\n<p>O presidente da C\u00e2mara dos Deputados, <a href=\"https:\/\/www.camara.leg.br\/deputados\/160541\">Arthur Lira (PP-AL)<\/a>, afirmou que todos os agentes p\u00fablicos que tiveram alguma responsabilidade nos atos de vandalismo cometidos no dia 8 de janeiro contra os pr\u00e9dios p\u00fablicos dos tr\u00eas Poderes ser\u00e3o responsabilizados, mesmo se forem parlamentares. Lira chamou a aten\u00e7\u00e3o ainda que para o fato de haver parlamentares divulgando informa\u00e7\u00f5es inver\u00eddicas de que n\u00e3o houve invas\u00e3o \u00e0 C\u00e2mara e destacou que esses deputados responder\u00e3o por essas falas.<\/p>\n\n\n\n<p>Lira fez uma visita ao pr\u00e9dio do Batalh\u00e3o da Pol\u00edcia Militar, que pertence \u00e0 C\u00e2mara, e fica localizado pr\u00f3ximo \u00e0 Pra\u00e7a dos Tr\u00eas Poderes acompanhado da governadora do Distrito Federal em exerc\u00edcio, Celina Le\u00e3o, e o interventor federal na seguran\u00e7a do DF, Ricardo Capelli.<\/p>\n\n\n\n<p>Questionado pela imprensa se ele acredita que o ex-presidente Bolsonaro deva ser responsabilizado pelos atos por instigar seus apoiadores a radicalizar, Lira afirmou que cada um responde por seus atos e discursos. \u201cMeu CPF \u00e9 um, o do presidente Bolsonaro \u00e9 outro. Temos que investigar todos os aspectos. Minha fala n\u00e3o muda: todos que praticaram algum ato de vandalismo devem ser punidos\u201d, disse Lira.<\/p>\n\n\n\n<p>\u201cTodos que tiveram responsabilidades ser\u00e3o punidos, inclusive parlamentares que postaram v\u00eddeos publicando inverdades sobre as agress\u00f5es ao pr\u00e9dio da C\u00e2mara. Todos viram, foi grav\u00edssimo. Um parlamentar eleito n\u00e3o pode divulgar informa\u00e7\u00f5es que n\u00e3o condizem com a realidade\u201d, afirmou.<\/p>\n\n\n\n<p><\/p>\n\n\n\n<p>Fonte: Ag\u00eancia C\u00e2mara de Not\u00edcias<\/p>\n\n\n<div class=\"wp-block-image\">\n<figure class=\"aligncenter size-full\"><a href=\"https:\/\/www.instagram.com\/ms_conectado\/\"><img fetchpriority=\"high\" decoding=\"async\" width=\"900\" height=\"100\" src=\"https:\/\/msconectado.com.br\/wp-content\/uploads\/2023\/01\/ms-900-100.png-2.png\" alt=\"\" class=\"wp-image-17264\" srcset=\"https:\/\/msconectado.com.br\/wp-content\/uploads\/2023\/01\/ms-900-100.png-2.png 900w, https:\/\/msconectado.com.br\/wp-content\/uploads\/2023\/01\/ms-900-100.png-2-300x33.png 300w, https:\/\/msconectado.com.br\/wp-content\/uploads\/2023\/01\/ms-900-100.png-2-768x85.png 768w\" sizes=\"(max-width: 900px) 100vw, 900px\" \/><\/a><\/figure>\n<\/div>","protected":false},"excerpt":{"rendered":"<p>O presidente da C\u00e2mara dos Deputados, Arthur Lira (PP-AL), afirmou que todos os agentes p\u00fablicos que tiveram alguma responsabilidade nos atos de vandalismo cometidos no dia 8 de janeiro contra os pr\u00e9dios p\u00fablicos dos tr\u00eas Poderes ser\u00e3o responsabilizados, mesmo se forem parlamentares. Lira chamou a aten\u00e7\u00e3o ainda que para o fato de haver parlamentares divulgando [&hellip;]<\/p>\n","protected":false},"author":2,"featured_media":17538,"comment_status":"open","ping_status":"closed","sticky":false,"template":"","format":"standard","meta":{"footnotes":""},"categories":[33],"tags":[],"class_list":["post-17537","post","type-post","status-publish","format-standard","has-post-thumbnail","hentry","category-politica"],"yoast_head":"<!-- This site is optimized with the Yoast SEO plugin v27.5 - https:\/\/yoast.com\/product\/yoast-seo-wordpress\/ -->\n<title>Lira diz que todos ser\u00e3o chamados \u00e0 responsabilidade, inclusive parlamentares. Saiba mais. - MsConectado<\/title>\n<meta name=\"robots\" content=\"index, follow, max-snippet:-1, max-image-preview:large, max-video-preview:-1\" \/>\n<link rel=\"canonical\" href=\"https:\/\/msconectado.com.br\/?p=17537\" \/>\n<meta property=\"og:locale\" content=\"pt_BR\" \/>\n<meta property=\"og:type\" content=\"article\" \/>\n<meta property=\"og:title\" content=\"Lira diz que todos ser\u00e3o chamados \u00e0 responsabilidade, inclusive parlamentares. Saiba mais. - MsConectado\" \/>\n<meta property=\"og:description\" content=\"O presidente da C\u00e2mara dos Deputados, Arthur Lira (PP-AL), afirmou que todos os agentes p\u00fablicos que tiveram alguma responsabilidade nos atos de vandalismo cometidos no dia 8 de janeiro contra os pr\u00e9dios p\u00fablicos dos tr\u00eas Poderes ser\u00e3o responsabilizados, mesmo se forem parlamentares. Lira chamou a aten\u00e7\u00e3o ainda que para o fato de haver parlamentares divulgando [&hellip;]\" \/>\n<meta property=\"og:url\" content=\"https:\/\/msconectado.com.br\/?p=17537\" \/>\n<meta property=\"og:site_name\" content=\"MsConectado\" \/>\n<meta property=\"article:published_time\" content=\"2023-01-17T19:49:53+00:00\" \/>\n<meta property=\"article:modified_time\" content=\"2023-01-17T19:49:54+00:00\" \/>\n<meta property=\"og:image\" content=\"https:\/\/msconectado.com.br\/wp-content\/uploads\/2023\/01\/img20230116110550587-768x512-1.jpg\" \/>\n\t<meta property=\"og:image:width\" content=\"768\" \/>\n\t<meta property=\"og:image:height\" content=\"512\" \/>\n\t<meta property=\"og:image:type\" content=\"image\/jpeg\" \/>\n<meta name=\"author\" content=\"MsConectado\" \/>\n<meta name=\"twitter:card\" content=\"summary_large_image\" \/>\n<meta name=\"twitter:label1\" content=\"Escrito por\" \/>\n\t<meta name=\"twitter:data1\" content=\"MsConectado\" \/>\n\t<meta name=\"twitter:label2\" content=\"Est. tempo de leitura\" \/>\n\t<meta name=\"twitter:data2\" content=\"2 minutos\" \/>\n<script type=\"application\/ld+json\" class=\"yoast-schema-graph\">{\"@context\":\"https:\\\/\\\/schema.org\",\"@graph\":[{\"@type\":\"Article\",\"@id\":\"https:\\\/\\\/msconectado.com.br\\\/?p=17537#article\",\"isPartOf\":{\"@id\":\"https:\\\/\\\/msconectado.com.br\\\/?p=17537\"},\"author\":{\"name\":\"MsConectado\",\"@id\":\"https:\\\/\\\/msconectado.com.br\\\/#\\\/schema\\\/person\\\/e5585545b5687092f1041d350b6e2c16\"},\"headline\":\"Lira diz que todos ser\u00e3o chamados \u00e0 responsabilidade, inclusive parlamentares. Saiba mais.\",\"datePublished\":\"2023-01-17T19:49:53+00:00\",\"dateModified\":\"2023-01-17T19:49:54+00:00\",\"mainEntityOfPage\":{\"@id\":\"https:\\\/\\\/msconectado.com.br\\\/?p=17537\"},\"wordCount\":266,\"commentCount\":0,\"publisher\":{\"@id\":\"https:\\\/\\\/msconectado.com.br\\\/#organization\"},\"image\":{\"@id\":\"https:\\\/\\\/msconectado.com.br\\\/?p=17537#primaryimage\"},\"thumbnailUrl\":\"https:\\\/\\\/msconectado.com.br\\\/wp-content\\\/uploads\\\/2023\\\/01\\\/img20230116110550587-768x512-1.jpg\",\"articleSection\":[\"Pol\u00edtica\"],\"inLanguage\":\"pt-BR\",\"potentialAction\":[{\"@type\":\"CommentAction\",\"name\":\"Comment\",\"target\":[\"https:\\\/\\\/msconectado.com.br\\\/?p=17537#respond\"]}]},{\"@type\":\"WebPage\",\"@id\":\"https:\\\/\\\/msconectado.com.br\\\/?p=17537\",\"url\":\"https:\\\/\\\/msconectado.com.br\\\/?p=17537\",\"name\":\"Lira diz que todos ser\u00e3o chamados \u00e0 responsabilidade, inclusive parlamentares. Saiba mais. - MsConectado\",\"isPartOf\":{\"@id\":\"https:\\\/\\\/msconectado.com.br\\\/#website\"},\"primaryImageOfPage\":{\"@id\":\"https:\\\/\\\/msconectado.com.br\\\/?p=17537#primaryimage\"},\"image\":{\"@id\":\"https:\\\/\\\/msconectado.com.br\\\/?p=17537#primaryimage\"},\"thumbnailUrl\":\"https:\\\/\\\/msconectado.com.br\\\/wp-content\\\/uploads\\\/2023\\\/01\\\/img20230116110550587-768x512-1.jpg\",\"datePublished\":\"2023-01-17T19:49:53+00:00\",\"dateModified\":\"2023-01-17T19:49:54+00:00\",\"breadcrumb\":{\"@id\":\"https:\\\/\\\/msconectado.com.br\\\/?p=17537#breadcrumb\"},\"inLanguage\":\"pt-BR\",\"potentialAction\":[{\"@type\":\"ReadAction\",\"target\":[\"https:\\\/\\\/msconectado.com.br\\\/?p=17537\"]}]},{\"@type\":\"ImageObject\",\"inLanguage\":\"pt-BR\",\"@id\":\"https:\\\/\\\/msconectado.com.br\\\/?p=17537#primaryimage\",\"url\":\"https:\\\/\\\/msconectado.com.br\\\/wp-content\\\/uploads\\\/2023\\\/01\\\/img20230116110550587-768x512-1.jpg\",\"contentUrl\":\"https:\\\/\\\/msconectado.com.br\\\/wp-content\\\/uploads\\\/2023\\\/01\\\/img20230116110550587-768x512-1.jpg\",\"width\":768,\"height\":512},{\"@type\":\"BreadcrumbList\",\"@id\":\"https:\\\/\\\/msconectado.com.br\\\/?p=17537#breadcrumb\",\"itemListElement\":[{\"@type\":\"ListItem\",\"position\":1,\"name\":\"In\u00edcio\",\"item\":\"https:\\\/\\\/msconectado.com.br\\\/\"},{\"@type\":\"ListItem\",\"position\":2,\"name\":\"Lira diz que todos ser\u00e3o chamados \u00e0 responsabilidade, inclusive parlamentares. Saiba mais.\"}]},{\"@type\":\"WebSite\",\"@id\":\"https:\\\/\\\/msconectado.com.br\\\/#website\",\"url\":\"https:\\\/\\\/msconectado.com.br\\\/\",\"name\":\"MsConectado\",\"description\":\"Voc\u00ea Conectado com a Not\u00edcia!\",\"publisher\":{\"@id\":\"https:\\\/\\\/msconectado.com.br\\\/#organization\"},\"potentialAction\":[{\"@type\":\"SearchAction\",\"target\":{\"@type\":\"EntryPoint\",\"urlTemplate\":\"https:\\\/\\\/msconectado.com.br\\\/?s={search_term_string}\"},\"query-input\":{\"@type\":\"PropertyValueSpecification\",\"valueRequired\":true,\"valueName\":\"search_term_string\"}}],\"inLanguage\":\"pt-BR\"},{\"@type\":\"Organization\",\"@id\":\"https:\\\/\\\/msconectado.com.br\\\/#organization\",\"name\":\"MsConectado\",\"url\":\"https:\\\/\\\/msconectado.com.br\\\/\",\"logo\":{\"@type\":\"ImageObject\",\"inLanguage\":\"pt-BR\",\"@id\":\"https:\\\/\\\/msconectado.com.br\\\/#\\\/schema\\\/logo\\\/image\\\/\",\"url\":\"https:\\\/\\\/msconectado.com.br\\\/wp-content\\\/uploads\\\/2023\\\/01\\\/cropped-noticia-2.png\",\"contentUrl\":\"https:\\\/\\\/msconectado.com.br\\\/wp-content\\\/uploads\\\/2023\\\/01\\\/cropped-noticia-2.png\",\"width\":720,\"height\":157,\"caption\":\"MsConectado\"},\"image\":{\"@id\":\"https:\\\/\\\/msconectado.com.br\\\/#\\\/schema\\\/logo\\\/image\\\/\"}},{\"@type\":\"Person\",\"@id\":\"https:\\\/\\\/msconectado.com.br\\\/#\\\/schema\\\/person\\\/e5585545b5687092f1041d350b6e2c16\",\"name\":\"MsConectado\",\"image\":{\"@type\":\"ImageObject\",\"inLanguage\":\"pt-BR\",\"@id\":\"https:\\\/\\\/secure.gravatar.com\\\/avatar\\\/3b4f84a0a8a4380ac4431fa79981d073692380c5da00ae97596e794ab0db5c8c?s=96&d=mm&r=g\",\"url\":\"https:\\\/\\\/secure.gravatar.com\\\/avatar\\\/3b4f84a0a8a4380ac4431fa79981d073692380c5da00ae97596e794ab0db5c8c?s=96&d=mm&r=g\",\"contentUrl\":\"https:\\\/\\\/secure.gravatar.com\\\/avatar\\\/3b4f84a0a8a4380ac4431fa79981d073692380c5da00ae97596e794ab0db5c8c?s=96&d=mm&r=g\",\"caption\":\"MsConectado\"},\"url\":\"https:\\\/\\\/msconectado.com.br\\\/?author=2\"}]}<\/script>\n<!-- \/ Yoast SEO plugin. -->","yoast_head_json":{"title":"Lira diz que todos ser\u00e3o chamados \u00e0 responsabilidade, inclusive parlamentares. Saiba mais. - MsConectado","robots":{"index":"index","follow":"follow","max-snippet":"max-snippet:-1","max-image-preview":"max-image-preview:large","max-video-preview":"max-video-preview:-1"},"canonical":"https:\/\/msconectado.com.br\/?p=17537","og_locale":"pt_BR","og_type":"article","og_title":"Lira diz que todos ser\u00e3o chamados \u00e0 responsabilidade, inclusive parlamentares. Saiba mais. - MsConectado","og_description":"O presidente da C\u00e2mara dos Deputados, Arthur Lira (PP-AL), afirmou que todos os agentes p\u00fablicos que tiveram alguma responsabilidade nos atos de vandalismo cometidos no dia 8 de janeiro contra os pr\u00e9dios p\u00fablicos dos tr\u00eas Poderes ser\u00e3o responsabilizados, mesmo se forem parlamentares. Lira chamou a aten\u00e7\u00e3o ainda que para o fato de haver parlamentares divulgando [&hellip;]","og_url":"https:\/\/msconectado.com.br\/?p=17537","og_site_name":"MsConectado","article_published_time":"2023-01-17T19:49:53+00:00","article_modified_time":"2023-01-17T19:49:54+00:00","og_image":[{"width":768,"height":512,"url":"https:\/\/msconectado.com.br\/wp-content\/uploads\/2023\/01\/img20230116110550587-768x512-1.jpg","type":"image\/jpeg"}],"author":"MsConectado","twitter_card":"summary_large_image","twitter_misc":{"Escrito por":"MsConectado","Est. tempo de leitura":"2 minutos"},"schema":{"@context":"https:\/\/schema.org","@graph":[{"@type":"Article","@id":"https:\/\/msconectado.com.br\/?p=17537#article","isPartOf":{"@id":"https:\/\/msconectado.com.br\/?p=17537"},"author":{"name":"MsConectado","@id":"https:\/\/msconectado.com.br\/#\/schema\/person\/e5585545b5687092f1041d350b6e2c16"},"headline":"Lira diz que todos ser\u00e3o chamados \u00e0 responsabilidade, inclusive parlamentares. Saiba mais.","datePublished":"2023-01-17T19:49:53+00:00","dateModified":"2023-01-17T19:49:54+00:00","mainEntityOfPage":{"@id":"https:\/\/msconectado.com.br\/?p=17537"},"wordCount":266,"commentCount":0,"publisher":{"@id":"https:\/\/msconectado.com.br\/#organization"},"image":{"@id":"https:\/\/msconectado.com.br\/?p=17537#primaryimage"},"thumbnailUrl":"https:\/\/msconectado.com.br\/wp-content\/uploads\/2023\/01\/img20230116110550587-768x512-1.jpg","articleSection":["Pol\u00edtica"],"inLanguage":"pt-BR","potentialAction":[{"@type":"CommentAction","name":"Comment","target":["https:\/\/msconectado.com.br\/?p=17537#respond"]}]},{"@type":"WebPage","@id":"https:\/\/msconectado.com.br\/?p=17537","url":"https:\/\/msconectado.com.br\/?p=17537","name":"Lira diz que todos ser\u00e3o chamados \u00e0 responsabilidade, inclusive parlamentares. Saiba mais. - MsConectado","isPartOf":{"@id":"https:\/\/msconectado.com.br\/#website"},"primaryImageOfPage":{"@id":"https:\/\/msconectado.com.br\/?p=17537#primaryimage"},"image":{"@id":"https:\/\/msconectado.com.br\/?p=17537#primaryimage"},"thumbnailUrl":"https:\/\/msconectado.com.br\/wp-content\/uploads\/2023\/01\/img20230116110550587-768x512-1.jpg","datePublished":"2023-01-17T19:49:53+00:00","dateModified":"2023-01-17T19:49:54+00:00","breadcrumb":{"@id":"https:\/\/msconectado.com.br\/?p=17537#breadcrumb"},"inLanguage":"pt-BR","potentialAction":[{"@type":"ReadAction","target":["https:\/\/msconectado.com.br\/?p=17537"]}]},{"@type":"ImageObject","inLanguage":"pt-BR","@id":"https:\/\/msconectado.com.br\/?p=17537#primaryimage","url":"https:\/\/msconectado.com.br\/wp-content\/uploads\/2023\/01\/img20230116110550587-768x512-1.jpg","contentUrl":"https:\/\/msconectado.com.br\/wp-content\/uploads\/2023\/01\/img20230116110550587-768x512-1.jpg","width":768,"height":512},{"@type":"BreadcrumbList","@id":"https:\/\/msconectado.com.br\/?p=17537#breadcrumb","itemListElement":[{"@type":"ListItem","position":1,"name":"In\u00edcio","item":"https:\/\/msconectado.com.br\/"},{"@type":"ListItem","position":2,"name":"Lira diz que todos ser\u00e3o chamados \u00e0 responsabilidade, inclusive parlamentares. Saiba mais."}]},{"@type":"WebSite","@id":"https:\/\/msconectado.com.br\/#website","url":"https:\/\/msconectado.com.br\/","name":"MsConectado","description":"Voc\u00ea Conectado com a Not\u00edcia!","publisher":{"@id":"https:\/\/msconectado.com.br\/#organization"},"potentialAction":[{"@type":"SearchAction","target":{"@type":"EntryPoint","urlTemplate":"https:\/\/msconectado.com.br\/?s={search_term_string}"},"query-input":{"@type":"PropertyValueSpecification","valueRequired":true,"valueName":"search_term_string"}}],"inLanguage":"pt-BR"},{"@type":"Organization","@id":"https:\/\/msconectado.com.br\/#organization","name":"MsConectado","url":"https:\/\/msconectado.com.br\/","logo":{"@type":"ImageObject","inLanguage":"pt-BR","@id":"https:\/\/msconectado.com.br\/#\/schema\/logo\/image\/","url":"https:\/\/msconectado.com.br\/wp-content\/uploads\/2023\/01\/cropped-noticia-2.png","contentUrl":"https:\/\/msconectado.com.br\/wp-content\/uploads\/2023\/01\/cropped-noticia-2.png","width":720,"height":157,"caption":"MsConectado"},"image":{"@id":"https:\/\/msconectado.com.br\/#\/schema\/logo\/image\/"}},{"@type":"Person","@id":"https:\/\/msconectado.com.br\/#\/schema\/person\/e5585545b5687092f1041d350b6e2c16","name":"MsConectado","image":{"@type":"ImageObject","inLanguage":"pt-BR","@id":"https:\/\/secure.gravatar.com\/avatar\/3b4f84a0a8a4380ac4431fa79981d073692380c5da00ae97596e794ab0db5c8c?s=96&d=mm&r=g","url":"https:\/\/secure.gravatar.com\/avatar\/3b4f84a0a8a4380ac4431fa79981d073692380c5da00ae97596e794ab0db5c8c?s=96&d=mm&r=g","contentUrl":"https:\/\/secure.gravatar.com\/avatar\/3b4f84a0a8a4380ac4431fa79981d073692380c5da00ae97596e794ab0db5c8c?s=96&d=mm&r=g","caption":"MsConectado"},"url":"https:\/\/msconectado.com.br\/?author=2"}]}},"_links":{"self":[{"href":"https:\/\/msconectado.com.br\/index.php?rest_route=\/wp\/v2\/posts\/17537","targetHints":{"allow":["GET"]}}],"collection":[{"href":"https:\/\/msconectado.com.br\/index.php?rest_route=\/wp\/v2\/posts"}],"about":[{"href":"https:\/\/msconectado.com.br\/index.php?rest_route=\/wp\/v2\/types\/post"}],"author":[{"embeddable":true,"href":"https:\/\/msconectado.com.br\/index.php?rest_route=\/wp\/v2\/users\/2"}],"replies":[{"embeddable":true,"href":"https:\/\/msconectado.com.br\/index.php?rest_route=%2Fwp%2Fv2%2Fcomments&post=17537"}],"version-history":[{"count":1,"href":"https:\/\/msconectado.com.br\/index.php?rest_route=\/wp\/v2\/posts\/17537\/revisions"}],"predecessor-version":[{"id":17539,"href":"https:\/\/msconectado.com.br\/index.php?rest_route=\/wp\/v2\/posts\/17537\/revisions\/17539"}],"wp:featuredmedia":[{"embeddable":true,"href":"https:\/\/msconectado.com.br\/index.php?rest_route=\/wp\/v2\/media\/17538"}],"wp:attachment":[{"href":"https:\/\/msconectado.com.br\/index.php?rest_route=%2Fwp%2Fv2%2Fmedia&parent=17537"}],"wp:term":[{"taxonomy":"category","embeddable":true,"href":"https:\/\/msconectado.com.br\/index.php?rest_route=%2Fwp%2Fv2%2Fcategories&post=17537"},{"taxonomy":"post_tag","embeddable":true,"href":"https:\/\/msconectado.com.br\/index.php?rest_route=%2Fwp%2Fv2%2Ftags&post=17537"}],"curies":[{"name":"wp","href":"https:\/\/api.w.org\/{rel}","templated":true}]}}