
{"id":17607,"date":"2023-01-20T18:48:00","date_gmt":"2023-01-20T18:48:00","guid":{"rendered":"https:\/\/msconectado.com.br\/?p=17607"},"modified":"2023-01-20T18:48:01","modified_gmt":"2023-01-20T18:48:01","slug":"planejamento-e-responsabilidade-sao-pautas-do-duodecimo-2023-da-camara-de-rio-brilhante","status":"publish","type":"post","link":"https:\/\/msconectado.com.br\/?p=17607","title":{"rendered":"Planejamento e responsabilidade s\u00e3o pautas do Duod\u00e9cimo 2023 da C\u00e2mara de Rio Brilhante."},"content":{"rendered":"\n<p>Nessa sexta-feira, 20 de janeiro, o Presidente Paulo C\u00e9sar (MDB), juntamente com o vereador Rodrigo Enfermeiro (PSDB) receberam o Secret\u00e1rio Municipal de Finan\u00e7as Edilson Nantes Tagara, oportunidade onde trataram de assuntos referentes ao repasse do duod\u00e9cimo para o Legislativo no exerc\u00edcio de 2023.<\/p>\n\n\n\n<p>A reuni\u00e3o contou com a participa\u00e7\u00e3o da Assessoria Jur\u00eddica da C\u00e2mara e na ocasi\u00e3o foram abordados diversos outros <a><\/a>assuntos pertinentes, ressaltando a import\u00e2ncia de estreitar o relacionamento institucional, destacando a import\u00e2ncia do bom di\u00e1logo entre os Poderes Executivo e Legislativo.<\/p>\n\n\n\n<p>Para Edilson Nantes, \u201co respeito ao papel de cada poder perante a sociedade, a transpar\u00eancia e a boa gest\u00e3o certamente ir\u00e1 proporcionar uma qualidade de vida cada vez melhor para a popula\u00e7\u00e3o da nossa pujante Rio Brilhante\u201d. Afirmou.<\/p>\n\n\n\n<p>Comunica\u00e7\u00e3o \/ C\u00e2mara Municipal<\/p>\n\n\n<div class=\"wp-block-image\">\n<figure class=\"aligncenter size-full\"><a href=\"https:\/\/www.instagram.com\/ms_conectado\/\"><img fetchpriority=\"high\" decoding=\"async\" width=\"900\" height=\"100\" src=\"https:\/\/msconectado.com.br\/wp-content\/uploads\/2023\/01\/ms-900-100-1.png-2-1.png\" alt=\"\" class=\"wp-image-17266\" srcset=\"https:\/\/msconectado.com.br\/wp-content\/uploads\/2023\/01\/ms-900-100-1.png-2-1.png 900w, https:\/\/msconectado.com.br\/wp-content\/uploads\/2023\/01\/ms-900-100-1.png-2-1-300x33.png 300w, https:\/\/msconectado.com.br\/wp-content\/uploads\/2023\/01\/ms-900-100-1.png-2-1-768x85.png 768w\" sizes=\"(max-width: 900px) 100vw, 900px\" \/><\/a><\/figure>\n<\/div>\n\n\n<p><\/p>\n","protected":false},"excerpt":{"rendered":"<p>Nessa sexta-feira, 20 de janeiro, o Presidente Paulo C\u00e9sar (MDB), juntamente com o vereador Rodrigo Enfermeiro (PSDB) receberam o Secret\u00e1rio Municipal de Finan\u00e7as Edilson Nantes Tagara, oportunidade onde trataram de assuntos referentes ao repasse do duod\u00e9cimo para o Legislativo no exerc\u00edcio de 2023. A reuni\u00e3o contou com a participa\u00e7\u00e3o da Assessoria Jur\u00eddica da C\u00e2mara e [&hellip;]<\/p>\n","protected":false},"author":3,"featured_media":17608,"comment_status":"open","ping_status":"closed","sticky":false,"template":"","format":"standard","meta":{"footnotes":""},"categories":[35,33],"tags":[],"class_list":["post-17607","post","type-post","status-publish","format-standard","has-post-thumbnail","hentry","category-cidades","category-politica"],"yoast_head":"<!-- This site is optimized with the Yoast SEO plugin v27.5 - https:\/\/yoast.com\/product\/yoast-seo-wordpress\/ -->\n<title>Planejamento e responsabilidade s\u00e3o pautas do Duod\u00e9cimo 2023 da C\u00e2mara de Rio Brilhante. - MsConectado<\/title>\n<meta name=\"robots\" content=\"index, follow, max-snippet:-1, max-image-preview:large, max-video-preview:-1\" \/>\n<link rel=\"canonical\" href=\"https:\/\/msconectado.com.br\/?p=17607\" \/>\n<meta property=\"og:locale\" content=\"pt_BR\" \/>\n<meta property=\"og:type\" content=\"article\" \/>\n<meta property=\"og:title\" content=\"Planejamento e responsabilidade s\u00e3o pautas do Duod\u00e9cimo 2023 da C\u00e2mara de Rio Brilhante. - MsConectado\" \/>\n<meta property=\"og:description\" content=\"Nessa sexta-feira, 20 de janeiro, o Presidente Paulo C\u00e9sar (MDB), juntamente com o vereador Rodrigo Enfermeiro (PSDB) receberam o Secret\u00e1rio Municipal de Finan\u00e7as Edilson Nantes Tagara, oportunidade onde trataram de assuntos referentes ao repasse do duod\u00e9cimo para o Legislativo no exerc\u00edcio de 2023. A reuni\u00e3o contou com a participa\u00e7\u00e3o da Assessoria Jur\u00eddica da C\u00e2mara e [&hellip;]\" \/>\n<meta property=\"og:url\" content=\"https:\/\/msconectado.com.br\/?p=17607\" \/>\n<meta property=\"og:site_name\" content=\"MsConectado\" \/>\n<meta property=\"article:published_time\" content=\"2023-01-20T18:48:00+00:00\" \/>\n<meta property=\"article:modified_time\" content=\"2023-01-20T18:48:01+00:00\" \/>\n<meta property=\"og:image\" content=\"https:\/\/msconectado.com.br\/wp-content\/uploads\/2023\/01\/326223995_3418233908457547_3819628171873013002_n.jpg\" \/>\n\t<meta property=\"og:image:width\" content=\"720\" \/>\n\t<meta property=\"og:image:height\" content=\"540\" \/>\n\t<meta property=\"og:image:type\" content=\"image\/jpeg\" \/>\n<meta name=\"author\" content=\"Jeferson\" \/>\n<meta name=\"twitter:card\" content=\"summary_large_image\" \/>\n<meta name=\"twitter:label1\" content=\"Escrito por\" \/>\n\t<meta name=\"twitter:data1\" content=\"Jeferson\" \/>\n\t<meta name=\"twitter:label2\" content=\"Est. tempo de leitura\" \/>\n\t<meta name=\"twitter:data2\" content=\"1 minuto\" \/>\n<script type=\"application\/ld+json\" class=\"yoast-schema-graph\">{\"@context\":\"https:\\\/\\\/schema.org\",\"@graph\":[{\"@type\":\"Article\",\"@id\":\"https:\\\/\\\/msconectado.com.br\\\/?p=17607#article\",\"isPartOf\":{\"@id\":\"https:\\\/\\\/msconectado.com.br\\\/?p=17607\"},\"author\":{\"name\":\"Jeferson\",\"@id\":\"https:\\\/\\\/msconectado.com.br\\\/#\\\/schema\\\/person\\\/feb123a95a93eebea36f0ed6a2e5ba48\"},\"headline\":\"Planejamento e responsabilidade s\u00e3o pautas do Duod\u00e9cimo 2023 da C\u00e2mara de Rio Brilhante.\",\"datePublished\":\"2023-01-20T18:48:00+00:00\",\"dateModified\":\"2023-01-20T18:48:01+00:00\",\"mainEntityOfPage\":{\"@id\":\"https:\\\/\\\/msconectado.com.br\\\/?p=17607\"},\"wordCount\":155,\"commentCount\":0,\"publisher\":{\"@id\":\"https:\\\/\\\/msconectado.com.br\\\/#organization\"},\"image\":{\"@id\":\"https:\\\/\\\/msconectado.com.br\\\/?p=17607#primaryimage\"},\"thumbnailUrl\":\"https:\\\/\\\/msconectado.com.br\\\/wp-content\\\/uploads\\\/2023\\\/01\\\/326223995_3418233908457547_3819628171873013002_n.jpg\",\"articleSection\":[\"Cidades\",\"Pol\u00edtica\"],\"inLanguage\":\"pt-BR\",\"potentialAction\":[{\"@type\":\"CommentAction\",\"name\":\"Comment\",\"target\":[\"https:\\\/\\\/msconectado.com.br\\\/?p=17607#respond\"]}]},{\"@type\":\"WebPage\",\"@id\":\"https:\\\/\\\/msconectado.com.br\\\/?p=17607\",\"url\":\"https:\\\/\\\/msconectado.com.br\\\/?p=17607\",\"name\":\"Planejamento e responsabilidade s\u00e3o pautas do Duod\u00e9cimo 2023 da C\u00e2mara de Rio Brilhante. - MsConectado\",\"isPartOf\":{\"@id\":\"https:\\\/\\\/msconectado.com.br\\\/#website\"},\"primaryImageOfPage\":{\"@id\":\"https:\\\/\\\/msconectado.com.br\\\/?p=17607#primaryimage\"},\"image\":{\"@id\":\"https:\\\/\\\/msconectado.com.br\\\/?p=17607#primaryimage\"},\"thumbnailUrl\":\"https:\\\/\\\/msconectado.com.br\\\/wp-content\\\/uploads\\\/2023\\\/01\\\/326223995_3418233908457547_3819628171873013002_n.jpg\",\"datePublished\":\"2023-01-20T18:48:00+00:00\",\"dateModified\":\"2023-01-20T18:48:01+00:00\",\"breadcrumb\":{\"@id\":\"https:\\\/\\\/msconectado.com.br\\\/?p=17607#breadcrumb\"},\"inLanguage\":\"pt-BR\",\"potentialAction\":[{\"@type\":\"ReadAction\",\"target\":[\"https:\\\/\\\/msconectado.com.br\\\/?p=17607\"]}]},{\"@type\":\"ImageObject\",\"inLanguage\":\"pt-BR\",\"@id\":\"https:\\\/\\\/msconectado.com.br\\\/?p=17607#primaryimage\",\"url\":\"https:\\\/\\\/msconectado.com.br\\\/wp-content\\\/uploads\\\/2023\\\/01\\\/326223995_3418233908457547_3819628171873013002_n.jpg\",\"contentUrl\":\"https:\\\/\\\/msconectado.com.br\\\/wp-content\\\/uploads\\\/2023\\\/01\\\/326223995_3418233908457547_3819628171873013002_n.jpg\",\"width\":720,\"height\":540},{\"@type\":\"BreadcrumbList\",\"@id\":\"https:\\\/\\\/msconectado.com.br\\\/?p=17607#breadcrumb\",\"itemListElement\":[{\"@type\":\"ListItem\",\"position\":1,\"name\":\"In\u00edcio\",\"item\":\"https:\\\/\\\/msconectado.com.br\\\/\"},{\"@type\":\"ListItem\",\"position\":2,\"name\":\"Planejamento e responsabilidade s\u00e3o pautas do Duod\u00e9cimo 2023 da C\u00e2mara de Rio Brilhante.\"}]},{\"@type\":\"WebSite\",\"@id\":\"https:\\\/\\\/msconectado.com.br\\\/#website\",\"url\":\"https:\\\/\\\/msconectado.com.br\\\/\",\"name\":\"MsConectado\",\"description\":\"Voc\u00ea Conectado com a Not\u00edcia!\",\"publisher\":{\"@id\":\"https:\\\/\\\/msconectado.com.br\\\/#organization\"},\"potentialAction\":[{\"@type\":\"SearchAction\",\"target\":{\"@type\":\"EntryPoint\",\"urlTemplate\":\"https:\\\/\\\/msconectado.com.br\\\/?s={search_term_string}\"},\"query-input\":{\"@type\":\"PropertyValueSpecification\",\"valueRequired\":true,\"valueName\":\"search_term_string\"}}],\"inLanguage\":\"pt-BR\"},{\"@type\":\"Organization\",\"@id\":\"https:\\\/\\\/msconectado.com.br\\\/#organization\",\"name\":\"MsConectado\",\"url\":\"https:\\\/\\\/msconectado.com.br\\\/\",\"logo\":{\"@type\":\"ImageObject\",\"inLanguage\":\"pt-BR\",\"@id\":\"https:\\\/\\\/msconectado.com.br\\\/#\\\/schema\\\/logo\\\/image\\\/\",\"url\":\"https:\\\/\\\/msconectado.com.br\\\/wp-content\\\/uploads\\\/2023\\\/01\\\/cropped-noticia-2.png\",\"contentUrl\":\"https:\\\/\\\/msconectado.com.br\\\/wp-content\\\/uploads\\\/2023\\\/01\\\/cropped-noticia-2.png\",\"width\":720,\"height\":157,\"caption\":\"MsConectado\"},\"image\":{\"@id\":\"https:\\\/\\\/msconectado.com.br\\\/#\\\/schema\\\/logo\\\/image\\\/\"}},{\"@type\":\"Person\",\"@id\":\"https:\\\/\\\/msconectado.com.br\\\/#\\\/schema\\\/person\\\/feb123a95a93eebea36f0ed6a2e5ba48\",\"name\":\"Jeferson\",\"image\":{\"@type\":\"ImageObject\",\"inLanguage\":\"pt-BR\",\"@id\":\"https:\\\/\\\/secure.gravatar.com\\\/avatar\\\/e23e8901c88f0cdc0ad479ef7a39bf3e4c806344549c087c00b721a65549a328?s=96&d=mm&r=g\",\"url\":\"https:\\\/\\\/secure.gravatar.com\\\/avatar\\\/e23e8901c88f0cdc0ad479ef7a39bf3e4c806344549c087c00b721a65549a328?s=96&d=mm&r=g\",\"contentUrl\":\"https:\\\/\\\/secure.gravatar.com\\\/avatar\\\/e23e8901c88f0cdc0ad479ef7a39bf3e4c806344549c087c00b721a65549a328?s=96&d=mm&r=g\",\"caption\":\"Jeferson\"},\"url\":\"https:\\\/\\\/msconectado.com.br\\\/?author=3\"}]}<\/script>\n<!-- \/ Yoast SEO plugin. -->","yoast_head_json":{"title":"Planejamento e responsabilidade s\u00e3o pautas do Duod\u00e9cimo 2023 da C\u00e2mara de Rio Brilhante. - MsConectado","robots":{"index":"index","follow":"follow","max-snippet":"max-snippet:-1","max-image-preview":"max-image-preview:large","max-video-preview":"max-video-preview:-1"},"canonical":"https:\/\/msconectado.com.br\/?p=17607","og_locale":"pt_BR","og_type":"article","og_title":"Planejamento e responsabilidade s\u00e3o pautas do Duod\u00e9cimo 2023 da C\u00e2mara de Rio Brilhante. - MsConectado","og_description":"Nessa sexta-feira, 20 de janeiro, o Presidente Paulo C\u00e9sar (MDB), juntamente com o vereador Rodrigo Enfermeiro (PSDB) receberam o Secret\u00e1rio Municipal de Finan\u00e7as Edilson Nantes Tagara, oportunidade onde trataram de assuntos referentes ao repasse do duod\u00e9cimo para o Legislativo no exerc\u00edcio de 2023. A reuni\u00e3o contou com a participa\u00e7\u00e3o da Assessoria Jur\u00eddica da C\u00e2mara e [&hellip;]","og_url":"https:\/\/msconectado.com.br\/?p=17607","og_site_name":"MsConectado","article_published_time":"2023-01-20T18:48:00+00:00","article_modified_time":"2023-01-20T18:48:01+00:00","og_image":[{"width":720,"height":540,"url":"https:\/\/msconectado.com.br\/wp-content\/uploads\/2023\/01\/326223995_3418233908457547_3819628171873013002_n.jpg","type":"image\/jpeg"}],"author":"Jeferson","twitter_card":"summary_large_image","twitter_misc":{"Escrito por":"Jeferson","Est. tempo de leitura":"1 minuto"},"schema":{"@context":"https:\/\/schema.org","@graph":[{"@type":"Article","@id":"https:\/\/msconectado.com.br\/?p=17607#article","isPartOf":{"@id":"https:\/\/msconectado.com.br\/?p=17607"},"author":{"name":"Jeferson","@id":"https:\/\/msconectado.com.br\/#\/schema\/person\/feb123a95a93eebea36f0ed6a2e5ba48"},"headline":"Planejamento e responsabilidade s\u00e3o pautas do Duod\u00e9cimo 2023 da C\u00e2mara de Rio Brilhante.","datePublished":"2023-01-20T18:48:00+00:00","dateModified":"2023-01-20T18:48:01+00:00","mainEntityOfPage":{"@id":"https:\/\/msconectado.com.br\/?p=17607"},"wordCount":155,"commentCount":0,"publisher":{"@id":"https:\/\/msconectado.com.br\/#organization"},"image":{"@id":"https:\/\/msconectado.com.br\/?p=17607#primaryimage"},"thumbnailUrl":"https:\/\/msconectado.com.br\/wp-content\/uploads\/2023\/01\/326223995_3418233908457547_3819628171873013002_n.jpg","articleSection":["Cidades","Pol\u00edtica"],"inLanguage":"pt-BR","potentialAction":[{"@type":"CommentAction","name":"Comment","target":["https:\/\/msconectado.com.br\/?p=17607#respond"]}]},{"@type":"WebPage","@id":"https:\/\/msconectado.com.br\/?p=17607","url":"https:\/\/msconectado.com.br\/?p=17607","name":"Planejamento e responsabilidade s\u00e3o pautas do Duod\u00e9cimo 2023 da C\u00e2mara de Rio Brilhante. - MsConectado","isPartOf":{"@id":"https:\/\/msconectado.com.br\/#website"},"primaryImageOfPage":{"@id":"https:\/\/msconectado.com.br\/?p=17607#primaryimage"},"image":{"@id":"https:\/\/msconectado.com.br\/?p=17607#primaryimage"},"thumbnailUrl":"https:\/\/msconectado.com.br\/wp-content\/uploads\/2023\/01\/326223995_3418233908457547_3819628171873013002_n.jpg","datePublished":"2023-01-20T18:48:00+00:00","dateModified":"2023-01-20T18:48:01+00:00","breadcrumb":{"@id":"https:\/\/msconectado.com.br\/?p=17607#breadcrumb"},"inLanguage":"pt-BR","potentialAction":[{"@type":"ReadAction","target":["https:\/\/msconectado.com.br\/?p=17607"]}]},{"@type":"ImageObject","inLanguage":"pt-BR","@id":"https:\/\/msconectado.com.br\/?p=17607#primaryimage","url":"https:\/\/msconectado.com.br\/wp-content\/uploads\/2023\/01\/326223995_3418233908457547_3819628171873013002_n.jpg","contentUrl":"https:\/\/msconectado.com.br\/wp-content\/uploads\/2023\/01\/326223995_3418233908457547_3819628171873013002_n.jpg","width":720,"height":540},{"@type":"BreadcrumbList","@id":"https:\/\/msconectado.com.br\/?p=17607#breadcrumb","itemListElement":[{"@type":"ListItem","position":1,"name":"In\u00edcio","item":"https:\/\/msconectado.com.br\/"},{"@type":"ListItem","position":2,"name":"Planejamento e responsabilidade s\u00e3o pautas do Duod\u00e9cimo 2023 da C\u00e2mara de Rio Brilhante."}]},{"@type":"WebSite","@id":"https:\/\/msconectado.com.br\/#website","url":"https:\/\/msconectado.com.br\/","name":"MsConectado","description":"Voc\u00ea Conectado com a Not\u00edcia!","publisher":{"@id":"https:\/\/msconectado.com.br\/#organization"},"potentialAction":[{"@type":"SearchAction","target":{"@type":"EntryPoint","urlTemplate":"https:\/\/msconectado.com.br\/?s={search_term_string}"},"query-input":{"@type":"PropertyValueSpecification","valueRequired":true,"valueName":"search_term_string"}}],"inLanguage":"pt-BR"},{"@type":"Organization","@id":"https:\/\/msconectado.com.br\/#organization","name":"MsConectado","url":"https:\/\/msconectado.com.br\/","logo":{"@type":"ImageObject","inLanguage":"pt-BR","@id":"https:\/\/msconectado.com.br\/#\/schema\/logo\/image\/","url":"https:\/\/msconectado.com.br\/wp-content\/uploads\/2023\/01\/cropped-noticia-2.png","contentUrl":"https:\/\/msconectado.com.br\/wp-content\/uploads\/2023\/01\/cropped-noticia-2.png","width":720,"height":157,"caption":"MsConectado"},"image":{"@id":"https:\/\/msconectado.com.br\/#\/schema\/logo\/image\/"}},{"@type":"Person","@id":"https:\/\/msconectado.com.br\/#\/schema\/person\/feb123a95a93eebea36f0ed6a2e5ba48","name":"Jeferson","image":{"@type":"ImageObject","inLanguage":"pt-BR","@id":"https:\/\/secure.gravatar.com\/avatar\/e23e8901c88f0cdc0ad479ef7a39bf3e4c806344549c087c00b721a65549a328?s=96&d=mm&r=g","url":"https:\/\/secure.gravatar.com\/avatar\/e23e8901c88f0cdc0ad479ef7a39bf3e4c806344549c087c00b721a65549a328?s=96&d=mm&r=g","contentUrl":"https:\/\/secure.gravatar.com\/avatar\/e23e8901c88f0cdc0ad479ef7a39bf3e4c806344549c087c00b721a65549a328?s=96&d=mm&r=g","caption":"Jeferson"},"url":"https:\/\/msconectado.com.br\/?author=3"}]}},"_links":{"self":[{"href":"https:\/\/msconectado.com.br\/index.php?rest_route=\/wp\/v2\/posts\/17607","targetHints":{"allow":["GET"]}}],"collection":[{"href":"https:\/\/msconectado.com.br\/index.php?rest_route=\/wp\/v2\/posts"}],"about":[{"href":"https:\/\/msconectado.com.br\/index.php?rest_route=\/wp\/v2\/types\/post"}],"author":[{"embeddable":true,"href":"https:\/\/msconectado.com.br\/index.php?rest_route=\/wp\/v2\/users\/3"}],"replies":[{"embeddable":true,"href":"https:\/\/msconectado.com.br\/index.php?rest_route=%2Fwp%2Fv2%2Fcomments&post=17607"}],"version-history":[{"count":1,"href":"https:\/\/msconectado.com.br\/index.php?rest_route=\/wp\/v2\/posts\/17607\/revisions"}],"predecessor-version":[{"id":17609,"href":"https:\/\/msconectado.com.br\/index.php?rest_route=\/wp\/v2\/posts\/17607\/revisions\/17609"}],"wp:featuredmedia":[{"embeddable":true,"href":"https:\/\/msconectado.com.br\/index.php?rest_route=\/wp\/v2\/media\/17608"}],"wp:attachment":[{"href":"https:\/\/msconectado.com.br\/index.php?rest_route=%2Fwp%2Fv2%2Fmedia&parent=17607"}],"wp:term":[{"taxonomy":"category","embeddable":true,"href":"https:\/\/msconectado.com.br\/index.php?rest_route=%2Fwp%2Fv2%2Fcategories&post=17607"},{"taxonomy":"post_tag","embeddable":true,"href":"https:\/\/msconectado.com.br\/index.php?rest_route=%2Fwp%2Fv2%2Ftags&post=17607"}],"curies":[{"name":"wp","href":"https:\/\/api.w.org\/{rel}","templated":true}]}}