
{"id":17610,"date":"2023-01-20T18:54:02","date_gmt":"2023-01-20T18:54:02","guid":{"rendered":"https:\/\/msconectado.com.br\/?p=17610"},"modified":"2023-01-20T18:54:03","modified_gmt":"2023-01-20T18:54:03","slug":"abertura-de-empresas-em-mato-grosso-do-sul-bate-recorde-pelo-segundo-ano-consecutivo-saiba-mais","status":"publish","type":"post","link":"https:\/\/msconectado.com.br\/?p=17610","title":{"rendered":"Abertura de empresas em Mato Grosso do Sul bate recorde pelo segundo ano consecutivo. Saiba mais."},"content":{"rendered":"\n<p>A Jucems (Junta Comercial de Mato Grosso do Sul), \u00f3rg\u00e3o vinculado \u00e0 Semadesc (Secretaria de Meio Ambiente, Desenvolvimento, Ci\u00eancia, Tecnologia e Inova\u00e7\u00e3o), registrou a abertura de 9.602 empresas no exerc\u00edcio de 2022. O n\u00famero est\u00e1 3,55% acima do registrado em 2021, quando o Estado ganhou 9.273 novas firmas.<\/p>\n\n\n\n<p>Al\u00e9m disso, esse \u00e9 o segundo recorde consecutivo da s\u00e9rie hist\u00f3rica, demonstrando uma retomada consistente do crescimento ap\u00f3s a pandemia de covid-19 e vigor consolidado da economia sul-mato-grossense. Com 6.587 empresas, o setor de Servi\u00e7os foi preponderante, representando mais de dois ter\u00e7os (68,6%) do total.<\/p>\n\n\n\n<p>Em seguida aparece o Com\u00e9rcio com 2.600 (27,08%) e a Ind\u00fastria vem em terceiro, tendo registrado 415 novas firmas (4,32%) em 2022. Na distribui\u00e7\u00e3o regional, os maiores munic\u00edpios lideram a atra\u00e7\u00e3o de neg\u00f3cios, com destaque para Ribas do Rio Pardo que figura na oitava coloca\u00e7\u00e3o (empatado com Maracaju).<\/p>\n\n\n\n<p>Campo Grande, capital do Estado e maior cidade, registrou a maior movimenta\u00e7\u00e3o do setor com 4.074 novas empresas no ano, ou 42,43% do total. &#8220;Esses n\u00fameros s\u00e3o fruto de um trabalho voltado ao desenvolvimento. Um dos nossos pilares \u00e9 justamente um Mato Grosso do Sul pr\u00f3spero, esse \u00e9 o caminho para o futuro&#8221;, diz o governador Eduardo Riedel.<\/p>\n\n\n\n<p>&#8220;Procuramos sempre incentivar, fomentar os neg\u00f3cios em Mato Grosso do Sul. Fazer a roda girar \u00e9 o que faz crescer o n\u00famero de empregos, gera\u00e7\u00e3o de renda e traz melhoria para todos, traz desenvolvimento social&#8221;, completa o governador.<\/p>\n\n\n\n<p><strong>Linha de trabalho<\/strong><\/p>\n\n\n\n<p>Medidas de incentivo e prote\u00e7\u00e3o dos neg\u00f3cios adotadas pelo Governo de Mato Grosso do Sul durante a pandemia de covid-19 foram importantes para preparar a retomada do crescimento econ\u00f4mico local no per\u00edodo seguinte \u00e0 crise.<\/p>\n\n\n\n<p>A dilata\u00e7\u00e3o dos prazos para pagamento de financiamentos e de impostos, tratativas com as empresas para manter os postos de trabalho, garantia de circula\u00e7\u00e3o das mercadorias e revis\u00e3o de al\u00edquotas foram algumas medidas adotadas durante a pandemia. Assim, Mato Grosso do Sul foi o estado que conseguiu obter o maior \u00edndice de crescimento.<\/p>\n\n\n\n<p>&#8220;\u00c9 um dos estados que mais recebe investimentos privados, isso gra\u00e7as \u00e0 pol\u00edtica de incentivos do Governo e tamb\u00e9m devido aos investimentos p\u00fablicos feitos em setores estrat\u00e9gicos para o desenvolvimento. Esse conjunto faz com que Mato Grosso do Sul registre recordes na abertura de empresas e tenha um crescimento substancial no PIB (Produto Interno Bruto)&#8221;, comenta o secret\u00e1rio da Semadesc, Jaime Verruck.<\/p>\n\n\n\n<p>Paralelo a isso, a Junta Comercial aprofundou as transforma\u00e7\u00f5es tecnol\u00f3gicas que possibilitaram a migra\u00e7\u00e3o de todos seus servi\u00e7os para a plataforma digital, conferindo agilidade, seguran\u00e7a e simplicidade nos procedimentos por parte dos usu\u00e1rios.<\/p>\n\n\n\n<p>Entre os exemplos citados pelo diretor-presidente da Junta, Augusto Castro, est\u00e3o a moderniza\u00e7\u00e3o dos servi\u00e7os, o registro autom\u00e1tico de empresas mercantis, em que possibilita ao usu\u00e1rio, utilizando os modelos padr\u00f5es dispon\u00edveis no sistema e ap\u00f3s o preenchimento da documenta\u00e7\u00e3o, como assinatura digital e demais procedimentos autom\u00e1ticos, a imediata emiss\u00e3o do CNPJ da empresa.<\/p>\n\n\n\n<p><em>Nyelder Rodrigues, Comunica\u00e7\u00e3o Governo de MS<br>Jo\u00e3o Prestes, Comunica\u00e7\u00e3o Semadesc<\/em><br><em>Foto de capa: Saul Schramm<\/em><\/p>\n\n\n<div class=\"wp-block-image\">\n<figure class=\"aligncenter size-full\"><img fetchpriority=\"high\" decoding=\"async\" width=\"900\" height=\"100\" src=\"https:\/\/msconectado.com.br\/wp-content\/uploads\/2023\/01\/ms-900-100-2.png-2-2.png\" alt=\"\" class=\"wp-image-17611\" srcset=\"https:\/\/msconectado.com.br\/wp-content\/uploads\/2023\/01\/ms-900-100-2.png-2-2.png 900w, https:\/\/msconectado.com.br\/wp-content\/uploads\/2023\/01\/ms-900-100-2.png-2-2-300x33.png 300w, https:\/\/msconectado.com.br\/wp-content\/uploads\/2023\/01\/ms-900-100-2.png-2-2-768x85.png 768w\" sizes=\"(max-width: 900px) 100vw, 900px\" \/><\/figure>\n<\/div>","protected":false},"excerpt":{"rendered":"<p>A Jucems (Junta Comercial de Mato Grosso do Sul), \u00f3rg\u00e3o vinculado \u00e0 Semadesc (Secretaria de Meio Ambiente, Desenvolvimento, Ci\u00eancia, Tecnologia e Inova\u00e7\u00e3o), registrou a abertura de 9.602 empresas no exerc\u00edcio de 2022. O n\u00famero est\u00e1 3,55% acima do registrado em 2021, quando o Estado ganhou 9.273 novas firmas. Al\u00e9m disso, esse \u00e9 o segundo recorde [&hellip;]<\/p>\n","protected":false},"author":2,"featured_media":17612,"comment_status":"open","ping_status":"closed","sticky":false,"template":"","format":"standard","meta":{"footnotes":""},"categories":[35,34],"tags":[],"class_list":["post-17610","post","type-post","status-publish","format-standard","has-post-thumbnail","hentry","category-cidades","category-comercio"],"yoast_head":"<!-- This site is optimized with the Yoast SEO plugin v27.5 - https:\/\/yoast.com\/product\/yoast-seo-wordpress\/ -->\n<title>Abertura de empresas em Mato Grosso do Sul bate recorde pelo segundo ano consecutivo. Saiba mais. - MsConectado<\/title>\n<meta name=\"robots\" content=\"index, follow, max-snippet:-1, max-image-preview:large, max-video-preview:-1\" \/>\n<link rel=\"canonical\" href=\"https:\/\/msconectado.com.br\/?p=17610\" \/>\n<meta property=\"og:locale\" content=\"pt_BR\" \/>\n<meta property=\"og:type\" content=\"article\" \/>\n<meta property=\"og:title\" content=\"Abertura de empresas em Mato Grosso do Sul bate recorde pelo segundo ano consecutivo. Saiba mais. - MsConectado\" \/>\n<meta property=\"og:description\" content=\"A Jucems (Junta Comercial de Mato Grosso do Sul), \u00f3rg\u00e3o vinculado \u00e0 Semadesc (Secretaria de Meio Ambiente, Desenvolvimento, Ci\u00eancia, Tecnologia e Inova\u00e7\u00e3o), registrou a abertura de 9.602 empresas no exerc\u00edcio de 2022. O n\u00famero est\u00e1 3,55% acima do registrado em 2021, quando o Estado ganhou 9.273 novas firmas. Al\u00e9m disso, esse \u00e9 o segundo recorde [&hellip;]\" \/>\n<meta property=\"og:url\" content=\"https:\/\/msconectado.com.br\/?p=17610\" \/>\n<meta property=\"og:site_name\" content=\"MsConectado\" \/>\n<meta property=\"article:published_time\" content=\"2023-01-20T18:54:02+00:00\" \/>\n<meta property=\"article:modified_time\" content=\"2023-01-20T18:54:03+00:00\" \/>\n<meta property=\"og:image\" content=\"https:\/\/msconectado.com.br\/wp-content\/uploads\/2023\/01\/Comercio-foto-Saul-Schramm-768x425-730x425-1.jpg\" \/>\n\t<meta property=\"og:image:width\" content=\"730\" \/>\n\t<meta property=\"og:image:height\" content=\"425\" \/>\n\t<meta property=\"og:image:type\" content=\"image\/jpeg\" \/>\n<meta name=\"author\" content=\"MsConectado\" \/>\n<meta name=\"twitter:card\" content=\"summary_large_image\" \/>\n<meta name=\"twitter:label1\" content=\"Escrito por\" \/>\n\t<meta name=\"twitter:data1\" content=\"MsConectado\" \/>\n\t<meta name=\"twitter:label2\" content=\"Est. tempo de leitura\" \/>\n\t<meta name=\"twitter:data2\" content=\"3 minutos\" \/>\n<script type=\"application\/ld+json\" class=\"yoast-schema-graph\">{\"@context\":\"https:\\\/\\\/schema.org\",\"@graph\":[{\"@type\":\"Article\",\"@id\":\"https:\\\/\\\/msconectado.com.br\\\/?p=17610#article\",\"isPartOf\":{\"@id\":\"https:\\\/\\\/msconectado.com.br\\\/?p=17610\"},\"author\":{\"name\":\"MsConectado\",\"@id\":\"https:\\\/\\\/msconectado.com.br\\\/#\\\/schema\\\/person\\\/e5585545b5687092f1041d350b6e2c16\"},\"headline\":\"Abertura de empresas em Mato Grosso do Sul bate recorde pelo segundo ano consecutivo. Saiba mais.\",\"datePublished\":\"2023-01-20T18:54:02+00:00\",\"dateModified\":\"2023-01-20T18:54:03+00:00\",\"mainEntityOfPage\":{\"@id\":\"https:\\\/\\\/msconectado.com.br\\\/?p=17610\"},\"wordCount\":543,\"commentCount\":0,\"publisher\":{\"@id\":\"https:\\\/\\\/msconectado.com.br\\\/#organization\"},\"image\":{\"@id\":\"https:\\\/\\\/msconectado.com.br\\\/?p=17610#primaryimage\"},\"thumbnailUrl\":\"https:\\\/\\\/msconectado.com.br\\\/wp-content\\\/uploads\\\/2023\\\/01\\\/Comercio-foto-Saul-Schramm-768x425-730x425-1.jpg\",\"articleSection\":[\"Cidades\",\"Com\u00e9rcio\"],\"inLanguage\":\"pt-BR\",\"potentialAction\":[{\"@type\":\"CommentAction\",\"name\":\"Comment\",\"target\":[\"https:\\\/\\\/msconectado.com.br\\\/?p=17610#respond\"]}]},{\"@type\":\"WebPage\",\"@id\":\"https:\\\/\\\/msconectado.com.br\\\/?p=17610\",\"url\":\"https:\\\/\\\/msconectado.com.br\\\/?p=17610\",\"name\":\"Abertura de empresas em Mato Grosso do Sul bate recorde pelo segundo ano consecutivo. Saiba mais. - MsConectado\",\"isPartOf\":{\"@id\":\"https:\\\/\\\/msconectado.com.br\\\/#website\"},\"primaryImageOfPage\":{\"@id\":\"https:\\\/\\\/msconectado.com.br\\\/?p=17610#primaryimage\"},\"image\":{\"@id\":\"https:\\\/\\\/msconectado.com.br\\\/?p=17610#primaryimage\"},\"thumbnailUrl\":\"https:\\\/\\\/msconectado.com.br\\\/wp-content\\\/uploads\\\/2023\\\/01\\\/Comercio-foto-Saul-Schramm-768x425-730x425-1.jpg\",\"datePublished\":\"2023-01-20T18:54:02+00:00\",\"dateModified\":\"2023-01-20T18:54:03+00:00\",\"breadcrumb\":{\"@id\":\"https:\\\/\\\/msconectado.com.br\\\/?p=17610#breadcrumb\"},\"inLanguage\":\"pt-BR\",\"potentialAction\":[{\"@type\":\"ReadAction\",\"target\":[\"https:\\\/\\\/msconectado.com.br\\\/?p=17610\"]}]},{\"@type\":\"ImageObject\",\"inLanguage\":\"pt-BR\",\"@id\":\"https:\\\/\\\/msconectado.com.br\\\/?p=17610#primaryimage\",\"url\":\"https:\\\/\\\/msconectado.com.br\\\/wp-content\\\/uploads\\\/2023\\\/01\\\/Comercio-foto-Saul-Schramm-768x425-730x425-1.jpg\",\"contentUrl\":\"https:\\\/\\\/msconectado.com.br\\\/wp-content\\\/uploads\\\/2023\\\/01\\\/Comercio-foto-Saul-Schramm-768x425-730x425-1.jpg\",\"width\":730,\"height\":425},{\"@type\":\"BreadcrumbList\",\"@id\":\"https:\\\/\\\/msconectado.com.br\\\/?p=17610#breadcrumb\",\"itemListElement\":[{\"@type\":\"ListItem\",\"position\":1,\"name\":\"In\u00edcio\",\"item\":\"https:\\\/\\\/msconectado.com.br\\\/?page_id=105\"},{\"@type\":\"ListItem\",\"position\":2,\"name\":\"Abertura de empresas em Mato Grosso do Sul bate recorde pelo segundo ano consecutivo. Saiba mais.\"}]},{\"@type\":\"WebSite\",\"@id\":\"https:\\\/\\\/msconectado.com.br\\\/#website\",\"url\":\"https:\\\/\\\/msconectado.com.br\\\/\",\"name\":\"MsConectado\",\"description\":\"Voc\u00ea Conectado com a Not\u00edcia!\",\"publisher\":{\"@id\":\"https:\\\/\\\/msconectado.com.br\\\/#organization\"},\"potentialAction\":[{\"@type\":\"SearchAction\",\"target\":{\"@type\":\"EntryPoint\",\"urlTemplate\":\"https:\\\/\\\/msconectado.com.br\\\/?s={search_term_string}\"},\"query-input\":{\"@type\":\"PropertyValueSpecification\",\"valueRequired\":true,\"valueName\":\"search_term_string\"}}],\"inLanguage\":\"pt-BR\"},{\"@type\":\"Organization\",\"@id\":\"https:\\\/\\\/msconectado.com.br\\\/#organization\",\"name\":\"MsConectado\",\"url\":\"https:\\\/\\\/msconectado.com.br\\\/\",\"logo\":{\"@type\":\"ImageObject\",\"inLanguage\":\"pt-BR\",\"@id\":\"https:\\\/\\\/msconectado.com.br\\\/#\\\/schema\\\/logo\\\/image\\\/\",\"url\":\"https:\\\/\\\/msconectado.com.br\\\/wp-content\\\/uploads\\\/2023\\\/01\\\/cropped-noticia-2.png\",\"contentUrl\":\"https:\\\/\\\/msconectado.com.br\\\/wp-content\\\/uploads\\\/2023\\\/01\\\/cropped-noticia-2.png\",\"width\":720,\"height\":157,\"caption\":\"MsConectado\"},\"image\":{\"@id\":\"https:\\\/\\\/msconectado.com.br\\\/#\\\/schema\\\/logo\\\/image\\\/\"}},{\"@type\":\"Person\",\"@id\":\"https:\\\/\\\/msconectado.com.br\\\/#\\\/schema\\\/person\\\/e5585545b5687092f1041d350b6e2c16\",\"name\":\"MsConectado\",\"image\":{\"@type\":\"ImageObject\",\"inLanguage\":\"pt-BR\",\"@id\":\"https:\\\/\\\/secure.gravatar.com\\\/avatar\\\/3b4f84a0a8a4380ac4431fa79981d073692380c5da00ae97596e794ab0db5c8c?s=96&d=mm&r=g\",\"url\":\"https:\\\/\\\/secure.gravatar.com\\\/avatar\\\/3b4f84a0a8a4380ac4431fa79981d073692380c5da00ae97596e794ab0db5c8c?s=96&d=mm&r=g\",\"contentUrl\":\"https:\\\/\\\/secure.gravatar.com\\\/avatar\\\/3b4f84a0a8a4380ac4431fa79981d073692380c5da00ae97596e794ab0db5c8c?s=96&d=mm&r=g\",\"caption\":\"MsConectado\"},\"url\":\"https:\\\/\\\/msconectado.com.br\\\/?author=2\"}]}<\/script>\n<!-- \/ Yoast SEO plugin. -->","yoast_head_json":{"title":"Abertura de empresas em Mato Grosso do Sul bate recorde pelo segundo ano consecutivo. Saiba mais. - MsConectado","robots":{"index":"index","follow":"follow","max-snippet":"max-snippet:-1","max-image-preview":"max-image-preview:large","max-video-preview":"max-video-preview:-1"},"canonical":"https:\/\/msconectado.com.br\/?p=17610","og_locale":"pt_BR","og_type":"article","og_title":"Abertura de empresas em Mato Grosso do Sul bate recorde pelo segundo ano consecutivo. Saiba mais. - MsConectado","og_description":"A Jucems (Junta Comercial de Mato Grosso do Sul), \u00f3rg\u00e3o vinculado \u00e0 Semadesc (Secretaria de Meio Ambiente, Desenvolvimento, Ci\u00eancia, Tecnologia e Inova\u00e7\u00e3o), registrou a abertura de 9.602 empresas no exerc\u00edcio de 2022. O n\u00famero est\u00e1 3,55% acima do registrado em 2021, quando o Estado ganhou 9.273 novas firmas. Al\u00e9m disso, esse \u00e9 o segundo recorde [&hellip;]","og_url":"https:\/\/msconectado.com.br\/?p=17610","og_site_name":"MsConectado","article_published_time":"2023-01-20T18:54:02+00:00","article_modified_time":"2023-01-20T18:54:03+00:00","og_image":[{"width":730,"height":425,"url":"https:\/\/msconectado.com.br\/wp-content\/uploads\/2023\/01\/Comercio-foto-Saul-Schramm-768x425-730x425-1.jpg","type":"image\/jpeg"}],"author":"MsConectado","twitter_card":"summary_large_image","twitter_misc":{"Escrito por":"MsConectado","Est. tempo de leitura":"3 minutos"},"schema":{"@context":"https:\/\/schema.org","@graph":[{"@type":"Article","@id":"https:\/\/msconectado.com.br\/?p=17610#article","isPartOf":{"@id":"https:\/\/msconectado.com.br\/?p=17610"},"author":{"name":"MsConectado","@id":"https:\/\/msconectado.com.br\/#\/schema\/person\/e5585545b5687092f1041d350b6e2c16"},"headline":"Abertura de empresas em Mato Grosso do Sul bate recorde pelo segundo ano consecutivo. Saiba mais.","datePublished":"2023-01-20T18:54:02+00:00","dateModified":"2023-01-20T18:54:03+00:00","mainEntityOfPage":{"@id":"https:\/\/msconectado.com.br\/?p=17610"},"wordCount":543,"commentCount":0,"publisher":{"@id":"https:\/\/msconectado.com.br\/#organization"},"image":{"@id":"https:\/\/msconectado.com.br\/?p=17610#primaryimage"},"thumbnailUrl":"https:\/\/msconectado.com.br\/wp-content\/uploads\/2023\/01\/Comercio-foto-Saul-Schramm-768x425-730x425-1.jpg","articleSection":["Cidades","Com\u00e9rcio"],"inLanguage":"pt-BR","potentialAction":[{"@type":"CommentAction","name":"Comment","target":["https:\/\/msconectado.com.br\/?p=17610#respond"]}]},{"@type":"WebPage","@id":"https:\/\/msconectado.com.br\/?p=17610","url":"https:\/\/msconectado.com.br\/?p=17610","name":"Abertura de empresas em Mato Grosso do Sul bate recorde pelo segundo ano consecutivo. Saiba mais. - MsConectado","isPartOf":{"@id":"https:\/\/msconectado.com.br\/#website"},"primaryImageOfPage":{"@id":"https:\/\/msconectado.com.br\/?p=17610#primaryimage"},"image":{"@id":"https:\/\/msconectado.com.br\/?p=17610#primaryimage"},"thumbnailUrl":"https:\/\/msconectado.com.br\/wp-content\/uploads\/2023\/01\/Comercio-foto-Saul-Schramm-768x425-730x425-1.jpg","datePublished":"2023-01-20T18:54:02+00:00","dateModified":"2023-01-20T18:54:03+00:00","breadcrumb":{"@id":"https:\/\/msconectado.com.br\/?p=17610#breadcrumb"},"inLanguage":"pt-BR","potentialAction":[{"@type":"ReadAction","target":["https:\/\/msconectado.com.br\/?p=17610"]}]},{"@type":"ImageObject","inLanguage":"pt-BR","@id":"https:\/\/msconectado.com.br\/?p=17610#primaryimage","url":"https:\/\/msconectado.com.br\/wp-content\/uploads\/2023\/01\/Comercio-foto-Saul-Schramm-768x425-730x425-1.jpg","contentUrl":"https:\/\/msconectado.com.br\/wp-content\/uploads\/2023\/01\/Comercio-foto-Saul-Schramm-768x425-730x425-1.jpg","width":730,"height":425},{"@type":"BreadcrumbList","@id":"https:\/\/msconectado.com.br\/?p=17610#breadcrumb","itemListElement":[{"@type":"ListItem","position":1,"name":"In\u00edcio","item":"https:\/\/msconectado.com.br\/?page_id=105"},{"@type":"ListItem","position":2,"name":"Abertura de empresas em Mato Grosso do Sul bate recorde pelo segundo ano consecutivo. Saiba mais."}]},{"@type":"WebSite","@id":"https:\/\/msconectado.com.br\/#website","url":"https:\/\/msconectado.com.br\/","name":"MsConectado","description":"Voc\u00ea Conectado com a Not\u00edcia!","publisher":{"@id":"https:\/\/msconectado.com.br\/#organization"},"potentialAction":[{"@type":"SearchAction","target":{"@type":"EntryPoint","urlTemplate":"https:\/\/msconectado.com.br\/?s={search_term_string}"},"query-input":{"@type":"PropertyValueSpecification","valueRequired":true,"valueName":"search_term_string"}}],"inLanguage":"pt-BR"},{"@type":"Organization","@id":"https:\/\/msconectado.com.br\/#organization","name":"MsConectado","url":"https:\/\/msconectado.com.br\/","logo":{"@type":"ImageObject","inLanguage":"pt-BR","@id":"https:\/\/msconectado.com.br\/#\/schema\/logo\/image\/","url":"https:\/\/msconectado.com.br\/wp-content\/uploads\/2023\/01\/cropped-noticia-2.png","contentUrl":"https:\/\/msconectado.com.br\/wp-content\/uploads\/2023\/01\/cropped-noticia-2.png","width":720,"height":157,"caption":"MsConectado"},"image":{"@id":"https:\/\/msconectado.com.br\/#\/schema\/logo\/image\/"}},{"@type":"Person","@id":"https:\/\/msconectado.com.br\/#\/schema\/person\/e5585545b5687092f1041d350b6e2c16","name":"MsConectado","image":{"@type":"ImageObject","inLanguage":"pt-BR","@id":"https:\/\/secure.gravatar.com\/avatar\/3b4f84a0a8a4380ac4431fa79981d073692380c5da00ae97596e794ab0db5c8c?s=96&d=mm&r=g","url":"https:\/\/secure.gravatar.com\/avatar\/3b4f84a0a8a4380ac4431fa79981d073692380c5da00ae97596e794ab0db5c8c?s=96&d=mm&r=g","contentUrl":"https:\/\/secure.gravatar.com\/avatar\/3b4f84a0a8a4380ac4431fa79981d073692380c5da00ae97596e794ab0db5c8c?s=96&d=mm&r=g","caption":"MsConectado"},"url":"https:\/\/msconectado.com.br\/?author=2"}]}},"_links":{"self":[{"href":"https:\/\/msconectado.com.br\/index.php?rest_route=\/wp\/v2\/posts\/17610","targetHints":{"allow":["GET"]}}],"collection":[{"href":"https:\/\/msconectado.com.br\/index.php?rest_route=\/wp\/v2\/posts"}],"about":[{"href":"https:\/\/msconectado.com.br\/index.php?rest_route=\/wp\/v2\/types\/post"}],"author":[{"embeddable":true,"href":"https:\/\/msconectado.com.br\/index.php?rest_route=\/wp\/v2\/users\/2"}],"replies":[{"embeddable":true,"href":"https:\/\/msconectado.com.br\/index.php?rest_route=%2Fwp%2Fv2%2Fcomments&post=17610"}],"version-history":[{"count":1,"href":"https:\/\/msconectado.com.br\/index.php?rest_route=\/wp\/v2\/posts\/17610\/revisions"}],"predecessor-version":[{"id":17613,"href":"https:\/\/msconectado.com.br\/index.php?rest_route=\/wp\/v2\/posts\/17610\/revisions\/17613"}],"wp:featuredmedia":[{"embeddable":true,"href":"https:\/\/msconectado.com.br\/index.php?rest_route=\/wp\/v2\/media\/17612"}],"wp:attachment":[{"href":"https:\/\/msconectado.com.br\/index.php?rest_route=%2Fwp%2Fv2%2Fmedia&parent=17610"}],"wp:term":[{"taxonomy":"category","embeddable":true,"href":"https:\/\/msconectado.com.br\/index.php?rest_route=%2Fwp%2Fv2%2Fcategories&post=17610"},{"taxonomy":"post_tag","embeddable":true,"href":"https:\/\/msconectado.com.br\/index.php?rest_route=%2Fwp%2Fv2%2Ftags&post=17610"}],"curies":[{"name":"wp","href":"https:\/\/api.w.org\/{rel}","templated":true}]}}