
{"id":17614,"date":"2023-01-20T20:29:42","date_gmt":"2023-01-20T20:29:42","guid":{"rendered":"https:\/\/msconectado.com.br\/?p=17614"},"modified":"2023-01-20T20:29:43","modified_gmt":"2023-01-20T20:29:43","slug":"em-reuniao-na-semadesc-prefeito-em-exercicio-e-secretarios-municipais-debatem-acoes-ligadas-ao-desenvolvimento-infraestrutura-e-meio-ambiente-de-maracaju","status":"publish","type":"post","link":"https:\/\/msconectado.com.br\/?p=17614","title":{"rendered":"Em reuni\u00e3o na SEMADESC, Prefeito em Exerc\u00edcio e secret\u00e1rios municipais debatem a\u00e7\u00f5es ligadas ao Desenvolvimento, Infraestrutura e Meio Ambiente de Maracaju."},"content":{"rendered":"\n<p><strong>Importante agenda, abordou a finaliza\u00e7\u00e3o das obras da Neomille, Polo Industrial e ainda conquistou maquin\u00e1rio para tritura\u00e7\u00e3o de galhos, \u00e1rvores e paletes.<\/strong><\/p>\n\n\n\n<p>Na \u00faltima quinta-feira (19), o Prefeito em Exerc\u00edcio, Mauro Christianini, devidamente acompanhado do Secret\u00e1rio de Desenvolvimento Econ\u00f4mico e Meio Ambiente, Agadir Mossmann, cumpriu agenda na SEMADESC \u2013 Secretaria de Estado de Meio Ambiente, Desenvolvimento, Ci\u00eancia, Tecnologia e Inova\u00e7\u00e3o do Governo do Estado.<\/p>\n\n\n\n<p>Recepcionados pelo Secret\u00e1rio Jaime Verruck, em pauta, diversos temas ligados especialmente ao Desenvolvimento, Infraestrutura e Meio Ambiente do munic\u00edpio, por exemplo, Agricultura Familiar, al\u00e9m do desfecho das obras da Neomille, Usina de Etanol de milho que conta com investimentos de 1 bilh\u00e3o de reais, com importante apoio da Prefeitura e do Governo do Estado.<\/p>\n\n\n\n<p>\u201c<em>Trata-se de uma obra importante e que tem a perspectiva de grande gera\u00e7\u00e3o de empregos diretos e indiretos, entretanto, gera um importante alerta, temos que trabalhar intensamente para preparar o munic\u00edpio para este crescimento que a ind\u00fastria mover\u00e1 com a sua inaugura\u00e7\u00e3o<\/em>.\u201d Explicou o Secret\u00e1rio de Desenvolvimento Econ\u00f4mico e Meio Ambiente de Maracaju, Agadir Mossmann.<\/p>\n\n\n\n<p>Ainda de acordo com Agadir, foi abordado tamb\u00e9m sobre o Polo Industrial e Comercial de Maracaju, quesito infraestrutura dos Polos Empresarial e Industrial, al\u00e9m da extens\u00e3o da energia para o Polo Empresarial.<\/p>\n\n\n\n<p>Outra importante conquista, por meio de ced\u00eancia e compensa\u00e7\u00e3o ambiental, ser\u00e1 o envio de uma m\u00e1quina de tritura\u00e7\u00e3o de galhos, \u00e1rvores e paletes, tratando-se de uma importante ferramenta para diminui\u00e7\u00e3o dos res\u00edduos e a limpeza do munic\u00edpio.<\/p>\n\n\n\n<p>De acordo com o Prefeito em Exerc\u00edcio Mauro Christianini, Maracaju tem uma parceria consolidada com o Governo do Estado e a administra\u00e7\u00e3o municipal tem feito sua parte, entretanto, parcerias s\u00e3o sempre bem-vindas e continuar\u00e3o no atual Governo de Eduardo Riedel.<\/p>\n\n\n\n<p>\u201c<em>Maracaju \u00e9 uma terra pr\u00f3spera e de pessoas que fazem acontecer, a parceria com o Governo do Estado iniciada quando assumimos o mandato, e que agora ser\u00e1 refor\u00e7ada com Riedel, acelera as a\u00e7\u00f5es e possibilita fazermos um trabalho intenso, afinal nossa cidade ficou parada por muito tempo e agora estamos trabalhando bastante, e certamente, conquistaremos ainda mais resultados para a popula\u00e7\u00e3o maracajuense<\/em>.\u201d Afirmou Mauro Christianini.<\/p>\n\n\n\n<p>Tamb\u00e9m participaram da reuni\u00e3o o Secret\u00e1rio de Obras e Urbanismo Joaquim Herrera, Secret\u00e1ria de Governo Cl\u00e9o Wosniak e o Assessor de Comunica\u00e7\u00e3o Tiago Santos Rodrigues.<\/p>\n\n\n\n<p>Assessoria<\/p>\n\n\n<div class=\"wp-block-image\">\n<figure class=\"aligncenter size-full\"><a href=\"https:\/\/www.instagram.com\/ms_conectado\/\"><img fetchpriority=\"high\" decoding=\"async\" width=\"900\" height=\"100\" src=\"https:\/\/msconectado.com.br\/wp-content\/uploads\/2023\/01\/ms-900-100-2.png-2-2.png\" alt=\"\" class=\"wp-image-17611\" srcset=\"https:\/\/msconectado.com.br\/wp-content\/uploads\/2023\/01\/ms-900-100-2.png-2-2.png 900w, https:\/\/msconectado.com.br\/wp-content\/uploads\/2023\/01\/ms-900-100-2.png-2-2-300x33.png 300w, https:\/\/msconectado.com.br\/wp-content\/uploads\/2023\/01\/ms-900-100-2.png-2-2-768x85.png 768w\" sizes=\"(max-width: 900px) 100vw, 900px\" \/><\/a><\/figure>\n<\/div>","protected":false},"excerpt":{"rendered":"<p>Importante agenda, abordou a finaliza\u00e7\u00e3o das obras da Neomille, Polo Industrial e ainda conquistou maquin\u00e1rio para tritura\u00e7\u00e3o de galhos, \u00e1rvores e paletes. Na \u00faltima quinta-feira (19), o Prefeito em Exerc\u00edcio, Mauro Christianini, devidamente acompanhado do Secret\u00e1rio de Desenvolvimento Econ\u00f4mico e Meio Ambiente, Agadir Mossmann, cumpriu agenda na SEMADESC \u2013 Secretaria de Estado de Meio Ambiente, [&hellip;]<\/p>\n","protected":false},"author":2,"featured_media":17615,"comment_status":"open","ping_status":"closed","sticky":false,"template":"","format":"standard","meta":{"footnotes":""},"categories":[35,34,33],"tags":[],"class_list":["post-17614","post","type-post","status-publish","format-standard","has-post-thumbnail","hentry","category-cidades","category-comercio","category-politica"],"yoast_head":"<!-- This site is optimized with the Yoast SEO plugin v27.5 - https:\/\/yoast.com\/product\/yoast-seo-wordpress\/ -->\n<title>Em reuni\u00e3o na SEMADESC, Prefeito em Exerc\u00edcio e secret\u00e1rios municipais debatem a\u00e7\u00f5es ligadas ao Desenvolvimento, Infraestrutura e Meio Ambiente de Maracaju. - MsConectado<\/title>\n<meta name=\"robots\" content=\"index, follow, max-snippet:-1, max-image-preview:large, max-video-preview:-1\" \/>\n<link rel=\"canonical\" href=\"https:\/\/msconectado.com.br\/?p=17614\" \/>\n<meta property=\"og:locale\" content=\"pt_BR\" \/>\n<meta property=\"og:type\" content=\"article\" \/>\n<meta property=\"og:title\" content=\"Em reuni\u00e3o na SEMADESC, Prefeito em Exerc\u00edcio e secret\u00e1rios municipais debatem a\u00e7\u00f5es ligadas ao Desenvolvimento, Infraestrutura e Meio Ambiente de Maracaju. - MsConectado\" \/>\n<meta property=\"og:description\" content=\"Importante agenda, abordou a finaliza\u00e7\u00e3o das obras da Neomille, Polo Industrial e ainda conquistou maquin\u00e1rio para tritura\u00e7\u00e3o de galhos, \u00e1rvores e paletes. Na \u00faltima quinta-feira (19), o Prefeito em Exerc\u00edcio, Mauro Christianini, devidamente acompanhado do Secret\u00e1rio de Desenvolvimento Econ\u00f4mico e Meio Ambiente, Agadir Mossmann, cumpriu agenda na SEMADESC \u2013 Secretaria de Estado de Meio Ambiente, [&hellip;]\" \/>\n<meta property=\"og:url\" content=\"https:\/\/msconectado.com.br\/?p=17614\" \/>\n<meta property=\"og:site_name\" content=\"MsConectado\" \/>\n<meta property=\"article:published_time\" content=\"2023-01-20T20:29:42+00:00\" \/>\n<meta property=\"article:modified_time\" content=\"2023-01-20T20:29:43+00:00\" \/>\n<meta property=\"og:image\" content=\"https:\/\/msconectado.com.br\/wp-content\/uploads\/2023\/01\/806c01ef-a5ec-4cc0-9855-6149f73028b5.jpg\" \/>\n\t<meta property=\"og:image:width\" content=\"1280\" \/>\n\t<meta property=\"og:image:height\" content=\"853\" \/>\n\t<meta property=\"og:image:type\" content=\"image\/jpeg\" \/>\n<meta name=\"author\" content=\"MsConectado\" \/>\n<meta name=\"twitter:card\" content=\"summary_large_image\" \/>\n<meta name=\"twitter:label1\" content=\"Escrito por\" \/>\n\t<meta name=\"twitter:data1\" content=\"MsConectado\" \/>\n\t<meta name=\"twitter:label2\" content=\"Est. tempo de leitura\" \/>\n\t<meta name=\"twitter:data2\" content=\"3 minutos\" \/>\n<script type=\"application\/ld+json\" class=\"yoast-schema-graph\">{\"@context\":\"https:\\\/\\\/schema.org\",\"@graph\":[{\"@type\":\"Article\",\"@id\":\"https:\\\/\\\/msconectado.com.br\\\/?p=17614#article\",\"isPartOf\":{\"@id\":\"https:\\\/\\\/msconectado.com.br\\\/?p=17614\"},\"author\":{\"name\":\"MsConectado\",\"@id\":\"https:\\\/\\\/msconectado.com.br\\\/#\\\/schema\\\/person\\\/e5585545b5687092f1041d350b6e2c16\"},\"headline\":\"Em reuni\u00e3o na SEMADESC, Prefeito em Exerc\u00edcio e secret\u00e1rios municipais debatem a\u00e7\u00f5es ligadas ao Desenvolvimento, Infraestrutura e Meio Ambiente de Maracaju.\",\"datePublished\":\"2023-01-20T20:29:42+00:00\",\"dateModified\":\"2023-01-20T20:29:43+00:00\",\"mainEntityOfPage\":{\"@id\":\"https:\\\/\\\/msconectado.com.br\\\/?p=17614\"},\"wordCount\":436,\"commentCount\":0,\"publisher\":{\"@id\":\"https:\\\/\\\/msconectado.com.br\\\/#organization\"},\"image\":{\"@id\":\"https:\\\/\\\/msconectado.com.br\\\/?p=17614#primaryimage\"},\"thumbnailUrl\":\"https:\\\/\\\/msconectado.com.br\\\/wp-content\\\/uploads\\\/2023\\\/01\\\/806c01ef-a5ec-4cc0-9855-6149f73028b5.jpg\",\"articleSection\":[\"Cidades\",\"Com\u00e9rcio\",\"Pol\u00edtica\"],\"inLanguage\":\"pt-BR\",\"potentialAction\":[{\"@type\":\"CommentAction\",\"name\":\"Comment\",\"target\":[\"https:\\\/\\\/msconectado.com.br\\\/?p=17614#respond\"]}]},{\"@type\":\"WebPage\",\"@id\":\"https:\\\/\\\/msconectado.com.br\\\/?p=17614\",\"url\":\"https:\\\/\\\/msconectado.com.br\\\/?p=17614\",\"name\":\"Em reuni\u00e3o na SEMADESC, Prefeito em Exerc\u00edcio e secret\u00e1rios municipais debatem a\u00e7\u00f5es ligadas ao Desenvolvimento, Infraestrutura e Meio Ambiente de Maracaju. - MsConectado\",\"isPartOf\":{\"@id\":\"https:\\\/\\\/msconectado.com.br\\\/#website\"},\"primaryImageOfPage\":{\"@id\":\"https:\\\/\\\/msconectado.com.br\\\/?p=17614#primaryimage\"},\"image\":{\"@id\":\"https:\\\/\\\/msconectado.com.br\\\/?p=17614#primaryimage\"},\"thumbnailUrl\":\"https:\\\/\\\/msconectado.com.br\\\/wp-content\\\/uploads\\\/2023\\\/01\\\/806c01ef-a5ec-4cc0-9855-6149f73028b5.jpg\",\"datePublished\":\"2023-01-20T20:29:42+00:00\",\"dateModified\":\"2023-01-20T20:29:43+00:00\",\"breadcrumb\":{\"@id\":\"https:\\\/\\\/msconectado.com.br\\\/?p=17614#breadcrumb\"},\"inLanguage\":\"pt-BR\",\"potentialAction\":[{\"@type\":\"ReadAction\",\"target\":[\"https:\\\/\\\/msconectado.com.br\\\/?p=17614\"]}]},{\"@type\":\"ImageObject\",\"inLanguage\":\"pt-BR\",\"@id\":\"https:\\\/\\\/msconectado.com.br\\\/?p=17614#primaryimage\",\"url\":\"https:\\\/\\\/msconectado.com.br\\\/wp-content\\\/uploads\\\/2023\\\/01\\\/806c01ef-a5ec-4cc0-9855-6149f73028b5.jpg\",\"contentUrl\":\"https:\\\/\\\/msconectado.com.br\\\/wp-content\\\/uploads\\\/2023\\\/01\\\/806c01ef-a5ec-4cc0-9855-6149f73028b5.jpg\",\"width\":1280,\"height\":853},{\"@type\":\"BreadcrumbList\",\"@id\":\"https:\\\/\\\/msconectado.com.br\\\/?p=17614#breadcrumb\",\"itemListElement\":[{\"@type\":\"ListItem\",\"position\":1,\"name\":\"In\u00edcio\",\"item\":\"https:\\\/\\\/msconectado.com.br\\\/?page_id=105\"},{\"@type\":\"ListItem\",\"position\":2,\"name\":\"Em reuni\u00e3o na SEMADESC, Prefeito em Exerc\u00edcio e secret\u00e1rios municipais debatem a\u00e7\u00f5es ligadas ao Desenvolvimento, Infraestrutura e Meio Ambiente de Maracaju.\"}]},{\"@type\":\"WebSite\",\"@id\":\"https:\\\/\\\/msconectado.com.br\\\/#website\",\"url\":\"https:\\\/\\\/msconectado.com.br\\\/\",\"name\":\"MsConectado\",\"description\":\"Voc\u00ea Conectado com a Not\u00edcia!\",\"publisher\":{\"@id\":\"https:\\\/\\\/msconectado.com.br\\\/#organization\"},\"potentialAction\":[{\"@type\":\"SearchAction\",\"target\":{\"@type\":\"EntryPoint\",\"urlTemplate\":\"https:\\\/\\\/msconectado.com.br\\\/?s={search_term_string}\"},\"query-input\":{\"@type\":\"PropertyValueSpecification\",\"valueRequired\":true,\"valueName\":\"search_term_string\"}}],\"inLanguage\":\"pt-BR\"},{\"@type\":\"Organization\",\"@id\":\"https:\\\/\\\/msconectado.com.br\\\/#organization\",\"name\":\"MsConectado\",\"url\":\"https:\\\/\\\/msconectado.com.br\\\/\",\"logo\":{\"@type\":\"ImageObject\",\"inLanguage\":\"pt-BR\",\"@id\":\"https:\\\/\\\/msconectado.com.br\\\/#\\\/schema\\\/logo\\\/image\\\/\",\"url\":\"https:\\\/\\\/msconectado.com.br\\\/wp-content\\\/uploads\\\/2023\\\/01\\\/cropped-noticia-2.png\",\"contentUrl\":\"https:\\\/\\\/msconectado.com.br\\\/wp-content\\\/uploads\\\/2023\\\/01\\\/cropped-noticia-2.png\",\"width\":720,\"height\":157,\"caption\":\"MsConectado\"},\"image\":{\"@id\":\"https:\\\/\\\/msconectado.com.br\\\/#\\\/schema\\\/logo\\\/image\\\/\"}},{\"@type\":\"Person\",\"@id\":\"https:\\\/\\\/msconectado.com.br\\\/#\\\/schema\\\/person\\\/e5585545b5687092f1041d350b6e2c16\",\"name\":\"MsConectado\",\"image\":{\"@type\":\"ImageObject\",\"inLanguage\":\"pt-BR\",\"@id\":\"https:\\\/\\\/secure.gravatar.com\\\/avatar\\\/3b4f84a0a8a4380ac4431fa79981d073692380c5da00ae97596e794ab0db5c8c?s=96&d=mm&r=g\",\"url\":\"https:\\\/\\\/secure.gravatar.com\\\/avatar\\\/3b4f84a0a8a4380ac4431fa79981d073692380c5da00ae97596e794ab0db5c8c?s=96&d=mm&r=g\",\"contentUrl\":\"https:\\\/\\\/secure.gravatar.com\\\/avatar\\\/3b4f84a0a8a4380ac4431fa79981d073692380c5da00ae97596e794ab0db5c8c?s=96&d=mm&r=g\",\"caption\":\"MsConectado\"},\"url\":\"https:\\\/\\\/msconectado.com.br\\\/?author=2\"}]}<\/script>\n<!-- \/ Yoast SEO plugin. -->","yoast_head_json":{"title":"Em reuni\u00e3o na SEMADESC, Prefeito em Exerc\u00edcio e secret\u00e1rios municipais debatem a\u00e7\u00f5es ligadas ao Desenvolvimento, Infraestrutura e Meio Ambiente de Maracaju. - MsConectado","robots":{"index":"index","follow":"follow","max-snippet":"max-snippet:-1","max-image-preview":"max-image-preview:large","max-video-preview":"max-video-preview:-1"},"canonical":"https:\/\/msconectado.com.br\/?p=17614","og_locale":"pt_BR","og_type":"article","og_title":"Em reuni\u00e3o na SEMADESC, Prefeito em Exerc\u00edcio e secret\u00e1rios municipais debatem a\u00e7\u00f5es ligadas ao Desenvolvimento, Infraestrutura e Meio Ambiente de Maracaju. - MsConectado","og_description":"Importante agenda, abordou a finaliza\u00e7\u00e3o das obras da Neomille, Polo Industrial e ainda conquistou maquin\u00e1rio para tritura\u00e7\u00e3o de galhos, \u00e1rvores e paletes. Na \u00faltima quinta-feira (19), o Prefeito em Exerc\u00edcio, Mauro Christianini, devidamente acompanhado do Secret\u00e1rio de Desenvolvimento Econ\u00f4mico e Meio Ambiente, Agadir Mossmann, cumpriu agenda na SEMADESC \u2013 Secretaria de Estado de Meio Ambiente, [&hellip;]","og_url":"https:\/\/msconectado.com.br\/?p=17614","og_site_name":"MsConectado","article_published_time":"2023-01-20T20:29:42+00:00","article_modified_time":"2023-01-20T20:29:43+00:00","og_image":[{"width":1280,"height":853,"url":"https:\/\/msconectado.com.br\/wp-content\/uploads\/2023\/01\/806c01ef-a5ec-4cc0-9855-6149f73028b5.jpg","type":"image\/jpeg"}],"author":"MsConectado","twitter_card":"summary_large_image","twitter_misc":{"Escrito por":"MsConectado","Est. tempo de leitura":"3 minutos"},"schema":{"@context":"https:\/\/schema.org","@graph":[{"@type":"Article","@id":"https:\/\/msconectado.com.br\/?p=17614#article","isPartOf":{"@id":"https:\/\/msconectado.com.br\/?p=17614"},"author":{"name":"MsConectado","@id":"https:\/\/msconectado.com.br\/#\/schema\/person\/e5585545b5687092f1041d350b6e2c16"},"headline":"Em reuni\u00e3o na SEMADESC, Prefeito em Exerc\u00edcio e secret\u00e1rios municipais debatem a\u00e7\u00f5es ligadas ao Desenvolvimento, Infraestrutura e Meio Ambiente de Maracaju.","datePublished":"2023-01-20T20:29:42+00:00","dateModified":"2023-01-20T20:29:43+00:00","mainEntityOfPage":{"@id":"https:\/\/msconectado.com.br\/?p=17614"},"wordCount":436,"commentCount":0,"publisher":{"@id":"https:\/\/msconectado.com.br\/#organization"},"image":{"@id":"https:\/\/msconectado.com.br\/?p=17614#primaryimage"},"thumbnailUrl":"https:\/\/msconectado.com.br\/wp-content\/uploads\/2023\/01\/806c01ef-a5ec-4cc0-9855-6149f73028b5.jpg","articleSection":["Cidades","Com\u00e9rcio","Pol\u00edtica"],"inLanguage":"pt-BR","potentialAction":[{"@type":"CommentAction","name":"Comment","target":["https:\/\/msconectado.com.br\/?p=17614#respond"]}]},{"@type":"WebPage","@id":"https:\/\/msconectado.com.br\/?p=17614","url":"https:\/\/msconectado.com.br\/?p=17614","name":"Em reuni\u00e3o na SEMADESC, Prefeito em Exerc\u00edcio e secret\u00e1rios municipais debatem a\u00e7\u00f5es ligadas ao Desenvolvimento, Infraestrutura e Meio Ambiente de Maracaju. - MsConectado","isPartOf":{"@id":"https:\/\/msconectado.com.br\/#website"},"primaryImageOfPage":{"@id":"https:\/\/msconectado.com.br\/?p=17614#primaryimage"},"image":{"@id":"https:\/\/msconectado.com.br\/?p=17614#primaryimage"},"thumbnailUrl":"https:\/\/msconectado.com.br\/wp-content\/uploads\/2023\/01\/806c01ef-a5ec-4cc0-9855-6149f73028b5.jpg","datePublished":"2023-01-20T20:29:42+00:00","dateModified":"2023-01-20T20:29:43+00:00","breadcrumb":{"@id":"https:\/\/msconectado.com.br\/?p=17614#breadcrumb"},"inLanguage":"pt-BR","potentialAction":[{"@type":"ReadAction","target":["https:\/\/msconectado.com.br\/?p=17614"]}]},{"@type":"ImageObject","inLanguage":"pt-BR","@id":"https:\/\/msconectado.com.br\/?p=17614#primaryimage","url":"https:\/\/msconectado.com.br\/wp-content\/uploads\/2023\/01\/806c01ef-a5ec-4cc0-9855-6149f73028b5.jpg","contentUrl":"https:\/\/msconectado.com.br\/wp-content\/uploads\/2023\/01\/806c01ef-a5ec-4cc0-9855-6149f73028b5.jpg","width":1280,"height":853},{"@type":"BreadcrumbList","@id":"https:\/\/msconectado.com.br\/?p=17614#breadcrumb","itemListElement":[{"@type":"ListItem","position":1,"name":"In\u00edcio","item":"https:\/\/msconectado.com.br\/?page_id=105"},{"@type":"ListItem","position":2,"name":"Em reuni\u00e3o na SEMADESC, Prefeito em Exerc\u00edcio e secret\u00e1rios municipais debatem a\u00e7\u00f5es ligadas ao Desenvolvimento, Infraestrutura e Meio Ambiente de Maracaju."}]},{"@type":"WebSite","@id":"https:\/\/msconectado.com.br\/#website","url":"https:\/\/msconectado.com.br\/","name":"MsConectado","description":"Voc\u00ea Conectado com a Not\u00edcia!","publisher":{"@id":"https:\/\/msconectado.com.br\/#organization"},"potentialAction":[{"@type":"SearchAction","target":{"@type":"EntryPoint","urlTemplate":"https:\/\/msconectado.com.br\/?s={search_term_string}"},"query-input":{"@type":"PropertyValueSpecification","valueRequired":true,"valueName":"search_term_string"}}],"inLanguage":"pt-BR"},{"@type":"Organization","@id":"https:\/\/msconectado.com.br\/#organization","name":"MsConectado","url":"https:\/\/msconectado.com.br\/","logo":{"@type":"ImageObject","inLanguage":"pt-BR","@id":"https:\/\/msconectado.com.br\/#\/schema\/logo\/image\/","url":"https:\/\/msconectado.com.br\/wp-content\/uploads\/2023\/01\/cropped-noticia-2.png","contentUrl":"https:\/\/msconectado.com.br\/wp-content\/uploads\/2023\/01\/cropped-noticia-2.png","width":720,"height":157,"caption":"MsConectado"},"image":{"@id":"https:\/\/msconectado.com.br\/#\/schema\/logo\/image\/"}},{"@type":"Person","@id":"https:\/\/msconectado.com.br\/#\/schema\/person\/e5585545b5687092f1041d350b6e2c16","name":"MsConectado","image":{"@type":"ImageObject","inLanguage":"pt-BR","@id":"https:\/\/secure.gravatar.com\/avatar\/3b4f84a0a8a4380ac4431fa79981d073692380c5da00ae97596e794ab0db5c8c?s=96&d=mm&r=g","url":"https:\/\/secure.gravatar.com\/avatar\/3b4f84a0a8a4380ac4431fa79981d073692380c5da00ae97596e794ab0db5c8c?s=96&d=mm&r=g","contentUrl":"https:\/\/secure.gravatar.com\/avatar\/3b4f84a0a8a4380ac4431fa79981d073692380c5da00ae97596e794ab0db5c8c?s=96&d=mm&r=g","caption":"MsConectado"},"url":"https:\/\/msconectado.com.br\/?author=2"}]}},"_links":{"self":[{"href":"https:\/\/msconectado.com.br\/index.php?rest_route=\/wp\/v2\/posts\/17614","targetHints":{"allow":["GET"]}}],"collection":[{"href":"https:\/\/msconectado.com.br\/index.php?rest_route=\/wp\/v2\/posts"}],"about":[{"href":"https:\/\/msconectado.com.br\/index.php?rest_route=\/wp\/v2\/types\/post"}],"author":[{"embeddable":true,"href":"https:\/\/msconectado.com.br\/index.php?rest_route=\/wp\/v2\/users\/2"}],"replies":[{"embeddable":true,"href":"https:\/\/msconectado.com.br\/index.php?rest_route=%2Fwp%2Fv2%2Fcomments&post=17614"}],"version-history":[{"count":1,"href":"https:\/\/msconectado.com.br\/index.php?rest_route=\/wp\/v2\/posts\/17614\/revisions"}],"predecessor-version":[{"id":17616,"href":"https:\/\/msconectado.com.br\/index.php?rest_route=\/wp\/v2\/posts\/17614\/revisions\/17616"}],"wp:featuredmedia":[{"embeddable":true,"href":"https:\/\/msconectado.com.br\/index.php?rest_route=\/wp\/v2\/media\/17615"}],"wp:attachment":[{"href":"https:\/\/msconectado.com.br\/index.php?rest_route=%2Fwp%2Fv2%2Fmedia&parent=17614"}],"wp:term":[{"taxonomy":"category","embeddable":true,"href":"https:\/\/msconectado.com.br\/index.php?rest_route=%2Fwp%2Fv2%2Fcategories&post=17614"},{"taxonomy":"post_tag","embeddable":true,"href":"https:\/\/msconectado.com.br\/index.php?rest_route=%2Fwp%2Fv2%2Ftags&post=17614"}],"curies":[{"name":"wp","href":"https:\/\/api.w.org\/{rel}","templated":true}]}}