
{"id":17636,"date":"2023-01-23T20:29:12","date_gmt":"2023-01-23T20:29:12","guid":{"rendered":"https:\/\/msconectado.com.br\/?p=17636"},"modified":"2023-01-23T20:29:13","modified_gmt":"2023-01-23T20:29:13","slug":"presidente-vai-a-argentina-em-sua-primeira-viagem-internacional-e-reafirma-lacos-com-a-america-latina-saiba-mais","status":"publish","type":"post","link":"https:\/\/msconectado.com.br\/?p=17636","title":{"rendered":"Presidente vai \u00e0 Argentina em sua primeira viagem internacional e reafirma la\u00e7os com a Am\u00e9rica Latina. Saiba mais."},"content":{"rendered":"\n<p>O presidente da Rep\u00fablica, Luiz In\u00e1cio Lula da Silva, realiza nesta segunda e ter\u00e7a-feira (23 e 24\/01) sua primeira viagem internacional desde que assumiu seu novo mandato. O pa\u00eds escolhido \u00e9 a Argentina. Na agenda do presidente, a tradicional oferenda de flores na Plaza San Mart\u00edn, reuni\u00e3o na Casa Rosada com o anfitri\u00e3o, Alberto Fernandez, encontro com empres\u00e1rios, evento cultural e ainda a participa\u00e7\u00e3o na 7\u00aa C\u00fapula de Chefas e Chefes de Estado da Comunidade de Estados Latino-Americanos e Caribenhos (CELAC).<br>&nbsp;<\/p>\n\n\n\n<p>Segundo o Secret\u00e1rio das Am\u00e9ricas, embaixador Michel Arslanian Neto, passadas apenas tr\u00eas semanas da posse presidencial, &#8220;o Brasil volta ao mundo&#8221;. A escolha de um pa\u00eds da Am\u00e9rica do Sul passa a importante mensagem de que o pa\u00eds quer retomar os la\u00e7os com a regi\u00e3o, que foram negligenciados durante o governo anterior, de Jair Bolsonaro.<br>&nbsp;<\/p>\n\n\n\n<p>Alguns dos temas a serem tratados na visita ser\u00e3o: integra\u00e7\u00e3o energ\u00e9tica, com\u00e9rcio e investimentos, ambiente, infraestrutura, defesa, desarmamento, combate a il\u00edcitos, espa\u00e7o, cultura, quest\u00f5es de g\u00eanero, entre outros.<br>&nbsp;<\/p>\n\n\n\n<p>\u00c0 noite, ainda no dia 23, os dois presidentes assistem a um concerto musical com artistas argentinos e brasileiros no Centro Cultural Kirchner.<br>&nbsp;<\/p>\n\n\n\n<p><strong>TR\u00caS ANOS AUSENTE<\/strong>&nbsp;\u2014 A volta do Brasil \u00e0 CELAC, da qual se retirou em 2020, \u00e9 tema emblem\u00e1tico no sentido da reinser\u00e7\u00e3o do Brasil em sua pr\u00f3pria regi\u00e3o. A C\u00fapula ocupar\u00e1 manh\u00e3 e tarde na ter\u00e7a-feira (24). Est\u00e3o previstas, al\u00e9m das atividades da C\u00fapula, reuni\u00f5es bilaterais tem\u00e1ticas \u2014 Sa\u00fade e Combate \u00e0 Fome, por exemplo \u2014 e tamb\u00e9m entre pa\u00edses que solicitaram encontros com o presidente Lula. Essas agendas ainda est\u00e3o em fase de confirma\u00e7\u00e3o e&nbsp;<em>ser\u00e3o divulgadas em breve<\/em>.<br>&nbsp;<\/p>\n\n\n\n<p>No dia 25 (quarta), Lula segue em viagem oficial para o Uruguai, onde se encontra com o chefe do Executivo no pa\u00eds, Luis Alberto Lacalle Pou.<\/p>\n\n\n\n<p><strong>SERVI\u00c7O<\/strong><\/p>\n\n\n\n<p><strong>Dia 23\/01<\/strong><\/p>\n\n\n\n<p><em>Agenda Presidente Lula Buenos Aires<\/em><br>Plaza San Mart\u00edn<br>10h30 \u2014 Oferenda Floral<\/p>\n\n\n\n<p><em>Casa Rosada (endere\u00e7o: Balcarce 50, C1064 CABA)<\/em><br>12h00 \u2014 Declara\u00e7\u00e3o \u00e0 imprensa e assinatura de acordos<br>15h00 \u2014 Participa\u00e7\u00e3o do Encontro dos Empres\u00e1rios &#8211; previs\u00e3o de imprensa (imagem)<\/p>\n\n\n\n<p><em>Centro Cultural Kirchner &#8211; CCK (endere\u00e7o: Sarmiento 151, C1041 CABA)<\/em><br>19h00 \u2014 Evento cultural &#8211; acesso \u00e0 imprensa para imagens da chegada dos presidentes<br>&nbsp;<\/p>\n\n\n\n<p><strong>Dia 24\/01<\/strong><\/p>\n\n\n\n<p><em>CELAC &#8211; Hotel Sheraton (Endere\u00e7o: San Mart\u00edn 1225 1275, C1104 CABA)<\/em><br>09h00 \u2014 Cumprimento oficial &#8211; acesso \u00e0 imprensa para imagens<br>10h00 \u2014 Previs\u00e3o de in\u00edcio da C\u00fapula<br>13h00 \u2014 Foto Fam\u00edlia &#8211; com todas as delega\u00e7\u00f5es &#8211; acesso \u00e0 imprensa para imagens<br>15h00 \u2014 17h00 &#8211; Reuni\u00f5es bilaterais &#8211; a serem confirmadas<br>18h00 \u2014 Encerramento da C\u00fapula<\/p>\n\n\n\n<p><br><em><strong>Secretaria de Comunica\u00e7\u00e3o Social da Presid\u00eancia da Rep\u00fablica<\/strong><\/em><\/p>\n\n\n\n<p><img decoding=\"async\" height=\"16\" width=\"16\" src=\"https:\/\/static.xx.fbcdn.net\/images\/emoji.php\/v9\/tde\/1\/16\/1f4f8.png\" alt=\"\ud83d\udcf8\"><a href=\"https:\/\/www.facebook.com\/ricardostuckertfotografo?__cft__[0]=AZXeOPodv5E31Y8IjVLhTtCsvHv_Cc2a6dlHnBP7zDqvEJBERxbwVkEzfULznSJ_iVf-mP7U-EvWOxdZSKea4W8GhY4-4TRHlrNrzVCxnW4KXeIXAyALFXqAOPg254EJoPgSyOy7HD60eIsRxE-eMzW5HshlDD2ysgvliBftDRbdCEXctCmfDdT_m0OKgs09_3c&amp;__tn__=-]K-R\">Ricardo Stuckert<\/a><\/p>\n\n\n\n<p><\/p>\n\n\n<div class=\"wp-block-image\">\n<figure class=\"aligncenter size-full\"><a href=\"https:\/\/www.sicredi.com.br\/coop\/pantanalms\/\" rel=\"https:\/\/www.sicredi.com.br\/coop\/pantanalms\/\"><img fetchpriority=\"high\" decoding=\"async\" width=\"900\" height=\"100\" src=\"https:\/\/msconectado.com.br\/wp-content\/uploads\/2023\/01\/MS_Concetado.png\" alt=\"\" class=\"wp-image-17625\" srcset=\"https:\/\/msconectado.com.br\/wp-content\/uploads\/2023\/01\/MS_Concetado.png 900w, https:\/\/msconectado.com.br\/wp-content\/uploads\/2023\/01\/MS_Concetado-300x33.png 300w, https:\/\/msconectado.com.br\/wp-content\/uploads\/2023\/01\/MS_Concetado-768x85.png 768w\" sizes=\"(max-width: 900px) 100vw, 900px\" \/><\/a><\/figure>\n<\/div>","protected":false},"excerpt":{"rendered":"<p>O presidente da Rep\u00fablica, Luiz In\u00e1cio Lula da Silva, realiza nesta segunda e ter\u00e7a-feira (23 e 24\/01) sua primeira viagem internacional desde que assumiu seu novo mandato. O pa\u00eds escolhido \u00e9 a Argentina. Na agenda do presidente, a tradicional oferenda de flores na Plaza San Mart\u00edn, reuni\u00e3o na Casa Rosada com o anfitri\u00e3o, Alberto Fernandez, [&hellip;]<\/p>\n","protected":false},"author":3,"featured_media":17637,"comment_status":"open","ping_status":"closed","sticky":false,"template":"","format":"standard","meta":{"footnotes":""},"categories":[33],"tags":[],"class_list":["post-17636","post","type-post","status-publish","format-standard","has-post-thumbnail","hentry","category-politica"],"yoast_head":"<!-- This site is optimized with the Yoast SEO plugin v27.5 - https:\/\/yoast.com\/product\/yoast-seo-wordpress\/ -->\n<title>Presidente vai \u00e0 Argentina em sua primeira viagem internacional e reafirma la\u00e7os com a Am\u00e9rica Latina. Saiba mais. - MsConectado<\/title>\n<meta name=\"robots\" content=\"index, follow, max-snippet:-1, max-image-preview:large, max-video-preview:-1\" \/>\n<link rel=\"canonical\" href=\"https:\/\/msconectado.com.br\/?p=17636\" \/>\n<meta property=\"og:locale\" content=\"pt_BR\" \/>\n<meta property=\"og:type\" content=\"article\" \/>\n<meta property=\"og:title\" content=\"Presidente vai \u00e0 Argentina em sua primeira viagem internacional e reafirma la\u00e7os com a Am\u00e9rica Latina. Saiba mais. - MsConectado\" \/>\n<meta property=\"og:description\" content=\"O presidente da Rep\u00fablica, Luiz In\u00e1cio Lula da Silva, realiza nesta segunda e ter\u00e7a-feira (23 e 24\/01) sua primeira viagem internacional desde que assumiu seu novo mandato. O pa\u00eds escolhido \u00e9 a Argentina. Na agenda do presidente, a tradicional oferenda de flores na Plaza San Mart\u00edn, reuni\u00e3o na Casa Rosada com o anfitri\u00e3o, Alberto Fernandez, [&hellip;]\" \/>\n<meta property=\"og:url\" content=\"https:\/\/msconectado.com.br\/?p=17636\" \/>\n<meta property=\"og:site_name\" content=\"MsConectado\" \/>\n<meta property=\"article:published_time\" content=\"2023-01-23T20:29:12+00:00\" \/>\n<meta property=\"article:modified_time\" content=\"2023-01-23T20:29:13+00:00\" \/>\n<meta property=\"og:image\" content=\"https:\/\/msconectado.com.br\/wp-content\/uploads\/2023\/01\/326931248_734781434523027_6087688397062096335_n.jpg\" \/>\n\t<meta property=\"og:image:width\" content=\"1024\" \/>\n\t<meta property=\"og:image:height\" content=\"683\" \/>\n\t<meta property=\"og:image:type\" content=\"image\/jpeg\" \/>\n<meta name=\"author\" content=\"Jeferson\" \/>\n<meta name=\"twitter:card\" content=\"summary_large_image\" \/>\n<meta name=\"twitter:label1\" content=\"Escrito por\" \/>\n\t<meta name=\"twitter:data1\" content=\"Jeferson\" \/>\n\t<meta name=\"twitter:label2\" content=\"Est. tempo de leitura\" \/>\n\t<meta name=\"twitter:data2\" content=\"3 minutos\" \/>\n<script type=\"application\/ld+json\" class=\"yoast-schema-graph\">{\"@context\":\"https:\\\/\\\/schema.org\",\"@graph\":[{\"@type\":\"Article\",\"@id\":\"https:\\\/\\\/msconectado.com.br\\\/?p=17636#article\",\"isPartOf\":{\"@id\":\"https:\\\/\\\/msconectado.com.br\\\/?p=17636\"},\"author\":{\"name\":\"Jeferson\",\"@id\":\"https:\\\/\\\/msconectado.com.br\\\/#\\\/schema\\\/person\\\/feb123a95a93eebea36f0ed6a2e5ba48\"},\"headline\":\"Presidente vai \u00e0 Argentina em sua primeira viagem internacional e reafirma la\u00e7os com a Am\u00e9rica Latina. Saiba mais.\",\"datePublished\":\"2023-01-23T20:29:12+00:00\",\"dateModified\":\"2023-01-23T20:29:13+00:00\",\"mainEntityOfPage\":{\"@id\":\"https:\\\/\\\/msconectado.com.br\\\/?p=17636\"},\"wordCount\":489,\"commentCount\":0,\"publisher\":{\"@id\":\"https:\\\/\\\/msconectado.com.br\\\/#organization\"},\"image\":{\"@id\":\"https:\\\/\\\/msconectado.com.br\\\/?p=17636#primaryimage\"},\"thumbnailUrl\":\"https:\\\/\\\/msconectado.com.br\\\/wp-content\\\/uploads\\\/2023\\\/01\\\/326931248_734781434523027_6087688397062096335_n.jpg\",\"articleSection\":[\"Pol\u00edtica\"],\"inLanguage\":\"pt-BR\",\"potentialAction\":[{\"@type\":\"CommentAction\",\"name\":\"Comment\",\"target\":[\"https:\\\/\\\/msconectado.com.br\\\/?p=17636#respond\"]}]},{\"@type\":\"WebPage\",\"@id\":\"https:\\\/\\\/msconectado.com.br\\\/?p=17636\",\"url\":\"https:\\\/\\\/msconectado.com.br\\\/?p=17636\",\"name\":\"Presidente vai \u00e0 Argentina em sua primeira viagem internacional e reafirma la\u00e7os com a Am\u00e9rica Latina. Saiba mais. - MsConectado\",\"isPartOf\":{\"@id\":\"https:\\\/\\\/msconectado.com.br\\\/#website\"},\"primaryImageOfPage\":{\"@id\":\"https:\\\/\\\/msconectado.com.br\\\/?p=17636#primaryimage\"},\"image\":{\"@id\":\"https:\\\/\\\/msconectado.com.br\\\/?p=17636#primaryimage\"},\"thumbnailUrl\":\"https:\\\/\\\/msconectado.com.br\\\/wp-content\\\/uploads\\\/2023\\\/01\\\/326931248_734781434523027_6087688397062096335_n.jpg\",\"datePublished\":\"2023-01-23T20:29:12+00:00\",\"dateModified\":\"2023-01-23T20:29:13+00:00\",\"breadcrumb\":{\"@id\":\"https:\\\/\\\/msconectado.com.br\\\/?p=17636#breadcrumb\"},\"inLanguage\":\"pt-BR\",\"potentialAction\":[{\"@type\":\"ReadAction\",\"target\":[\"https:\\\/\\\/msconectado.com.br\\\/?p=17636\"]}]},{\"@type\":\"ImageObject\",\"inLanguage\":\"pt-BR\",\"@id\":\"https:\\\/\\\/msconectado.com.br\\\/?p=17636#primaryimage\",\"url\":\"https:\\\/\\\/msconectado.com.br\\\/wp-content\\\/uploads\\\/2023\\\/01\\\/326931248_734781434523027_6087688397062096335_n.jpg\",\"contentUrl\":\"https:\\\/\\\/msconectado.com.br\\\/wp-content\\\/uploads\\\/2023\\\/01\\\/326931248_734781434523027_6087688397062096335_n.jpg\",\"width\":1024,\"height\":683},{\"@type\":\"BreadcrumbList\",\"@id\":\"https:\\\/\\\/msconectado.com.br\\\/?p=17636#breadcrumb\",\"itemListElement\":[{\"@type\":\"ListItem\",\"position\":1,\"name\":\"In\u00edcio\",\"item\":\"https:\\\/\\\/msconectado.com.br\\\/\"},{\"@type\":\"ListItem\",\"position\":2,\"name\":\"Presidente vai \u00e0 Argentina em sua primeira viagem internacional e reafirma la\u00e7os com a Am\u00e9rica Latina. Saiba mais.\"}]},{\"@type\":\"WebSite\",\"@id\":\"https:\\\/\\\/msconectado.com.br\\\/#website\",\"url\":\"https:\\\/\\\/msconectado.com.br\\\/\",\"name\":\"MsConectado\",\"description\":\"Voc\u00ea Conectado com a Not\u00edcia!\",\"publisher\":{\"@id\":\"https:\\\/\\\/msconectado.com.br\\\/#organization\"},\"potentialAction\":[{\"@type\":\"SearchAction\",\"target\":{\"@type\":\"EntryPoint\",\"urlTemplate\":\"https:\\\/\\\/msconectado.com.br\\\/?s={search_term_string}\"},\"query-input\":{\"@type\":\"PropertyValueSpecification\",\"valueRequired\":true,\"valueName\":\"search_term_string\"}}],\"inLanguage\":\"pt-BR\"},{\"@type\":\"Organization\",\"@id\":\"https:\\\/\\\/msconectado.com.br\\\/#organization\",\"name\":\"MsConectado\",\"url\":\"https:\\\/\\\/msconectado.com.br\\\/\",\"logo\":{\"@type\":\"ImageObject\",\"inLanguage\":\"pt-BR\",\"@id\":\"https:\\\/\\\/msconectado.com.br\\\/#\\\/schema\\\/logo\\\/image\\\/\",\"url\":\"https:\\\/\\\/msconectado.com.br\\\/wp-content\\\/uploads\\\/2023\\\/01\\\/cropped-noticia-2.png\",\"contentUrl\":\"https:\\\/\\\/msconectado.com.br\\\/wp-content\\\/uploads\\\/2023\\\/01\\\/cropped-noticia-2.png\",\"width\":720,\"height\":157,\"caption\":\"MsConectado\"},\"image\":{\"@id\":\"https:\\\/\\\/msconectado.com.br\\\/#\\\/schema\\\/logo\\\/image\\\/\"}},{\"@type\":\"Person\",\"@id\":\"https:\\\/\\\/msconectado.com.br\\\/#\\\/schema\\\/person\\\/feb123a95a93eebea36f0ed6a2e5ba48\",\"name\":\"Jeferson\",\"image\":{\"@type\":\"ImageObject\",\"inLanguage\":\"pt-BR\",\"@id\":\"https:\\\/\\\/secure.gravatar.com\\\/avatar\\\/e23e8901c88f0cdc0ad479ef7a39bf3e4c806344549c087c00b721a65549a328?s=96&d=mm&r=g\",\"url\":\"https:\\\/\\\/secure.gravatar.com\\\/avatar\\\/e23e8901c88f0cdc0ad479ef7a39bf3e4c806344549c087c00b721a65549a328?s=96&d=mm&r=g\",\"contentUrl\":\"https:\\\/\\\/secure.gravatar.com\\\/avatar\\\/e23e8901c88f0cdc0ad479ef7a39bf3e4c806344549c087c00b721a65549a328?s=96&d=mm&r=g\",\"caption\":\"Jeferson\"},\"url\":\"https:\\\/\\\/msconectado.com.br\\\/?author=3\"}]}<\/script>\n<!-- \/ Yoast SEO plugin. -->","yoast_head_json":{"title":"Presidente vai \u00e0 Argentina em sua primeira viagem internacional e reafirma la\u00e7os com a Am\u00e9rica Latina. Saiba mais. - MsConectado","robots":{"index":"index","follow":"follow","max-snippet":"max-snippet:-1","max-image-preview":"max-image-preview:large","max-video-preview":"max-video-preview:-1"},"canonical":"https:\/\/msconectado.com.br\/?p=17636","og_locale":"pt_BR","og_type":"article","og_title":"Presidente vai \u00e0 Argentina em sua primeira viagem internacional e reafirma la\u00e7os com a Am\u00e9rica Latina. Saiba mais. - MsConectado","og_description":"O presidente da Rep\u00fablica, Luiz In\u00e1cio Lula da Silva, realiza nesta segunda e ter\u00e7a-feira (23 e 24\/01) sua primeira viagem internacional desde que assumiu seu novo mandato. O pa\u00eds escolhido \u00e9 a Argentina. Na agenda do presidente, a tradicional oferenda de flores na Plaza San Mart\u00edn, reuni\u00e3o na Casa Rosada com o anfitri\u00e3o, Alberto Fernandez, [&hellip;]","og_url":"https:\/\/msconectado.com.br\/?p=17636","og_site_name":"MsConectado","article_published_time":"2023-01-23T20:29:12+00:00","article_modified_time":"2023-01-23T20:29:13+00:00","og_image":[{"width":1024,"height":683,"url":"https:\/\/msconectado.com.br\/wp-content\/uploads\/2023\/01\/326931248_734781434523027_6087688397062096335_n.jpg","type":"image\/jpeg"}],"author":"Jeferson","twitter_card":"summary_large_image","twitter_misc":{"Escrito por":"Jeferson","Est. tempo de leitura":"3 minutos"},"schema":{"@context":"https:\/\/schema.org","@graph":[{"@type":"Article","@id":"https:\/\/msconectado.com.br\/?p=17636#article","isPartOf":{"@id":"https:\/\/msconectado.com.br\/?p=17636"},"author":{"name":"Jeferson","@id":"https:\/\/msconectado.com.br\/#\/schema\/person\/feb123a95a93eebea36f0ed6a2e5ba48"},"headline":"Presidente vai \u00e0 Argentina em sua primeira viagem internacional e reafirma la\u00e7os com a Am\u00e9rica Latina. Saiba mais.","datePublished":"2023-01-23T20:29:12+00:00","dateModified":"2023-01-23T20:29:13+00:00","mainEntityOfPage":{"@id":"https:\/\/msconectado.com.br\/?p=17636"},"wordCount":489,"commentCount":0,"publisher":{"@id":"https:\/\/msconectado.com.br\/#organization"},"image":{"@id":"https:\/\/msconectado.com.br\/?p=17636#primaryimage"},"thumbnailUrl":"https:\/\/msconectado.com.br\/wp-content\/uploads\/2023\/01\/326931248_734781434523027_6087688397062096335_n.jpg","articleSection":["Pol\u00edtica"],"inLanguage":"pt-BR","potentialAction":[{"@type":"CommentAction","name":"Comment","target":["https:\/\/msconectado.com.br\/?p=17636#respond"]}]},{"@type":"WebPage","@id":"https:\/\/msconectado.com.br\/?p=17636","url":"https:\/\/msconectado.com.br\/?p=17636","name":"Presidente vai \u00e0 Argentina em sua primeira viagem internacional e reafirma la\u00e7os com a Am\u00e9rica Latina. Saiba mais. - MsConectado","isPartOf":{"@id":"https:\/\/msconectado.com.br\/#website"},"primaryImageOfPage":{"@id":"https:\/\/msconectado.com.br\/?p=17636#primaryimage"},"image":{"@id":"https:\/\/msconectado.com.br\/?p=17636#primaryimage"},"thumbnailUrl":"https:\/\/msconectado.com.br\/wp-content\/uploads\/2023\/01\/326931248_734781434523027_6087688397062096335_n.jpg","datePublished":"2023-01-23T20:29:12+00:00","dateModified":"2023-01-23T20:29:13+00:00","breadcrumb":{"@id":"https:\/\/msconectado.com.br\/?p=17636#breadcrumb"},"inLanguage":"pt-BR","potentialAction":[{"@type":"ReadAction","target":["https:\/\/msconectado.com.br\/?p=17636"]}]},{"@type":"ImageObject","inLanguage":"pt-BR","@id":"https:\/\/msconectado.com.br\/?p=17636#primaryimage","url":"https:\/\/msconectado.com.br\/wp-content\/uploads\/2023\/01\/326931248_734781434523027_6087688397062096335_n.jpg","contentUrl":"https:\/\/msconectado.com.br\/wp-content\/uploads\/2023\/01\/326931248_734781434523027_6087688397062096335_n.jpg","width":1024,"height":683},{"@type":"BreadcrumbList","@id":"https:\/\/msconectado.com.br\/?p=17636#breadcrumb","itemListElement":[{"@type":"ListItem","position":1,"name":"In\u00edcio","item":"https:\/\/msconectado.com.br\/"},{"@type":"ListItem","position":2,"name":"Presidente vai \u00e0 Argentina em sua primeira viagem internacional e reafirma la\u00e7os com a Am\u00e9rica Latina. Saiba mais."}]},{"@type":"WebSite","@id":"https:\/\/msconectado.com.br\/#website","url":"https:\/\/msconectado.com.br\/","name":"MsConectado","description":"Voc\u00ea Conectado com a Not\u00edcia!","publisher":{"@id":"https:\/\/msconectado.com.br\/#organization"},"potentialAction":[{"@type":"SearchAction","target":{"@type":"EntryPoint","urlTemplate":"https:\/\/msconectado.com.br\/?s={search_term_string}"},"query-input":{"@type":"PropertyValueSpecification","valueRequired":true,"valueName":"search_term_string"}}],"inLanguage":"pt-BR"},{"@type":"Organization","@id":"https:\/\/msconectado.com.br\/#organization","name":"MsConectado","url":"https:\/\/msconectado.com.br\/","logo":{"@type":"ImageObject","inLanguage":"pt-BR","@id":"https:\/\/msconectado.com.br\/#\/schema\/logo\/image\/","url":"https:\/\/msconectado.com.br\/wp-content\/uploads\/2023\/01\/cropped-noticia-2.png","contentUrl":"https:\/\/msconectado.com.br\/wp-content\/uploads\/2023\/01\/cropped-noticia-2.png","width":720,"height":157,"caption":"MsConectado"},"image":{"@id":"https:\/\/msconectado.com.br\/#\/schema\/logo\/image\/"}},{"@type":"Person","@id":"https:\/\/msconectado.com.br\/#\/schema\/person\/feb123a95a93eebea36f0ed6a2e5ba48","name":"Jeferson","image":{"@type":"ImageObject","inLanguage":"pt-BR","@id":"https:\/\/secure.gravatar.com\/avatar\/e23e8901c88f0cdc0ad479ef7a39bf3e4c806344549c087c00b721a65549a328?s=96&d=mm&r=g","url":"https:\/\/secure.gravatar.com\/avatar\/e23e8901c88f0cdc0ad479ef7a39bf3e4c806344549c087c00b721a65549a328?s=96&d=mm&r=g","contentUrl":"https:\/\/secure.gravatar.com\/avatar\/e23e8901c88f0cdc0ad479ef7a39bf3e4c806344549c087c00b721a65549a328?s=96&d=mm&r=g","caption":"Jeferson"},"url":"https:\/\/msconectado.com.br\/?author=3"}]}},"_links":{"self":[{"href":"https:\/\/msconectado.com.br\/index.php?rest_route=\/wp\/v2\/posts\/17636","targetHints":{"allow":["GET"]}}],"collection":[{"href":"https:\/\/msconectado.com.br\/index.php?rest_route=\/wp\/v2\/posts"}],"about":[{"href":"https:\/\/msconectado.com.br\/index.php?rest_route=\/wp\/v2\/types\/post"}],"author":[{"embeddable":true,"href":"https:\/\/msconectado.com.br\/index.php?rest_route=\/wp\/v2\/users\/3"}],"replies":[{"embeddable":true,"href":"https:\/\/msconectado.com.br\/index.php?rest_route=%2Fwp%2Fv2%2Fcomments&post=17636"}],"version-history":[{"count":1,"href":"https:\/\/msconectado.com.br\/index.php?rest_route=\/wp\/v2\/posts\/17636\/revisions"}],"predecessor-version":[{"id":17638,"href":"https:\/\/msconectado.com.br\/index.php?rest_route=\/wp\/v2\/posts\/17636\/revisions\/17638"}],"wp:featuredmedia":[{"embeddable":true,"href":"https:\/\/msconectado.com.br\/index.php?rest_route=\/wp\/v2\/media\/17637"}],"wp:attachment":[{"href":"https:\/\/msconectado.com.br\/index.php?rest_route=%2Fwp%2Fv2%2Fmedia&parent=17636"}],"wp:term":[{"taxonomy":"category","embeddable":true,"href":"https:\/\/msconectado.com.br\/index.php?rest_route=%2Fwp%2Fv2%2Fcategories&post=17636"},{"taxonomy":"post_tag","embeddable":true,"href":"https:\/\/msconectado.com.br\/index.php?rest_route=%2Fwp%2Fv2%2Ftags&post=17636"}],"curies":[{"name":"wp","href":"https:\/\/api.w.org\/{rel}","templated":true}]}}