{"id":17652,"date":"2023-01-24T22:17:49","date_gmt":"2023-01-24T22:17:49","guid":{"rendered":"https:\/\/msconectado.com.br\/?p=17652"},"modified":"2023-01-25T01:30:29","modified_gmt":"2023-01-25T01:30:29","slug":"mulheres-fazem-campanha-pela-eleicao-de-mara-caseiro-como-presidente-da-assembleia-legislativa-saiba-mais","status":"publish","type":"post","link":"https:\/\/msconectado.com.br\/?p=17652","title":{"rendered":"Mulheres fazem campanha pela elei\u00e7\u00e3o de Mara Caseiro como presidente da Assembleia Legislativa. Saiba mais."},"content":{"rendered":"\n<p>Em seu quarto mandato como deputada estadual, Mara Caseiro possui ampla experi\u00eancia pol\u00edtica, tendo j\u00e1 ocupado v\u00e1rios cargos p\u00fablicos, como vereadora, prefeita de Eldorado e Diretora-Presidente da Funda\u00e7\u00e3o de Cultura do Estado do Mato Grosso do Sul.<\/p>\n\n\n\n<p>As mulheres enxergam na deputada, uma oportunidade para ampliar a representatividade feminina na pol\u00edtica estadual, j\u00e1 que atualmente apenas cerca de 15% dos cargos eletivos s\u00e3o ocupados por mulheres no estado. As apoiadoras destacam ainda que Mara tem um hist\u00f3rico de luta pelos direitos das mulheres e \u00e9 uma defensora da paridade de g\u00eanero e da igualdade de oportunidades.<\/p>\n\n\n\n<p>Al\u00e9m disso, ela foi a deputada bem mais votada nas \u00faltimas elei\u00e7\u00f5es do MS em outubro de 2022, eleita com 49.512 votos. Mara tem propostas para a melhoria da qualidade de vida das mulheres, incluindo a implementa\u00e7\u00e3o de pol\u00edticas p\u00fablicas de combate \u00e0 viol\u00eancia dom\u00e9stica e a promo\u00e7\u00e3o da igualdade salarial entre homens e mulheres.<\/p>\n\n\n\n<p>A campanha tem ganhado for\u00e7a nas redes sociais, com a hashtag #MaraPresidente sendo amplamente compartilhada por mulheres e homens de todo o Estado. A elei\u00e7\u00e3o para a presid\u00eancia da Assembleia Legislativa de Mato Grosso do Sul est\u00e1 marcada para o pr\u00f3ximo m\u00eas e as expectativas s\u00e3o de uma disputa acirrada.<\/p>\n\n\n\n<p>Fonte: Nota Di\u00e1ria <\/p>\n\n\n<div class=\"wp-block-image\">\n<figure class=\"aligncenter size-full\"><a href=\"https:\/\/www.sicredi.com.br\/coop\/pantanalms\/\"><img fetchpriority=\"high\" decoding=\"async\" width=\"900\" height=\"100\" src=\"https:\/\/msconectado.com.br\/wp-content\/uploads\/2023\/01\/MS_Concetado.png\" alt=\"\" class=\"wp-image-17625\" srcset=\"https:\/\/msconectado.com.br\/wp-content\/uploads\/2023\/01\/MS_Concetado.png 900w, https:\/\/msconectado.com.br\/wp-content\/uploads\/2023\/01\/MS_Concetado-300x33.png 300w, https:\/\/msconectado.com.br\/wp-content\/uploads\/2023\/01\/MS_Concetado-768x85.png 768w\" sizes=\"(max-width: 900px) 100vw, 900px\" \/><\/a><\/figure>\n<\/div>","protected":false},"excerpt":{"rendered":"<p>Em seu quarto mandato como deputada estadual, Mara Caseiro possui ampla experi\u00eancia pol\u00edtica, tendo j\u00e1 ocupado v\u00e1rios cargos p\u00fablicos, como vereadora, prefeita de Eldorado e Diretora-Presidente da Funda\u00e7\u00e3o de Cultura do Estado do Mato Grosso do Sul. As mulheres enxergam na deputada, uma oportunidade para ampliar a representatividade feminina na pol\u00edtica estadual, j\u00e1 que atualmente [&hellip;]<\/p>\n","protected":false},"author":2,"featured_media":17653,"comment_status":"open","ping_status":"closed","sticky":false,"template":"","format":"standard","meta":{"footnotes":""},"categories":[38,33],"tags":[],"class_list":["post-17652","post","type-post","status-publish","format-standard","has-post-thumbnail","hentry","category-assembleia-legislativa","category-politica"],"yoast_head":"<!-- This site is optimized with the Yoast SEO plugin v27.5 - https:\/\/yoast.com\/product\/yoast-seo-wordpress\/ -->\n<title>Mulheres fazem campanha pela elei\u00e7\u00e3o de Mara Caseiro como presidente da Assembleia Legislativa. Saiba mais. - MsConectado<\/title>\n<meta name=\"robots\" content=\"index, follow, max-snippet:-1, max-image-preview:large, max-video-preview:-1\" \/>\n<link rel=\"canonical\" href=\"https:\/\/msconectado.com.br\/?p=17652\" \/>\n<meta property=\"og:locale\" content=\"pt_BR\" \/>\n<meta property=\"og:type\" content=\"article\" \/>\n<meta property=\"og:title\" content=\"Mulheres fazem campanha pela elei\u00e7\u00e3o de Mara Caseiro como presidente da Assembleia Legislativa. Saiba mais. - MsConectado\" \/>\n<meta property=\"og:description\" content=\"Em seu quarto mandato como deputada estadual, Mara Caseiro possui ampla experi\u00eancia pol\u00edtica, tendo j\u00e1 ocupado v\u00e1rios cargos p\u00fablicos, como vereadora, prefeita de Eldorado e Diretora-Presidente da Funda\u00e7\u00e3o de Cultura do Estado do Mato Grosso do Sul. As mulheres enxergam na deputada, uma oportunidade para ampliar a representatividade feminina na pol\u00edtica estadual, j\u00e1 que atualmente [&hellip;]\" \/>\n<meta property=\"og:url\" content=\"https:\/\/msconectado.com.br\/?p=17652\" \/>\n<meta property=\"og:site_name\" content=\"MsConectado\" \/>\n<meta property=\"article:published_time\" content=\"2023-01-24T22:17:49+00:00\" \/>\n<meta property=\"article:modified_time\" content=\"2023-01-25T01:30:29+00:00\" \/>\n<meta property=\"og:image\" content=\"https:\/\/msconectado.com.br\/wp-content\/uploads\/2023\/01\/a91e16bc-73be-44d0-951e-3a8e913ba928.jpg\" \/>\n\t<meta property=\"og:image:width\" content=\"1368\" \/>\n\t<meta property=\"og:image:height\" content=\"912\" \/>\n\t<meta property=\"og:image:type\" content=\"image\/jpeg\" \/>\n<meta name=\"author\" content=\"MsConectado\" \/>\n<meta name=\"twitter:card\" content=\"summary_large_image\" \/>\n<meta name=\"twitter:label1\" content=\"Escrito por\" \/>\n\t<meta name=\"twitter:data1\" content=\"MsConectado\" \/>\n\t<meta name=\"twitter:label2\" content=\"Est. tempo de leitura\" \/>\n\t<meta name=\"twitter:data2\" content=\"2 minutos\" \/>\n<script type=\"application\/ld+json\" class=\"yoast-schema-graph\">{\"@context\":\"https:\\\/\\\/schema.org\",\"@graph\":[{\"@type\":\"Article\",\"@id\":\"https:\\\/\\\/msconectado.com.br\\\/?p=17652#article\",\"isPartOf\":{\"@id\":\"https:\\\/\\\/msconectado.com.br\\\/?p=17652\"},\"author\":{\"name\":\"MsConectado\",\"@id\":\"https:\\\/\\\/msconectado.com.br\\\/#\\\/schema\\\/person\\\/e5585545b5687092f1041d350b6e2c16\"},\"headline\":\"Mulheres fazem campanha pela elei\u00e7\u00e3o de Mara Caseiro como presidente da Assembleia Legislativa. Saiba mais.\",\"datePublished\":\"2023-01-24T22:17:49+00:00\",\"dateModified\":\"2023-01-25T01:30:29+00:00\",\"mainEntityOfPage\":{\"@id\":\"https:\\\/\\\/msconectado.com.br\\\/?p=17652\"},\"wordCount\":239,\"commentCount\":0,\"publisher\":{\"@id\":\"https:\\\/\\\/msconectado.com.br\\\/#organization\"},\"image\":{\"@id\":\"https:\\\/\\\/msconectado.com.br\\\/?p=17652#primaryimage\"},\"thumbnailUrl\":\"https:\\\/\\\/msconectado.com.br\\\/wp-content\\\/uploads\\\/2023\\\/01\\\/a91e16bc-73be-44d0-951e-3a8e913ba928.jpg\",\"articleSection\":[\"Assembleia Legislativa\",\"Pol\u00edtica\"],\"inLanguage\":\"pt-BR\",\"potentialAction\":[{\"@type\":\"CommentAction\",\"name\":\"Comment\",\"target\":[\"https:\\\/\\\/msconectado.com.br\\\/?p=17652#respond\"]}]},{\"@type\":\"WebPage\",\"@id\":\"https:\\\/\\\/msconectado.com.br\\\/?p=17652\",\"url\":\"https:\\\/\\\/msconectado.com.br\\\/?p=17652\",\"name\":\"Mulheres fazem campanha pela elei\u00e7\u00e3o de Mara Caseiro como presidente da Assembleia Legislativa. Saiba mais. - MsConectado\",\"isPartOf\":{\"@id\":\"https:\\\/\\\/msconectado.com.br\\\/#website\"},\"primaryImageOfPage\":{\"@id\":\"https:\\\/\\\/msconectado.com.br\\\/?p=17652#primaryimage\"},\"image\":{\"@id\":\"https:\\\/\\\/msconectado.com.br\\\/?p=17652#primaryimage\"},\"thumbnailUrl\":\"https:\\\/\\\/msconectado.com.br\\\/wp-content\\\/uploads\\\/2023\\\/01\\\/a91e16bc-73be-44d0-951e-3a8e913ba928.jpg\",\"datePublished\":\"2023-01-24T22:17:49+00:00\",\"dateModified\":\"2023-01-25T01:30:29+00:00\",\"breadcrumb\":{\"@id\":\"https:\\\/\\\/msconectado.com.br\\\/?p=17652#breadcrumb\"},\"inLanguage\":\"pt-BR\",\"potentialAction\":[{\"@type\":\"ReadAction\",\"target\":[\"https:\\\/\\\/msconectado.com.br\\\/?p=17652\"]}]},{\"@type\":\"ImageObject\",\"inLanguage\":\"pt-BR\",\"@id\":\"https:\\\/\\\/msconectado.com.br\\\/?p=17652#primaryimage\",\"url\":\"https:\\\/\\\/msconectado.com.br\\\/wp-content\\\/uploads\\\/2023\\\/01\\\/a91e16bc-73be-44d0-951e-3a8e913ba928.jpg\",\"contentUrl\":\"https:\\\/\\\/msconectado.com.br\\\/wp-content\\\/uploads\\\/2023\\\/01\\\/a91e16bc-73be-44d0-951e-3a8e913ba928.jpg\",\"width\":1368,\"height\":912},{\"@type\":\"BreadcrumbList\",\"@id\":\"https:\\\/\\\/msconectado.com.br\\\/?p=17652#breadcrumb\",\"itemListElement\":[{\"@type\":\"ListItem\",\"position\":1,\"name\":\"In\u00edcio\",\"item\":\"https:\\\/\\\/msconectado.com.br\\\/?page_id=105\"},{\"@type\":\"ListItem\",\"position\":2,\"name\":\"Mulheres fazem campanha pela elei\u00e7\u00e3o de Mara Caseiro como presidente da Assembleia Legislativa. Saiba mais.\"}]},{\"@type\":\"WebSite\",\"@id\":\"https:\\\/\\\/msconectado.com.br\\\/#website\",\"url\":\"https:\\\/\\\/msconectado.com.br\\\/\",\"name\":\"MsConectado\",\"description\":\"Voc\u00ea Conectado com a Not\u00edcia!\",\"publisher\":{\"@id\":\"https:\\\/\\\/msconectado.com.br\\\/#organization\"},\"potentialAction\":[{\"@type\":\"SearchAction\",\"target\":{\"@type\":\"EntryPoint\",\"urlTemplate\":\"https:\\\/\\\/msconectado.com.br\\\/?s={search_term_string}\"},\"query-input\":{\"@type\":\"PropertyValueSpecification\",\"valueRequired\":true,\"valueName\":\"search_term_string\"}}],\"inLanguage\":\"pt-BR\"},{\"@type\":\"Organization\",\"@id\":\"https:\\\/\\\/msconectado.com.br\\\/#organization\",\"name\":\"MsConectado\",\"url\":\"https:\\\/\\\/msconectado.com.br\\\/\",\"logo\":{\"@type\":\"ImageObject\",\"inLanguage\":\"pt-BR\",\"@id\":\"https:\\\/\\\/msconectado.com.br\\\/#\\\/schema\\\/logo\\\/image\\\/\",\"url\":\"https:\\\/\\\/msconectado.com.br\\\/wp-content\\\/uploads\\\/2023\\\/01\\\/cropped-noticia-2.png\",\"contentUrl\":\"https:\\\/\\\/msconectado.com.br\\\/wp-content\\\/uploads\\\/2023\\\/01\\\/cropped-noticia-2.png\",\"width\":720,\"height\":157,\"caption\":\"MsConectado\"},\"image\":{\"@id\":\"https:\\\/\\\/msconectado.com.br\\\/#\\\/schema\\\/logo\\\/image\\\/\"}},{\"@type\":\"Person\",\"@id\":\"https:\\\/\\\/msconectado.com.br\\\/#\\\/schema\\\/person\\\/e5585545b5687092f1041d350b6e2c16\",\"name\":\"MsConectado\",\"image\":{\"@type\":\"ImageObject\",\"inLanguage\":\"pt-BR\",\"@id\":\"https:\\\/\\\/secure.gravatar.com\\\/avatar\\\/3b4f84a0a8a4380ac4431fa79981d073692380c5da00ae97596e794ab0db5c8c?s=96&d=mm&r=g\",\"url\":\"https:\\\/\\\/secure.gravatar.com\\\/avatar\\\/3b4f84a0a8a4380ac4431fa79981d073692380c5da00ae97596e794ab0db5c8c?s=96&d=mm&r=g\",\"contentUrl\":\"https:\\\/\\\/secure.gravatar.com\\\/avatar\\\/3b4f84a0a8a4380ac4431fa79981d073692380c5da00ae97596e794ab0db5c8c?s=96&d=mm&r=g\",\"caption\":\"MsConectado\"},\"url\":\"https:\\\/\\\/msconectado.com.br\\\/?author=2\"}]}<\/script>\n<!-- \/ Yoast SEO plugin. -->","yoast_head_json":{"title":"Mulheres fazem campanha pela elei\u00e7\u00e3o de Mara Caseiro como presidente da Assembleia Legislativa. Saiba mais. - MsConectado","robots":{"index":"index","follow":"follow","max-snippet":"max-snippet:-1","max-image-preview":"max-image-preview:large","max-video-preview":"max-video-preview:-1"},"canonical":"https:\/\/msconectado.com.br\/?p=17652","og_locale":"pt_BR","og_type":"article","og_title":"Mulheres fazem campanha pela elei\u00e7\u00e3o de Mara Caseiro como presidente da Assembleia Legislativa. Saiba mais. - MsConectado","og_description":"Em seu quarto mandato como deputada estadual, Mara Caseiro possui ampla experi\u00eancia pol\u00edtica, tendo j\u00e1 ocupado v\u00e1rios cargos p\u00fablicos, como vereadora, prefeita de Eldorado e Diretora-Presidente da Funda\u00e7\u00e3o de Cultura do Estado do Mato Grosso do Sul. As mulheres enxergam na deputada, uma oportunidade para ampliar a representatividade feminina na pol\u00edtica estadual, j\u00e1 que atualmente [&hellip;]","og_url":"https:\/\/msconectado.com.br\/?p=17652","og_site_name":"MsConectado","article_published_time":"2023-01-24T22:17:49+00:00","article_modified_time":"2023-01-25T01:30:29+00:00","og_image":[{"width":1368,"height":912,"url":"https:\/\/msconectado.com.br\/wp-content\/uploads\/2023\/01\/a91e16bc-73be-44d0-951e-3a8e913ba928.jpg","type":"image\/jpeg"}],"author":"MsConectado","twitter_card":"summary_large_image","twitter_misc":{"Escrito por":"MsConectado","Est. tempo de leitura":"2 minutos"},"schema":{"@context":"https:\/\/schema.org","@graph":[{"@type":"Article","@id":"https:\/\/msconectado.com.br\/?p=17652#article","isPartOf":{"@id":"https:\/\/msconectado.com.br\/?p=17652"},"author":{"name":"MsConectado","@id":"https:\/\/msconectado.com.br\/#\/schema\/person\/e5585545b5687092f1041d350b6e2c16"},"headline":"Mulheres fazem campanha pela elei\u00e7\u00e3o de Mara Caseiro como presidente da Assembleia Legislativa. Saiba mais.","datePublished":"2023-01-24T22:17:49+00:00","dateModified":"2023-01-25T01:30:29+00:00","mainEntityOfPage":{"@id":"https:\/\/msconectado.com.br\/?p=17652"},"wordCount":239,"commentCount":0,"publisher":{"@id":"https:\/\/msconectado.com.br\/#organization"},"image":{"@id":"https:\/\/msconectado.com.br\/?p=17652#primaryimage"},"thumbnailUrl":"https:\/\/msconectado.com.br\/wp-content\/uploads\/2023\/01\/a91e16bc-73be-44d0-951e-3a8e913ba928.jpg","articleSection":["Assembleia Legislativa","Pol\u00edtica"],"inLanguage":"pt-BR","potentialAction":[{"@type":"CommentAction","name":"Comment","target":["https:\/\/msconectado.com.br\/?p=17652#respond"]}]},{"@type":"WebPage","@id":"https:\/\/msconectado.com.br\/?p=17652","url":"https:\/\/msconectado.com.br\/?p=17652","name":"Mulheres fazem campanha pela elei\u00e7\u00e3o de Mara Caseiro como presidente da Assembleia Legislativa. Saiba mais. - MsConectado","isPartOf":{"@id":"https:\/\/msconectado.com.br\/#website"},"primaryImageOfPage":{"@id":"https:\/\/msconectado.com.br\/?p=17652#primaryimage"},"image":{"@id":"https:\/\/msconectado.com.br\/?p=17652#primaryimage"},"thumbnailUrl":"https:\/\/msconectado.com.br\/wp-content\/uploads\/2023\/01\/a91e16bc-73be-44d0-951e-3a8e913ba928.jpg","datePublished":"2023-01-24T22:17:49+00:00","dateModified":"2023-01-25T01:30:29+00:00","breadcrumb":{"@id":"https:\/\/msconectado.com.br\/?p=17652#breadcrumb"},"inLanguage":"pt-BR","potentialAction":[{"@type":"ReadAction","target":["https:\/\/msconectado.com.br\/?p=17652"]}]},{"@type":"ImageObject","inLanguage":"pt-BR","@id":"https:\/\/msconectado.com.br\/?p=17652#primaryimage","url":"https:\/\/msconectado.com.br\/wp-content\/uploads\/2023\/01\/a91e16bc-73be-44d0-951e-3a8e913ba928.jpg","contentUrl":"https:\/\/msconectado.com.br\/wp-content\/uploads\/2023\/01\/a91e16bc-73be-44d0-951e-3a8e913ba928.jpg","width":1368,"height":912},{"@type":"BreadcrumbList","@id":"https:\/\/msconectado.com.br\/?p=17652#breadcrumb","itemListElement":[{"@type":"ListItem","position":1,"name":"In\u00edcio","item":"https:\/\/msconectado.com.br\/?page_id=105"},{"@type":"ListItem","position":2,"name":"Mulheres fazem campanha pela elei\u00e7\u00e3o de Mara Caseiro como presidente da Assembleia Legislativa. Saiba mais."}]},{"@type":"WebSite","@id":"https:\/\/msconectado.com.br\/#website","url":"https:\/\/msconectado.com.br\/","name":"MsConectado","description":"Voc\u00ea Conectado com a Not\u00edcia!","publisher":{"@id":"https:\/\/msconectado.com.br\/#organization"},"potentialAction":[{"@type":"SearchAction","target":{"@type":"EntryPoint","urlTemplate":"https:\/\/msconectado.com.br\/?s={search_term_string}"},"query-input":{"@type":"PropertyValueSpecification","valueRequired":true,"valueName":"search_term_string"}}],"inLanguage":"pt-BR"},{"@type":"Organization","@id":"https:\/\/msconectado.com.br\/#organization","name":"MsConectado","url":"https:\/\/msconectado.com.br\/","logo":{"@type":"ImageObject","inLanguage":"pt-BR","@id":"https:\/\/msconectado.com.br\/#\/schema\/logo\/image\/","url":"https:\/\/msconectado.com.br\/wp-content\/uploads\/2023\/01\/cropped-noticia-2.png","contentUrl":"https:\/\/msconectado.com.br\/wp-content\/uploads\/2023\/01\/cropped-noticia-2.png","width":720,"height":157,"caption":"MsConectado"},"image":{"@id":"https:\/\/msconectado.com.br\/#\/schema\/logo\/image\/"}},{"@type":"Person","@id":"https:\/\/msconectado.com.br\/#\/schema\/person\/e5585545b5687092f1041d350b6e2c16","name":"MsConectado","image":{"@type":"ImageObject","inLanguage":"pt-BR","@id":"https:\/\/secure.gravatar.com\/avatar\/3b4f84a0a8a4380ac4431fa79981d073692380c5da00ae97596e794ab0db5c8c?s=96&d=mm&r=g","url":"https:\/\/secure.gravatar.com\/avatar\/3b4f84a0a8a4380ac4431fa79981d073692380c5da00ae97596e794ab0db5c8c?s=96&d=mm&r=g","contentUrl":"https:\/\/secure.gravatar.com\/avatar\/3b4f84a0a8a4380ac4431fa79981d073692380c5da00ae97596e794ab0db5c8c?s=96&d=mm&r=g","caption":"MsConectado"},"url":"https:\/\/msconectado.com.br\/?author=2"}]}},"_links":{"self":[{"href":"https:\/\/msconectado.com.br\/index.php?rest_route=\/wp\/v2\/posts\/17652","targetHints":{"allow":["GET"]}}],"collection":[{"href":"https:\/\/msconectado.com.br\/index.php?rest_route=\/wp\/v2\/posts"}],"about":[{"href":"https:\/\/msconectado.com.br\/index.php?rest_route=\/wp\/v2\/types\/post"}],"author":[{"embeddable":true,"href":"https:\/\/msconectado.com.br\/index.php?rest_route=\/wp\/v2\/users\/2"}],"replies":[{"embeddable":true,"href":"https:\/\/msconectado.com.br\/index.php?rest_route=%2Fwp%2Fv2%2Fcomments&post=17652"}],"version-history":[{"count":3,"href":"https:\/\/msconectado.com.br\/index.php?rest_route=\/wp\/v2\/posts\/17652\/revisions"}],"predecessor-version":[{"id":17674,"href":"https:\/\/msconectado.com.br\/index.php?rest_route=\/wp\/v2\/posts\/17652\/revisions\/17674"}],"wp:featuredmedia":[{"embeddable":true,"href":"https:\/\/msconectado.com.br\/index.php?rest_route=\/wp\/v2\/media\/17653"}],"wp:attachment":[{"href":"https:\/\/msconectado.com.br\/index.php?rest_route=%2Fwp%2Fv2%2Fmedia&parent=17652"}],"wp:term":[{"taxonomy":"category","embeddable":true,"href":"https:\/\/msconectado.com.br\/index.php?rest_route=%2Fwp%2Fv2%2Fcategories&post=17652"},{"taxonomy":"post_tag","embeddable":true,"href":"https:\/\/msconectado.com.br\/index.php?rest_route=%2Fwp%2Fv2%2Ftags&post=17652"}],"curies":[{"name":"wp","href":"https:\/\/api.w.org\/{rel}","templated":true}]}}