
{"id":17656,"date":"2023-01-24T22:28:34","date_gmt":"2023-01-24T22:28:34","guid":{"rendered":"https:\/\/msconectado.com.br\/?p=17656"},"modified":"2023-01-24T22:28:35","modified_gmt":"2023-01-24T22:28:35","slug":"a-uniao-faz-a-vida-sicredi-lanca-nova-campanha-do-seu-programa-educacional-saiba-mais","status":"publish","type":"post","link":"https:\/\/msconectado.com.br\/?p=17656","title":{"rendered":"A Uni\u00e3o Faz a Vida: Sicredi lan\u00e7a nova campanha do seu programa educacional. Saiba mais."},"content":{"rendered":"\n<p>Para refor\u00e7ar a import\u00e2ncia do&nbsp;<strong>Programa<\/strong>&nbsp;<strong>A<\/strong>&nbsp;<strong>Uni\u00e3o Faz a Vida<\/strong>, o<strong>Sicredi<\/strong>, por meio da sua Funda\u00e7\u00e3o, lan\u00e7a&nbsp;nova campanha institucional. Com o mote \u201cGente que pergunta cresce\u201d, a iniciativa apresenta uma equipe de rep\u00f3rteres crian\u00e7as e adolescentes, os<a href=\"https:\/\/www.youtube.com\/playlist?list=PL4Syc2qo1c9JGfLAi77VRmdUlaJb8Xo3W\" target=\"_blank\" rel=\"noreferrer noopener\">\u201cPerguntadores\u201d<\/a>, que sai em busca de perguntas sobre assuntos relacionados ao Programa. Em formatos diversos de programetes e trailers, eles entrevistam alunos, educadores, pais, comunidade, entre outros p\u00fablicos, que falam sobre os impactos positivos da a\u00e7\u00e3o educacional do Sicredi.<\/p>\n\n\n\n<p>A campanha tem o objetivo de divulgar a iniciativa e seu impacto nas comunidades brasileiras. \u201cO Programa A Uni\u00e3o Faz a Vida traz para as escolas uma forma diferente de ensinar e aprender, que estimula crian\u00e7as e adolescentes a perguntar, para explorar novos saberes e encontrar novas respostas. Com a campanha baseada nos \u2018Perguntadores\u2019, refor\u00e7amos o car\u00e1ter investigativo e curioso dos estudantes,&nbsp;fundamental para o processo de aprendizado\u201d, afirma&nbsp;Romeo Balzan, superintendente de Cooperativismo e Sustentabilidade da Funda\u00e7\u00e3o Sicredi.<\/p>\n\n\n\n<p>A nova campanha do Programa A Uni\u00e3o Faz a Vida ser\u00e1 divulgada via canais pr\u00f3prios da a\u00e7\u00e3o educacional&nbsp;e do Sicredi no YouTube, Facebook e Instagram. Os canais digitais tamb\u00e9m apresentar\u00e3o filmes institucionais sobre o Programa e seus resultados. Al\u00e9m disso, est\u00e3o programados an\u00fancios, banners, folders e spots, entre outros materiais.<\/p>\n\n\n\n<p>Criado em&nbsp;1995, o Programa A Uni\u00e3o Faz a Vida faz parte das iniciativas de responsabilidade social da Funda\u00e7\u00e3o Sicredi, que apoiam o desenvolvimento local das comunidades, por meio das pr\u00e1ticas de educa\u00e7\u00e3o&nbsp;cooperativa. Sua metodologia prop\u00f5e o aprendizado baseado no desenvolvimento de projetos, os quais t\u00eam como caracter\u00edstica a pedagogia ativa e participativa, com \u00eanfase nas intera\u00e7\u00f5es, interesses e curiosidades dos alunos, al\u00e9m da contextualiza\u00e7\u00e3o das \u00e1reas de conhecimento aos elementos da realidade local de cada munic\u00edpio e regi\u00e3o.<\/p>\n\n\n\n<p>Desde o seu lan\u00e7amento, a iniciativa j\u00e1 alcan\u00e7ou, no territ\u00f3rio brasileiro, mais de 4 milh\u00f5es de crian\u00e7as e adolescentes, envolvendo mais de 200 mil educadores. Somente em 2022, mais de 40 mil educadores participaram do Programa, impactando mais de 506 mil alunos de 575 munic\u00edpios.<\/p>\n\n\n\n<p>Para saber mais sobre,&nbsp;<strong><a href=\"https:\/\/auniaofazavida.com.br\/index.html\" target=\"_blank\" rel=\"noreferrer noopener\">acesse o site do programa<\/a><\/strong>.<\/p>\n\n\n\n<p><strong>Sobre a Funda\u00e7\u00e3o Sicredi<\/strong><strong><\/strong><\/p>\n\n\n\n<p>A Funda\u00e7\u00e3o Sicredi&nbsp;tem o prop\u00f3sito de manter viva a ess\u00eancia do cooperativismo na cultura do Sicredi por meio das iniciativas educacionais, sociais, culturais e sustent\u00e1veis. Suas iniciativas e programas s\u00e3o voltados para gerar impacto positivo aos associados e nas comunidades.<\/p>\n\n\n\n<p>O Sicredi \u00e9 uma institui\u00e7\u00e3o financeira cooperativa comprometida com o crescimento de seus associados e com o desenvolvimento das regi\u00f5es onde atua. Possui um modelo de gest\u00e3o que valoriza a participa\u00e7\u00e3o dos mais de 6 milh\u00f5es de associados, que exercem o papel de donos do neg\u00f3cio. Com mais de 2.400 ag\u00eancias, o Sicredi est\u00e1 presente fisicamente em todos os estados brasileiros e no Distrito Federal, disponibilizando mais de 300 produtos e servi\u00e7os financeiros.<\/p>\n\n\n\n<p>Site do Sicredi:&nbsp;<a href=\"http:\/\/www.sicredi.com.br\/site\" target=\"_blank\" rel=\"noreferrer noopener\">Clique aqui<\/a><\/p>\n\n\n\n<p>Redes Sociais:<a href=\"https:\/\/urldefense.proofpoint.com\/v2\/url?u=https-3A__www.facebook.com_Sicredi_&amp;d=DwMGaQ&amp;c=63k7DFQ5NS45K8Wu5uX9Pd1gEa70c_pznLjIw3OxEiE&amp;r=78reeXSRUHsXRv_X52nVFtqn8imrdAy-e5fJ56Qe6zg&amp;m=xAVwqnVpfVTt2Vu2g1Il31gCoCNxIOeNb-plWVTL0kw&amp;s=JKipJ9HxCcwObJ2cU-F6-Mq2sxBtIbmY5-KGbuh8D5g&amp;e=\" target=\"_blank\" rel=\"noreferrer noopener\">&nbsp;<\/a><a href=\"https:\/\/urldefense.proofpoint.com\/v2\/url?u=https-3A__www.facebook.com_Sicredi_&amp;d=DwMGaQ&amp;c=63k7DFQ5NS45K8Wu5uX9Pd1gEa70c_pznLjIw3OxEiE&amp;r=78reeXSRUHsXRv_X52nVFtqn8imrdAy-e5fJ56Qe6zg&amp;m=xAVwqnVpfVTt2Vu2g1Il31gCoCNxIOeNb-plWVTL0kw&amp;s=JKipJ9HxCcwObJ2cU-F6-Mq2sxBtIbmY5-KGbuh8D5g&amp;e=\" target=\"_blank\" rel=\"noreferrer noopener\">Facebook<\/a>&nbsp;|<a href=\"https:\/\/urldefense.com\/v3\/__https:\/instagram.com\/sicredi__;!!HhhKMSGjjQV-!skJJ34UnCvSNLF9kBxQaX6TqdH0BMtQRpPFHxp7r_5HWfNomTgv3CmM6sPd-DuzGX3gRRA$\" target=\"_blank\" rel=\"noreferrer noopener\">Instagram<\/a>&nbsp;|<a href=\"https:\/\/urldefense.proofpoint.com\/v2\/url?u=https-3A__twitter.com_sicredi-5Foficial&amp;d=DwMGaQ&amp;c=63k7DFQ5NS45K8Wu5uX9Pd1gEa70c_pznLjIw3OxEiE&amp;r=78reeXSRUHsXRv_X52nVFtqn8imrdAy-e5fJ56Qe6zg&amp;m=xAVwqnVpfVTt2Vu2g1Il31gCoCNxIOeNb-plWVTL0kw&amp;s=rREjz000pYFcmWEEXtLWoXAYGWHjlL0RGR2OhBlfpvg&amp;e=\" target=\"_blank\" rel=\"noreferrer noopener\">&nbsp;<\/a><a href=\"https:\/\/urldefense.proofpoint.com\/v2\/url?u=https-3A__twitter.com_sicredi-5Foficial&amp;d=DwMGaQ&amp;c=63k7DFQ5NS45K8Wu5uX9Pd1gEa70c_pznLjIw3OxEiE&amp;r=78reeXSRUHsXRv_X52nVFtqn8imrdAy-e5fJ56Qe6zg&amp;m=xAVwqnVpfVTt2Vu2g1Il31gCoCNxIOeNb-plWVTL0kw&amp;s=rREjz000pYFcmWEEXtLWoXAYGWHjlL0RGR2OhBlfpvg&amp;e=\" target=\"_blank\" rel=\"noreferrer noopener\">Twitter<\/a>&nbsp;|<a href=\"https:\/\/urldefense.proofpoint.com\/v2\/url?u=https-3A__www.linkedin.com_company_sicredi&amp;d=DwMGaQ&amp;c=63k7DFQ5NS45K8Wu5uX9Pd1gEa70c_pznLjIw3OxEiE&amp;r=78reeXSRUHsXRv_X52nVFtqn8imrdAy-e5fJ56Qe6zg&amp;m=xAVwqnVpfVTt2Vu2g1Il31gCoCNxIOeNb-plWVTL0kw&amp;s=9Afr_6-_zQljoX3PTOiIuUAk3glYTUttfE8zyudIzKg&amp;e=\" target=\"_blank\" rel=\"noreferrer noopener\">&nbsp;LinkedIn<\/a>&nbsp;|<a href=\"https:\/\/urldefense.proofpoint.com\/v2\/url?u=https-3A__www.youtube.com_user_sicredioficial&amp;d=DwMGaQ&amp;c=63k7DFQ5NS45K8Wu5uX9Pd1gEa70c_pznLjIw3OxEiE&amp;r=78reeXSRUHsXRv_X52nVFtqn8imrdAy-e5fJ56Qe6zg&amp;m=xAVwqnVpfVTt2Vu2g1Il31gCoCNxIOeNb-plWVTL0kw&amp;s=gYFE34Op3aDlZfviXJsdbFh5VGFhNtFoc8XmCLM1DTQ&amp;e=\" target=\"_blank\" rel=\"noreferrer noopener\">&nbsp;YouTube<\/a><\/p>\n\n\n\n<p><strong><u>Ficha t\u00e9cnica campanha institucional \u201cPerguntadores\u201d<\/u><\/strong><\/p>\n\n\n\n<p>Ag\u00eancia: HOC &#8211; House of Creativity Dire\u00e7\u00e3o de Cria\u00e7\u00e3o: Carlos Farneda Cria\u00e7\u00e3o: Renata Leiria, Thiago Borges, Alberto Ourique, Manoela Bandinelli, Andr\u00e9 Uberti e Renan Brasil Atendimento: M\u00f4nica Sosnoski, Cristiane Sinhorelli, Gabriela Wolffenbuttel e Christiane Lautert Produ\u00e7\u00e3o: Alessandra Santos<\/p>\n\n\n\n<p>M\u00eddia: Mariah Oliveira<\/p>\n\n\n\n<p>Produtora de v\u00eddeo: Cuka Filmes<\/p>\n\n\n\n<p>Dire\u00e7\u00e3o de cena: Claudio Catota<\/p>\n\n\n\n<p>Dire\u00e7\u00e3o de fotografia: Rubens Angelotti<\/p>\n\n\n\n<p>Dire\u00e7\u00e3o de produ\u00e7\u00e3o: Andr\u00e9 Mello<\/p>\n\n\n\n<p>Dire\u00e7\u00e3o de p\u00f3s-produ\u00e7\u00e3o: David de Lima<\/p>\n\n\n\n<p>Produ\u00e7\u00e3o executiva: Leonardo de Souza<\/p>\n\n\n\n<p>Diretor comercial: Ant\u00f4nio Martendal<\/p>\n\n\n\n<p>Atendimento: Marta Koetz<\/p>\n\n\n\n<p>Coordena\u00e7\u00e3o de pr\u00e9-produ\u00e7\u00e3o: Priscilla Moraes<\/p>\n\n\n\n<p>Coordena\u00e7\u00e3o de p\u00f3s-produ\u00e7\u00e3o: J\u00e9ssica Pereira<\/p>\n\n\n\n<p>Dire\u00e7\u00e3o de arte: Eve Lise Machado<\/p>\n\n\n\n<p>Contrarregra: Rafael Dias<\/p>\n\n\n\n<p>Assistente de arte: Rodrigo Pacheco<\/p>\n\n\n\n<p>Produtora de loca\u00e7\u00f5es: Beatriz Boleman<\/p>\n\n\n\n<p>Assistente de c\u00e2mera: Jorge Bauer<\/p>\n\n\n\n<p>Operador de som direto: Israel Manerich<\/p>\n\n\n\n<p>Maquinaria: Alexandre Miranda e Rafinha Miranda<\/p>\n\n\n\n<p>Eletricista: Amarildo Ribeiro<\/p>\n\n\n\n<p>Catering: Ang\u00e9lica Mari Beutler<\/p>\n\n\n\n<p>Styling: Manuela Matias<\/p>\n\n\n\n<p>Beauty: Luciana Enderle<\/p>\n\n\n\n<p>Elenco: Parler<\/p>\n\n\n\n<p>Montagem: Alan Carvallho e Andr\u00e9 Mello<\/p>\n\n\n\n<p>Color: Alan Carvallho<\/p>\n\n\n\n<p>Finaliza\u00e7\u00e3o: David de Lima<\/p>\n\n\n\n<p>\u00c1udio: Coletivo 4&#8243;33&#8243;<\/p>\n\n\n\n<p>Produ\u00e7\u00e3o: Andrio Barbosa, Brenno Di Napoli, Thiago Gr\u00fcn e Valmor Pedretti Jr.<\/p>\n\n\n<div class=\"wp-block-image\">\n<figure class=\"aligncenter size-full\"><img fetchpriority=\"high\" decoding=\"async\" width=\"900\" height=\"100\" src=\"https:\/\/msconectado.com.br\/wp-content\/uploads\/2023\/01\/MS_Concetado.png\" alt=\"\" class=\"wp-image-17625\" srcset=\"https:\/\/msconectado.com.br\/wp-content\/uploads\/2023\/01\/MS_Concetado.png 900w, https:\/\/msconectado.com.br\/wp-content\/uploads\/2023\/01\/MS_Concetado-300x33.png 300w, https:\/\/msconectado.com.br\/wp-content\/uploads\/2023\/01\/MS_Concetado-768x85.png 768w\" sizes=\"(max-width: 900px) 100vw, 900px\" \/><\/figure>\n<\/div>","protected":false},"excerpt":{"rendered":"<p>Para refor\u00e7ar a import\u00e2ncia do&nbsp;Programa&nbsp;A&nbsp;Uni\u00e3o Faz a Vida, oSicredi, por meio da sua Funda\u00e7\u00e3o, lan\u00e7a&nbsp;nova campanha institucional. Com o mote \u201cGente que pergunta cresce\u201d, a iniciativa apresenta uma equipe de rep\u00f3rteres crian\u00e7as e adolescentes, os\u201cPerguntadores\u201d, que sai em busca de perguntas sobre assuntos relacionados ao Programa. Em formatos diversos de programetes e trailers, eles entrevistam [&hellip;]<\/p>\n","protected":false},"author":3,"featured_media":17657,"comment_status":"open","ping_status":"closed","sticky":false,"template":"","format":"standard","meta":{"footnotes":""},"categories":[34],"tags":[],"class_list":["post-17656","post","type-post","status-publish","format-standard","has-post-thumbnail","hentry","category-comercio"],"yoast_head":"<!-- This site is optimized with the Yoast SEO plugin v27.5 - https:\/\/yoast.com\/product\/yoast-seo-wordpress\/ -->\n<title>A Uni\u00e3o Faz a Vida: Sicredi lan\u00e7a nova campanha do seu programa educacional. Saiba mais. - MsConectado<\/title>\n<meta name=\"robots\" content=\"index, follow, max-snippet:-1, max-image-preview:large, max-video-preview:-1\" \/>\n<link rel=\"canonical\" href=\"https:\/\/msconectado.com.br\/?p=17656\" \/>\n<meta property=\"og:locale\" content=\"pt_BR\" \/>\n<meta property=\"og:type\" content=\"article\" \/>\n<meta property=\"og:title\" content=\"A Uni\u00e3o Faz a Vida: Sicredi lan\u00e7a nova campanha do seu programa educacional. Saiba mais. - MsConectado\" \/>\n<meta property=\"og:description\" content=\"Para refor\u00e7ar a import\u00e2ncia do&nbsp;Programa&nbsp;A&nbsp;Uni\u00e3o Faz a Vida, oSicredi, por meio da sua Funda\u00e7\u00e3o, lan\u00e7a&nbsp;nova campanha institucional. Com o mote \u201cGente que pergunta cresce\u201d, a iniciativa apresenta uma equipe de rep\u00f3rteres crian\u00e7as e adolescentes, os\u201cPerguntadores\u201d, que sai em busca de perguntas sobre assuntos relacionados ao Programa. Em formatos diversos de programetes e trailers, eles entrevistam [&hellip;]\" \/>\n<meta property=\"og:url\" content=\"https:\/\/msconectado.com.br\/?p=17656\" \/>\n<meta property=\"og:site_name\" content=\"MsConectado\" \/>\n<meta property=\"article:published_time\" content=\"2023-01-24T22:28:34+00:00\" \/>\n<meta property=\"article:modified_time\" content=\"2023-01-24T22:28:35+00:00\" \/>\n<meta property=\"og:image\" content=\"https:\/\/msconectado.com.br\/wp-content\/uploads\/2023\/01\/STR_0001_23_pufv-Release_-scaled.jpg\" \/>\n\t<meta property=\"og:image:width\" content=\"2560\" \/>\n\t<meta property=\"og:image:height\" content=\"1536\" \/>\n\t<meta property=\"og:image:type\" content=\"image\/jpeg\" \/>\n<meta name=\"author\" content=\"Jeferson\" \/>\n<meta name=\"twitter:card\" content=\"summary_large_image\" \/>\n<meta name=\"twitter:label1\" content=\"Escrito por\" \/>\n\t<meta name=\"twitter:data1\" content=\"Jeferson\" \/>\n\t<meta name=\"twitter:label2\" content=\"Est. tempo de leitura\" \/>\n\t<meta name=\"twitter:data2\" content=\"4 minutos\" \/>\n<script type=\"application\/ld+json\" class=\"yoast-schema-graph\">{\"@context\":\"https:\\\/\\\/schema.org\",\"@graph\":[{\"@type\":\"Article\",\"@id\":\"https:\\\/\\\/msconectado.com.br\\\/?p=17656#article\",\"isPartOf\":{\"@id\":\"https:\\\/\\\/msconectado.com.br\\\/?p=17656\"},\"author\":{\"name\":\"Jeferson\",\"@id\":\"https:\\\/\\\/msconectado.com.br\\\/#\\\/schema\\\/person\\\/feb123a95a93eebea36f0ed6a2e5ba48\"},\"headline\":\"A Uni\u00e3o Faz a Vida: Sicredi lan\u00e7a nova campanha do seu programa educacional. Saiba mais.\",\"datePublished\":\"2023-01-24T22:28:34+00:00\",\"dateModified\":\"2023-01-24T22:28:35+00:00\",\"mainEntityOfPage\":{\"@id\":\"https:\\\/\\\/msconectado.com.br\\\/?p=17656\"},\"wordCount\":756,\"commentCount\":0,\"publisher\":{\"@id\":\"https:\\\/\\\/msconectado.com.br\\\/#organization\"},\"image\":{\"@id\":\"https:\\\/\\\/msconectado.com.br\\\/?p=17656#primaryimage\"},\"thumbnailUrl\":\"https:\\\/\\\/msconectado.com.br\\\/wp-content\\\/uploads\\\/2023\\\/01\\\/STR_0001_23_pufv-Release_-scaled.jpg\",\"articleSection\":[\"Com\u00e9rcio\"],\"inLanguage\":\"pt-BR\",\"potentialAction\":[{\"@type\":\"CommentAction\",\"name\":\"Comment\",\"target\":[\"https:\\\/\\\/msconectado.com.br\\\/?p=17656#respond\"]}]},{\"@type\":\"WebPage\",\"@id\":\"https:\\\/\\\/msconectado.com.br\\\/?p=17656\",\"url\":\"https:\\\/\\\/msconectado.com.br\\\/?p=17656\",\"name\":\"A Uni\u00e3o Faz a Vida: Sicredi lan\u00e7a nova campanha do seu programa educacional. Saiba mais. - MsConectado\",\"isPartOf\":{\"@id\":\"https:\\\/\\\/msconectado.com.br\\\/#website\"},\"primaryImageOfPage\":{\"@id\":\"https:\\\/\\\/msconectado.com.br\\\/?p=17656#primaryimage\"},\"image\":{\"@id\":\"https:\\\/\\\/msconectado.com.br\\\/?p=17656#primaryimage\"},\"thumbnailUrl\":\"https:\\\/\\\/msconectado.com.br\\\/wp-content\\\/uploads\\\/2023\\\/01\\\/STR_0001_23_pufv-Release_-scaled.jpg\",\"datePublished\":\"2023-01-24T22:28:34+00:00\",\"dateModified\":\"2023-01-24T22:28:35+00:00\",\"breadcrumb\":{\"@id\":\"https:\\\/\\\/msconectado.com.br\\\/?p=17656#breadcrumb\"},\"inLanguage\":\"pt-BR\",\"potentialAction\":[{\"@type\":\"ReadAction\",\"target\":[\"https:\\\/\\\/msconectado.com.br\\\/?p=17656\"]}]},{\"@type\":\"ImageObject\",\"inLanguage\":\"pt-BR\",\"@id\":\"https:\\\/\\\/msconectado.com.br\\\/?p=17656#primaryimage\",\"url\":\"https:\\\/\\\/msconectado.com.br\\\/wp-content\\\/uploads\\\/2023\\\/01\\\/STR_0001_23_pufv-Release_-scaled.jpg\",\"contentUrl\":\"https:\\\/\\\/msconectado.com.br\\\/wp-content\\\/uploads\\\/2023\\\/01\\\/STR_0001_23_pufv-Release_-scaled.jpg\",\"width\":2560,\"height\":1536},{\"@type\":\"BreadcrumbList\",\"@id\":\"https:\\\/\\\/msconectado.com.br\\\/?p=17656#breadcrumb\",\"itemListElement\":[{\"@type\":\"ListItem\",\"position\":1,\"name\":\"In\u00edcio\",\"item\":\"https:\\\/\\\/msconectado.com.br\\\/?page_id=105\"},{\"@type\":\"ListItem\",\"position\":2,\"name\":\"A Uni\u00e3o Faz a Vida: Sicredi lan\u00e7a nova campanha do seu programa educacional. Saiba mais.\"}]},{\"@type\":\"WebSite\",\"@id\":\"https:\\\/\\\/msconectado.com.br\\\/#website\",\"url\":\"https:\\\/\\\/msconectado.com.br\\\/\",\"name\":\"MsConectado\",\"description\":\"Voc\u00ea Conectado com a Not\u00edcia!\",\"publisher\":{\"@id\":\"https:\\\/\\\/msconectado.com.br\\\/#organization\"},\"potentialAction\":[{\"@type\":\"SearchAction\",\"target\":{\"@type\":\"EntryPoint\",\"urlTemplate\":\"https:\\\/\\\/msconectado.com.br\\\/?s={search_term_string}\"},\"query-input\":{\"@type\":\"PropertyValueSpecification\",\"valueRequired\":true,\"valueName\":\"search_term_string\"}}],\"inLanguage\":\"pt-BR\"},{\"@type\":\"Organization\",\"@id\":\"https:\\\/\\\/msconectado.com.br\\\/#organization\",\"name\":\"MsConectado\",\"url\":\"https:\\\/\\\/msconectado.com.br\\\/\",\"logo\":{\"@type\":\"ImageObject\",\"inLanguage\":\"pt-BR\",\"@id\":\"https:\\\/\\\/msconectado.com.br\\\/#\\\/schema\\\/logo\\\/image\\\/\",\"url\":\"https:\\\/\\\/msconectado.com.br\\\/wp-content\\\/uploads\\\/2023\\\/01\\\/cropped-noticia-2.png\",\"contentUrl\":\"https:\\\/\\\/msconectado.com.br\\\/wp-content\\\/uploads\\\/2023\\\/01\\\/cropped-noticia-2.png\",\"width\":720,\"height\":157,\"caption\":\"MsConectado\"},\"image\":{\"@id\":\"https:\\\/\\\/msconectado.com.br\\\/#\\\/schema\\\/logo\\\/image\\\/\"}},{\"@type\":\"Person\",\"@id\":\"https:\\\/\\\/msconectado.com.br\\\/#\\\/schema\\\/person\\\/feb123a95a93eebea36f0ed6a2e5ba48\",\"name\":\"Jeferson\",\"image\":{\"@type\":\"ImageObject\",\"inLanguage\":\"pt-BR\",\"@id\":\"https:\\\/\\\/secure.gravatar.com\\\/avatar\\\/e23e8901c88f0cdc0ad479ef7a39bf3e4c806344549c087c00b721a65549a328?s=96&d=mm&r=g\",\"url\":\"https:\\\/\\\/secure.gravatar.com\\\/avatar\\\/e23e8901c88f0cdc0ad479ef7a39bf3e4c806344549c087c00b721a65549a328?s=96&d=mm&r=g\",\"contentUrl\":\"https:\\\/\\\/secure.gravatar.com\\\/avatar\\\/e23e8901c88f0cdc0ad479ef7a39bf3e4c806344549c087c00b721a65549a328?s=96&d=mm&r=g\",\"caption\":\"Jeferson\"},\"url\":\"https:\\\/\\\/msconectado.com.br\\\/?author=3\"}]}<\/script>\n<!-- \/ Yoast SEO plugin. -->","yoast_head_json":{"title":"A Uni\u00e3o Faz a Vida: Sicredi lan\u00e7a nova campanha do seu programa educacional. Saiba mais. - MsConectado","robots":{"index":"index","follow":"follow","max-snippet":"max-snippet:-1","max-image-preview":"max-image-preview:large","max-video-preview":"max-video-preview:-1"},"canonical":"https:\/\/msconectado.com.br\/?p=17656","og_locale":"pt_BR","og_type":"article","og_title":"A Uni\u00e3o Faz a Vida: Sicredi lan\u00e7a nova campanha do seu programa educacional. Saiba mais. - MsConectado","og_description":"Para refor\u00e7ar a import\u00e2ncia do&nbsp;Programa&nbsp;A&nbsp;Uni\u00e3o Faz a Vida, oSicredi, por meio da sua Funda\u00e7\u00e3o, lan\u00e7a&nbsp;nova campanha institucional. Com o mote \u201cGente que pergunta cresce\u201d, a iniciativa apresenta uma equipe de rep\u00f3rteres crian\u00e7as e adolescentes, os\u201cPerguntadores\u201d, que sai em busca de perguntas sobre assuntos relacionados ao Programa. Em formatos diversos de programetes e trailers, eles entrevistam [&hellip;]","og_url":"https:\/\/msconectado.com.br\/?p=17656","og_site_name":"MsConectado","article_published_time":"2023-01-24T22:28:34+00:00","article_modified_time":"2023-01-24T22:28:35+00:00","og_image":[{"width":2560,"height":1536,"url":"https:\/\/msconectado.com.br\/wp-content\/uploads\/2023\/01\/STR_0001_23_pufv-Release_-scaled.jpg","type":"image\/jpeg"}],"author":"Jeferson","twitter_card":"summary_large_image","twitter_misc":{"Escrito por":"Jeferson","Est. tempo de leitura":"4 minutos"},"schema":{"@context":"https:\/\/schema.org","@graph":[{"@type":"Article","@id":"https:\/\/msconectado.com.br\/?p=17656#article","isPartOf":{"@id":"https:\/\/msconectado.com.br\/?p=17656"},"author":{"name":"Jeferson","@id":"https:\/\/msconectado.com.br\/#\/schema\/person\/feb123a95a93eebea36f0ed6a2e5ba48"},"headline":"A Uni\u00e3o Faz a Vida: Sicredi lan\u00e7a nova campanha do seu programa educacional. Saiba mais.","datePublished":"2023-01-24T22:28:34+00:00","dateModified":"2023-01-24T22:28:35+00:00","mainEntityOfPage":{"@id":"https:\/\/msconectado.com.br\/?p=17656"},"wordCount":756,"commentCount":0,"publisher":{"@id":"https:\/\/msconectado.com.br\/#organization"},"image":{"@id":"https:\/\/msconectado.com.br\/?p=17656#primaryimage"},"thumbnailUrl":"https:\/\/msconectado.com.br\/wp-content\/uploads\/2023\/01\/STR_0001_23_pufv-Release_-scaled.jpg","articleSection":["Com\u00e9rcio"],"inLanguage":"pt-BR","potentialAction":[{"@type":"CommentAction","name":"Comment","target":["https:\/\/msconectado.com.br\/?p=17656#respond"]}]},{"@type":"WebPage","@id":"https:\/\/msconectado.com.br\/?p=17656","url":"https:\/\/msconectado.com.br\/?p=17656","name":"A Uni\u00e3o Faz a Vida: Sicredi lan\u00e7a nova campanha do seu programa educacional. Saiba mais. - MsConectado","isPartOf":{"@id":"https:\/\/msconectado.com.br\/#website"},"primaryImageOfPage":{"@id":"https:\/\/msconectado.com.br\/?p=17656#primaryimage"},"image":{"@id":"https:\/\/msconectado.com.br\/?p=17656#primaryimage"},"thumbnailUrl":"https:\/\/msconectado.com.br\/wp-content\/uploads\/2023\/01\/STR_0001_23_pufv-Release_-scaled.jpg","datePublished":"2023-01-24T22:28:34+00:00","dateModified":"2023-01-24T22:28:35+00:00","breadcrumb":{"@id":"https:\/\/msconectado.com.br\/?p=17656#breadcrumb"},"inLanguage":"pt-BR","potentialAction":[{"@type":"ReadAction","target":["https:\/\/msconectado.com.br\/?p=17656"]}]},{"@type":"ImageObject","inLanguage":"pt-BR","@id":"https:\/\/msconectado.com.br\/?p=17656#primaryimage","url":"https:\/\/msconectado.com.br\/wp-content\/uploads\/2023\/01\/STR_0001_23_pufv-Release_-scaled.jpg","contentUrl":"https:\/\/msconectado.com.br\/wp-content\/uploads\/2023\/01\/STR_0001_23_pufv-Release_-scaled.jpg","width":2560,"height":1536},{"@type":"BreadcrumbList","@id":"https:\/\/msconectado.com.br\/?p=17656#breadcrumb","itemListElement":[{"@type":"ListItem","position":1,"name":"In\u00edcio","item":"https:\/\/msconectado.com.br\/?page_id=105"},{"@type":"ListItem","position":2,"name":"A Uni\u00e3o Faz a Vida: Sicredi lan\u00e7a nova campanha do seu programa educacional. Saiba mais."}]},{"@type":"WebSite","@id":"https:\/\/msconectado.com.br\/#website","url":"https:\/\/msconectado.com.br\/","name":"MsConectado","description":"Voc\u00ea Conectado com a Not\u00edcia!","publisher":{"@id":"https:\/\/msconectado.com.br\/#organization"},"potentialAction":[{"@type":"SearchAction","target":{"@type":"EntryPoint","urlTemplate":"https:\/\/msconectado.com.br\/?s={search_term_string}"},"query-input":{"@type":"PropertyValueSpecification","valueRequired":true,"valueName":"search_term_string"}}],"inLanguage":"pt-BR"},{"@type":"Organization","@id":"https:\/\/msconectado.com.br\/#organization","name":"MsConectado","url":"https:\/\/msconectado.com.br\/","logo":{"@type":"ImageObject","inLanguage":"pt-BR","@id":"https:\/\/msconectado.com.br\/#\/schema\/logo\/image\/","url":"https:\/\/msconectado.com.br\/wp-content\/uploads\/2023\/01\/cropped-noticia-2.png","contentUrl":"https:\/\/msconectado.com.br\/wp-content\/uploads\/2023\/01\/cropped-noticia-2.png","width":720,"height":157,"caption":"MsConectado"},"image":{"@id":"https:\/\/msconectado.com.br\/#\/schema\/logo\/image\/"}},{"@type":"Person","@id":"https:\/\/msconectado.com.br\/#\/schema\/person\/feb123a95a93eebea36f0ed6a2e5ba48","name":"Jeferson","image":{"@type":"ImageObject","inLanguage":"pt-BR","@id":"https:\/\/secure.gravatar.com\/avatar\/e23e8901c88f0cdc0ad479ef7a39bf3e4c806344549c087c00b721a65549a328?s=96&d=mm&r=g","url":"https:\/\/secure.gravatar.com\/avatar\/e23e8901c88f0cdc0ad479ef7a39bf3e4c806344549c087c00b721a65549a328?s=96&d=mm&r=g","contentUrl":"https:\/\/secure.gravatar.com\/avatar\/e23e8901c88f0cdc0ad479ef7a39bf3e4c806344549c087c00b721a65549a328?s=96&d=mm&r=g","caption":"Jeferson"},"url":"https:\/\/msconectado.com.br\/?author=3"}]}},"_links":{"self":[{"href":"https:\/\/msconectado.com.br\/index.php?rest_route=\/wp\/v2\/posts\/17656","targetHints":{"allow":["GET"]}}],"collection":[{"href":"https:\/\/msconectado.com.br\/index.php?rest_route=\/wp\/v2\/posts"}],"about":[{"href":"https:\/\/msconectado.com.br\/index.php?rest_route=\/wp\/v2\/types\/post"}],"author":[{"embeddable":true,"href":"https:\/\/msconectado.com.br\/index.php?rest_route=\/wp\/v2\/users\/3"}],"replies":[{"embeddable":true,"href":"https:\/\/msconectado.com.br\/index.php?rest_route=%2Fwp%2Fv2%2Fcomments&post=17656"}],"version-history":[{"count":1,"href":"https:\/\/msconectado.com.br\/index.php?rest_route=\/wp\/v2\/posts\/17656\/revisions"}],"predecessor-version":[{"id":17658,"href":"https:\/\/msconectado.com.br\/index.php?rest_route=\/wp\/v2\/posts\/17656\/revisions\/17658"}],"wp:featuredmedia":[{"embeddable":true,"href":"https:\/\/msconectado.com.br\/index.php?rest_route=\/wp\/v2\/media\/17657"}],"wp:attachment":[{"href":"https:\/\/msconectado.com.br\/index.php?rest_route=%2Fwp%2Fv2%2Fmedia&parent=17656"}],"wp:term":[{"taxonomy":"category","embeddable":true,"href":"https:\/\/msconectado.com.br\/index.php?rest_route=%2Fwp%2Fv2%2Fcategories&post=17656"},{"taxonomy":"post_tag","embeddable":true,"href":"https:\/\/msconectado.com.br\/index.php?rest_route=%2Fwp%2Fv2%2Ftags&post=17656"}],"curies":[{"name":"wp","href":"https:\/\/api.w.org\/{rel}","templated":true}]}}