
{"id":17666,"date":"2023-01-24T23:35:04","date_gmt":"2023-01-24T23:35:04","guid":{"rendered":"https:\/\/msconectado.com.br\/?p=17666"},"modified":"2023-01-24T23:35:06","modified_gmt":"2023-01-24T23:35:06","slug":"governo-de-ms-assina-termo-de-cooperacao-com-instituto-para-construcao-de-politicas-publicas-saiba-mais","status":"publish","type":"post","link":"https:\/\/msconectado.com.br\/?p=17666","title":{"rendered":"Governo de MS assina termo de coopera\u00e7\u00e3o com Instituto para constru\u00e7\u00e3o de pol\u00edticas p\u00fablicas. Saiba mais."},"content":{"rendered":"\n<p>A gest\u00e3o estadual agora vai contar com um novo aliado: o Imds (Instituto de Mobilidade e Desenvolvimento Social), respons\u00e1vel por acompanhar, avaliar e propor pol\u00edticas p\u00fablicas.<\/p>\n\n\n\n<p>Um acordo de coopera\u00e7\u00e3o t\u00e9cnica ser\u00e1 assinado com o Governo do Estado envolvendo tr\u00eas \u00e1reas: Educa\u00e7\u00e3o, Sa\u00fade e Assist\u00eancia Social. Para tratar do assunto, o governador Eduardo Riedel recebeu na ter\u00e7a-feira (23) o diretor-presidente do Imds, Paulo Tafner, o presidente do Conselho de Administra\u00e7\u00e3o, Arm\u00ednio Fraga, e o diretor de Pesquisa, Sergio Guimar\u00e3es Ferreira.<\/p>\n\n\n\n<p>De acordo com o governador, ser\u00e1 uma ajuda importante na constru\u00e7\u00e3o de pol\u00edticas p\u00fablicas. \u201cO Imds tem um trabalho importante com entes p\u00fablicos e n\u00e3o tenho d\u00favida que vai ser um grande parceiro de Mato Grosso do Sul, ajudando o Governo do Estado a detectar problemas, planejar, encontrar solu\u00e7\u00f5es e gerar resultado para a sociedade\u201d, disse Eduardo Riedel.<\/p>\n\n\n\n<p>Organiza\u00e7\u00e3o privada sem fins lucrativos, o Imds prestar\u00e1 consultoria gratuita \u00e0 gest\u00e3o estadual na constru\u00e7\u00e3o de pol\u00edticas p\u00fablicas. \u201cTrabalhamos com entes p\u00fablicos com o foco de resolver problemas, de forma gratuita. Estatutariamente o Imds \u00e9 impedido de receber qualquer dinheiro p\u00fablica\u201d, explicou Paulo Tafner.<\/p>\n\n\n\n<p>Para fazer esse trabalho, o Imds receber\u00e1 dados do Governo do Estado. Entre os problemas j\u00e1 detectados pelo Instituto em Mato Grosso do Sul est\u00e3o um alto \u00edndice de evas\u00e3o escolar e incid\u00eancia de doen\u00e7as em grupos vulner\u00e1veis.<\/p>\n\n\n\n<p>Sediado na cidade do Rio de Janeiro, o Imds tem como objeto social contribuir para o aprimoramento de pol\u00edticas p\u00fablicas que visem a promo\u00e7\u00e3o da mobilidade social e do desenvolvimento social no Brasil.\u00a0<\/p>\n\n\n\n<p><em>Paulo Fernandes, Comunica\u00e7\u00e3o do Governo de MS<\/em><\/p>\n\n\n\n<p><em>Foto: Saul Schramm<\/em><\/p>\n\n\n<div class=\"wp-block-image\">\n<figure class=\"aligncenter size-full\"><a href=\"https:\/\/www.sicredi.com.br\/coop\/pantanalms\/\"><img fetchpriority=\"high\" decoding=\"async\" width=\"900\" height=\"100\" src=\"https:\/\/msconectado.com.br\/wp-content\/uploads\/2023\/01\/MS_Concetado.png\" alt=\"\" class=\"wp-image-17625\" srcset=\"https:\/\/msconectado.com.br\/wp-content\/uploads\/2023\/01\/MS_Concetado.png 900w, https:\/\/msconectado.com.br\/wp-content\/uploads\/2023\/01\/MS_Concetado-300x33.png 300w, https:\/\/msconectado.com.br\/wp-content\/uploads\/2023\/01\/MS_Concetado-768x85.png 768w\" sizes=\"(max-width: 900px) 100vw, 900px\" \/><\/a><\/figure>\n<\/div>","protected":false},"excerpt":{"rendered":"<p>A gest\u00e3o estadual agora vai contar com um novo aliado: o Imds (Instituto de Mobilidade e Desenvolvimento Social), respons\u00e1vel por acompanhar, avaliar e propor pol\u00edticas p\u00fablicas. Um acordo de coopera\u00e7\u00e3o t\u00e9cnica ser\u00e1 assinado com o Governo do Estado envolvendo tr\u00eas \u00e1reas: Educa\u00e7\u00e3o, Sa\u00fade e Assist\u00eancia Social. Para tratar do assunto, o governador Eduardo Riedel recebeu [&hellip;]<\/p>\n","protected":false},"author":2,"featured_media":17667,"comment_status":"open","ping_status":"closed","sticky":false,"template":"","format":"standard","meta":{"footnotes":""},"categories":[35,33],"tags":[],"class_list":["post-17666","post","type-post","status-publish","format-standard","has-post-thumbnail","hentry","category-cidades","category-politica"],"yoast_head":"<!-- This site is optimized with the Yoast SEO plugin v27.5 - https:\/\/yoast.com\/product\/yoast-seo-wordpress\/ -->\n<title>Governo de MS assina termo de coopera\u00e7\u00e3o com Instituto para constru\u00e7\u00e3o de pol\u00edticas p\u00fablicas. Saiba mais. - MsConectado<\/title>\n<meta name=\"robots\" content=\"index, follow, max-snippet:-1, max-image-preview:large, max-video-preview:-1\" \/>\n<link rel=\"canonical\" href=\"https:\/\/msconectado.com.br\/?p=17666\" \/>\n<meta property=\"og:locale\" content=\"pt_BR\" \/>\n<meta property=\"og:type\" content=\"article\" \/>\n<meta property=\"og:title\" content=\"Governo de MS assina termo de coopera\u00e7\u00e3o com Instituto para constru\u00e7\u00e3o de pol\u00edticas p\u00fablicas. Saiba mais. - MsConectado\" \/>\n<meta property=\"og:description\" content=\"A gest\u00e3o estadual agora vai contar com um novo aliado: o Imds (Instituto de Mobilidade e Desenvolvimento Social), respons\u00e1vel por acompanhar, avaliar e propor pol\u00edticas p\u00fablicas. Um acordo de coopera\u00e7\u00e3o t\u00e9cnica ser\u00e1 assinado com o Governo do Estado envolvendo tr\u00eas \u00e1reas: Educa\u00e7\u00e3o, Sa\u00fade e Assist\u00eancia Social. Para tratar do assunto, o governador Eduardo Riedel recebeu [&hellip;]\" \/>\n<meta property=\"og:url\" content=\"https:\/\/msconectado.com.br\/?p=17666\" \/>\n<meta property=\"og:site_name\" content=\"MsConectado\" \/>\n<meta property=\"article:published_time\" content=\"2023-01-24T23:35:04+00:00\" \/>\n<meta property=\"article:modified_time\" content=\"2023-01-24T23:35:06+00:00\" \/>\n<meta property=\"og:image\" content=\"https:\/\/msconectado.com.br\/wp-content\/uploads\/2023\/01\/Reuniao-Receptivo-4-730x480-1.jpg\" \/>\n\t<meta property=\"og:image:width\" content=\"730\" \/>\n\t<meta property=\"og:image:height\" content=\"480\" \/>\n\t<meta property=\"og:image:type\" content=\"image\/jpeg\" \/>\n<meta name=\"author\" content=\"MsConectado\" \/>\n<meta name=\"twitter:card\" content=\"summary_large_image\" \/>\n<meta name=\"twitter:label1\" content=\"Escrito por\" \/>\n\t<meta name=\"twitter:data1\" content=\"MsConectado\" \/>\n\t<meta name=\"twitter:label2\" content=\"Est. tempo de leitura\" \/>\n\t<meta name=\"twitter:data2\" content=\"2 minutos\" \/>\n<script type=\"application\/ld+json\" class=\"yoast-schema-graph\">{\"@context\":\"https:\\\/\\\/schema.org\",\"@graph\":[{\"@type\":\"Article\",\"@id\":\"https:\\\/\\\/msconectado.com.br\\\/?p=17666#article\",\"isPartOf\":{\"@id\":\"https:\\\/\\\/msconectado.com.br\\\/?p=17666\"},\"author\":{\"name\":\"MsConectado\",\"@id\":\"https:\\\/\\\/msconectado.com.br\\\/#\\\/schema\\\/person\\\/e5585545b5687092f1041d350b6e2c16\"},\"headline\":\"Governo de MS assina termo de coopera\u00e7\u00e3o com Instituto para constru\u00e7\u00e3o de pol\u00edticas p\u00fablicas. Saiba mais.\",\"datePublished\":\"2023-01-24T23:35:04+00:00\",\"dateModified\":\"2023-01-24T23:35:06+00:00\",\"mainEntityOfPage\":{\"@id\":\"https:\\\/\\\/msconectado.com.br\\\/?p=17666\"},\"wordCount\":317,\"commentCount\":0,\"publisher\":{\"@id\":\"https:\\\/\\\/msconectado.com.br\\\/#organization\"},\"image\":{\"@id\":\"https:\\\/\\\/msconectado.com.br\\\/?p=17666#primaryimage\"},\"thumbnailUrl\":\"https:\\\/\\\/msconectado.com.br\\\/wp-content\\\/uploads\\\/2023\\\/01\\\/Reuniao-Receptivo-4-730x480-1.jpg\",\"articleSection\":[\"Cidades\",\"Pol\u00edtica\"],\"inLanguage\":\"pt-BR\",\"potentialAction\":[{\"@type\":\"CommentAction\",\"name\":\"Comment\",\"target\":[\"https:\\\/\\\/msconectado.com.br\\\/?p=17666#respond\"]}]},{\"@type\":\"WebPage\",\"@id\":\"https:\\\/\\\/msconectado.com.br\\\/?p=17666\",\"url\":\"https:\\\/\\\/msconectado.com.br\\\/?p=17666\",\"name\":\"Governo de MS assina termo de coopera\u00e7\u00e3o com Instituto para constru\u00e7\u00e3o de pol\u00edticas p\u00fablicas. Saiba mais. - MsConectado\",\"isPartOf\":{\"@id\":\"https:\\\/\\\/msconectado.com.br\\\/#website\"},\"primaryImageOfPage\":{\"@id\":\"https:\\\/\\\/msconectado.com.br\\\/?p=17666#primaryimage\"},\"image\":{\"@id\":\"https:\\\/\\\/msconectado.com.br\\\/?p=17666#primaryimage\"},\"thumbnailUrl\":\"https:\\\/\\\/msconectado.com.br\\\/wp-content\\\/uploads\\\/2023\\\/01\\\/Reuniao-Receptivo-4-730x480-1.jpg\",\"datePublished\":\"2023-01-24T23:35:04+00:00\",\"dateModified\":\"2023-01-24T23:35:06+00:00\",\"breadcrumb\":{\"@id\":\"https:\\\/\\\/msconectado.com.br\\\/?p=17666#breadcrumb\"},\"inLanguage\":\"pt-BR\",\"potentialAction\":[{\"@type\":\"ReadAction\",\"target\":[\"https:\\\/\\\/msconectado.com.br\\\/?p=17666\"]}]},{\"@type\":\"ImageObject\",\"inLanguage\":\"pt-BR\",\"@id\":\"https:\\\/\\\/msconectado.com.br\\\/?p=17666#primaryimage\",\"url\":\"https:\\\/\\\/msconectado.com.br\\\/wp-content\\\/uploads\\\/2023\\\/01\\\/Reuniao-Receptivo-4-730x480-1.jpg\",\"contentUrl\":\"https:\\\/\\\/msconectado.com.br\\\/wp-content\\\/uploads\\\/2023\\\/01\\\/Reuniao-Receptivo-4-730x480-1.jpg\",\"width\":730,\"height\":480},{\"@type\":\"BreadcrumbList\",\"@id\":\"https:\\\/\\\/msconectado.com.br\\\/?p=17666#breadcrumb\",\"itemListElement\":[{\"@type\":\"ListItem\",\"position\":1,\"name\":\"In\u00edcio\",\"item\":\"https:\\\/\\\/msconectado.com.br\\\/\"},{\"@type\":\"ListItem\",\"position\":2,\"name\":\"Governo de MS assina termo de coopera\u00e7\u00e3o com Instituto para constru\u00e7\u00e3o de pol\u00edticas p\u00fablicas. Saiba mais.\"}]},{\"@type\":\"WebSite\",\"@id\":\"https:\\\/\\\/msconectado.com.br\\\/#website\",\"url\":\"https:\\\/\\\/msconectado.com.br\\\/\",\"name\":\"MsConectado\",\"description\":\"Voc\u00ea Conectado com a Not\u00edcia!\",\"publisher\":{\"@id\":\"https:\\\/\\\/msconectado.com.br\\\/#organization\"},\"potentialAction\":[{\"@type\":\"SearchAction\",\"target\":{\"@type\":\"EntryPoint\",\"urlTemplate\":\"https:\\\/\\\/msconectado.com.br\\\/?s={search_term_string}\"},\"query-input\":{\"@type\":\"PropertyValueSpecification\",\"valueRequired\":true,\"valueName\":\"search_term_string\"}}],\"inLanguage\":\"pt-BR\"},{\"@type\":\"Organization\",\"@id\":\"https:\\\/\\\/msconectado.com.br\\\/#organization\",\"name\":\"MsConectado\",\"url\":\"https:\\\/\\\/msconectado.com.br\\\/\",\"logo\":{\"@type\":\"ImageObject\",\"inLanguage\":\"pt-BR\",\"@id\":\"https:\\\/\\\/msconectado.com.br\\\/#\\\/schema\\\/logo\\\/image\\\/\",\"url\":\"https:\\\/\\\/msconectado.com.br\\\/wp-content\\\/uploads\\\/2023\\\/01\\\/cropped-noticia-2.png\",\"contentUrl\":\"https:\\\/\\\/msconectado.com.br\\\/wp-content\\\/uploads\\\/2023\\\/01\\\/cropped-noticia-2.png\",\"width\":720,\"height\":157,\"caption\":\"MsConectado\"},\"image\":{\"@id\":\"https:\\\/\\\/msconectado.com.br\\\/#\\\/schema\\\/logo\\\/image\\\/\"}},{\"@type\":\"Person\",\"@id\":\"https:\\\/\\\/msconectado.com.br\\\/#\\\/schema\\\/person\\\/e5585545b5687092f1041d350b6e2c16\",\"name\":\"MsConectado\",\"image\":{\"@type\":\"ImageObject\",\"inLanguage\":\"pt-BR\",\"@id\":\"https:\\\/\\\/secure.gravatar.com\\\/avatar\\\/3b4f84a0a8a4380ac4431fa79981d073692380c5da00ae97596e794ab0db5c8c?s=96&d=mm&r=g\",\"url\":\"https:\\\/\\\/secure.gravatar.com\\\/avatar\\\/3b4f84a0a8a4380ac4431fa79981d073692380c5da00ae97596e794ab0db5c8c?s=96&d=mm&r=g\",\"contentUrl\":\"https:\\\/\\\/secure.gravatar.com\\\/avatar\\\/3b4f84a0a8a4380ac4431fa79981d073692380c5da00ae97596e794ab0db5c8c?s=96&d=mm&r=g\",\"caption\":\"MsConectado\"},\"url\":\"https:\\\/\\\/msconectado.com.br\\\/?author=2\"}]}<\/script>\n<!-- \/ Yoast SEO plugin. -->","yoast_head_json":{"title":"Governo de MS assina termo de coopera\u00e7\u00e3o com Instituto para constru\u00e7\u00e3o de pol\u00edticas p\u00fablicas. Saiba mais. - MsConectado","robots":{"index":"index","follow":"follow","max-snippet":"max-snippet:-1","max-image-preview":"max-image-preview:large","max-video-preview":"max-video-preview:-1"},"canonical":"https:\/\/msconectado.com.br\/?p=17666","og_locale":"pt_BR","og_type":"article","og_title":"Governo de MS assina termo de coopera\u00e7\u00e3o com Instituto para constru\u00e7\u00e3o de pol\u00edticas p\u00fablicas. Saiba mais. - MsConectado","og_description":"A gest\u00e3o estadual agora vai contar com um novo aliado: o Imds (Instituto de Mobilidade e Desenvolvimento Social), respons\u00e1vel por acompanhar, avaliar e propor pol\u00edticas p\u00fablicas. Um acordo de coopera\u00e7\u00e3o t\u00e9cnica ser\u00e1 assinado com o Governo do Estado envolvendo tr\u00eas \u00e1reas: Educa\u00e7\u00e3o, Sa\u00fade e Assist\u00eancia Social. Para tratar do assunto, o governador Eduardo Riedel recebeu [&hellip;]","og_url":"https:\/\/msconectado.com.br\/?p=17666","og_site_name":"MsConectado","article_published_time":"2023-01-24T23:35:04+00:00","article_modified_time":"2023-01-24T23:35:06+00:00","og_image":[{"width":730,"height":480,"url":"https:\/\/msconectado.com.br\/wp-content\/uploads\/2023\/01\/Reuniao-Receptivo-4-730x480-1.jpg","type":"image\/jpeg"}],"author":"MsConectado","twitter_card":"summary_large_image","twitter_misc":{"Escrito por":"MsConectado","Est. tempo de leitura":"2 minutos"},"schema":{"@context":"https:\/\/schema.org","@graph":[{"@type":"Article","@id":"https:\/\/msconectado.com.br\/?p=17666#article","isPartOf":{"@id":"https:\/\/msconectado.com.br\/?p=17666"},"author":{"name":"MsConectado","@id":"https:\/\/msconectado.com.br\/#\/schema\/person\/e5585545b5687092f1041d350b6e2c16"},"headline":"Governo de MS assina termo de coopera\u00e7\u00e3o com Instituto para constru\u00e7\u00e3o de pol\u00edticas p\u00fablicas. Saiba mais.","datePublished":"2023-01-24T23:35:04+00:00","dateModified":"2023-01-24T23:35:06+00:00","mainEntityOfPage":{"@id":"https:\/\/msconectado.com.br\/?p=17666"},"wordCount":317,"commentCount":0,"publisher":{"@id":"https:\/\/msconectado.com.br\/#organization"},"image":{"@id":"https:\/\/msconectado.com.br\/?p=17666#primaryimage"},"thumbnailUrl":"https:\/\/msconectado.com.br\/wp-content\/uploads\/2023\/01\/Reuniao-Receptivo-4-730x480-1.jpg","articleSection":["Cidades","Pol\u00edtica"],"inLanguage":"pt-BR","potentialAction":[{"@type":"CommentAction","name":"Comment","target":["https:\/\/msconectado.com.br\/?p=17666#respond"]}]},{"@type":"WebPage","@id":"https:\/\/msconectado.com.br\/?p=17666","url":"https:\/\/msconectado.com.br\/?p=17666","name":"Governo de MS assina termo de coopera\u00e7\u00e3o com Instituto para constru\u00e7\u00e3o de pol\u00edticas p\u00fablicas. Saiba mais. - MsConectado","isPartOf":{"@id":"https:\/\/msconectado.com.br\/#website"},"primaryImageOfPage":{"@id":"https:\/\/msconectado.com.br\/?p=17666#primaryimage"},"image":{"@id":"https:\/\/msconectado.com.br\/?p=17666#primaryimage"},"thumbnailUrl":"https:\/\/msconectado.com.br\/wp-content\/uploads\/2023\/01\/Reuniao-Receptivo-4-730x480-1.jpg","datePublished":"2023-01-24T23:35:04+00:00","dateModified":"2023-01-24T23:35:06+00:00","breadcrumb":{"@id":"https:\/\/msconectado.com.br\/?p=17666#breadcrumb"},"inLanguage":"pt-BR","potentialAction":[{"@type":"ReadAction","target":["https:\/\/msconectado.com.br\/?p=17666"]}]},{"@type":"ImageObject","inLanguage":"pt-BR","@id":"https:\/\/msconectado.com.br\/?p=17666#primaryimage","url":"https:\/\/msconectado.com.br\/wp-content\/uploads\/2023\/01\/Reuniao-Receptivo-4-730x480-1.jpg","contentUrl":"https:\/\/msconectado.com.br\/wp-content\/uploads\/2023\/01\/Reuniao-Receptivo-4-730x480-1.jpg","width":730,"height":480},{"@type":"BreadcrumbList","@id":"https:\/\/msconectado.com.br\/?p=17666#breadcrumb","itemListElement":[{"@type":"ListItem","position":1,"name":"In\u00edcio","item":"https:\/\/msconectado.com.br\/"},{"@type":"ListItem","position":2,"name":"Governo de MS assina termo de coopera\u00e7\u00e3o com Instituto para constru\u00e7\u00e3o de pol\u00edticas p\u00fablicas. Saiba mais."}]},{"@type":"WebSite","@id":"https:\/\/msconectado.com.br\/#website","url":"https:\/\/msconectado.com.br\/","name":"MsConectado","description":"Voc\u00ea Conectado com a Not\u00edcia!","publisher":{"@id":"https:\/\/msconectado.com.br\/#organization"},"potentialAction":[{"@type":"SearchAction","target":{"@type":"EntryPoint","urlTemplate":"https:\/\/msconectado.com.br\/?s={search_term_string}"},"query-input":{"@type":"PropertyValueSpecification","valueRequired":true,"valueName":"search_term_string"}}],"inLanguage":"pt-BR"},{"@type":"Organization","@id":"https:\/\/msconectado.com.br\/#organization","name":"MsConectado","url":"https:\/\/msconectado.com.br\/","logo":{"@type":"ImageObject","inLanguage":"pt-BR","@id":"https:\/\/msconectado.com.br\/#\/schema\/logo\/image\/","url":"https:\/\/msconectado.com.br\/wp-content\/uploads\/2023\/01\/cropped-noticia-2.png","contentUrl":"https:\/\/msconectado.com.br\/wp-content\/uploads\/2023\/01\/cropped-noticia-2.png","width":720,"height":157,"caption":"MsConectado"},"image":{"@id":"https:\/\/msconectado.com.br\/#\/schema\/logo\/image\/"}},{"@type":"Person","@id":"https:\/\/msconectado.com.br\/#\/schema\/person\/e5585545b5687092f1041d350b6e2c16","name":"MsConectado","image":{"@type":"ImageObject","inLanguage":"pt-BR","@id":"https:\/\/secure.gravatar.com\/avatar\/3b4f84a0a8a4380ac4431fa79981d073692380c5da00ae97596e794ab0db5c8c?s=96&d=mm&r=g","url":"https:\/\/secure.gravatar.com\/avatar\/3b4f84a0a8a4380ac4431fa79981d073692380c5da00ae97596e794ab0db5c8c?s=96&d=mm&r=g","contentUrl":"https:\/\/secure.gravatar.com\/avatar\/3b4f84a0a8a4380ac4431fa79981d073692380c5da00ae97596e794ab0db5c8c?s=96&d=mm&r=g","caption":"MsConectado"},"url":"https:\/\/msconectado.com.br\/?author=2"}]}},"_links":{"self":[{"href":"https:\/\/msconectado.com.br\/index.php?rest_route=\/wp\/v2\/posts\/17666","targetHints":{"allow":["GET"]}}],"collection":[{"href":"https:\/\/msconectado.com.br\/index.php?rest_route=\/wp\/v2\/posts"}],"about":[{"href":"https:\/\/msconectado.com.br\/index.php?rest_route=\/wp\/v2\/types\/post"}],"author":[{"embeddable":true,"href":"https:\/\/msconectado.com.br\/index.php?rest_route=\/wp\/v2\/users\/2"}],"replies":[{"embeddable":true,"href":"https:\/\/msconectado.com.br\/index.php?rest_route=%2Fwp%2Fv2%2Fcomments&post=17666"}],"version-history":[{"count":1,"href":"https:\/\/msconectado.com.br\/index.php?rest_route=\/wp\/v2\/posts\/17666\/revisions"}],"predecessor-version":[{"id":17668,"href":"https:\/\/msconectado.com.br\/index.php?rest_route=\/wp\/v2\/posts\/17666\/revisions\/17668"}],"wp:featuredmedia":[{"embeddable":true,"href":"https:\/\/msconectado.com.br\/index.php?rest_route=\/wp\/v2\/media\/17667"}],"wp:attachment":[{"href":"https:\/\/msconectado.com.br\/index.php?rest_route=%2Fwp%2Fv2%2Fmedia&parent=17666"}],"wp:term":[{"taxonomy":"category","embeddable":true,"href":"https:\/\/msconectado.com.br\/index.php?rest_route=%2Fwp%2Fv2%2Fcategories&post=17666"},{"taxonomy":"post_tag","embeddable":true,"href":"https:\/\/msconectado.com.br\/index.php?rest_route=%2Fwp%2Fv2%2Ftags&post=17666"}],"curies":[{"name":"wp","href":"https:\/\/api.w.org\/{rel}","templated":true}]}}