
{"id":17669,"date":"2023-01-25T00:49:51","date_gmt":"2023-01-25T00:49:51","guid":{"rendered":"https:\/\/msconectado.com.br\/?p=17669"},"modified":"2023-01-25T00:52:01","modified_gmt":"2023-01-25T00:52:01","slug":"com-apoio-do-deputado-federal-geraldo-resende-saude-de-rio-brilhante-avanca-em-passos-largos-saiba-mais","status":"publish","type":"post","link":"https:\/\/msconectado.com.br\/?p=17669","title":{"rendered":"Com apoio do Deputado Federal Geraldo Resende, Sa\u00fade de Rio Brilhante avan\u00e7a em passos largos. Saiba mais."},"content":{"rendered":"\n<p>Com apoio do Deputado Federal Geraldo Resende, Sa\u00fade de Rio Brilhante avan\u00e7a em passos largos. Saiba mais.<\/p>\n\n\n\n<p>Nesta ter\u00e7a \u2013 feira (24), os vereadores da C\u00e2mara Municipal de Rio Brilhante receberam a visita do Deputado Federal Geraldo Resende, em pauta os vereadores apresentaram as principais demandas e agradeceram o apoio do deputado na reforma e amplia\u00e7\u00e3o da Associa\u00e7\u00e3o Beneficente de Rio Brilhante.<\/p>\n\n\n\n<p><em>\u201c Agrade\u00e7o ao nosso amigo Deputado Geraldo Resende, homem trabalhador, honesto e sempre preocupado com a sa\u00fade dos sul-mato-grossenses, tenho que com esse aporte do deputado em breve nossa popula\u00e7\u00e3o contar\u00e1 com novo espa\u00e7o para atendimento, proporcionando melhorias para os nossos pacientes\u201d disse o Presidente da C\u00e2mara vereador Paulo Cesar Alves PC.<\/em><\/p>\n\n\n\n<p>O Deputado Federal ainda realizou uma visita onde est\u00e3o sendo realizadas as obras de amplia\u00e7\u00e3o e reforma do Hospital Municipal.<\/p>\n\n\n\n<p>Participaram do encontro com o deputado os vereadores Paulo Cesar, Gamarra, Wandressa, Rose, vice-prefeita Juraci e tamb\u00e9m o prefeito Lucas Foroni.<\/p>\n\n\n<div class=\"wp-block-image\">\n<figure class=\"aligncenter size-full\"><a href=\"https:\/\/www.instagram.com\/pauloalves.alves.5811\/?next=%2F\"><img fetchpriority=\"high\" decoding=\"async\" width=\"392\" height=\"216\" src=\"https:\/\/msconectado.com.br\/wp-content\/uploads\/2023\/01\/257b401f-df2d-4cec-9971-9ff083239982-1.jpg\" alt=\"\" class=\"wp-image-17670\" srcset=\"https:\/\/msconectado.com.br\/wp-content\/uploads\/2023\/01\/257b401f-df2d-4cec-9971-9ff083239982-1.jpg 392w, https:\/\/msconectado.com.br\/wp-content\/uploads\/2023\/01\/257b401f-df2d-4cec-9971-9ff083239982-1-300x165.jpg 300w\" sizes=\"(max-width: 392px) 100vw, 392px\" \/><\/a><\/figure>\n<\/div>\n\n\n<p>Reda\u00e7\u00e3o<\/p>\n\n\n\n<p>Fotos: Divulga\u00e7\u00e3o <\/p>\n\n\n<div class=\"wp-block-image\">\n<figure class=\"aligncenter size-full\"><a href=\"https:\/\/www.sicredi.com.br\/coop\/pantanalms\/\"><img decoding=\"async\" width=\"900\" height=\"100\" src=\"https:\/\/msconectado.com.br\/wp-content\/uploads\/2023\/01\/MS_Concetado.png\" alt=\"\" class=\"wp-image-17625\" srcset=\"https:\/\/msconectado.com.br\/wp-content\/uploads\/2023\/01\/MS_Concetado.png 900w, https:\/\/msconectado.com.br\/wp-content\/uploads\/2023\/01\/MS_Concetado-300x33.png 300w, https:\/\/msconectado.com.br\/wp-content\/uploads\/2023\/01\/MS_Concetado-768x85.png 768w\" sizes=\"(max-width: 900px) 100vw, 900px\" \/><\/a><\/figure>\n<\/div>","protected":false},"excerpt":{"rendered":"<p>Com apoio do Deputado Federal Geraldo Resende, Sa\u00fade de Rio Brilhante avan\u00e7a em passos largos. Saiba mais. Nesta ter\u00e7a \u2013 feira (24), os vereadores da C\u00e2mara Municipal de Rio Brilhante receberam a visita do Deputado Federal Geraldo Resende, em pauta os vereadores apresentaram as principais demandas e agradeceram o apoio do deputado na reforma e [&hellip;]<\/p>\n","protected":false},"author":2,"featured_media":17671,"comment_status":"open","ping_status":"closed","sticky":false,"template":"","format":"standard","meta":{"footnotes":""},"categories":[35,33],"tags":[],"class_list":["post-17669","post","type-post","status-publish","format-standard","has-post-thumbnail","hentry","category-cidades","category-politica"],"yoast_head":"<!-- This site is optimized with the Yoast SEO plugin v27.5 - https:\/\/yoast.com\/product\/yoast-seo-wordpress\/ -->\n<title>Com apoio do Deputado Federal Geraldo Resende, Sa\u00fade de Rio Brilhante avan\u00e7a em passos largos. Saiba mais. - MsConectado<\/title>\n<meta name=\"robots\" content=\"index, follow, max-snippet:-1, max-image-preview:large, max-video-preview:-1\" \/>\n<link rel=\"canonical\" href=\"https:\/\/msconectado.com.br\/?p=17669\" \/>\n<meta property=\"og:locale\" content=\"pt_BR\" \/>\n<meta property=\"og:type\" content=\"article\" \/>\n<meta property=\"og:title\" content=\"Com apoio do Deputado Federal Geraldo Resende, Sa\u00fade de Rio Brilhante avan\u00e7a em passos largos. Saiba mais. - MsConectado\" \/>\n<meta property=\"og:description\" content=\"Com apoio do Deputado Federal Geraldo Resende, Sa\u00fade de Rio Brilhante avan\u00e7a em passos largos. Saiba mais. Nesta ter\u00e7a \u2013 feira (24), os vereadores da C\u00e2mara Municipal de Rio Brilhante receberam a visita do Deputado Federal Geraldo Resende, em pauta os vereadores apresentaram as principais demandas e agradeceram o apoio do deputado na reforma e [&hellip;]\" \/>\n<meta property=\"og:url\" content=\"https:\/\/msconectado.com.br\/?p=17669\" \/>\n<meta property=\"og:site_name\" content=\"MsConectado\" \/>\n<meta property=\"article:published_time\" content=\"2023-01-25T00:49:51+00:00\" \/>\n<meta property=\"article:modified_time\" content=\"2023-01-25T00:52:01+00:00\" \/>\n<meta property=\"og:image\" content=\"https:\/\/msconectado.com.br\/wp-content\/uploads\/2023\/01\/pc1-1.jpg\" \/>\n\t<meta property=\"og:image:width\" content=\"901\" \/>\n\t<meta property=\"og:image:height\" content=\"619\" \/>\n\t<meta property=\"og:image:type\" content=\"image\/jpeg\" \/>\n<meta name=\"author\" content=\"MsConectado\" \/>\n<meta name=\"twitter:card\" content=\"summary_large_image\" \/>\n<meta name=\"twitter:label1\" content=\"Escrito por\" \/>\n\t<meta name=\"twitter:data1\" content=\"MsConectado\" \/>\n\t<meta name=\"twitter:label2\" content=\"Est. tempo de leitura\" \/>\n\t<meta name=\"twitter:data2\" content=\"2 minutos\" \/>\n<script type=\"application\/ld+json\" class=\"yoast-schema-graph\">{\"@context\":\"https:\\\/\\\/schema.org\",\"@graph\":[{\"@type\":\"Article\",\"@id\":\"https:\\\/\\\/msconectado.com.br\\\/?p=17669#article\",\"isPartOf\":{\"@id\":\"https:\\\/\\\/msconectado.com.br\\\/?p=17669\"},\"author\":{\"name\":\"MsConectado\",\"@id\":\"https:\\\/\\\/msconectado.com.br\\\/#\\\/schema\\\/person\\\/e5585545b5687092f1041d350b6e2c16\"},\"headline\":\"Com apoio do Deputado Federal Geraldo Resende, Sa\u00fade de Rio Brilhante avan\u00e7a em passos largos. Saiba mais.\",\"datePublished\":\"2023-01-25T00:49:51+00:00\",\"dateModified\":\"2023-01-25T00:52:01+00:00\",\"mainEntityOfPage\":{\"@id\":\"https:\\\/\\\/msconectado.com.br\\\/?p=17669\"},\"wordCount\":190,\"commentCount\":0,\"publisher\":{\"@id\":\"https:\\\/\\\/msconectado.com.br\\\/#organization\"},\"image\":{\"@id\":\"https:\\\/\\\/msconectado.com.br\\\/?p=17669#primaryimage\"},\"thumbnailUrl\":\"https:\\\/\\\/msconectado.com.br\\\/wp-content\\\/uploads\\\/2023\\\/01\\\/pc1-1.jpg\",\"articleSection\":[\"Cidades\",\"Pol\u00edtica\"],\"inLanguage\":\"pt-BR\",\"potentialAction\":[{\"@type\":\"CommentAction\",\"name\":\"Comment\",\"target\":[\"https:\\\/\\\/msconectado.com.br\\\/?p=17669#respond\"]}]},{\"@type\":\"WebPage\",\"@id\":\"https:\\\/\\\/msconectado.com.br\\\/?p=17669\",\"url\":\"https:\\\/\\\/msconectado.com.br\\\/?p=17669\",\"name\":\"Com apoio do Deputado Federal Geraldo Resende, Sa\u00fade de Rio Brilhante avan\u00e7a em passos largos. Saiba mais. - MsConectado\",\"isPartOf\":{\"@id\":\"https:\\\/\\\/msconectado.com.br\\\/#website\"},\"primaryImageOfPage\":{\"@id\":\"https:\\\/\\\/msconectado.com.br\\\/?p=17669#primaryimage\"},\"image\":{\"@id\":\"https:\\\/\\\/msconectado.com.br\\\/?p=17669#primaryimage\"},\"thumbnailUrl\":\"https:\\\/\\\/msconectado.com.br\\\/wp-content\\\/uploads\\\/2023\\\/01\\\/pc1-1.jpg\",\"datePublished\":\"2023-01-25T00:49:51+00:00\",\"dateModified\":\"2023-01-25T00:52:01+00:00\",\"breadcrumb\":{\"@id\":\"https:\\\/\\\/msconectado.com.br\\\/?p=17669#breadcrumb\"},\"inLanguage\":\"pt-BR\",\"potentialAction\":[{\"@type\":\"ReadAction\",\"target\":[\"https:\\\/\\\/msconectado.com.br\\\/?p=17669\"]}]},{\"@type\":\"ImageObject\",\"inLanguage\":\"pt-BR\",\"@id\":\"https:\\\/\\\/msconectado.com.br\\\/?p=17669#primaryimage\",\"url\":\"https:\\\/\\\/msconectado.com.br\\\/wp-content\\\/uploads\\\/2023\\\/01\\\/pc1-1.jpg\",\"contentUrl\":\"https:\\\/\\\/msconectado.com.br\\\/wp-content\\\/uploads\\\/2023\\\/01\\\/pc1-1.jpg\",\"width\":901,\"height\":619},{\"@type\":\"BreadcrumbList\",\"@id\":\"https:\\\/\\\/msconectado.com.br\\\/?p=17669#breadcrumb\",\"itemListElement\":[{\"@type\":\"ListItem\",\"position\":1,\"name\":\"In\u00edcio\",\"item\":\"https:\\\/\\\/msconectado.com.br\\\/\"},{\"@type\":\"ListItem\",\"position\":2,\"name\":\"Com apoio do Deputado Federal Geraldo Resende, Sa\u00fade de Rio Brilhante avan\u00e7a em passos largos. Saiba mais.\"}]},{\"@type\":\"WebSite\",\"@id\":\"https:\\\/\\\/msconectado.com.br\\\/#website\",\"url\":\"https:\\\/\\\/msconectado.com.br\\\/\",\"name\":\"MsConectado\",\"description\":\"Voc\u00ea Conectado com a Not\u00edcia!\",\"publisher\":{\"@id\":\"https:\\\/\\\/msconectado.com.br\\\/#organization\"},\"potentialAction\":[{\"@type\":\"SearchAction\",\"target\":{\"@type\":\"EntryPoint\",\"urlTemplate\":\"https:\\\/\\\/msconectado.com.br\\\/?s={search_term_string}\"},\"query-input\":{\"@type\":\"PropertyValueSpecification\",\"valueRequired\":true,\"valueName\":\"search_term_string\"}}],\"inLanguage\":\"pt-BR\"},{\"@type\":\"Organization\",\"@id\":\"https:\\\/\\\/msconectado.com.br\\\/#organization\",\"name\":\"MsConectado\",\"url\":\"https:\\\/\\\/msconectado.com.br\\\/\",\"logo\":{\"@type\":\"ImageObject\",\"inLanguage\":\"pt-BR\",\"@id\":\"https:\\\/\\\/msconectado.com.br\\\/#\\\/schema\\\/logo\\\/image\\\/\",\"url\":\"https:\\\/\\\/msconectado.com.br\\\/wp-content\\\/uploads\\\/2023\\\/01\\\/cropped-noticia-2.png\",\"contentUrl\":\"https:\\\/\\\/msconectado.com.br\\\/wp-content\\\/uploads\\\/2023\\\/01\\\/cropped-noticia-2.png\",\"width\":720,\"height\":157,\"caption\":\"MsConectado\"},\"image\":{\"@id\":\"https:\\\/\\\/msconectado.com.br\\\/#\\\/schema\\\/logo\\\/image\\\/\"}},{\"@type\":\"Person\",\"@id\":\"https:\\\/\\\/msconectado.com.br\\\/#\\\/schema\\\/person\\\/e5585545b5687092f1041d350b6e2c16\",\"name\":\"MsConectado\",\"image\":{\"@type\":\"ImageObject\",\"inLanguage\":\"pt-BR\",\"@id\":\"https:\\\/\\\/secure.gravatar.com\\\/avatar\\\/3b4f84a0a8a4380ac4431fa79981d073692380c5da00ae97596e794ab0db5c8c?s=96&d=mm&r=g\",\"url\":\"https:\\\/\\\/secure.gravatar.com\\\/avatar\\\/3b4f84a0a8a4380ac4431fa79981d073692380c5da00ae97596e794ab0db5c8c?s=96&d=mm&r=g\",\"contentUrl\":\"https:\\\/\\\/secure.gravatar.com\\\/avatar\\\/3b4f84a0a8a4380ac4431fa79981d073692380c5da00ae97596e794ab0db5c8c?s=96&d=mm&r=g\",\"caption\":\"MsConectado\"},\"url\":\"https:\\\/\\\/msconectado.com.br\\\/?author=2\"}]}<\/script>\n<!-- \/ Yoast SEO plugin. -->","yoast_head_json":{"title":"Com apoio do Deputado Federal Geraldo Resende, Sa\u00fade de Rio Brilhante avan\u00e7a em passos largos. Saiba mais. - MsConectado","robots":{"index":"index","follow":"follow","max-snippet":"max-snippet:-1","max-image-preview":"max-image-preview:large","max-video-preview":"max-video-preview:-1"},"canonical":"https:\/\/msconectado.com.br\/?p=17669","og_locale":"pt_BR","og_type":"article","og_title":"Com apoio do Deputado Federal Geraldo Resende, Sa\u00fade de Rio Brilhante avan\u00e7a em passos largos. Saiba mais. - MsConectado","og_description":"Com apoio do Deputado Federal Geraldo Resende, Sa\u00fade de Rio Brilhante avan\u00e7a em passos largos. Saiba mais. Nesta ter\u00e7a \u2013 feira (24), os vereadores da C\u00e2mara Municipal de Rio Brilhante receberam a visita do Deputado Federal Geraldo Resende, em pauta os vereadores apresentaram as principais demandas e agradeceram o apoio do deputado na reforma e [&hellip;]","og_url":"https:\/\/msconectado.com.br\/?p=17669","og_site_name":"MsConectado","article_published_time":"2023-01-25T00:49:51+00:00","article_modified_time":"2023-01-25T00:52:01+00:00","og_image":[{"width":901,"height":619,"url":"https:\/\/msconectado.com.br\/wp-content\/uploads\/2023\/01\/pc1-1.jpg","type":"image\/jpeg"}],"author":"MsConectado","twitter_card":"summary_large_image","twitter_misc":{"Escrito por":"MsConectado","Est. tempo de leitura":"2 minutos"},"schema":{"@context":"https:\/\/schema.org","@graph":[{"@type":"Article","@id":"https:\/\/msconectado.com.br\/?p=17669#article","isPartOf":{"@id":"https:\/\/msconectado.com.br\/?p=17669"},"author":{"name":"MsConectado","@id":"https:\/\/msconectado.com.br\/#\/schema\/person\/e5585545b5687092f1041d350b6e2c16"},"headline":"Com apoio do Deputado Federal Geraldo Resende, Sa\u00fade de Rio Brilhante avan\u00e7a em passos largos. Saiba mais.","datePublished":"2023-01-25T00:49:51+00:00","dateModified":"2023-01-25T00:52:01+00:00","mainEntityOfPage":{"@id":"https:\/\/msconectado.com.br\/?p=17669"},"wordCount":190,"commentCount":0,"publisher":{"@id":"https:\/\/msconectado.com.br\/#organization"},"image":{"@id":"https:\/\/msconectado.com.br\/?p=17669#primaryimage"},"thumbnailUrl":"https:\/\/msconectado.com.br\/wp-content\/uploads\/2023\/01\/pc1-1.jpg","articleSection":["Cidades","Pol\u00edtica"],"inLanguage":"pt-BR","potentialAction":[{"@type":"CommentAction","name":"Comment","target":["https:\/\/msconectado.com.br\/?p=17669#respond"]}]},{"@type":"WebPage","@id":"https:\/\/msconectado.com.br\/?p=17669","url":"https:\/\/msconectado.com.br\/?p=17669","name":"Com apoio do Deputado Federal Geraldo Resende, Sa\u00fade de Rio Brilhante avan\u00e7a em passos largos. Saiba mais. - MsConectado","isPartOf":{"@id":"https:\/\/msconectado.com.br\/#website"},"primaryImageOfPage":{"@id":"https:\/\/msconectado.com.br\/?p=17669#primaryimage"},"image":{"@id":"https:\/\/msconectado.com.br\/?p=17669#primaryimage"},"thumbnailUrl":"https:\/\/msconectado.com.br\/wp-content\/uploads\/2023\/01\/pc1-1.jpg","datePublished":"2023-01-25T00:49:51+00:00","dateModified":"2023-01-25T00:52:01+00:00","breadcrumb":{"@id":"https:\/\/msconectado.com.br\/?p=17669#breadcrumb"},"inLanguage":"pt-BR","potentialAction":[{"@type":"ReadAction","target":["https:\/\/msconectado.com.br\/?p=17669"]}]},{"@type":"ImageObject","inLanguage":"pt-BR","@id":"https:\/\/msconectado.com.br\/?p=17669#primaryimage","url":"https:\/\/msconectado.com.br\/wp-content\/uploads\/2023\/01\/pc1-1.jpg","contentUrl":"https:\/\/msconectado.com.br\/wp-content\/uploads\/2023\/01\/pc1-1.jpg","width":901,"height":619},{"@type":"BreadcrumbList","@id":"https:\/\/msconectado.com.br\/?p=17669#breadcrumb","itemListElement":[{"@type":"ListItem","position":1,"name":"In\u00edcio","item":"https:\/\/msconectado.com.br\/"},{"@type":"ListItem","position":2,"name":"Com apoio do Deputado Federal Geraldo Resende, Sa\u00fade de Rio Brilhante avan\u00e7a em passos largos. Saiba mais."}]},{"@type":"WebSite","@id":"https:\/\/msconectado.com.br\/#website","url":"https:\/\/msconectado.com.br\/","name":"MsConectado","description":"Voc\u00ea Conectado com a Not\u00edcia!","publisher":{"@id":"https:\/\/msconectado.com.br\/#organization"},"potentialAction":[{"@type":"SearchAction","target":{"@type":"EntryPoint","urlTemplate":"https:\/\/msconectado.com.br\/?s={search_term_string}"},"query-input":{"@type":"PropertyValueSpecification","valueRequired":true,"valueName":"search_term_string"}}],"inLanguage":"pt-BR"},{"@type":"Organization","@id":"https:\/\/msconectado.com.br\/#organization","name":"MsConectado","url":"https:\/\/msconectado.com.br\/","logo":{"@type":"ImageObject","inLanguage":"pt-BR","@id":"https:\/\/msconectado.com.br\/#\/schema\/logo\/image\/","url":"https:\/\/msconectado.com.br\/wp-content\/uploads\/2023\/01\/cropped-noticia-2.png","contentUrl":"https:\/\/msconectado.com.br\/wp-content\/uploads\/2023\/01\/cropped-noticia-2.png","width":720,"height":157,"caption":"MsConectado"},"image":{"@id":"https:\/\/msconectado.com.br\/#\/schema\/logo\/image\/"}},{"@type":"Person","@id":"https:\/\/msconectado.com.br\/#\/schema\/person\/e5585545b5687092f1041d350b6e2c16","name":"MsConectado","image":{"@type":"ImageObject","inLanguage":"pt-BR","@id":"https:\/\/secure.gravatar.com\/avatar\/3b4f84a0a8a4380ac4431fa79981d073692380c5da00ae97596e794ab0db5c8c?s=96&d=mm&r=g","url":"https:\/\/secure.gravatar.com\/avatar\/3b4f84a0a8a4380ac4431fa79981d073692380c5da00ae97596e794ab0db5c8c?s=96&d=mm&r=g","contentUrl":"https:\/\/secure.gravatar.com\/avatar\/3b4f84a0a8a4380ac4431fa79981d073692380c5da00ae97596e794ab0db5c8c?s=96&d=mm&r=g","caption":"MsConectado"},"url":"https:\/\/msconectado.com.br\/?author=2"}]}},"_links":{"self":[{"href":"https:\/\/msconectado.com.br\/index.php?rest_route=\/wp\/v2\/posts\/17669","targetHints":{"allow":["GET"]}}],"collection":[{"href":"https:\/\/msconectado.com.br\/index.php?rest_route=\/wp\/v2\/posts"}],"about":[{"href":"https:\/\/msconectado.com.br\/index.php?rest_route=\/wp\/v2\/types\/post"}],"author":[{"embeddable":true,"href":"https:\/\/msconectado.com.br\/index.php?rest_route=\/wp\/v2\/users\/2"}],"replies":[{"embeddable":true,"href":"https:\/\/msconectado.com.br\/index.php?rest_route=%2Fwp%2Fv2%2Fcomments&post=17669"}],"version-history":[{"count":2,"href":"https:\/\/msconectado.com.br\/index.php?rest_route=\/wp\/v2\/posts\/17669\/revisions"}],"predecessor-version":[{"id":17673,"href":"https:\/\/msconectado.com.br\/index.php?rest_route=\/wp\/v2\/posts\/17669\/revisions\/17673"}],"wp:featuredmedia":[{"embeddable":true,"href":"https:\/\/msconectado.com.br\/index.php?rest_route=\/wp\/v2\/media\/17671"}],"wp:attachment":[{"href":"https:\/\/msconectado.com.br\/index.php?rest_route=%2Fwp%2Fv2%2Fmedia&parent=17669"}],"wp:term":[{"taxonomy":"category","embeddable":true,"href":"https:\/\/msconectado.com.br\/index.php?rest_route=%2Fwp%2Fv2%2Fcategories&post=17669"},{"taxonomy":"post_tag","embeddable":true,"href":"https:\/\/msconectado.com.br\/index.php?rest_route=%2Fwp%2Fv2%2Ftags&post=17669"}],"curies":[{"name":"wp","href":"https:\/\/api.w.org\/{rel}","templated":true}]}}