{"id":17681,"date":"2023-01-25T12:46:27","date_gmt":"2023-01-25T12:46:27","guid":{"rendered":"https:\/\/msconectado.com.br\/?p=17681"},"modified":"2023-01-25T12:46:28","modified_gmt":"2023-01-25T12:46:28","slug":"deputados-tomam-posse-definem-mesa-diretora-e-iniciam-12a-legislatura-dias-1o-e-2","status":"publish","type":"post","link":"https:\/\/msconectado.com.br\/?p=17681","title":{"rendered":"Deputados tomam posse, definem Mesa Diretora e iniciam 12\u00aa Legislatura dias 1\u00ba e 2"},"content":{"rendered":"\n<p>A Assembleia Legislativa de Mato Grosso do Sul (ALEMS) abre as portas para a sess\u00e3o solene de posse dos deputados estaduais que ir\u00e3o compor a 12\u00aa Legislatura. O evento est\u00e1 marcado para a quarta-feira, 1\u00ba de fevereiro de 2023, \u00e0s 9h, no Plen\u00e1rio Deputado&nbsp;J\u00falio Maia, no Pal\u00e1cio Guaicurus, em Campo Grande.<\/p>\n\n\n\n<p>Seguindo os dispositivos do&nbsp;<a href=\"https:\/\/al.ms.gov.br\/upload\/Pdf\/2017_10_30_09_28_06_regimento_interno_27_10_2017.pdf\">Regimento Interno<\/a>, os deputados diplomados&nbsp;se reunir\u00e3o na sede da ALEMS em sess\u00e3o preparat\u00f3ria, independentemente de convoca\u00e7\u00e3o, para a solenidade de posse e tamb\u00e9m para a elei\u00e7\u00e3o da nova Mesa Diretora, que dirigir\u00e1 os trabalhos nas duas Sess\u00f5es Legislativas sequentes (2023 e 2024). &nbsp;<\/p>\n\n\n\n<p>Ser\u00e3o recolhidos os diplomas e tomado o compromisso legal de todos os deputados. A elei\u00e7\u00e3o da Mesa Diretora ser\u00e1 feita por vota\u00e7\u00e3o nominal e aberta, \u00e0(s) chapa(s) ou a&nbsp;candidatos individuais, que devem ser registrados at\u00e9 o in\u00edcio da sess\u00e3o. Um mesmo deputado poder\u00e1 figurar em mais de uma chapa apresentada, ou de forma individual ou avulsa, desde que concorrendo ao mesmo cargo eletivo \u2013 confira todos os detalhes no&nbsp;<a href=\"https:\/\/al.ms.gov.br\/upload\/Pdf\/2017_10_30_09_28_06_regimento_interno_27_10_2017.pdf\">Cap\u00edtulo II do Regimento Interno<\/a>.<\/p>\n\n\n\n<p><strong>Ano Legislativo<\/strong><\/p>\n\n\n\n<p>J\u00e1 no dia 2 de fevereiro, \u00e0s 9h, tamb\u00e9m na sede da ALEMS, ser\u00e1 realizada a sess\u00e3o solene de instala\u00e7\u00e3o da 1\u00aa Sess\u00e3o Legislativa (2023), com a presen\u00e7a do governador do Estado, Eduardo Riedel (PSDB), conforme prev\u00ea a&nbsp;<a href=\"http:\/\/aacpdappls.net.ms.gov.br\/appls\/legislacao\/secoge\/govato.nsf\/0a67c456bc566b8a04257e590063f1fd\/dfde24a4767ddcbf04257e4b006c0233?OpenDocument\">Constitui\u00e7\u00e3o Estadual<\/a>. Haver\u00e1&nbsp;o hasteamento das bandeiras e a leitura&nbsp;da mensagem do Poder Executivo aos demais Poderes e ao povo, pelo novo governador.&nbsp;<\/p>\n\n\n\n<p>A cobertura dos dois eventos ser\u00e1 feita\u00a0pela Secretaria de Comunica\u00e7\u00e3o Institucional (SCI) e transmitida\u00a0ao vivo por todos os canais oficiais &#8211;\u00a0<a href=\"https:\/\/al.ms.gov.br\/TvAssembleia\" target=\"_blank\" rel=\"noreferrer noopener\">TV ALEMS<\/a>,\u00a0<a href=\"https:\/\/al.ms.gov.br\/RadioAssembleia\/Audios?idMenu=601\" target=\"_blank\" rel=\"noreferrer noopener\">R\u00e1dio ALEMS<\/a>,\u00a0<a href=\"https:\/\/al.ms.gov.br\/\">Portal da ALEMS<\/a>\u00a0e m\u00eddias sociais da Casa de Leis, no\u00a0<a href=\"https:\/\/www.youtube.com\/c\/assembleialegislativadems\" target=\"_blank\" rel=\"noreferrer noopener\">Youtube<\/a>\u00a0e\u00a0<a href=\"https:\/\/www.facebook.com\/assembleiams\" target=\"_blank\" rel=\"noreferrer noopener\">Facebook<\/a>. O credenciamento da imprensa para o evento\u00a0<a href=\"https:\/\/al.ms.gov.br\/Noticias\/129154\/b-imprensa-b-alems-faz-credenciamento-para-solenidades-de-janeiro-e-fevereiro-de-2023\">foi feito no ano passado<\/a>. D\u00favidas podem ser enviadas para o email: e-mail\u00a0<a href=\"mailto:comunicacao@al.ms.gov.br\" target=\"_blank\" rel=\"noreferrer noopener\">comunicacao@al.ms.gov.br<\/a>.<\/p>\n\n\n\n<p><\/p>\n\n\n\n<p>Assessoria Alems<\/p>\n\n\n<div class=\"wp-block-image\">\n<figure class=\"aligncenter size-full\"><a href=\"https:\/\/www.sicredi.com.br\/coop\/pantanalms\/\"><img fetchpriority=\"high\" decoding=\"async\" width=\"900\" height=\"100\" src=\"https:\/\/msconectado.com.br\/wp-content\/uploads\/2023\/01\/MS_Concetado.png\" alt=\"\" class=\"wp-image-17625\" srcset=\"https:\/\/msconectado.com.br\/wp-content\/uploads\/2023\/01\/MS_Concetado.png 900w, https:\/\/msconectado.com.br\/wp-content\/uploads\/2023\/01\/MS_Concetado-300x33.png 300w, https:\/\/msconectado.com.br\/wp-content\/uploads\/2023\/01\/MS_Concetado-768x85.png 768w\" sizes=\"(max-width: 900px) 100vw, 900px\" \/><\/a><\/figure>\n<\/div>","protected":false},"excerpt":{"rendered":"<p>A Assembleia Legislativa de Mato Grosso do Sul (ALEMS) abre as portas para a sess\u00e3o solene de posse dos deputados estaduais que ir\u00e3o compor a 12\u00aa Legislatura. O evento est\u00e1 marcado para a quarta-feira, 1\u00ba de fevereiro de 2023, \u00e0s 9h, no Plen\u00e1rio Deputado&nbsp;J\u00falio Maia, no Pal\u00e1cio Guaicurus, em Campo Grande. Seguindo os dispositivos do&nbsp;Regimento [&hellip;]<\/p>\n","protected":false},"author":3,"featured_media":17682,"comment_status":"open","ping_status":"closed","sticky":false,"template":"","format":"standard","meta":{"footnotes":""},"categories":[38,35],"tags":[],"class_list":["post-17681","post","type-post","status-publish","format-standard","has-post-thumbnail","hentry","category-assembleia-legislativa","category-cidades"],"yoast_head":"<!-- This site is optimized with the Yoast SEO plugin v27.5 - https:\/\/yoast.com\/product\/yoast-seo-wordpress\/ -->\n<title>Deputados tomam posse, definem Mesa Diretora e iniciam 12\u00aa Legislatura dias 1\u00ba e 2 - MsConectado<\/title>\n<meta name=\"robots\" content=\"index, follow, max-snippet:-1, max-image-preview:large, max-video-preview:-1\" \/>\n<link rel=\"canonical\" href=\"https:\/\/msconectado.com.br\/?p=17681\" \/>\n<meta property=\"og:locale\" content=\"pt_BR\" \/>\n<meta property=\"og:type\" content=\"article\" \/>\n<meta property=\"og:title\" content=\"Deputados tomam posse, definem Mesa Diretora e iniciam 12\u00aa Legislatura dias 1\u00ba e 2 - MsConectado\" \/>\n<meta property=\"og:description\" content=\"A Assembleia Legislativa de Mato Grosso do Sul (ALEMS) abre as portas para a sess\u00e3o solene de posse dos deputados estaduais que ir\u00e3o compor a 12\u00aa Legislatura. O evento est\u00e1 marcado para a quarta-feira, 1\u00ba de fevereiro de 2023, \u00e0s 9h, no Plen\u00e1rio Deputado&nbsp;J\u00falio Maia, no Pal\u00e1cio Guaicurus, em Campo Grande. Seguindo os dispositivos do&nbsp;Regimento [&hellip;]\" \/>\n<meta property=\"og:url\" content=\"https:\/\/msconectado.com.br\/?p=17681\" \/>\n<meta property=\"og:site_name\" content=\"MsConectado\" \/>\n<meta property=\"article:published_time\" content=\"2023-01-25T12:46:27+00:00\" \/>\n<meta property=\"article:modified_time\" content=\"2023-01-25T12:46:28+00:00\" \/>\n<meta property=\"og:image\" content=\"https:\/\/msconectado.com.br\/wp-content\/uploads\/2023\/01\/2022_12_13_08_03_53_a4c1178a-6ed1-4b94-a1de-0d3da0361f8b.jpg\" \/>\n\t<meta property=\"og:image:width\" content=\"740\" \/>\n\t<meta property=\"og:image:height\" content=\"493\" \/>\n\t<meta property=\"og:image:type\" content=\"image\/jpeg\" \/>\n<meta name=\"author\" content=\"Jeferson\" \/>\n<meta name=\"twitter:card\" content=\"summary_large_image\" \/>\n<meta name=\"twitter:label1\" content=\"Escrito por\" \/>\n\t<meta name=\"twitter:data1\" content=\"Jeferson\" \/>\n\t<meta name=\"twitter:label2\" content=\"Est. tempo de leitura\" \/>\n\t<meta name=\"twitter:data2\" content=\"2 minutos\" \/>\n<script type=\"application\/ld+json\" class=\"yoast-schema-graph\">{\"@context\":\"https:\\\/\\\/schema.org\",\"@graph\":[{\"@type\":\"Article\",\"@id\":\"https:\\\/\\\/msconectado.com.br\\\/?p=17681#article\",\"isPartOf\":{\"@id\":\"https:\\\/\\\/msconectado.com.br\\\/?p=17681\"},\"author\":{\"name\":\"Jeferson\",\"@id\":\"https:\\\/\\\/msconectado.com.br\\\/#\\\/schema\\\/person\\\/feb123a95a93eebea36f0ed6a2e5ba48\"},\"headline\":\"Deputados tomam posse, definem Mesa Diretora e iniciam 12\u00aa Legislatura dias 1\u00ba e 2\",\"datePublished\":\"2023-01-25T12:46:27+00:00\",\"dateModified\":\"2023-01-25T12:46:28+00:00\",\"mainEntityOfPage\":{\"@id\":\"https:\\\/\\\/msconectado.com.br\\\/?p=17681\"},\"wordCount\":347,\"commentCount\":0,\"publisher\":{\"@id\":\"https:\\\/\\\/msconectado.com.br\\\/#organization\"},\"image\":{\"@id\":\"https:\\\/\\\/msconectado.com.br\\\/?p=17681#primaryimage\"},\"thumbnailUrl\":\"https:\\\/\\\/msconectado.com.br\\\/wp-content\\\/uploads\\\/2023\\\/01\\\/2022_12_13_08_03_53_a4c1178a-6ed1-4b94-a1de-0d3da0361f8b.jpg\",\"articleSection\":[\"Assembleia Legislativa\",\"Cidades\"],\"inLanguage\":\"pt-BR\",\"potentialAction\":[{\"@type\":\"CommentAction\",\"name\":\"Comment\",\"target\":[\"https:\\\/\\\/msconectado.com.br\\\/?p=17681#respond\"]}]},{\"@type\":\"WebPage\",\"@id\":\"https:\\\/\\\/msconectado.com.br\\\/?p=17681\",\"url\":\"https:\\\/\\\/msconectado.com.br\\\/?p=17681\",\"name\":\"Deputados tomam posse, definem Mesa Diretora e iniciam 12\u00aa Legislatura dias 1\u00ba e 2 - MsConectado\",\"isPartOf\":{\"@id\":\"https:\\\/\\\/msconectado.com.br\\\/#website\"},\"primaryImageOfPage\":{\"@id\":\"https:\\\/\\\/msconectado.com.br\\\/?p=17681#primaryimage\"},\"image\":{\"@id\":\"https:\\\/\\\/msconectado.com.br\\\/?p=17681#primaryimage\"},\"thumbnailUrl\":\"https:\\\/\\\/msconectado.com.br\\\/wp-content\\\/uploads\\\/2023\\\/01\\\/2022_12_13_08_03_53_a4c1178a-6ed1-4b94-a1de-0d3da0361f8b.jpg\",\"datePublished\":\"2023-01-25T12:46:27+00:00\",\"dateModified\":\"2023-01-25T12:46:28+00:00\",\"breadcrumb\":{\"@id\":\"https:\\\/\\\/msconectado.com.br\\\/?p=17681#breadcrumb\"},\"inLanguage\":\"pt-BR\",\"potentialAction\":[{\"@type\":\"ReadAction\",\"target\":[\"https:\\\/\\\/msconectado.com.br\\\/?p=17681\"]}]},{\"@type\":\"ImageObject\",\"inLanguage\":\"pt-BR\",\"@id\":\"https:\\\/\\\/msconectado.com.br\\\/?p=17681#primaryimage\",\"url\":\"https:\\\/\\\/msconectado.com.br\\\/wp-content\\\/uploads\\\/2023\\\/01\\\/2022_12_13_08_03_53_a4c1178a-6ed1-4b94-a1de-0d3da0361f8b.jpg\",\"contentUrl\":\"https:\\\/\\\/msconectado.com.br\\\/wp-content\\\/uploads\\\/2023\\\/01\\\/2022_12_13_08_03_53_a4c1178a-6ed1-4b94-a1de-0d3da0361f8b.jpg\",\"width\":740,\"height\":493},{\"@type\":\"BreadcrumbList\",\"@id\":\"https:\\\/\\\/msconectado.com.br\\\/?p=17681#breadcrumb\",\"itemListElement\":[{\"@type\":\"ListItem\",\"position\":1,\"name\":\"In\u00edcio\",\"item\":\"https:\\\/\\\/msconectado.com.br\\\/?page_id=105\"},{\"@type\":\"ListItem\",\"position\":2,\"name\":\"Deputados tomam posse, definem Mesa Diretora e iniciam 12\u00aa Legislatura dias 1\u00ba e 2\"}]},{\"@type\":\"WebSite\",\"@id\":\"https:\\\/\\\/msconectado.com.br\\\/#website\",\"url\":\"https:\\\/\\\/msconectado.com.br\\\/\",\"name\":\"MsConectado\",\"description\":\"Voc\u00ea Conectado com a Not\u00edcia!\",\"publisher\":{\"@id\":\"https:\\\/\\\/msconectado.com.br\\\/#organization\"},\"potentialAction\":[{\"@type\":\"SearchAction\",\"target\":{\"@type\":\"EntryPoint\",\"urlTemplate\":\"https:\\\/\\\/msconectado.com.br\\\/?s={search_term_string}\"},\"query-input\":{\"@type\":\"PropertyValueSpecification\",\"valueRequired\":true,\"valueName\":\"search_term_string\"}}],\"inLanguage\":\"pt-BR\"},{\"@type\":\"Organization\",\"@id\":\"https:\\\/\\\/msconectado.com.br\\\/#organization\",\"name\":\"MsConectado\",\"url\":\"https:\\\/\\\/msconectado.com.br\\\/\",\"logo\":{\"@type\":\"ImageObject\",\"inLanguage\":\"pt-BR\",\"@id\":\"https:\\\/\\\/msconectado.com.br\\\/#\\\/schema\\\/logo\\\/image\\\/\",\"url\":\"https:\\\/\\\/msconectado.com.br\\\/wp-content\\\/uploads\\\/2023\\\/01\\\/cropped-noticia-2.png\",\"contentUrl\":\"https:\\\/\\\/msconectado.com.br\\\/wp-content\\\/uploads\\\/2023\\\/01\\\/cropped-noticia-2.png\",\"width\":720,\"height\":157,\"caption\":\"MsConectado\"},\"image\":{\"@id\":\"https:\\\/\\\/msconectado.com.br\\\/#\\\/schema\\\/logo\\\/image\\\/\"}},{\"@type\":\"Person\",\"@id\":\"https:\\\/\\\/msconectado.com.br\\\/#\\\/schema\\\/person\\\/feb123a95a93eebea36f0ed6a2e5ba48\",\"name\":\"Jeferson\",\"image\":{\"@type\":\"ImageObject\",\"inLanguage\":\"pt-BR\",\"@id\":\"https:\\\/\\\/secure.gravatar.com\\\/avatar\\\/e23e8901c88f0cdc0ad479ef7a39bf3e4c806344549c087c00b721a65549a328?s=96&d=mm&r=g\",\"url\":\"https:\\\/\\\/secure.gravatar.com\\\/avatar\\\/e23e8901c88f0cdc0ad479ef7a39bf3e4c806344549c087c00b721a65549a328?s=96&d=mm&r=g\",\"contentUrl\":\"https:\\\/\\\/secure.gravatar.com\\\/avatar\\\/e23e8901c88f0cdc0ad479ef7a39bf3e4c806344549c087c00b721a65549a328?s=96&d=mm&r=g\",\"caption\":\"Jeferson\"},\"url\":\"https:\\\/\\\/msconectado.com.br\\\/?author=3\"}]}<\/script>\n<!-- \/ Yoast SEO plugin. -->","yoast_head_json":{"title":"Deputados tomam posse, definem Mesa Diretora e iniciam 12\u00aa Legislatura dias 1\u00ba e 2 - MsConectado","robots":{"index":"index","follow":"follow","max-snippet":"max-snippet:-1","max-image-preview":"max-image-preview:large","max-video-preview":"max-video-preview:-1"},"canonical":"https:\/\/msconectado.com.br\/?p=17681","og_locale":"pt_BR","og_type":"article","og_title":"Deputados tomam posse, definem Mesa Diretora e iniciam 12\u00aa Legislatura dias 1\u00ba e 2 - MsConectado","og_description":"A Assembleia Legislativa de Mato Grosso do Sul (ALEMS) abre as portas para a sess\u00e3o solene de posse dos deputados estaduais que ir\u00e3o compor a 12\u00aa Legislatura. O evento est\u00e1 marcado para a quarta-feira, 1\u00ba de fevereiro de 2023, \u00e0s 9h, no Plen\u00e1rio Deputado&nbsp;J\u00falio Maia, no Pal\u00e1cio Guaicurus, em Campo Grande. Seguindo os dispositivos do&nbsp;Regimento [&hellip;]","og_url":"https:\/\/msconectado.com.br\/?p=17681","og_site_name":"MsConectado","article_published_time":"2023-01-25T12:46:27+00:00","article_modified_time":"2023-01-25T12:46:28+00:00","og_image":[{"width":740,"height":493,"url":"https:\/\/msconectado.com.br\/wp-content\/uploads\/2023\/01\/2022_12_13_08_03_53_a4c1178a-6ed1-4b94-a1de-0d3da0361f8b.jpg","type":"image\/jpeg"}],"author":"Jeferson","twitter_card":"summary_large_image","twitter_misc":{"Escrito por":"Jeferson","Est. tempo de leitura":"2 minutos"},"schema":{"@context":"https:\/\/schema.org","@graph":[{"@type":"Article","@id":"https:\/\/msconectado.com.br\/?p=17681#article","isPartOf":{"@id":"https:\/\/msconectado.com.br\/?p=17681"},"author":{"name":"Jeferson","@id":"https:\/\/msconectado.com.br\/#\/schema\/person\/feb123a95a93eebea36f0ed6a2e5ba48"},"headline":"Deputados tomam posse, definem Mesa Diretora e iniciam 12\u00aa Legislatura dias 1\u00ba e 2","datePublished":"2023-01-25T12:46:27+00:00","dateModified":"2023-01-25T12:46:28+00:00","mainEntityOfPage":{"@id":"https:\/\/msconectado.com.br\/?p=17681"},"wordCount":347,"commentCount":0,"publisher":{"@id":"https:\/\/msconectado.com.br\/#organization"},"image":{"@id":"https:\/\/msconectado.com.br\/?p=17681#primaryimage"},"thumbnailUrl":"https:\/\/msconectado.com.br\/wp-content\/uploads\/2023\/01\/2022_12_13_08_03_53_a4c1178a-6ed1-4b94-a1de-0d3da0361f8b.jpg","articleSection":["Assembleia Legislativa","Cidades"],"inLanguage":"pt-BR","potentialAction":[{"@type":"CommentAction","name":"Comment","target":["https:\/\/msconectado.com.br\/?p=17681#respond"]}]},{"@type":"WebPage","@id":"https:\/\/msconectado.com.br\/?p=17681","url":"https:\/\/msconectado.com.br\/?p=17681","name":"Deputados tomam posse, definem Mesa Diretora e iniciam 12\u00aa Legislatura dias 1\u00ba e 2 - MsConectado","isPartOf":{"@id":"https:\/\/msconectado.com.br\/#website"},"primaryImageOfPage":{"@id":"https:\/\/msconectado.com.br\/?p=17681#primaryimage"},"image":{"@id":"https:\/\/msconectado.com.br\/?p=17681#primaryimage"},"thumbnailUrl":"https:\/\/msconectado.com.br\/wp-content\/uploads\/2023\/01\/2022_12_13_08_03_53_a4c1178a-6ed1-4b94-a1de-0d3da0361f8b.jpg","datePublished":"2023-01-25T12:46:27+00:00","dateModified":"2023-01-25T12:46:28+00:00","breadcrumb":{"@id":"https:\/\/msconectado.com.br\/?p=17681#breadcrumb"},"inLanguage":"pt-BR","potentialAction":[{"@type":"ReadAction","target":["https:\/\/msconectado.com.br\/?p=17681"]}]},{"@type":"ImageObject","inLanguage":"pt-BR","@id":"https:\/\/msconectado.com.br\/?p=17681#primaryimage","url":"https:\/\/msconectado.com.br\/wp-content\/uploads\/2023\/01\/2022_12_13_08_03_53_a4c1178a-6ed1-4b94-a1de-0d3da0361f8b.jpg","contentUrl":"https:\/\/msconectado.com.br\/wp-content\/uploads\/2023\/01\/2022_12_13_08_03_53_a4c1178a-6ed1-4b94-a1de-0d3da0361f8b.jpg","width":740,"height":493},{"@type":"BreadcrumbList","@id":"https:\/\/msconectado.com.br\/?p=17681#breadcrumb","itemListElement":[{"@type":"ListItem","position":1,"name":"In\u00edcio","item":"https:\/\/msconectado.com.br\/?page_id=105"},{"@type":"ListItem","position":2,"name":"Deputados tomam posse, definem Mesa Diretora e iniciam 12\u00aa Legislatura dias 1\u00ba e 2"}]},{"@type":"WebSite","@id":"https:\/\/msconectado.com.br\/#website","url":"https:\/\/msconectado.com.br\/","name":"MsConectado","description":"Voc\u00ea Conectado com a Not\u00edcia!","publisher":{"@id":"https:\/\/msconectado.com.br\/#organization"},"potentialAction":[{"@type":"SearchAction","target":{"@type":"EntryPoint","urlTemplate":"https:\/\/msconectado.com.br\/?s={search_term_string}"},"query-input":{"@type":"PropertyValueSpecification","valueRequired":true,"valueName":"search_term_string"}}],"inLanguage":"pt-BR"},{"@type":"Organization","@id":"https:\/\/msconectado.com.br\/#organization","name":"MsConectado","url":"https:\/\/msconectado.com.br\/","logo":{"@type":"ImageObject","inLanguage":"pt-BR","@id":"https:\/\/msconectado.com.br\/#\/schema\/logo\/image\/","url":"https:\/\/msconectado.com.br\/wp-content\/uploads\/2023\/01\/cropped-noticia-2.png","contentUrl":"https:\/\/msconectado.com.br\/wp-content\/uploads\/2023\/01\/cropped-noticia-2.png","width":720,"height":157,"caption":"MsConectado"},"image":{"@id":"https:\/\/msconectado.com.br\/#\/schema\/logo\/image\/"}},{"@type":"Person","@id":"https:\/\/msconectado.com.br\/#\/schema\/person\/feb123a95a93eebea36f0ed6a2e5ba48","name":"Jeferson","image":{"@type":"ImageObject","inLanguage":"pt-BR","@id":"https:\/\/secure.gravatar.com\/avatar\/e23e8901c88f0cdc0ad479ef7a39bf3e4c806344549c087c00b721a65549a328?s=96&d=mm&r=g","url":"https:\/\/secure.gravatar.com\/avatar\/e23e8901c88f0cdc0ad479ef7a39bf3e4c806344549c087c00b721a65549a328?s=96&d=mm&r=g","contentUrl":"https:\/\/secure.gravatar.com\/avatar\/e23e8901c88f0cdc0ad479ef7a39bf3e4c806344549c087c00b721a65549a328?s=96&d=mm&r=g","caption":"Jeferson"},"url":"https:\/\/msconectado.com.br\/?author=3"}]}},"_links":{"self":[{"href":"https:\/\/msconectado.com.br\/index.php?rest_route=\/wp\/v2\/posts\/17681","targetHints":{"allow":["GET"]}}],"collection":[{"href":"https:\/\/msconectado.com.br\/index.php?rest_route=\/wp\/v2\/posts"}],"about":[{"href":"https:\/\/msconectado.com.br\/index.php?rest_route=\/wp\/v2\/types\/post"}],"author":[{"embeddable":true,"href":"https:\/\/msconectado.com.br\/index.php?rest_route=\/wp\/v2\/users\/3"}],"replies":[{"embeddable":true,"href":"https:\/\/msconectado.com.br\/index.php?rest_route=%2Fwp%2Fv2%2Fcomments&post=17681"}],"version-history":[{"count":1,"href":"https:\/\/msconectado.com.br\/index.php?rest_route=\/wp\/v2\/posts\/17681\/revisions"}],"predecessor-version":[{"id":17683,"href":"https:\/\/msconectado.com.br\/index.php?rest_route=\/wp\/v2\/posts\/17681\/revisions\/17683"}],"wp:featuredmedia":[{"embeddable":true,"href":"https:\/\/msconectado.com.br\/index.php?rest_route=\/wp\/v2\/media\/17682"}],"wp:attachment":[{"href":"https:\/\/msconectado.com.br\/index.php?rest_route=%2Fwp%2Fv2%2Fmedia&parent=17681"}],"wp:term":[{"taxonomy":"category","embeddable":true,"href":"https:\/\/msconectado.com.br\/index.php?rest_route=%2Fwp%2Fv2%2Fcategories&post=17681"},{"taxonomy":"post_tag","embeddable":true,"href":"https:\/\/msconectado.com.br\/index.php?rest_route=%2Fwp%2Fv2%2Ftags&post=17681"}],"curies":[{"name":"wp","href":"https:\/\/api.w.org\/{rel}","templated":true}]}}