
{"id":17696,"date":"2023-01-26T18:19:54","date_gmt":"2023-01-26T18:19:54","guid":{"rendered":"https:\/\/msconectado.com.br\/?p=17696"},"modified":"2023-01-26T18:19:55","modified_gmt":"2023-01-26T18:19:55","slug":"ampliar-o-bom-ambiente-para-negocios-em-ms-e-uma-das-missoes-de-verruck-na-semadesc-saiba-mais","status":"publish","type":"post","link":"https:\/\/msconectado.com.br\/?p=17696","title":{"rendered":"Ampliar o bom ambiente para neg\u00f3cios em MS \u00e9 uma das miss\u00f5es de Verruck na Semadesc. Saiba mais."},"content":{"rendered":"\n<p>A economia \u00e9 o motor que move um Estado, e sua gest\u00e3o \u00e9 essencial, ainda mais em um local onde as potencialidades ambientais s\u00e3o evidentes. Assim, a Semadesc (Secretaria de Meio Ambiente, Desenvolvimento, Ci\u00eancia, Tecnologia e Inova\u00e7\u00e3o) assume papel preponderante no dia a dia da administra\u00e7\u00e3o p\u00fablica.<\/p>\n\n\n\n<p>\u00c9 por essa pasta que grandes decis\u00f5es que definem os rumos da popula\u00e7\u00e3o passam, captando investimentos que fazem mover a mercado de Mato Grosso do Sul. Quem comanda a pasta \u00e9 o economista Jaime Verruck, que j\u00e1 comandava a extinta Semagro.<\/p>\n\n\n\n<p>Agora, Verruck tem como miss\u00e3o repetir os bons resultados da gest\u00e3o anterior e acrescentar novas metas, que v\u00e3o al\u00e9m do que j\u00e1 foi realizado, tudo em prol do desenvolvimento sul-mato-grossense sobre os quatro pilares da gest\u00e3o do governador Eduardo Riedel: um Mato Grosso do Sul inclusivo, pr\u00f3spero, verde e digital.<\/p>\n\n\n\n<p><strong>Secret\u00e1rio, o senhor \u00e9 conhecido por ser bastante t\u00e9cnico em seu trabalho e sendo elogiado por isso. Foram 8 anos de \u00eaxito \u00e0 frente dessa pasta, e agora a quest\u00e3o \u00e9: o que tem ainda a melhorar nesse trabalho?<\/strong><\/p>\n\n\n\n<p>Bom, um primeiro ponto \u00e9 que nesses oito anos, os indicadores mostraram os resultados do nosso trabalho. Quando a gente fala na \u00e1rea do desenvolvimento, principalmente, n\u00f3s conseguimos reposicionar o Mato Grosso do Sul. Ent\u00e3o, hoje a gente usa at\u00e9 uma terminologia que \u00e9 o &#8220;Mato Grosso do Sul \u00e9 um estado em transforma\u00e7\u00e3o&#8221;. Reposicionamos o nosso Estado sobre o ponto de vista econ\u00f4mico, tanto na amplia\u00e7\u00e3o da produ\u00e7\u00e3o agr\u00edcola como na produ\u00e7\u00e3o industrial, na gera\u00e7\u00e3o de emprego. Esse \u00e9 um ponto fundamental. Agora, a gente v\u00ea muito claramente a proposta do governador Eduardo Riedel, que nos convidou para seguir na pasta com algumas modifica\u00e7\u00f5es, o estabelecimento primeiro, l\u00e1 no Plano de Governo, da quest\u00e3o extremamente moderna que s\u00e3o os objetivos do mil\u00eanio da ONU. A gente tem um caminho. Esse \u00e9 um caminho que o mundo caminho e o Mato Grosso do Sul absorve esses objetivos do mil\u00eanio, que \u00e9 um direcionamento, \u00e9 um conjunto de prop\u00f3sitos. O Riedel no pr\u00f3prio Plano de Governo que ele tem destacado, ele tem dito que precisamos fazer um Estado inclusivo, um Estado pr\u00f3spero, um Estado verde, e um Estado que respeita exatamente todas as diversidades. Isso n\u00e3o \u00e9 da minha secretaria, est\u00e1 premente em todas as secretarias. Os nossos planos e nossos projetos tem que estar com essa estrutura. Essa l\u00f3gica do Estado de transforma\u00e7\u00e3o que \u00e9 que n\u00f3s temos que avan\u00e7ar agora. Sempre haver\u00e1 muitos projetos a serem realizados, pois temos que continuar crescendo, incluindo as pessoas, gerando emprego e fazendo o desenvolvimento dos munic\u00edpios, olhando para aqueles locais menos favorecidos em termos de desenvolvimento. A ideia \u00e9 sempre ter uma equidade nesse crescimento, e uma quest\u00e3o importante \u00e9 a sustentabilidade. o Estado de Mato Grosso do Sul tomou uma decis\u00e3o estrat\u00e9gica de ser um estado sustent\u00e1vel, ser uma refer\u00eancia no pa\u00eds em sustentabilidade. Ent\u00e3o \u00e9 esse o caminho que vamos adotar agora.<\/p>\n\n\n\n<p><strong>A Semagro agora ser\u00e1 Semadesc. Essa mudan\u00e7a de nome pode ser enxergada como uma simples mudan\u00e7a t\u00e9cnica ou trar\u00e1 novidades para a gest\u00e3o e a popula\u00e7\u00e3o como um todo?<\/strong><\/p>\n\n\n\n<p>N\u00e3o \u00e9 s\u00f3 uma mudan\u00e7a t\u00e9cnica. Ela agora vem como Secretaria de Meio Ambiente, Desenvolvimento, Ci\u00eancia, Tecnologia e Inova\u00e7\u00e3o, ent\u00e3o muda um pouquinho o nome, mas ela tem algumas quest\u00f5es existenciais que foram alteradas. Isso \u00e9 importante destacar. Primeiro, porque o governador Eduardo Riedel trabalhou com a quest\u00e3o das secretarias executivas. Houve uma proposta para juntar meio ambiente e desenvolvimento, que foi exitosa nesses oito anos, e entendemos que para a gente ter mais avan\u00e7o, precis\u00e1vamos ter uma nova estrutura organizacional. E assim foi feito. Al\u00e9m da secretaria titular, foi criada a secretaria-executiva da Agricultura Familiar. Ent\u00e3o esse foi o primeiro foco, uma sinaliza\u00e7\u00e3o muito clara: o governador quer dar foco na agricultura familiar. Um outro ponto importante que n\u00f3s queremos dar foco \u00e9 na qualifica\u00e7\u00e3o de emprego. Essa \u00e9 uma na \u00e1rea que estava muito no foco da assist\u00eancia e estamos trazendo para o foco do desenvolvimento, da gera\u00e7\u00e3o de emprego. Isso por um diagn\u00f3stico muito simples: percebemos que tinham muitas vagas de trabalho, temos ainda, e tinha muita gente procurando trabalho por falta de qualifica\u00e7\u00e3o. Ent\u00e3o a pasta traz esse elemento adicional, al\u00e9m da secretaria-executiva de Meio Ambiente. \u00c9 importante destacar o agroneg\u00f3cio, o desenvolvimento sustent\u00e1vel, a ind\u00fastria, o servi\u00e7o e o com\u00e9rcio tamb\u00e9m. A pasta traz elementos novos e permite exatamente esse foco em v\u00e1rias \u00e1reas. Vamos chamar as mais cr\u00edticas, as mais importantes. E al\u00e9m disso, trouxemos para o escopo da secretaria a Funtrab, que \u00e9 a Funda\u00e7\u00e3o do Trabalho, agora vinculada \u00e0 secretaria executiva de Emprego e Renda, e tamb\u00e9m a MSG\u00c1S, fato que quer dizer que estamos olhando o g\u00e1s natural como uma l\u00f3gica de desenvolvimento. Quem consome g\u00e1s natural s\u00e3o as empresas, as ind\u00fastrias e os condom\u00ednios. A partir da Semadesc \u00e9 que se geram os neg\u00f3cios, e consequentemente esse olhar para o desenvolvimento econ\u00f4mico, ent\u00e3o essa mudan\u00e7a n\u00e3o \u00e9 uma simples troca de nome, \u00e9 uma nova l\u00f3gica. Creio que nesta estrutura que foi estabelecida em termos organizacionais a gente ganha f\u00f4lego, ganha compet\u00eancia, e isso \u00e9 fundamental. Ganhamos novas compet\u00eancias para avan\u00e7ar nos projetos do Governo do Estado de Mato Grosso do Sul.<\/p>\n\n\n\n<p><strong>Desses quatro pilares que a gest\u00e3o vai ter agora, eles passam diretamente pela Semadesc: ser inclusivo, pr\u00f3spero, verde e digital. Como isso vai ser conduzido?<\/strong><\/p>\n\n\n\n<p>Todos esses eixos passam pela Semadesc e eu vou te explicar um pouco do porqu\u00ea. Vamos focar primeiro no pr\u00f3spero. Quando a gente fala em prosperidade, a gente fala em crescimento do Produto Interno Bruto, e isso significa aumento das nossas exporta\u00e7\u00f5es, aumento do investimento p\u00fablico, aumento de investimento privado, gera\u00e7\u00e3o de empregos de qualidade, ent\u00e3o toda essa prosperidade est\u00e1 muito voltada a nossa capacidade de atrair novos investimentos, a capacidade da gente manter aquelas ind\u00fastrias que j\u00e1 est\u00e3o instaladas no Estado e conseguir ampliar essa for\u00e7a produtiva. Esse \u00e9 um ponto fundamental. J\u00e1 quando n\u00f3s falamos da sustentabilidade, o governador Eduardo Riedel tem destacado muito o Estado Carbono Neutro 2030. Essa \u00e9 uma pauta que foi assumida pelo governador em todos os projetos. N\u00f3s temos que trabalhar como ente p\u00fablico, sustent\u00e1vel. Somos l\u00edderes em log\u00edstica reversa, a nossa atividade pecu\u00e1ria j\u00e1 \u00e9 uma refer\u00eancia de sustentabilidade, a ind\u00fastria da mesma forma. Ent\u00e3o esses dois pilares s\u00e3o pilares fundamentais para o nosso desenvolvimento.<\/p>\n\n\n\n<p><strong>E para as demais \u00e1reas? Quais os planos da Semadesc?<\/strong><\/p>\n\n\n\n<p>Quando falamos de inclus\u00e3o, que \u00e9 um outro ponto fundamental, a secretaria-executiva de Emprego e Renda tem esse foco. Queremos incluir aquelas pessoas que est\u00e3o fora do mercado de trabalho e a\u00ed usaremos muito o conceito da transversalidade. Vamos trabalhar juntos com a Secretaria de Educa\u00e7\u00e3o para melhorar a escolaridade dos jovens, para que eles possam ser absorvidos no mercado de trabalho, qualificar esses jovens para as demandas que as empresas t\u00eam. N\u00e3o vamos abrir um conjunto de coisas. Vamos olhar qual a necessidade do mercado, e a\u00ed tem um ponto fundamental que n\u00f3s temos destacado que \u00e9 a quest\u00e3o da requalifica\u00e7\u00e3o. A gente percebe uma evolu\u00e7\u00e3o tecnol\u00f3gica muito r\u00e1pida, e n\u00f3s precisamos que as pessoas se requalifiquem. Ent\u00e3o, al\u00e9m da qualifica\u00e7\u00e3o vem o projeto, importante, que \u00e9 chamado de Voucher Qualifica\u00e7\u00e3o. \u00c9 um projeto do Plano de Governo que a gente vai criar para exatamente fazer o link entre a demanda daquelas empresas que precisam de empregado e qual a qualifica\u00e7\u00e3o que esse empregado precisa ter. O cidad\u00e3o vai poder fazer isso em qualquer rede de qualifica\u00e7\u00e3o profissional e o Estado dando o voucher e fazendo esse pagamento. E quando n\u00f3s olhamos para agricultura familiar, n\u00f3s trouxemos para a secretaria tamb\u00e9m os povos origin\u00e1rios. N\u00f3s separamos isso e vamos focar na quest\u00e3o da agricultura familiar. N\u00f3s j\u00e1 temos um programa de inclus\u00e3o produtiva e de novo vem a transversalidade. Vamos trabalhar a quest\u00e3o da sa\u00fade, da assist\u00eancia social, do emprego, da produ\u00e7\u00e3o. Outro ponto muito importante que est\u00e1 at\u00e9 no nome da secretaria \u00e9 a ci\u00eancia, tecnologia e inova\u00e7\u00e3o. At\u00e9 ent\u00e3o t\u00ednhamos s\u00f3 uma autarquia que faz esse trabalho, que \u00e9 a autarquia operacional, mas n\u00f3s trouxemos isso para outra l\u00f3gica estrat\u00e9gica. Quando o governador estabelece que quer um Estado digital, a ci\u00eancia e tecnologia se tornam fundamentais. Vamos trabalhar junto \u00e0s universidades, startups, trazer isso para dentro do Estado para desenvolver uma estrutura digital, um ecossistema de renova\u00e7\u00e3o.<\/p>\n\n\n\n<p><strong>A Semadesc \u00e9 a porta de entrada para novos investimentos no Estado. Como essa interlocu\u00e7\u00e3o com o setor privado funciona? E qual o foco buscado no momento?<\/strong><\/p>\n\n\n\n<p>Um primeiro ponto que sempre a gente tenta despertar nos empreendedores \u00e9 sobre a nossa pol\u00edtica de incentivo fiscal. O Mato Grosso do Sul tem uma pol\u00edtica com seguran\u00e7a jur\u00eddica com as regras muito bem definidas. Chamados de competitividade fiscal. Conseguimos atrav\u00e9s do incentivo fiscal trazer determinados segmentos industriais que n\u00e3o seriam competitivos se n\u00e3o tiv\u00e9ssemos o incentivo. Mas isso n\u00e3o \u00e9 suficiente e estamos criando um ambiente de neg\u00f3cios extremamente favor\u00e1vel. A l\u00f3gica da sustentabilidade, da qualidade de vida, de ter a estrutura educacional no Mato Grosso do Sul, isso atrai tamb\u00e9m pessoas competentes e empresas competentes. Temos dentro da secretaria uma ag\u00eancia de promo\u00e7\u00e3o dos investimentos, que onde nos preparamos para participar de feiras nacionais e internacionais, levando exatamente as potencialidades do Estado pra trazer mais potencialidades at\u00e9 aqui. Ent\u00e3o, al\u00e9m do incentivo, agora n\u00f3s vamos ampliar isso. O governador destacou de forma muito clara. A ind\u00fastria realmente vem pelo incentivo. Temos algumas empresas do agro que vem pelo incentivo. Mas, por exemplo, na \u00e1rea de sa\u00fade n\u00f3s n\u00e3o temos incentivo direto. Agora estamos indo em novos segmentos para mostrar o nosso potencial de mercado, para que essas empresas venham. Para isso \u00e9 fundamental o ambiente de neg\u00f3cio.<\/p>\n\n\n\n<p><strong>Qual a import\u00e2ncia dos licenciamentos ambientais nessa discuss\u00e3o?<\/strong><\/p>\n\n\n\n<p>Avan\u00e7amos e vamos continuar avan\u00e7ando na quest\u00e3o licenciamento ambiental, de maneira muito clara. Muitas empresas ficam preocupadas com o tempo de licenciamento. O que n\u00f3s optamos aqui? Eu vou te dar um exemplo: a Arauco, que chega com um investimento na casa dos R$ 15 bilh\u00f5es em Inoc\u00eancia. J\u00e1 existe previs\u00e3o do dia que ser\u00e1 apresentado o licenciamento, como vamos analisar, do dia que vai ser audi\u00eancia p\u00fablica e o dia que ele vai receber o licenciamento. \u00c9 fundamental a previsibilidade dos neg\u00f3cios. Isso se cria com um Governo eficiente, com compromissos que n\u00f3s assumimos para que a gente possa avan\u00e7ar. Essa \u00e9 uma pauta fundamental. Mato Grosso do Sul j\u00e1 \u00e9 o estado que mais recebe investimento privado hoje no Brasil e n\u00f3s temos certeza que nos pr\u00f3ximos quatro anos vamos atrair novas empresas, diversificando a nossa base de produ\u00e7\u00e3o.<\/p>\n\n\n\n<p><strong>Como alinhar esse esses novos neg\u00f3cios ao potencial do Estado, que \u00e9 o agro? Como esse potencial para o agro ajuda a trazer esses novos neg\u00f3cios para c\u00e1?<\/strong><\/p>\n\n\n\n<p>Veja o seguinte: fizemos um trabalho no agro, que hoje em Mato Grosso do Sul \u00e9 extremamente diversificado, lembrando que em oito anos, e a\u00ed o Eduardo Riedel teve uma participa\u00e7\u00e3o como secret\u00e1rio fundamental, aumentamos em mais de um milh\u00e3o de hectares a produ\u00e7\u00e3o, e neste ano a nossa previs\u00e3o \u00e9 que a gente tenha uma safra recorde de soja. Tivemos a \u00e1rea recorde de soja plantado e agora vem uma safra recorde. Temos disponibilidade de mat\u00e9ria prima, como a soja, o farelo e o milho, ent\u00e3o focamos muito na agroindustrializa\u00e7\u00e3o desses produtos. Hoje n\u00f3s j\u00e1 temos o etanol de milho com DDG dispon\u00edvel. E veja, o Mato Grosso do Sul que n\u00f3s fizemos em oito anos, na \u00e1rea de eucalipto, de celulose, n\u00e3o se fez em lugar nenhum no mundo. O Mato Grosso do Sul cresce praticamente em todos esses anos e somos uma refer\u00eancia hoje mundial em produ\u00e7\u00e3o de eucalipto e de celulose. Essa \u00e9 uma diversifica\u00e7\u00e3o, e agora temos um caminho a percorrer, focando agora no retorno do trigo como cultura de inverno em Mato Grosso do Sul, recentemente expandimos fortemente o amendoim, al\u00e9m de outros produtos.<\/p>\n\n\n\n<p><strong>Ent\u00e3o o caminho encontrado \u00e9 a diversifica\u00e7\u00e3o da produ\u00e7\u00e3o?<\/strong><\/p>\n\n\n\n<p>Sim, queremos diversificar essa base de produ\u00e7\u00e3o. Um exemplo muito simples \u00e9 que a gente planta entre 3,5 milh\u00f5es e 3,8 milh\u00f5es hectares de soja. Conseguimos inserir milho na entressafra, com 2,8 milh\u00f5es de hectares. Sobra 1 milh\u00e3o. E esse espa\u00e7o precisamos de irriga\u00e7\u00e3o &#8211; que \u00e9 um outro foco do Governo que n\u00f3s estamos estabelecendo via Plano de Governo -, ampliar a irriga\u00e7\u00e3o, trazer novas culturas nesse per\u00edodo de inverno, e sempre seguir na l\u00f3gica de agroindustrializar esses produtos, como n\u00f3s j\u00e1 temos a\u00ed. Caracterizamos o Estado hoje como Estado diversificado, um Estado do papel de celulose, o Estado da minera\u00e7\u00e3o, mas um Estado multiprote\u00edna. Quer dizer, n\u00f3s queremos ser o Estado da carne bovina, da carne su\u00edna, da carne de aves e somos o l\u00edder j\u00e1 em carne de peixe. Vamos focar muito na quest\u00e3o da amplia\u00e7\u00e3o da piscicultura, da\u00ed \u00e9 l\u00f3gica de ter um Estado multiprote\u00edna.<\/p>\n\n\n\n<p><strong>O senhor pode citar assim quais s\u00e3o os principais investimentos j\u00e1 previstos para os pr\u00f3ximos anos em Mato Grosso do Sul? Em que altura eles est\u00e3o?<\/strong><\/p>\n\n\n\n<p>Estamos com 26 dias de Governo apenas e a maioria dos empreendimentos que n\u00f3s estamos tratando, obviamente eles foram celebrados ainda na gest\u00e3o anterior, mas nesse curto espa\u00e7o de tempo todos t\u00eam um grande ganho. Na \u00e1rea da celulose n\u00f3s recebemos hoje no Mato Grosso do Sul o maior volume de investimento j\u00e1 previsto. Temos uma f\u00e1brica em constru\u00e7\u00e3o em Ribas do Rio Pardo, e l\u00e1 s\u00e3o R$ 15 bilh\u00f5es de investimento da f\u00e1brica, mais R$ 5 bilh\u00f5es de maci\u00e7o florestal, e essa f\u00e1brica vai ser inaugurada ainda durante o Governo do Eduardo Riedel. J\u00e1 tivemos at\u00e9 uma uma reuni\u00e3o com a Suzano, e isso deve acontecer no segundo semestre de 2024. Ser\u00e1 inaugurada a maior f\u00e1brica de linha \u00fanica de celulose do mundo. Essa j\u00e1 \u00e9 uma inaugura\u00e7\u00e3o importante, com todo o trabalho que n\u00f3s temos que fazer e estamos construindo naquele munic\u00edpio escola, estrutura de sa\u00fade, de educa\u00e7\u00e3o, al\u00e9m de toda a estrutura de emprego. N\u00f3s j\u00e1 temos tamb\u00e9m confirmado para 2024, quando encerra a primeira f\u00e1brica, a constru\u00e7\u00e3o da segunda f\u00e1brica l\u00e1 em Inoc\u00eancia, que \u00e9 da Arauco, outra empresa do setor, e com uma necessidade de mais de 250 mil hectares de plantio de eucalipto, que j\u00e1 est\u00e1 sendo plantado, somando outros R$ 15 bilh\u00f5es de investimento.<\/p>\n\n\n\n<p><strong>Esses investimentos acabam tendo um efeito domin\u00f3 para toda a regi\u00e3o, certo?<\/strong><\/p>\n\n\n\n<p>Mudamos realidades de regi\u00f5es e de munic\u00edpios. Se a gente pegar o pre\u00e7o da terra nessas regi\u00f5es, praticamente triplicou nos \u00faltimos oito anos em fun\u00e7\u00e3o dessa atra\u00e7\u00e3o de investimentos. Ent\u00e3o, essa \u00e9 uma l\u00f3gica importante. Completando o racioc\u00ednio anterior, na \u00e1rea do DDG vamos inaugurar ainda esse ano a \u00e1rea do etanol de milho no munic\u00edpio de Maracaju. Recentemente inauguramos no munic\u00edpio de Dourados. Quanto a estrutura de armazenagem, Mato Grosso do Sul precisa ampliar a armazenagem. Ent\u00e3o, n\u00f3s temos o Fundo Constitucional do Centro-Oeste que financia essa estrutura de armazenagem. H\u00e1 tamb\u00e9m a amplia\u00e7\u00e3o na \u00e1rea de suinocultura, n\u00f3s temos j\u00e1 contratados para esse ano a duplica\u00e7\u00e3o da JBS em Dourados, a duplica\u00e7\u00e3o da Aurora em S\u00e3o Gabriel do Oeste. Ent\u00e3o, Mato Grosso do Sul continua nesse crescimento e cada vez mais tendo que agregar valor aos seus produtos para o mercado.<\/p>\n\n\n\n<p><strong>E nossa posi\u00e7\u00e3o quanto \u00e0s exporta\u00e7\u00f5es, secret\u00e1rio?<\/strong><\/p>\n\n\n\n<p>A\u00ed n\u00f3s temos que ir para outros mercados. Para Mato Grosso do Sul hoje a China responde praticamente por 40%, 50% do total da nossa exporta\u00e7\u00e3o. Como um dos nossos focos \u00e9 a busca por novos mercados internacionais, foi criada uma secretaria de Rela\u00e7\u00f5es Internacionais, para continuarmos a buscar novos mercados para produtos sul-mato-grossenses. A chegada de novos eixos modais e da Rota Bioce\u00e2nica devem acentuar ainda mais tal busca, j\u00e1 que seremos parte de um eixo log\u00edstico importante.<\/p>\n\n\n\n<p><strong>E o impacto disso tudo pra sociedade, j\u00e1 h\u00e1 como mensurar? O que a sociedade j\u00e1 pode esperar dessas iniciativas, a curto e longo prazo?<\/strong><\/p>\n\n\n\n<p>Na verdade o impacto j\u00e1 ocorreu quando a gente teve alta taxa de crescimento, 5% no ano passado e teve o maior crescimento durante a pandemia, j\u00e1 h\u00e1 um impacto. As pessoas as \u00e0s vezes n\u00e3o tem ideia do que significa esse investimento e eu me lembro que em Ribas eu cheguei um dia e perguntei na Associa\u00e7\u00e3o Comercial quem que tinha sido impactado pela Suzano. Todo mundo ficou quieto. A\u00ed eu perguntei para uma senhora quantos caf\u00e9s ela vendia por dia antes da obra. Ela falou que vendia vinte, e agora s\u00e3o 5 mil. Ent\u00e3o isso \u00e9 o impacto. A ideia n\u00e3o \u00e9 s\u00f3 quando a gente fala em emprego, mas todos esses investimentos, lembrando que em Mato Grosso do Sul 92% das empresas s\u00e3o pequenos neg\u00f3cios, e s\u00e3o esses os mais bem impactados, pois os investimentos geram massa salarial, crescimento de sal\u00e1rio, crescimento da compra, crescimento do emprego. Ent\u00e3o, quando falamos desse investimento, \u00e0s vezes as pessoas ficam distantes quando a gente fala que vai gerar 5% a mais de PIB, mas \u00e9 isso que d\u00e1 a din\u00e2mica da economia e permite esses milhares de empregos, mais de 300 mil nos pequenos neg\u00f3cios. Na \u00e1rea imobili\u00e1ria, Mato Grosso do Sul tem uma das maiores valoriza\u00e7\u00f5es imobili\u00e1rias do pais, n\u00e3o s\u00f3 no rural como no im\u00f3vel urbano. E \u00e9 exatamente em fun\u00e7\u00e3o dos investimentos. \u00c0s vezes falamos muito do emprego, falamos para o jovem que se qualifique e que emprego vai ter. \u00c9 fundamental isso. Falamos para as pessoas que invistam em restaurantes e produtos locais. N\u00f3s queremos evitar o m\u00e1ximo que se compre produtos de fora quando n\u00f3s temos esse investimento. Mato Grosso do Sul vai continuar crescendo, e ent\u00e3o o impacto social \u00e9 imediato. Obviamente, tem o outro que \u00e9 o impacto que n\u00f3s temos que olhar que \u00e9 a necessidade de servi\u00e7os p\u00fablicos. Precisamos aumentar a seguran\u00e7a, precisamos aumentar hospitais, precisamos aumentar a assist\u00eancia social, tudo isso decorrente exatamente dessa expans\u00e3o da economia.<\/p>\n\n\n\n<p><strong>A gente j\u00e1 falou sobre os m\u00e9todos de trabalho, proje\u00e7\u00f5es, interlocu\u00e7\u00e3o com o setor produtivo, impactos dos investimentos, mas ainda falta falar sobre o fomento. Quais s\u00e3o os mecanismos? Qual o papel do FCO nesse contexto?<\/strong><\/p>\n\n\n\n<p>Dentro dos mecanismos de fomento, o principal deles que n\u00f3s temos \u00e9 o incentivo fiscal. Isso \u00e9 fundamental e n\u00f3s mudamos at\u00e9 uma l\u00f3gica interessante n\u00e3o s\u00f3 de atrair. Por exemplo, na \u00e1rea do agroneg\u00f3cio, n\u00f3s temos fomento direto ao produtor. \u00c9 o \u00fanico estado que remunera o suinocultor que \u00e9 produtivo e sustent\u00e1vel. \u00c9 o \u00fanico estado que remunera a bovinocultura, o produtor de bovinos que \u00e9 sustent\u00e1vel e produtivo. Agora caminhamos para as aves, j\u00e1 temos isso no peixe. Isso \u00e9 um diferencial essencial, voc\u00ea incentivar a produ\u00e7\u00e3o para que ela tenha um caminho sustent\u00e1vel. O outro mecanismo \u00e9 justamente o FCO, o Fundo Constitucional do Centro-Oeste, que esse ano n\u00f3s temos dispon\u00edvel R$ 2,2 bilh\u00f5es. Ele \u00e9 fundamental pois a taxa de juros \u00e9 mais barata que o mercado de longo prazo, ent\u00e3o o FCO tem um elemento. Aliado a isso trabalhamos agora em uma ag\u00eancia virtual sendo constru\u00edda para que esse empres\u00e1rio do mundo inteiro conhe\u00e7a nosso Estado. Ela vai ser bil\u00edngue, com sistema de saque, e est\u00e1 sendo constru\u00edda junto com a Secretaria de Fazenda. Vai ser a primeira ag\u00eancia de capta\u00e7\u00e3o de investimentos virtual. Ent\u00e3o ela trabalha todo no sistema virtual e ela deve julho j\u00e1 come\u00e7ar os primeiros trabalhos para que a gente tenha essa capacidade de atrair mais investimentos e mostrar o Mato Grosso do Sul. Para a gente atrair investimento, n\u00f3s temos que sair daqui e mostrar como est\u00e1 Mato Grosso do Sul.<\/p>\n\n\n\n<p><strong>A participa\u00e7\u00e3o em feiras tamb\u00e9m tem sua import\u00e2ncia nessa capta\u00e7\u00e3o de investimentos?<\/strong><\/p>\n\n\n\n<p>A gente fez isso na COP, e j\u00e1 fazemos isso nas grandes feiras internacionais. Mato Grosso do Sul normalmente \u00e9 o \u00fanico estado que p\u00f5e estande pr\u00f3prio em eventos com o Simp\u00f3sio Internacional de Aves, na Feira de Celulose. Vamos l\u00e1 e colocamos um estande do Estado de Mato Grosso do Sul com os nossos t\u00e9cnicos para atender as empresas interessadas, e normalmente sa\u00edmos de l\u00e1 com uma s\u00e9rie de investimentos nessa \u00e1rea. Esse \u00e9 o caminho. Temos que ter um ambiente de neg\u00f3cio favor\u00e1vel, uma estrutura de financiamento adequado, uma estrutura de incentivo fiscal adequado e um regramento. O empres\u00e1rio procura muita a previsibilidade. E \u00e9 isso que ele vai encontrar aqui no nosso Estado. Mato Grosso do Sul trabalha para formar esse ambiente.<\/p>\n\n\n\n<p><em>Nyelder Rodrigues, Comunica\u00e7\u00e3o Governo de MS<\/em><br><em>Jo\u00e3o Pedro Flores, Programa de Est\u00e1gio Supervisionado<\/em><br><em>Foto: \u00c1lvaro Rezende<\/em><\/p>\n\n\n\n<p>Assessoria<\/p>\n\n\n\n<p><\/p>\n\n\n<div class=\"wp-block-image\">\n<figure class=\"aligncenter size-full\"><img fetchpriority=\"high\" decoding=\"async\" width=\"900\" height=\"100\" src=\"https:\/\/msconectado.com.br\/wp-content\/uploads\/2023\/01\/MS_Concetado.png\" alt=\"\" class=\"wp-image-17625\" srcset=\"https:\/\/msconectado.com.br\/wp-content\/uploads\/2023\/01\/MS_Concetado.png 900w, https:\/\/msconectado.com.br\/wp-content\/uploads\/2023\/01\/MS_Concetado-300x33.png 300w, https:\/\/msconectado.com.br\/wp-content\/uploads\/2023\/01\/MS_Concetado-768x85.png 768w\" sizes=\"(max-width: 900px) 100vw, 900px\" \/><\/figure>\n<\/div>","protected":false},"excerpt":{"rendered":"<p>A economia \u00e9 o motor que move um Estado, e sua gest\u00e3o \u00e9 essencial, ainda mais em um local onde as potencialidades ambientais s\u00e3o evidentes. Assim, a Semadesc (Secretaria de Meio Ambiente, Desenvolvimento, Ci\u00eancia, Tecnologia e Inova\u00e7\u00e3o) assume papel preponderante no dia a dia da administra\u00e7\u00e3o p\u00fablica. \u00c9 por essa pasta que grandes decis\u00f5es que [&hellip;]<\/p>\n","protected":false},"author":2,"featured_media":17697,"comment_status":"open","ping_status":"closed","sticky":false,"template":"","format":"standard","meta":{"footnotes":""},"categories":[35,33],"tags":[],"class_list":["post-17696","post","type-post","status-publish","format-standard","has-post-thumbnail","hentry","category-cidades","category-politica"],"yoast_head":"<!-- This site is optimized with the Yoast SEO plugin v27.5 - https:\/\/yoast.com\/product\/yoast-seo-wordpress\/ -->\n<title>Ampliar o bom ambiente para neg\u00f3cios em MS \u00e9 uma das miss\u00f5es de Verruck na Semadesc. Saiba mais. - MsConectado<\/title>\n<meta name=\"robots\" content=\"index, follow, max-snippet:-1, max-image-preview:large, max-video-preview:-1\" \/>\n<link rel=\"canonical\" href=\"https:\/\/msconectado.com.br\/?p=17696\" \/>\n<meta property=\"og:locale\" content=\"pt_BR\" \/>\n<meta property=\"og:type\" content=\"article\" \/>\n<meta property=\"og:title\" content=\"Ampliar o bom ambiente para neg\u00f3cios em MS \u00e9 uma das miss\u00f5es de Verruck na Semadesc. Saiba mais. - MsConectado\" \/>\n<meta property=\"og:description\" content=\"A economia \u00e9 o motor que move um Estado, e sua gest\u00e3o \u00e9 essencial, ainda mais em um local onde as potencialidades ambientais s\u00e3o evidentes. Assim, a Semadesc (Secretaria de Meio Ambiente, Desenvolvimento, Ci\u00eancia, Tecnologia e Inova\u00e7\u00e3o) assume papel preponderante no dia a dia da administra\u00e7\u00e3o p\u00fablica. \u00c9 por essa pasta que grandes decis\u00f5es que [&hellip;]\" \/>\n<meta property=\"og:url\" content=\"https:\/\/msconectado.com.br\/?p=17696\" \/>\n<meta property=\"og:site_name\" content=\"MsConectado\" \/>\n<meta property=\"article:published_time\" content=\"2023-01-26T18:19:54+00:00\" \/>\n<meta property=\"article:modified_time\" content=\"2023-01-26T18:19:55+00:00\" \/>\n<meta property=\"og:image\" content=\"https:\/\/msconectado.com.br\/wp-content\/uploads\/2023\/01\/Secretario-Jaime-Verruck-Foto-Alvaro-Rezende8-730x480-1.jpg\" \/>\n\t<meta property=\"og:image:width\" content=\"730\" \/>\n\t<meta property=\"og:image:height\" content=\"480\" \/>\n\t<meta property=\"og:image:type\" content=\"image\/jpeg\" \/>\n<meta name=\"author\" content=\"MsConectado\" \/>\n<meta name=\"twitter:card\" content=\"summary_large_image\" \/>\n<meta name=\"twitter:label1\" content=\"Escrito por\" \/>\n\t<meta name=\"twitter:data1\" content=\"MsConectado\" \/>\n\t<meta name=\"twitter:label2\" content=\"Est. tempo de leitura\" \/>\n\t<meta name=\"twitter:data2\" content=\"19 minutos\" \/>\n<script type=\"application\/ld+json\" class=\"yoast-schema-graph\">{\"@context\":\"https:\\\/\\\/schema.org\",\"@graph\":[{\"@type\":\"Article\",\"@id\":\"https:\\\/\\\/msconectado.com.br\\\/?p=17696#article\",\"isPartOf\":{\"@id\":\"https:\\\/\\\/msconectado.com.br\\\/?p=17696\"},\"author\":{\"name\":\"MsConectado\",\"@id\":\"https:\\\/\\\/msconectado.com.br\\\/#\\\/schema\\\/person\\\/e5585545b5687092f1041d350b6e2c16\"},\"headline\":\"Ampliar o bom ambiente para neg\u00f3cios em MS \u00e9 uma das miss\u00f5es de Verruck na Semadesc. Saiba mais.\",\"datePublished\":\"2023-01-26T18:19:54+00:00\",\"dateModified\":\"2023-01-26T18:19:55+00:00\",\"mainEntityOfPage\":{\"@id\":\"https:\\\/\\\/msconectado.com.br\\\/?p=17696\"},\"wordCount\":3699,\"commentCount\":0,\"publisher\":{\"@id\":\"https:\\\/\\\/msconectado.com.br\\\/#organization\"},\"image\":{\"@id\":\"https:\\\/\\\/msconectado.com.br\\\/?p=17696#primaryimage\"},\"thumbnailUrl\":\"https:\\\/\\\/msconectado.com.br\\\/wp-content\\\/uploads\\\/2023\\\/01\\\/Secretario-Jaime-Verruck-Foto-Alvaro-Rezende8-730x480-1.jpg\",\"articleSection\":[\"Cidades\",\"Pol\u00edtica\"],\"inLanguage\":\"pt-BR\",\"potentialAction\":[{\"@type\":\"CommentAction\",\"name\":\"Comment\",\"target\":[\"https:\\\/\\\/msconectado.com.br\\\/?p=17696#respond\"]}]},{\"@type\":\"WebPage\",\"@id\":\"https:\\\/\\\/msconectado.com.br\\\/?p=17696\",\"url\":\"https:\\\/\\\/msconectado.com.br\\\/?p=17696\",\"name\":\"Ampliar o bom ambiente para neg\u00f3cios em MS \u00e9 uma das miss\u00f5es de Verruck na Semadesc. Saiba mais. - MsConectado\",\"isPartOf\":{\"@id\":\"https:\\\/\\\/msconectado.com.br\\\/#website\"},\"primaryImageOfPage\":{\"@id\":\"https:\\\/\\\/msconectado.com.br\\\/?p=17696#primaryimage\"},\"image\":{\"@id\":\"https:\\\/\\\/msconectado.com.br\\\/?p=17696#primaryimage\"},\"thumbnailUrl\":\"https:\\\/\\\/msconectado.com.br\\\/wp-content\\\/uploads\\\/2023\\\/01\\\/Secretario-Jaime-Verruck-Foto-Alvaro-Rezende8-730x480-1.jpg\",\"datePublished\":\"2023-01-26T18:19:54+00:00\",\"dateModified\":\"2023-01-26T18:19:55+00:00\",\"breadcrumb\":{\"@id\":\"https:\\\/\\\/msconectado.com.br\\\/?p=17696#breadcrumb\"},\"inLanguage\":\"pt-BR\",\"potentialAction\":[{\"@type\":\"ReadAction\",\"target\":[\"https:\\\/\\\/msconectado.com.br\\\/?p=17696\"]}]},{\"@type\":\"ImageObject\",\"inLanguage\":\"pt-BR\",\"@id\":\"https:\\\/\\\/msconectado.com.br\\\/?p=17696#primaryimage\",\"url\":\"https:\\\/\\\/msconectado.com.br\\\/wp-content\\\/uploads\\\/2023\\\/01\\\/Secretario-Jaime-Verruck-Foto-Alvaro-Rezende8-730x480-1.jpg\",\"contentUrl\":\"https:\\\/\\\/msconectado.com.br\\\/wp-content\\\/uploads\\\/2023\\\/01\\\/Secretario-Jaime-Verruck-Foto-Alvaro-Rezende8-730x480-1.jpg\",\"width\":730,\"height\":480},{\"@type\":\"BreadcrumbList\",\"@id\":\"https:\\\/\\\/msconectado.com.br\\\/?p=17696#breadcrumb\",\"itemListElement\":[{\"@type\":\"ListItem\",\"position\":1,\"name\":\"In\u00edcio\",\"item\":\"https:\\\/\\\/msconectado.com.br\\\/\"},{\"@type\":\"ListItem\",\"position\":2,\"name\":\"Ampliar o bom ambiente para neg\u00f3cios em MS \u00e9 uma das miss\u00f5es de Verruck na Semadesc. Saiba mais.\"}]},{\"@type\":\"WebSite\",\"@id\":\"https:\\\/\\\/msconectado.com.br\\\/#website\",\"url\":\"https:\\\/\\\/msconectado.com.br\\\/\",\"name\":\"MsConectado\",\"description\":\"Voc\u00ea Conectado com a Not\u00edcia!\",\"publisher\":{\"@id\":\"https:\\\/\\\/msconectado.com.br\\\/#organization\"},\"potentialAction\":[{\"@type\":\"SearchAction\",\"target\":{\"@type\":\"EntryPoint\",\"urlTemplate\":\"https:\\\/\\\/msconectado.com.br\\\/?s={search_term_string}\"},\"query-input\":{\"@type\":\"PropertyValueSpecification\",\"valueRequired\":true,\"valueName\":\"search_term_string\"}}],\"inLanguage\":\"pt-BR\"},{\"@type\":\"Organization\",\"@id\":\"https:\\\/\\\/msconectado.com.br\\\/#organization\",\"name\":\"MsConectado\",\"url\":\"https:\\\/\\\/msconectado.com.br\\\/\",\"logo\":{\"@type\":\"ImageObject\",\"inLanguage\":\"pt-BR\",\"@id\":\"https:\\\/\\\/msconectado.com.br\\\/#\\\/schema\\\/logo\\\/image\\\/\",\"url\":\"https:\\\/\\\/msconectado.com.br\\\/wp-content\\\/uploads\\\/2023\\\/01\\\/cropped-noticia-2.png\",\"contentUrl\":\"https:\\\/\\\/msconectado.com.br\\\/wp-content\\\/uploads\\\/2023\\\/01\\\/cropped-noticia-2.png\",\"width\":720,\"height\":157,\"caption\":\"MsConectado\"},\"image\":{\"@id\":\"https:\\\/\\\/msconectado.com.br\\\/#\\\/schema\\\/logo\\\/image\\\/\"}},{\"@type\":\"Person\",\"@id\":\"https:\\\/\\\/msconectado.com.br\\\/#\\\/schema\\\/person\\\/e5585545b5687092f1041d350b6e2c16\",\"name\":\"MsConectado\",\"image\":{\"@type\":\"ImageObject\",\"inLanguage\":\"pt-BR\",\"@id\":\"https:\\\/\\\/secure.gravatar.com\\\/avatar\\\/3b4f84a0a8a4380ac4431fa79981d073692380c5da00ae97596e794ab0db5c8c?s=96&d=mm&r=g\",\"url\":\"https:\\\/\\\/secure.gravatar.com\\\/avatar\\\/3b4f84a0a8a4380ac4431fa79981d073692380c5da00ae97596e794ab0db5c8c?s=96&d=mm&r=g\",\"contentUrl\":\"https:\\\/\\\/secure.gravatar.com\\\/avatar\\\/3b4f84a0a8a4380ac4431fa79981d073692380c5da00ae97596e794ab0db5c8c?s=96&d=mm&r=g\",\"caption\":\"MsConectado\"},\"url\":\"https:\\\/\\\/msconectado.com.br\\\/?author=2\"}]}<\/script>\n<!-- \/ Yoast SEO plugin. -->","yoast_head_json":{"title":"Ampliar o bom ambiente para neg\u00f3cios em MS \u00e9 uma das miss\u00f5es de Verruck na Semadesc. Saiba mais. - MsConectado","robots":{"index":"index","follow":"follow","max-snippet":"max-snippet:-1","max-image-preview":"max-image-preview:large","max-video-preview":"max-video-preview:-1"},"canonical":"https:\/\/msconectado.com.br\/?p=17696","og_locale":"pt_BR","og_type":"article","og_title":"Ampliar o bom ambiente para neg\u00f3cios em MS \u00e9 uma das miss\u00f5es de Verruck na Semadesc. Saiba mais. - MsConectado","og_description":"A economia \u00e9 o motor que move um Estado, e sua gest\u00e3o \u00e9 essencial, ainda mais em um local onde as potencialidades ambientais s\u00e3o evidentes. Assim, a Semadesc (Secretaria de Meio Ambiente, Desenvolvimento, Ci\u00eancia, Tecnologia e Inova\u00e7\u00e3o) assume papel preponderante no dia a dia da administra\u00e7\u00e3o p\u00fablica. \u00c9 por essa pasta que grandes decis\u00f5es que [&hellip;]","og_url":"https:\/\/msconectado.com.br\/?p=17696","og_site_name":"MsConectado","article_published_time":"2023-01-26T18:19:54+00:00","article_modified_time":"2023-01-26T18:19:55+00:00","og_image":[{"width":730,"height":480,"url":"https:\/\/msconectado.com.br\/wp-content\/uploads\/2023\/01\/Secretario-Jaime-Verruck-Foto-Alvaro-Rezende8-730x480-1.jpg","type":"image\/jpeg"}],"author":"MsConectado","twitter_card":"summary_large_image","twitter_misc":{"Escrito por":"MsConectado","Est. tempo de leitura":"19 minutos"},"schema":{"@context":"https:\/\/schema.org","@graph":[{"@type":"Article","@id":"https:\/\/msconectado.com.br\/?p=17696#article","isPartOf":{"@id":"https:\/\/msconectado.com.br\/?p=17696"},"author":{"name":"MsConectado","@id":"https:\/\/msconectado.com.br\/#\/schema\/person\/e5585545b5687092f1041d350b6e2c16"},"headline":"Ampliar o bom ambiente para neg\u00f3cios em MS \u00e9 uma das miss\u00f5es de Verruck na Semadesc. Saiba mais.","datePublished":"2023-01-26T18:19:54+00:00","dateModified":"2023-01-26T18:19:55+00:00","mainEntityOfPage":{"@id":"https:\/\/msconectado.com.br\/?p=17696"},"wordCount":3699,"commentCount":0,"publisher":{"@id":"https:\/\/msconectado.com.br\/#organization"},"image":{"@id":"https:\/\/msconectado.com.br\/?p=17696#primaryimage"},"thumbnailUrl":"https:\/\/msconectado.com.br\/wp-content\/uploads\/2023\/01\/Secretario-Jaime-Verruck-Foto-Alvaro-Rezende8-730x480-1.jpg","articleSection":["Cidades","Pol\u00edtica"],"inLanguage":"pt-BR","potentialAction":[{"@type":"CommentAction","name":"Comment","target":["https:\/\/msconectado.com.br\/?p=17696#respond"]}]},{"@type":"WebPage","@id":"https:\/\/msconectado.com.br\/?p=17696","url":"https:\/\/msconectado.com.br\/?p=17696","name":"Ampliar o bom ambiente para neg\u00f3cios em MS \u00e9 uma das miss\u00f5es de Verruck na Semadesc. Saiba mais. - MsConectado","isPartOf":{"@id":"https:\/\/msconectado.com.br\/#website"},"primaryImageOfPage":{"@id":"https:\/\/msconectado.com.br\/?p=17696#primaryimage"},"image":{"@id":"https:\/\/msconectado.com.br\/?p=17696#primaryimage"},"thumbnailUrl":"https:\/\/msconectado.com.br\/wp-content\/uploads\/2023\/01\/Secretario-Jaime-Verruck-Foto-Alvaro-Rezende8-730x480-1.jpg","datePublished":"2023-01-26T18:19:54+00:00","dateModified":"2023-01-26T18:19:55+00:00","breadcrumb":{"@id":"https:\/\/msconectado.com.br\/?p=17696#breadcrumb"},"inLanguage":"pt-BR","potentialAction":[{"@type":"ReadAction","target":["https:\/\/msconectado.com.br\/?p=17696"]}]},{"@type":"ImageObject","inLanguage":"pt-BR","@id":"https:\/\/msconectado.com.br\/?p=17696#primaryimage","url":"https:\/\/msconectado.com.br\/wp-content\/uploads\/2023\/01\/Secretario-Jaime-Verruck-Foto-Alvaro-Rezende8-730x480-1.jpg","contentUrl":"https:\/\/msconectado.com.br\/wp-content\/uploads\/2023\/01\/Secretario-Jaime-Verruck-Foto-Alvaro-Rezende8-730x480-1.jpg","width":730,"height":480},{"@type":"BreadcrumbList","@id":"https:\/\/msconectado.com.br\/?p=17696#breadcrumb","itemListElement":[{"@type":"ListItem","position":1,"name":"In\u00edcio","item":"https:\/\/msconectado.com.br\/"},{"@type":"ListItem","position":2,"name":"Ampliar o bom ambiente para neg\u00f3cios em MS \u00e9 uma das miss\u00f5es de Verruck na Semadesc. Saiba mais."}]},{"@type":"WebSite","@id":"https:\/\/msconectado.com.br\/#website","url":"https:\/\/msconectado.com.br\/","name":"MsConectado","description":"Voc\u00ea Conectado com a Not\u00edcia!","publisher":{"@id":"https:\/\/msconectado.com.br\/#organization"},"potentialAction":[{"@type":"SearchAction","target":{"@type":"EntryPoint","urlTemplate":"https:\/\/msconectado.com.br\/?s={search_term_string}"},"query-input":{"@type":"PropertyValueSpecification","valueRequired":true,"valueName":"search_term_string"}}],"inLanguage":"pt-BR"},{"@type":"Organization","@id":"https:\/\/msconectado.com.br\/#organization","name":"MsConectado","url":"https:\/\/msconectado.com.br\/","logo":{"@type":"ImageObject","inLanguage":"pt-BR","@id":"https:\/\/msconectado.com.br\/#\/schema\/logo\/image\/","url":"https:\/\/msconectado.com.br\/wp-content\/uploads\/2023\/01\/cropped-noticia-2.png","contentUrl":"https:\/\/msconectado.com.br\/wp-content\/uploads\/2023\/01\/cropped-noticia-2.png","width":720,"height":157,"caption":"MsConectado"},"image":{"@id":"https:\/\/msconectado.com.br\/#\/schema\/logo\/image\/"}},{"@type":"Person","@id":"https:\/\/msconectado.com.br\/#\/schema\/person\/e5585545b5687092f1041d350b6e2c16","name":"MsConectado","image":{"@type":"ImageObject","inLanguage":"pt-BR","@id":"https:\/\/secure.gravatar.com\/avatar\/3b4f84a0a8a4380ac4431fa79981d073692380c5da00ae97596e794ab0db5c8c?s=96&d=mm&r=g","url":"https:\/\/secure.gravatar.com\/avatar\/3b4f84a0a8a4380ac4431fa79981d073692380c5da00ae97596e794ab0db5c8c?s=96&d=mm&r=g","contentUrl":"https:\/\/secure.gravatar.com\/avatar\/3b4f84a0a8a4380ac4431fa79981d073692380c5da00ae97596e794ab0db5c8c?s=96&d=mm&r=g","caption":"MsConectado"},"url":"https:\/\/msconectado.com.br\/?author=2"}]}},"_links":{"self":[{"href":"https:\/\/msconectado.com.br\/index.php?rest_route=\/wp\/v2\/posts\/17696","targetHints":{"allow":["GET"]}}],"collection":[{"href":"https:\/\/msconectado.com.br\/index.php?rest_route=\/wp\/v2\/posts"}],"about":[{"href":"https:\/\/msconectado.com.br\/index.php?rest_route=\/wp\/v2\/types\/post"}],"author":[{"embeddable":true,"href":"https:\/\/msconectado.com.br\/index.php?rest_route=\/wp\/v2\/users\/2"}],"replies":[{"embeddable":true,"href":"https:\/\/msconectado.com.br\/index.php?rest_route=%2Fwp%2Fv2%2Fcomments&post=17696"}],"version-history":[{"count":1,"href":"https:\/\/msconectado.com.br\/index.php?rest_route=\/wp\/v2\/posts\/17696\/revisions"}],"predecessor-version":[{"id":17698,"href":"https:\/\/msconectado.com.br\/index.php?rest_route=\/wp\/v2\/posts\/17696\/revisions\/17698"}],"wp:featuredmedia":[{"embeddable":true,"href":"https:\/\/msconectado.com.br\/index.php?rest_route=\/wp\/v2\/media\/17697"}],"wp:attachment":[{"href":"https:\/\/msconectado.com.br\/index.php?rest_route=%2Fwp%2Fv2%2Fmedia&parent=17696"}],"wp:term":[{"taxonomy":"category","embeddable":true,"href":"https:\/\/msconectado.com.br\/index.php?rest_route=%2Fwp%2Fv2%2Fcategories&post=17696"},{"taxonomy":"post_tag","embeddable":true,"href":"https:\/\/msconectado.com.br\/index.php?rest_route=%2Fwp%2Fv2%2Ftags&post=17696"}],"curies":[{"name":"wp","href":"https:\/\/api.w.org\/{rel}","templated":true}]}}