{"id":17699,"date":"2023-01-27T01:25:19","date_gmt":"2023-01-27T01:25:19","guid":{"rendered":"https:\/\/msconectado.com.br\/?p=17699"},"modified":"2023-01-27T01:25:20","modified_gmt":"2023-01-27T01:25:20","slug":"presidente-representa-alems-em-trocas-de-comando-da-seguranca-publica-saiba-mais","status":"publish","type":"post","link":"https:\/\/msconectado.com.br\/?p=17699","title":{"rendered":"Presidente representa ALEMS em trocas de comando da Seguran\u00e7a P\u00fablica. Saiba mais."},"content":{"rendered":"\n<p>A Assembleia Legislativa de Mato Grosso do Sul (ALEMS) sempre foi aliada no fortalecimento das institui\u00e7\u00f5es respons\u00e1veis pela Seguran\u00e7a P\u00fablica do Estado. Ontem (25),&nbsp;o deputado e presidente da Casa de Leis, Paulo Corr\u00eaa (PSDB), participou da troca de&nbsp;comando da Pol\u00edcia Militar de Mato Grosso do Sul (PMMS), e nesta manh\u00e3 (26), da passagem&nbsp;de comando do Corpo de Bombeiros Militar de Mato Grosso do Sul (CBMMS).<\/p>\n\n\n\n<p>Paulo Corr\u00eaa elogiou a Pol\u00edcia Militar sul-mato-grossense. &#8220;Participamos da passagem de comando da nossa gloriosa&nbsp;Pol\u00edcia Militar de Mato Grosso do Sul. Desejamos sucesso ao novo&nbsp;comandante-geral da PMMS, coronel Renato dos Anjos Garnes, e \u00e0&nbsp;subcomandante-geral, coronel Neidy&nbsp;Centuri\u00e3o,&nbsp;primeira mulher a ocupar esse posto no Estado, e parabenizamos o coronel Marcos Paulo Gimenez pelo trabalho realizado&#8221;, disse.&nbsp;<\/p>\n\n\n\n<p>O novo&nbsp;comandante-geral da PMMS ocupou o cargo de chefia da Assessoria Militar da Assembleia Legislativa, e foi promovido a subcomandante. Sobre ele, o&nbsp;governador do Estado, Eduardo Riedel (PSDB), destaca in\u00fameras&nbsp;qualidades. &#8220;O coronel Renato \u00e9 uma pessoa muito experiente, conhece profundamente as opera\u00e7\u00f5es da Pol\u00edcia Militar, e o que ela precisa para seguir um ritmo de desenvolvimento com um \u00fanico objetivo. Tenho certeza de que \u00e9 uma pessoa de absoluto compromisso com a miss\u00e3o de servir e proteger o cidad\u00e3o e cidad\u00e3. Junto com a coronel Neidy, a primeira mulher a subcomandar a Pol\u00edcia Militar do Estado,&nbsp;seguir\u00e3o nos destinos da corpora\u00e7\u00e3o.&nbsp;Meu papel \u00e9 ajudar, apoiar e estruturar para que a gente tenha cada vez mais resultados para a sociedade&#8221;, declarou.<\/p>\n\n\n\n<p>Riedel tamb\u00e9m reiterou a import\u00e2ncia da Assembleia Legislativa para as a\u00e7\u00f5es que acontecem na gest\u00e3o estadual. &#8220;Temos um plano de governo, v\u00e1rias a\u00e7\u00f5es e vamos precisar da Casa de Leis, dos deputados que assumem agora a nova legislatura. Sempre tivemos o apoio incondicional da Assembleia Legislativa, e essa parceria \u00e9 muito prof\u00edcua. Tenho certeza que continuaremos alinhados com a&nbsp;nova legislatura que se inicia&#8221;, concluiu o governador.&nbsp;<\/p>\n\n\n\n<p><strong>Bombeiros Militar<\/strong><\/p>\n\n\n\n<p>Na solenidade realizada nesta manh\u00e3 (26),&nbsp;a passagem de comando foi marcada pela emo\u00e7\u00e3o. &nbsp;O coronel Frederico Reis Pouso Sales assumiu o cargo de comandante-geral do Corpo de Bombeiros Militar de Mato Grosso do Sul (CBMMS), e o coronel Adriano Noleto Rampazo ser\u00e1 o&nbsp;subcomandante-geral da institui\u00e7\u00e3o. Participando do&nbsp;tradicional evento&nbsp;para a corpora\u00e7\u00e3o, o&nbsp;presidente da ALEMS, deputado Paulo Corr\u00eaa,&nbsp;parabenizou o&nbsp;novo comando do CBMMS. &#8220;Sucesso ao comandante-geral do Corpo de Bombeiros Militar de Mato Grosso do Sul, Frederico Reis Pousos Sales, e ao subcomandante-geral, coronel&nbsp;Adriano Noleto Rampazo. Elogio a condu\u00e7\u00e3o do&nbsp;coronel Hugo Djan Leite&#8221;, disse.&nbsp;<\/p>\n\n\n\n<p>O comandante substitu\u00eddo do CBMMS, coronel Hugo Djan Leite, reconheceu a parceria da Assembleia Legislativa. &#8220;Nenhum processo parou na Assembleia Legislativa.&nbsp;O senhor&nbsp;<em>[Paulo Corr\u00eaa]<\/em>&nbsp;nunca titubeou em analisar nossos pedidos. Muito obrigada \u00e0s senhoras e senhores<em>&nbsp;<\/em><em>[deputados (as)],<\/em>&nbsp;que foram diferenciados e decisivos&#8221;, ressaltou.&nbsp;&nbsp;&nbsp;<\/p>\n\n\n\n<p>Emocionado, o secret\u00e1rio de Estado de Justi\u00e7a e Seguran\u00e7a P\u00fablica (Sejusp), Ant\u00f4nio Carlos Videira,&nbsp;falou das melhorias e a\u00e7\u00f5es realizadas na&nbsp;\u00e1rea. &#8220;Tivemos tantos investimentos do Governo, valorizando essa fam\u00edlia, esses filhos e filhas que promovem&nbsp;resgate e prote\u00e7\u00e3o, e eu sou testemunha disso, sen\u00e3o n\u00e3o teria meu filho vivo, portanto deixo aqui&nbsp;um agradecimento governador, ao senhor, a todos os membros da Casa de Leis, em nome do deputado Paulo Corr\u00eaa, por tudo que voc\u00eas tem feito pela Seguran\u00e7a P\u00fablica&nbsp;de Mato Grosso do Sul&#8221;, concluiu. &nbsp;<\/p>\n\n\n\n<p>ALEMS<\/p>\n\n\n\n<p><strong>Foto:<\/strong>&nbsp;Mariana Anjos<\/p>\n\n\n\n<p><em>*Com informa\u00e7\u00f5es da assessoria parlamentar.<\/em><\/p>\n\n\n\n<figure class=\"wp-block-image size-full is-resized\"><a href=\"https:\/\/www.al.ms.gov.br\/\"><img fetchpriority=\"high\" decoding=\"async\" src=\"https:\/\/msconectado.com.br\/wp-content\/uploads\/2023\/01\/001__900X100PX.gif\" alt=\"\" class=\"wp-image-17227\" width=\"840\" height=\"93\"\/><\/a><\/figure>\n","protected":false},"excerpt":{"rendered":"<p>A Assembleia Legislativa de Mato Grosso do Sul (ALEMS) sempre foi aliada no fortalecimento das institui\u00e7\u00f5es respons\u00e1veis pela Seguran\u00e7a P\u00fablica do Estado. Ontem (25),&nbsp;o deputado e presidente da Casa de Leis, Paulo Corr\u00eaa (PSDB), participou da troca de&nbsp;comando da Pol\u00edcia Militar de Mato Grosso do Sul (PMMS), e nesta manh\u00e3 (26), da passagem&nbsp;de comando do [&hellip;]<\/p>\n","protected":false},"author":3,"featured_media":17700,"comment_status":"open","ping_status":"closed","sticky":false,"template":"","format":"standard","meta":{"footnotes":""},"categories":[38,33],"tags":[],"class_list":["post-17699","post","type-post","status-publish","format-standard","has-post-thumbnail","hentry","category-assembleia-legislativa","category-politica"],"yoast_head":"<!-- This site is optimized with the Yoast SEO plugin v27.5 - https:\/\/yoast.com\/product\/yoast-seo-wordpress\/ -->\n<title>Presidente representa ALEMS em trocas de comando da Seguran\u00e7a P\u00fablica. Saiba mais. - MsConectado<\/title>\n<meta name=\"robots\" content=\"index, follow, max-snippet:-1, max-image-preview:large, max-video-preview:-1\" \/>\n<link rel=\"canonical\" href=\"https:\/\/msconectado.com.br\/?p=17699\" \/>\n<meta property=\"og:locale\" content=\"pt_BR\" \/>\n<meta property=\"og:type\" content=\"article\" \/>\n<meta property=\"og:title\" content=\"Presidente representa ALEMS em trocas de comando da Seguran\u00e7a P\u00fablica. Saiba mais. - MsConectado\" \/>\n<meta property=\"og:description\" content=\"A Assembleia Legislativa de Mato Grosso do Sul (ALEMS) sempre foi aliada no fortalecimento das institui\u00e7\u00f5es respons\u00e1veis pela Seguran\u00e7a P\u00fablica do Estado. Ontem (25),&nbsp;o deputado e presidente da Casa de Leis, Paulo Corr\u00eaa (PSDB), participou da troca de&nbsp;comando da Pol\u00edcia Militar de Mato Grosso do Sul (PMMS), e nesta manh\u00e3 (26), da passagem&nbsp;de comando do [&hellip;]\" \/>\n<meta property=\"og:url\" content=\"https:\/\/msconectado.com.br\/?p=17699\" \/>\n<meta property=\"og:site_name\" content=\"MsConectado\" \/>\n<meta property=\"article:published_time\" content=\"2023-01-27T01:25:19+00:00\" \/>\n<meta property=\"article:modified_time\" content=\"2023-01-27T01:25:20+00:00\" \/>\n<meta property=\"og:image\" content=\"https:\/\/msconectado.com.br\/wp-content\/uploads\/2023\/01\/2023_01_26_12_38_26_bc8a2eed-5fbc-415a-bbf7-68979080e510.jpeg\" \/>\n\t<meta property=\"og:image:width\" content=\"740\" \/>\n\t<meta property=\"og:image:height\" content=\"493\" \/>\n\t<meta property=\"og:image:type\" content=\"image\/jpeg\" \/>\n<meta name=\"author\" content=\"Jeferson\" \/>\n<meta name=\"twitter:card\" content=\"summary_large_image\" \/>\n<meta name=\"twitter:label1\" content=\"Escrito por\" \/>\n\t<meta name=\"twitter:data1\" content=\"Jeferson\" \/>\n\t<meta name=\"twitter:label2\" content=\"Est. tempo de leitura\" \/>\n\t<meta name=\"twitter:data2\" content=\"4 minutos\" \/>\n<script type=\"application\/ld+json\" class=\"yoast-schema-graph\">{\"@context\":\"https:\\\/\\\/schema.org\",\"@graph\":[{\"@type\":\"Article\",\"@id\":\"https:\\\/\\\/msconectado.com.br\\\/?p=17699#article\",\"isPartOf\":{\"@id\":\"https:\\\/\\\/msconectado.com.br\\\/?p=17699\"},\"author\":{\"name\":\"Jeferson\",\"@id\":\"https:\\\/\\\/msconectado.com.br\\\/#\\\/schema\\\/person\\\/feb123a95a93eebea36f0ed6a2e5ba48\"},\"headline\":\"Presidente representa ALEMS em trocas de comando da Seguran\u00e7a P\u00fablica. Saiba mais.\",\"datePublished\":\"2023-01-27T01:25:19+00:00\",\"dateModified\":\"2023-01-27T01:25:20+00:00\",\"mainEntityOfPage\":{\"@id\":\"https:\\\/\\\/msconectado.com.br\\\/?p=17699\"},\"wordCount\":656,\"commentCount\":0,\"publisher\":{\"@id\":\"https:\\\/\\\/msconectado.com.br\\\/#organization\"},\"image\":{\"@id\":\"https:\\\/\\\/msconectado.com.br\\\/?p=17699#primaryimage\"},\"thumbnailUrl\":\"https:\\\/\\\/msconectado.com.br\\\/wp-content\\\/uploads\\\/2023\\\/01\\\/2023_01_26_12_38_26_bc8a2eed-5fbc-415a-bbf7-68979080e510.jpeg\",\"articleSection\":[\"Assembleia Legislativa\",\"Pol\u00edtica\"],\"inLanguage\":\"pt-BR\",\"potentialAction\":[{\"@type\":\"CommentAction\",\"name\":\"Comment\",\"target\":[\"https:\\\/\\\/msconectado.com.br\\\/?p=17699#respond\"]}]},{\"@type\":\"WebPage\",\"@id\":\"https:\\\/\\\/msconectado.com.br\\\/?p=17699\",\"url\":\"https:\\\/\\\/msconectado.com.br\\\/?p=17699\",\"name\":\"Presidente representa ALEMS em trocas de comando da Seguran\u00e7a P\u00fablica. Saiba mais. - MsConectado\",\"isPartOf\":{\"@id\":\"https:\\\/\\\/msconectado.com.br\\\/#website\"},\"primaryImageOfPage\":{\"@id\":\"https:\\\/\\\/msconectado.com.br\\\/?p=17699#primaryimage\"},\"image\":{\"@id\":\"https:\\\/\\\/msconectado.com.br\\\/?p=17699#primaryimage\"},\"thumbnailUrl\":\"https:\\\/\\\/msconectado.com.br\\\/wp-content\\\/uploads\\\/2023\\\/01\\\/2023_01_26_12_38_26_bc8a2eed-5fbc-415a-bbf7-68979080e510.jpeg\",\"datePublished\":\"2023-01-27T01:25:19+00:00\",\"dateModified\":\"2023-01-27T01:25:20+00:00\",\"breadcrumb\":{\"@id\":\"https:\\\/\\\/msconectado.com.br\\\/?p=17699#breadcrumb\"},\"inLanguage\":\"pt-BR\",\"potentialAction\":[{\"@type\":\"ReadAction\",\"target\":[\"https:\\\/\\\/msconectado.com.br\\\/?p=17699\"]}]},{\"@type\":\"ImageObject\",\"inLanguage\":\"pt-BR\",\"@id\":\"https:\\\/\\\/msconectado.com.br\\\/?p=17699#primaryimage\",\"url\":\"https:\\\/\\\/msconectado.com.br\\\/wp-content\\\/uploads\\\/2023\\\/01\\\/2023_01_26_12_38_26_bc8a2eed-5fbc-415a-bbf7-68979080e510.jpeg\",\"contentUrl\":\"https:\\\/\\\/msconectado.com.br\\\/wp-content\\\/uploads\\\/2023\\\/01\\\/2023_01_26_12_38_26_bc8a2eed-5fbc-415a-bbf7-68979080e510.jpeg\",\"width\":740,\"height\":493},{\"@type\":\"BreadcrumbList\",\"@id\":\"https:\\\/\\\/msconectado.com.br\\\/?p=17699#breadcrumb\",\"itemListElement\":[{\"@type\":\"ListItem\",\"position\":1,\"name\":\"In\u00edcio\",\"item\":\"https:\\\/\\\/msconectado.com.br\\\/?page_id=105\"},{\"@type\":\"ListItem\",\"position\":2,\"name\":\"Presidente representa ALEMS em trocas de comando da Seguran\u00e7a P\u00fablica. Saiba mais.\"}]},{\"@type\":\"WebSite\",\"@id\":\"https:\\\/\\\/msconectado.com.br\\\/#website\",\"url\":\"https:\\\/\\\/msconectado.com.br\\\/\",\"name\":\"MsConectado\",\"description\":\"Voc\u00ea Conectado com a Not\u00edcia!\",\"publisher\":{\"@id\":\"https:\\\/\\\/msconectado.com.br\\\/#organization\"},\"potentialAction\":[{\"@type\":\"SearchAction\",\"target\":{\"@type\":\"EntryPoint\",\"urlTemplate\":\"https:\\\/\\\/msconectado.com.br\\\/?s={search_term_string}\"},\"query-input\":{\"@type\":\"PropertyValueSpecification\",\"valueRequired\":true,\"valueName\":\"search_term_string\"}}],\"inLanguage\":\"pt-BR\"},{\"@type\":\"Organization\",\"@id\":\"https:\\\/\\\/msconectado.com.br\\\/#organization\",\"name\":\"MsConectado\",\"url\":\"https:\\\/\\\/msconectado.com.br\\\/\",\"logo\":{\"@type\":\"ImageObject\",\"inLanguage\":\"pt-BR\",\"@id\":\"https:\\\/\\\/msconectado.com.br\\\/#\\\/schema\\\/logo\\\/image\\\/\",\"url\":\"https:\\\/\\\/msconectado.com.br\\\/wp-content\\\/uploads\\\/2023\\\/01\\\/cropped-noticia-2.png\",\"contentUrl\":\"https:\\\/\\\/msconectado.com.br\\\/wp-content\\\/uploads\\\/2023\\\/01\\\/cropped-noticia-2.png\",\"width\":720,\"height\":157,\"caption\":\"MsConectado\"},\"image\":{\"@id\":\"https:\\\/\\\/msconectado.com.br\\\/#\\\/schema\\\/logo\\\/image\\\/\"}},{\"@type\":\"Person\",\"@id\":\"https:\\\/\\\/msconectado.com.br\\\/#\\\/schema\\\/person\\\/feb123a95a93eebea36f0ed6a2e5ba48\",\"name\":\"Jeferson\",\"image\":{\"@type\":\"ImageObject\",\"inLanguage\":\"pt-BR\",\"@id\":\"https:\\\/\\\/secure.gravatar.com\\\/avatar\\\/e23e8901c88f0cdc0ad479ef7a39bf3e4c806344549c087c00b721a65549a328?s=96&d=mm&r=g\",\"url\":\"https:\\\/\\\/secure.gravatar.com\\\/avatar\\\/e23e8901c88f0cdc0ad479ef7a39bf3e4c806344549c087c00b721a65549a328?s=96&d=mm&r=g\",\"contentUrl\":\"https:\\\/\\\/secure.gravatar.com\\\/avatar\\\/e23e8901c88f0cdc0ad479ef7a39bf3e4c806344549c087c00b721a65549a328?s=96&d=mm&r=g\",\"caption\":\"Jeferson\"},\"url\":\"https:\\\/\\\/msconectado.com.br\\\/?author=3\"}]}<\/script>\n<!-- \/ Yoast SEO plugin. -->","yoast_head_json":{"title":"Presidente representa ALEMS em trocas de comando da Seguran\u00e7a P\u00fablica. Saiba mais. - MsConectado","robots":{"index":"index","follow":"follow","max-snippet":"max-snippet:-1","max-image-preview":"max-image-preview:large","max-video-preview":"max-video-preview:-1"},"canonical":"https:\/\/msconectado.com.br\/?p=17699","og_locale":"pt_BR","og_type":"article","og_title":"Presidente representa ALEMS em trocas de comando da Seguran\u00e7a P\u00fablica. Saiba mais. - MsConectado","og_description":"A Assembleia Legislativa de Mato Grosso do Sul (ALEMS) sempre foi aliada no fortalecimento das institui\u00e7\u00f5es respons\u00e1veis pela Seguran\u00e7a P\u00fablica do Estado. Ontem (25),&nbsp;o deputado e presidente da Casa de Leis, Paulo Corr\u00eaa (PSDB), participou da troca de&nbsp;comando da Pol\u00edcia Militar de Mato Grosso do Sul (PMMS), e nesta manh\u00e3 (26), da passagem&nbsp;de comando do [&hellip;]","og_url":"https:\/\/msconectado.com.br\/?p=17699","og_site_name":"MsConectado","article_published_time":"2023-01-27T01:25:19+00:00","article_modified_time":"2023-01-27T01:25:20+00:00","og_image":[{"width":740,"height":493,"url":"https:\/\/msconectado.com.br\/wp-content\/uploads\/2023\/01\/2023_01_26_12_38_26_bc8a2eed-5fbc-415a-bbf7-68979080e510.jpeg","type":"image\/jpeg"}],"author":"Jeferson","twitter_card":"summary_large_image","twitter_misc":{"Escrito por":"Jeferson","Est. tempo de leitura":"4 minutos"},"schema":{"@context":"https:\/\/schema.org","@graph":[{"@type":"Article","@id":"https:\/\/msconectado.com.br\/?p=17699#article","isPartOf":{"@id":"https:\/\/msconectado.com.br\/?p=17699"},"author":{"name":"Jeferson","@id":"https:\/\/msconectado.com.br\/#\/schema\/person\/feb123a95a93eebea36f0ed6a2e5ba48"},"headline":"Presidente representa ALEMS em trocas de comando da Seguran\u00e7a P\u00fablica. Saiba mais.","datePublished":"2023-01-27T01:25:19+00:00","dateModified":"2023-01-27T01:25:20+00:00","mainEntityOfPage":{"@id":"https:\/\/msconectado.com.br\/?p=17699"},"wordCount":656,"commentCount":0,"publisher":{"@id":"https:\/\/msconectado.com.br\/#organization"},"image":{"@id":"https:\/\/msconectado.com.br\/?p=17699#primaryimage"},"thumbnailUrl":"https:\/\/msconectado.com.br\/wp-content\/uploads\/2023\/01\/2023_01_26_12_38_26_bc8a2eed-5fbc-415a-bbf7-68979080e510.jpeg","articleSection":["Assembleia Legislativa","Pol\u00edtica"],"inLanguage":"pt-BR","potentialAction":[{"@type":"CommentAction","name":"Comment","target":["https:\/\/msconectado.com.br\/?p=17699#respond"]}]},{"@type":"WebPage","@id":"https:\/\/msconectado.com.br\/?p=17699","url":"https:\/\/msconectado.com.br\/?p=17699","name":"Presidente representa ALEMS em trocas de comando da Seguran\u00e7a P\u00fablica. Saiba mais. - MsConectado","isPartOf":{"@id":"https:\/\/msconectado.com.br\/#website"},"primaryImageOfPage":{"@id":"https:\/\/msconectado.com.br\/?p=17699#primaryimage"},"image":{"@id":"https:\/\/msconectado.com.br\/?p=17699#primaryimage"},"thumbnailUrl":"https:\/\/msconectado.com.br\/wp-content\/uploads\/2023\/01\/2023_01_26_12_38_26_bc8a2eed-5fbc-415a-bbf7-68979080e510.jpeg","datePublished":"2023-01-27T01:25:19+00:00","dateModified":"2023-01-27T01:25:20+00:00","breadcrumb":{"@id":"https:\/\/msconectado.com.br\/?p=17699#breadcrumb"},"inLanguage":"pt-BR","potentialAction":[{"@type":"ReadAction","target":["https:\/\/msconectado.com.br\/?p=17699"]}]},{"@type":"ImageObject","inLanguage":"pt-BR","@id":"https:\/\/msconectado.com.br\/?p=17699#primaryimage","url":"https:\/\/msconectado.com.br\/wp-content\/uploads\/2023\/01\/2023_01_26_12_38_26_bc8a2eed-5fbc-415a-bbf7-68979080e510.jpeg","contentUrl":"https:\/\/msconectado.com.br\/wp-content\/uploads\/2023\/01\/2023_01_26_12_38_26_bc8a2eed-5fbc-415a-bbf7-68979080e510.jpeg","width":740,"height":493},{"@type":"BreadcrumbList","@id":"https:\/\/msconectado.com.br\/?p=17699#breadcrumb","itemListElement":[{"@type":"ListItem","position":1,"name":"In\u00edcio","item":"https:\/\/msconectado.com.br\/?page_id=105"},{"@type":"ListItem","position":2,"name":"Presidente representa ALEMS em trocas de comando da Seguran\u00e7a P\u00fablica. Saiba mais."}]},{"@type":"WebSite","@id":"https:\/\/msconectado.com.br\/#website","url":"https:\/\/msconectado.com.br\/","name":"MsConectado","description":"Voc\u00ea Conectado com a Not\u00edcia!","publisher":{"@id":"https:\/\/msconectado.com.br\/#organization"},"potentialAction":[{"@type":"SearchAction","target":{"@type":"EntryPoint","urlTemplate":"https:\/\/msconectado.com.br\/?s={search_term_string}"},"query-input":{"@type":"PropertyValueSpecification","valueRequired":true,"valueName":"search_term_string"}}],"inLanguage":"pt-BR"},{"@type":"Organization","@id":"https:\/\/msconectado.com.br\/#organization","name":"MsConectado","url":"https:\/\/msconectado.com.br\/","logo":{"@type":"ImageObject","inLanguage":"pt-BR","@id":"https:\/\/msconectado.com.br\/#\/schema\/logo\/image\/","url":"https:\/\/msconectado.com.br\/wp-content\/uploads\/2023\/01\/cropped-noticia-2.png","contentUrl":"https:\/\/msconectado.com.br\/wp-content\/uploads\/2023\/01\/cropped-noticia-2.png","width":720,"height":157,"caption":"MsConectado"},"image":{"@id":"https:\/\/msconectado.com.br\/#\/schema\/logo\/image\/"}},{"@type":"Person","@id":"https:\/\/msconectado.com.br\/#\/schema\/person\/feb123a95a93eebea36f0ed6a2e5ba48","name":"Jeferson","image":{"@type":"ImageObject","inLanguage":"pt-BR","@id":"https:\/\/secure.gravatar.com\/avatar\/e23e8901c88f0cdc0ad479ef7a39bf3e4c806344549c087c00b721a65549a328?s=96&d=mm&r=g","url":"https:\/\/secure.gravatar.com\/avatar\/e23e8901c88f0cdc0ad479ef7a39bf3e4c806344549c087c00b721a65549a328?s=96&d=mm&r=g","contentUrl":"https:\/\/secure.gravatar.com\/avatar\/e23e8901c88f0cdc0ad479ef7a39bf3e4c806344549c087c00b721a65549a328?s=96&d=mm&r=g","caption":"Jeferson"},"url":"https:\/\/msconectado.com.br\/?author=3"}]}},"_links":{"self":[{"href":"https:\/\/msconectado.com.br\/index.php?rest_route=\/wp\/v2\/posts\/17699","targetHints":{"allow":["GET"]}}],"collection":[{"href":"https:\/\/msconectado.com.br\/index.php?rest_route=\/wp\/v2\/posts"}],"about":[{"href":"https:\/\/msconectado.com.br\/index.php?rest_route=\/wp\/v2\/types\/post"}],"author":[{"embeddable":true,"href":"https:\/\/msconectado.com.br\/index.php?rest_route=\/wp\/v2\/users\/3"}],"replies":[{"embeddable":true,"href":"https:\/\/msconectado.com.br\/index.php?rest_route=%2Fwp%2Fv2%2Fcomments&post=17699"}],"version-history":[{"count":1,"href":"https:\/\/msconectado.com.br\/index.php?rest_route=\/wp\/v2\/posts\/17699\/revisions"}],"predecessor-version":[{"id":17701,"href":"https:\/\/msconectado.com.br\/index.php?rest_route=\/wp\/v2\/posts\/17699\/revisions\/17701"}],"wp:featuredmedia":[{"embeddable":true,"href":"https:\/\/msconectado.com.br\/index.php?rest_route=\/wp\/v2\/media\/17700"}],"wp:attachment":[{"href":"https:\/\/msconectado.com.br\/index.php?rest_route=%2Fwp%2Fv2%2Fmedia&parent=17699"}],"wp:term":[{"taxonomy":"category","embeddable":true,"href":"https:\/\/msconectado.com.br\/index.php?rest_route=%2Fwp%2Fv2%2Fcategories&post=17699"},{"taxonomy":"post_tag","embeddable":true,"href":"https:\/\/msconectado.com.br\/index.php?rest_route=%2Fwp%2Fv2%2Ftags&post=17699"}],"curies":[{"name":"wp","href":"https:\/\/api.w.org\/{rel}","templated":true}]}}