
{"id":17728,"date":"2023-01-27T19:29:15","date_gmt":"2023-01-27T19:29:15","guid":{"rendered":"https:\/\/msconectado.com.br\/?p=17728"},"modified":"2023-01-27T19:29:16","modified_gmt":"2023-01-27T19:29:16","slug":"governo-federal-abre-linha-direta-para-tratar-dos-grandes-projetos-para-ms-afirma-eduardo-riedel","status":"publish","type":"post","link":"https:\/\/msconectado.com.br\/?p=17728","title":{"rendered":"Governo federal abre linha direta para tratar dos grandes projetos para MS, afirma Eduardo Riedel."},"content":{"rendered":"\n<p>O governador Eduardo Riedel afirmou que as prioridades imediatas para Mato Grosso do Sul como os investimentos da rota bioce\u00e2nica, relicita\u00e7\u00e3o da ferrovia Malha Oeste e concess\u00e3o de rodovias foram bem recebidas pelo Governo Federal, que inclusive abriu uma linha direta para tratar destes assuntos por meio da Casa Civil.<\/p>\n\n\n\n<p>\u201cA gente percebe no Governo Federal uma retomada de di\u00e1logo. Isso \u00e9 muito importante. J\u00e1 se formou uma linha direta com a Casa Civil para que a gente possa avan\u00e7ar em grandes projetos como a concess\u00e3o de rodovias federais, o acesso \u00e0 ponte de Porto Murtinho com a Rota Bioce\u00e2nica, que est\u00e1 sendo conclusa, assim como toda a relicita\u00e7\u00e3o da Malha Oeste e a retomada da UFN-III\u201d, destacou o governador.<\/p>\n\n\n\n<p>Riedel participa desde ontem (26) de uma s\u00e9rie de agendas em Bras\u00edlia, sendo que nesta sexta-feira (27) se reuniu com o presidente da Rep\u00fablica, Lu\u00eds In\u00e1cio Lula da Silva e os demais governadores. \u201cEstamos defendendo os grandes projetos que v\u00e3o transformar Mato Grosso do Sul\u201d.<\/p>\n\n\n\n<p>Ele ainda citou a parceria com o Estado do Paran\u00e1 para viabilizar a \u201cNova Ferroeste\u201d, que vai ligar Maracaju (MS) ao Porto de Paranagu\u00e1 (PR). \u201cO presidente Lula deve ir ao Paran\u00e1. Combinamos isso para que seja feita at\u00e9 abril. S\u00e3o projetos em parceria com os outros estados, sendo necess\u00e1rio que tenha di\u00e1logo, canal direto, bom planejamento, para que seja executado\u201d, completou.<\/p>\n\n\n\n<p>Outro assunto tratado com o Governo Federal foram as perdas dos estados com a redu\u00e7\u00e3o das al\u00edquotas de ICMS (imposto sobre opera\u00e7\u00f5es relativas \u00e0 circula\u00e7\u00e3o de mercadorias&nbsp;e servi\u00e7os) em diversos setores.<\/p>\n\n\n\n<p>\u201c\u00c9 importante que o Governo Federal se envolva nessa discuss\u00e3o porque ela afeta diretamente o pacto federativo. S\u00e3o os 26 estados e o Distrito Federal nessa condi\u00e7\u00e3o. Ent\u00e3o, o ministro Fernando Haddad colocou que junto a AGU vai buscar uma solu\u00e7\u00e3o definitiva dessas quest\u00f5es tribut\u00e1rias\u201d.<\/p>\n\n\n\n<p>Durante o encontro com o presidente, Riedel assinou junto com os demais governadores uma carta em defesa da democracia, reafirmando o compromisso com o Estado Democr\u00e1tico de Direito.<\/p>\n\n\n\n<p><em>Leonardo Rocha, Comunica\u00e7\u00e3o do Governo de MS<\/em><br><em>Foto Capa: Guilherme Pimentel<\/em><\/p>\n\n\n<div class=\"wp-block-image\">\n<figure class=\"aligncenter size-full\"><a href=\"https:\/\/www.sicredi.com.br\/coop\/pantanalms\/\"><img fetchpriority=\"high\" decoding=\"async\" width=\"900\" height=\"100\" src=\"https:\/\/msconectado.com.br\/wp-content\/uploads\/2023\/01\/MS_Concetado.png\" alt=\"\" class=\"wp-image-17625\" srcset=\"https:\/\/msconectado.com.br\/wp-content\/uploads\/2023\/01\/MS_Concetado.png 900w, https:\/\/msconectado.com.br\/wp-content\/uploads\/2023\/01\/MS_Concetado-300x33.png 300w, https:\/\/msconectado.com.br\/wp-content\/uploads\/2023\/01\/MS_Concetado-768x85.png 768w\" sizes=\"(max-width: 900px) 100vw, 900px\" \/><\/a><\/figure>\n<\/div>","protected":false},"excerpt":{"rendered":"<p>O governador Eduardo Riedel afirmou que as prioridades imediatas para Mato Grosso do Sul como os investimentos da rota bioce\u00e2nica, relicita\u00e7\u00e3o da ferrovia Malha Oeste e concess\u00e3o de rodovias foram bem recebidas pelo Governo Federal, que inclusive abriu uma linha direta para tratar destes assuntos por meio da Casa Civil. \u201cA gente percebe no Governo [&hellip;]<\/p>\n","protected":false},"author":2,"featured_media":17729,"comment_status":"open","ping_status":"closed","sticky":false,"template":"","format":"standard","meta":{"footnotes":""},"categories":[1,33],"tags":[],"class_list":["post-17728","post","type-post","status-publish","format-standard","has-post-thumbnail","hentry","category-noticia","category-politica"],"yoast_head":"<!-- This site is optimized with the Yoast SEO plugin v27.5 - https:\/\/yoast.com\/product\/yoast-seo-wordpress\/ -->\n<title>Governo federal abre linha direta para tratar dos grandes projetos para MS, afirma Eduardo Riedel. - MsConectado<\/title>\n<meta name=\"robots\" content=\"index, follow, max-snippet:-1, max-image-preview:large, max-video-preview:-1\" \/>\n<link rel=\"canonical\" href=\"https:\/\/msconectado.com.br\/?p=17728\" \/>\n<meta property=\"og:locale\" content=\"pt_BR\" \/>\n<meta property=\"og:type\" content=\"article\" \/>\n<meta property=\"og:title\" content=\"Governo federal abre linha direta para tratar dos grandes projetos para MS, afirma Eduardo Riedel. - MsConectado\" \/>\n<meta property=\"og:description\" content=\"O governador Eduardo Riedel afirmou que as prioridades imediatas para Mato Grosso do Sul como os investimentos da rota bioce\u00e2nica, relicita\u00e7\u00e3o da ferrovia Malha Oeste e concess\u00e3o de rodovias foram bem recebidas pelo Governo Federal, que inclusive abriu uma linha direta para tratar destes assuntos por meio da Casa Civil. \u201cA gente percebe no Governo [&hellip;]\" \/>\n<meta property=\"og:url\" content=\"https:\/\/msconectado.com.br\/?p=17728\" \/>\n<meta property=\"og:site_name\" content=\"MsConectado\" \/>\n<meta property=\"article:published_time\" content=\"2023-01-27T19:29:15+00:00\" \/>\n<meta property=\"article:modified_time\" content=\"2023-01-27T19:29:16+00:00\" \/>\n<meta property=\"og:image\" content=\"https:\/\/msconectado.com.br\/wp-content\/uploads\/2023\/01\/ridel.jpg\" \/>\n\t<meta property=\"og:image:width\" content=\"730\" \/>\n\t<meta property=\"og:image:height\" content=\"480\" \/>\n\t<meta property=\"og:image:type\" content=\"image\/jpeg\" \/>\n<meta name=\"author\" content=\"MsConectado\" \/>\n<meta name=\"twitter:card\" content=\"summary_large_image\" \/>\n<meta name=\"twitter:label1\" content=\"Escrito por\" \/>\n\t<meta name=\"twitter:data1\" content=\"MsConectado\" \/>\n\t<meta name=\"twitter:label2\" content=\"Est. tempo de leitura\" \/>\n\t<meta name=\"twitter:data2\" content=\"3 minutos\" \/>\n<script type=\"application\/ld+json\" class=\"yoast-schema-graph\">{\"@context\":\"https:\\\/\\\/schema.org\",\"@graph\":[{\"@type\":\"Article\",\"@id\":\"https:\\\/\\\/msconectado.com.br\\\/?p=17728#article\",\"isPartOf\":{\"@id\":\"https:\\\/\\\/msconectado.com.br\\\/?p=17728\"},\"author\":{\"name\":\"MsConectado\",\"@id\":\"https:\\\/\\\/msconectado.com.br\\\/#\\\/schema\\\/person\\\/e5585545b5687092f1041d350b6e2c16\"},\"headline\":\"Governo federal abre linha direta para tratar dos grandes projetos para MS, afirma Eduardo Riedel.\",\"datePublished\":\"2023-01-27T19:29:15+00:00\",\"dateModified\":\"2023-01-27T19:29:16+00:00\",\"mainEntityOfPage\":{\"@id\":\"https:\\\/\\\/msconectado.com.br\\\/?p=17728\"},\"wordCount\":383,\"commentCount\":0,\"publisher\":{\"@id\":\"https:\\\/\\\/msconectado.com.br\\\/#organization\"},\"image\":{\"@id\":\"https:\\\/\\\/msconectado.com.br\\\/?p=17728#primaryimage\"},\"thumbnailUrl\":\"https:\\\/\\\/msconectado.com.br\\\/wp-content\\\/uploads\\\/2023\\\/01\\\/ridel.jpg\",\"articleSection\":[\"Not\u00edcia\",\"Pol\u00edtica\"],\"inLanguage\":\"pt-BR\",\"potentialAction\":[{\"@type\":\"CommentAction\",\"name\":\"Comment\",\"target\":[\"https:\\\/\\\/msconectado.com.br\\\/?p=17728#respond\"]}]},{\"@type\":\"WebPage\",\"@id\":\"https:\\\/\\\/msconectado.com.br\\\/?p=17728\",\"url\":\"https:\\\/\\\/msconectado.com.br\\\/?p=17728\",\"name\":\"Governo federal abre linha direta para tratar dos grandes projetos para MS, afirma Eduardo Riedel. - MsConectado\",\"isPartOf\":{\"@id\":\"https:\\\/\\\/msconectado.com.br\\\/#website\"},\"primaryImageOfPage\":{\"@id\":\"https:\\\/\\\/msconectado.com.br\\\/?p=17728#primaryimage\"},\"image\":{\"@id\":\"https:\\\/\\\/msconectado.com.br\\\/?p=17728#primaryimage\"},\"thumbnailUrl\":\"https:\\\/\\\/msconectado.com.br\\\/wp-content\\\/uploads\\\/2023\\\/01\\\/ridel.jpg\",\"datePublished\":\"2023-01-27T19:29:15+00:00\",\"dateModified\":\"2023-01-27T19:29:16+00:00\",\"breadcrumb\":{\"@id\":\"https:\\\/\\\/msconectado.com.br\\\/?p=17728#breadcrumb\"},\"inLanguage\":\"pt-BR\",\"potentialAction\":[{\"@type\":\"ReadAction\",\"target\":[\"https:\\\/\\\/msconectado.com.br\\\/?p=17728\"]}]},{\"@type\":\"ImageObject\",\"inLanguage\":\"pt-BR\",\"@id\":\"https:\\\/\\\/msconectado.com.br\\\/?p=17728#primaryimage\",\"url\":\"https:\\\/\\\/msconectado.com.br\\\/wp-content\\\/uploads\\\/2023\\\/01\\\/ridel.jpg\",\"contentUrl\":\"https:\\\/\\\/msconectado.com.br\\\/wp-content\\\/uploads\\\/2023\\\/01\\\/ridel.jpg\",\"width\":730,\"height\":480},{\"@type\":\"BreadcrumbList\",\"@id\":\"https:\\\/\\\/msconectado.com.br\\\/?p=17728#breadcrumb\",\"itemListElement\":[{\"@type\":\"ListItem\",\"position\":1,\"name\":\"In\u00edcio\",\"item\":\"https:\\\/\\\/msconectado.com.br\\\/?page_id=105\"},{\"@type\":\"ListItem\",\"position\":2,\"name\":\"Governo federal abre linha direta para tratar dos grandes projetos para MS, afirma Eduardo Riedel.\"}]},{\"@type\":\"WebSite\",\"@id\":\"https:\\\/\\\/msconectado.com.br\\\/#website\",\"url\":\"https:\\\/\\\/msconectado.com.br\\\/\",\"name\":\"MsConectado\",\"description\":\"Voc\u00ea Conectado com a Not\u00edcia!\",\"publisher\":{\"@id\":\"https:\\\/\\\/msconectado.com.br\\\/#organization\"},\"potentialAction\":[{\"@type\":\"SearchAction\",\"target\":{\"@type\":\"EntryPoint\",\"urlTemplate\":\"https:\\\/\\\/msconectado.com.br\\\/?s={search_term_string}\"},\"query-input\":{\"@type\":\"PropertyValueSpecification\",\"valueRequired\":true,\"valueName\":\"search_term_string\"}}],\"inLanguage\":\"pt-BR\"},{\"@type\":\"Organization\",\"@id\":\"https:\\\/\\\/msconectado.com.br\\\/#organization\",\"name\":\"MsConectado\",\"url\":\"https:\\\/\\\/msconectado.com.br\\\/\",\"logo\":{\"@type\":\"ImageObject\",\"inLanguage\":\"pt-BR\",\"@id\":\"https:\\\/\\\/msconectado.com.br\\\/#\\\/schema\\\/logo\\\/image\\\/\",\"url\":\"https:\\\/\\\/msconectado.com.br\\\/wp-content\\\/uploads\\\/2023\\\/01\\\/cropped-noticia-2.png\",\"contentUrl\":\"https:\\\/\\\/msconectado.com.br\\\/wp-content\\\/uploads\\\/2023\\\/01\\\/cropped-noticia-2.png\",\"width\":720,\"height\":157,\"caption\":\"MsConectado\"},\"image\":{\"@id\":\"https:\\\/\\\/msconectado.com.br\\\/#\\\/schema\\\/logo\\\/image\\\/\"}},{\"@type\":\"Person\",\"@id\":\"https:\\\/\\\/msconectado.com.br\\\/#\\\/schema\\\/person\\\/e5585545b5687092f1041d350b6e2c16\",\"name\":\"MsConectado\",\"image\":{\"@type\":\"ImageObject\",\"inLanguage\":\"pt-BR\",\"@id\":\"https:\\\/\\\/secure.gravatar.com\\\/avatar\\\/3b4f84a0a8a4380ac4431fa79981d073692380c5da00ae97596e794ab0db5c8c?s=96&d=mm&r=g\",\"url\":\"https:\\\/\\\/secure.gravatar.com\\\/avatar\\\/3b4f84a0a8a4380ac4431fa79981d073692380c5da00ae97596e794ab0db5c8c?s=96&d=mm&r=g\",\"contentUrl\":\"https:\\\/\\\/secure.gravatar.com\\\/avatar\\\/3b4f84a0a8a4380ac4431fa79981d073692380c5da00ae97596e794ab0db5c8c?s=96&d=mm&r=g\",\"caption\":\"MsConectado\"},\"url\":\"https:\\\/\\\/msconectado.com.br\\\/?author=2\"}]}<\/script>\n<!-- \/ Yoast SEO plugin. -->","yoast_head_json":{"title":"Governo federal abre linha direta para tratar dos grandes projetos para MS, afirma Eduardo Riedel. - MsConectado","robots":{"index":"index","follow":"follow","max-snippet":"max-snippet:-1","max-image-preview":"max-image-preview:large","max-video-preview":"max-video-preview:-1"},"canonical":"https:\/\/msconectado.com.br\/?p=17728","og_locale":"pt_BR","og_type":"article","og_title":"Governo federal abre linha direta para tratar dos grandes projetos para MS, afirma Eduardo Riedel. - MsConectado","og_description":"O governador Eduardo Riedel afirmou que as prioridades imediatas para Mato Grosso do Sul como os investimentos da rota bioce\u00e2nica, relicita\u00e7\u00e3o da ferrovia Malha Oeste e concess\u00e3o de rodovias foram bem recebidas pelo Governo Federal, que inclusive abriu uma linha direta para tratar destes assuntos por meio da Casa Civil. \u201cA gente percebe no Governo [&hellip;]","og_url":"https:\/\/msconectado.com.br\/?p=17728","og_site_name":"MsConectado","article_published_time":"2023-01-27T19:29:15+00:00","article_modified_time":"2023-01-27T19:29:16+00:00","og_image":[{"width":730,"height":480,"url":"https:\/\/msconectado.com.br\/wp-content\/uploads\/2023\/01\/ridel.jpg","type":"image\/jpeg"}],"author":"MsConectado","twitter_card":"summary_large_image","twitter_misc":{"Escrito por":"MsConectado","Est. tempo de leitura":"3 minutos"},"schema":{"@context":"https:\/\/schema.org","@graph":[{"@type":"Article","@id":"https:\/\/msconectado.com.br\/?p=17728#article","isPartOf":{"@id":"https:\/\/msconectado.com.br\/?p=17728"},"author":{"name":"MsConectado","@id":"https:\/\/msconectado.com.br\/#\/schema\/person\/e5585545b5687092f1041d350b6e2c16"},"headline":"Governo federal abre linha direta para tratar dos grandes projetos para MS, afirma Eduardo Riedel.","datePublished":"2023-01-27T19:29:15+00:00","dateModified":"2023-01-27T19:29:16+00:00","mainEntityOfPage":{"@id":"https:\/\/msconectado.com.br\/?p=17728"},"wordCount":383,"commentCount":0,"publisher":{"@id":"https:\/\/msconectado.com.br\/#organization"},"image":{"@id":"https:\/\/msconectado.com.br\/?p=17728#primaryimage"},"thumbnailUrl":"https:\/\/msconectado.com.br\/wp-content\/uploads\/2023\/01\/ridel.jpg","articleSection":["Not\u00edcia","Pol\u00edtica"],"inLanguage":"pt-BR","potentialAction":[{"@type":"CommentAction","name":"Comment","target":["https:\/\/msconectado.com.br\/?p=17728#respond"]}]},{"@type":"WebPage","@id":"https:\/\/msconectado.com.br\/?p=17728","url":"https:\/\/msconectado.com.br\/?p=17728","name":"Governo federal abre linha direta para tratar dos grandes projetos para MS, afirma Eduardo Riedel. - MsConectado","isPartOf":{"@id":"https:\/\/msconectado.com.br\/#website"},"primaryImageOfPage":{"@id":"https:\/\/msconectado.com.br\/?p=17728#primaryimage"},"image":{"@id":"https:\/\/msconectado.com.br\/?p=17728#primaryimage"},"thumbnailUrl":"https:\/\/msconectado.com.br\/wp-content\/uploads\/2023\/01\/ridel.jpg","datePublished":"2023-01-27T19:29:15+00:00","dateModified":"2023-01-27T19:29:16+00:00","breadcrumb":{"@id":"https:\/\/msconectado.com.br\/?p=17728#breadcrumb"},"inLanguage":"pt-BR","potentialAction":[{"@type":"ReadAction","target":["https:\/\/msconectado.com.br\/?p=17728"]}]},{"@type":"ImageObject","inLanguage":"pt-BR","@id":"https:\/\/msconectado.com.br\/?p=17728#primaryimage","url":"https:\/\/msconectado.com.br\/wp-content\/uploads\/2023\/01\/ridel.jpg","contentUrl":"https:\/\/msconectado.com.br\/wp-content\/uploads\/2023\/01\/ridel.jpg","width":730,"height":480},{"@type":"BreadcrumbList","@id":"https:\/\/msconectado.com.br\/?p=17728#breadcrumb","itemListElement":[{"@type":"ListItem","position":1,"name":"In\u00edcio","item":"https:\/\/msconectado.com.br\/?page_id=105"},{"@type":"ListItem","position":2,"name":"Governo federal abre linha direta para tratar dos grandes projetos para MS, afirma Eduardo Riedel."}]},{"@type":"WebSite","@id":"https:\/\/msconectado.com.br\/#website","url":"https:\/\/msconectado.com.br\/","name":"MsConectado","description":"Voc\u00ea Conectado com a Not\u00edcia!","publisher":{"@id":"https:\/\/msconectado.com.br\/#organization"},"potentialAction":[{"@type":"SearchAction","target":{"@type":"EntryPoint","urlTemplate":"https:\/\/msconectado.com.br\/?s={search_term_string}"},"query-input":{"@type":"PropertyValueSpecification","valueRequired":true,"valueName":"search_term_string"}}],"inLanguage":"pt-BR"},{"@type":"Organization","@id":"https:\/\/msconectado.com.br\/#organization","name":"MsConectado","url":"https:\/\/msconectado.com.br\/","logo":{"@type":"ImageObject","inLanguage":"pt-BR","@id":"https:\/\/msconectado.com.br\/#\/schema\/logo\/image\/","url":"https:\/\/msconectado.com.br\/wp-content\/uploads\/2023\/01\/cropped-noticia-2.png","contentUrl":"https:\/\/msconectado.com.br\/wp-content\/uploads\/2023\/01\/cropped-noticia-2.png","width":720,"height":157,"caption":"MsConectado"},"image":{"@id":"https:\/\/msconectado.com.br\/#\/schema\/logo\/image\/"}},{"@type":"Person","@id":"https:\/\/msconectado.com.br\/#\/schema\/person\/e5585545b5687092f1041d350b6e2c16","name":"MsConectado","image":{"@type":"ImageObject","inLanguage":"pt-BR","@id":"https:\/\/secure.gravatar.com\/avatar\/3b4f84a0a8a4380ac4431fa79981d073692380c5da00ae97596e794ab0db5c8c?s=96&d=mm&r=g","url":"https:\/\/secure.gravatar.com\/avatar\/3b4f84a0a8a4380ac4431fa79981d073692380c5da00ae97596e794ab0db5c8c?s=96&d=mm&r=g","contentUrl":"https:\/\/secure.gravatar.com\/avatar\/3b4f84a0a8a4380ac4431fa79981d073692380c5da00ae97596e794ab0db5c8c?s=96&d=mm&r=g","caption":"MsConectado"},"url":"https:\/\/msconectado.com.br\/?author=2"}]}},"_links":{"self":[{"href":"https:\/\/msconectado.com.br\/index.php?rest_route=\/wp\/v2\/posts\/17728","targetHints":{"allow":["GET"]}}],"collection":[{"href":"https:\/\/msconectado.com.br\/index.php?rest_route=\/wp\/v2\/posts"}],"about":[{"href":"https:\/\/msconectado.com.br\/index.php?rest_route=\/wp\/v2\/types\/post"}],"author":[{"embeddable":true,"href":"https:\/\/msconectado.com.br\/index.php?rest_route=\/wp\/v2\/users\/2"}],"replies":[{"embeddable":true,"href":"https:\/\/msconectado.com.br\/index.php?rest_route=%2Fwp%2Fv2%2Fcomments&post=17728"}],"version-history":[{"count":1,"href":"https:\/\/msconectado.com.br\/index.php?rest_route=\/wp\/v2\/posts\/17728\/revisions"}],"predecessor-version":[{"id":17730,"href":"https:\/\/msconectado.com.br\/index.php?rest_route=\/wp\/v2\/posts\/17728\/revisions\/17730"}],"wp:featuredmedia":[{"embeddable":true,"href":"https:\/\/msconectado.com.br\/index.php?rest_route=\/wp\/v2\/media\/17729"}],"wp:attachment":[{"href":"https:\/\/msconectado.com.br\/index.php?rest_route=%2Fwp%2Fv2%2Fmedia&parent=17728"}],"wp:term":[{"taxonomy":"category","embeddable":true,"href":"https:\/\/msconectado.com.br\/index.php?rest_route=%2Fwp%2Fv2%2Fcategories&post=17728"},{"taxonomy":"post_tag","embeddable":true,"href":"https:\/\/msconectado.com.br\/index.php?rest_route=%2Fwp%2Fv2%2Ftags&post=17728"}],"curies":[{"name":"wp","href":"https:\/\/api.w.org\/{rel}","templated":true}]}}