
{"id":17793,"date":"2023-01-31T21:14:14","date_gmt":"2023-01-31T21:14:14","guid":{"rendered":"https:\/\/msconectado.com.br\/?p=17793"},"modified":"2023-01-31T21:14:15","modified_gmt":"2023-01-31T21:14:15","slug":"eduardo-riedel-reitera-compromissos-do-governo-para-implantacao-de-fabrica-de-celulose-de-r-15-bilhoes","status":"publish","type":"post","link":"https:\/\/msconectado.com.br\/?p=17793","title":{"rendered":"Eduardo Riedel reitera compromissos do Governo para implanta\u00e7\u00e3o de f\u00e1brica de celulose de R$ 15 bilh\u00f5es."},"content":{"rendered":"\n<p>Comprometido com o desenvolvimento de Mato Grosso do Sul, o governador Eduardo Riedel recebeu nesta ter\u00e7a-feira (31) o diretor de Desenvolvimento de Novos Neg\u00f3cios da Arauco, M\u00e1rio Jos\u00e9 de Souza Neto, para discutir os investimentos da empresa chilena em Inoc\u00eancia &#8211; a 337 quil\u00f4metros de Campo Grande, na regi\u00e3o do Bols\u00e3o.&nbsp;<\/p>\n\n\n\n<p>Na reuni\u00e3o, M\u00e1rio Neto apresentou o planejamento dos investimentos e Eduardo Riedel reafirmou os compromissos na \u00e1rea de infraestrutura para permitir o escoamento da produ\u00e7\u00e3o e atender o aumento populacional do munic\u00edpio de 8 mil habitantes. O Projeto Sucuri\u00fa, de implanta\u00e7\u00e3o da unidade em Inoc\u00eancia, prev\u00ea o investimento privado de 3 bilh\u00f5es de d\u00f3lares (R$ 15 bilh\u00f5es), com 12 mil pessoas trabalhando no pico da constru\u00e7\u00e3o da f\u00e1brica.&nbsp;&nbsp;<\/p>\n\n\n\n<p>Eduardo Riedel destacou o papel do Estado e a transforma\u00e7\u00e3o provocada pelo investimento. \u201cDiscutimos as contrapartidas do Estado, estradas, pavimenta\u00e7\u00e3o, linha f\u00e9rrea, fibra \u00f3tica, que tem que chegar \u00e0 empresa, todas as a\u00e7\u00f5es que o Estado tem que fazer para viabilizar esse que \u00e9 um dos maiores investimentos privados do Brasil e que come\u00e7a a partir de j\u00e1, esse ano, a \u00e1rea florestal, que \u00e9 a base de produ\u00e7\u00e3o para empresa de celulose. Ent\u00e3o, a gente entrega no dia a dia as a\u00e7\u00f5es do Governo do Estado para viabilizar essa unidade\u201d, disse o governador.<\/p>\n\n\n\n<p>Ainda segundo ele, o empreendimento vai ao encontro do projeto de futuro para o Estado. \u201cMato Grosso do Sul \u00e9 um dos estados que mais cresce do Brasil e esse investimento vai trazer empregos, renda, oportunidade para as pessoas de Inoc\u00eancia e trazer gente para Inoc\u00eancia tamb\u00e9m para aproveitar essas oportunidades. Sa\u00edmos dessa reuni\u00e3o muito satisfeitos com tudo o que tem acontecido e vamos continuar trabalhando para viabilizar esse tipo de desenvolvimento para o nosso Estado\u201d.<\/p>\n\n\n\n<p>J\u00e1 o diretor M\u00e1rio Neto falou que o Governo de Mato Grosso do Sul est\u00e1 dando um apoio importante ao empreendimento e que, na reuni\u00e3o desta ter\u00e7a-feira, foram refor\u00e7ados os la\u00e7os entre a empresa e o Estado. \u201cEstamos muito confiantes com o projeto Sucuri\u00fa, com a coopera\u00e7\u00e3o do Governo do Estado e do Munic\u00edpio. Desde o in\u00edcio, o projeto sempre foi estruturado dessa forma: um trabalho em equipe do Governo, do Munic\u00edpio e da Arauco. Esse projeto, assim como o DNA da Arauco, est\u00e1 fortemente calcado nos tr\u00eas pilares da ESG (melhores pr\u00e1ticas ambientais, sociais e de governan\u00e7a) e da sustentabilidade e temos certeza de que ele vai trazer desenvolvimento econ\u00f4mico, social, e uma pegada altamente sustent\u00e1vel na forma de gerir e executar os projetos aqui no Estado, fazendo com que Mato Grosso do Sul se consolide realmente como o Vale da Celulose\u201d, declarou.<\/p>\n\n\n\n<p>E o secret\u00e1rio Jaime Verruck, de Meio Ambiente, Desenvolvimento, Ci\u00eancia, Tecnologia e Inova\u00e7\u00e3o, destacou que Mato Grosso do Sul vai se tornar o maior produtor de celulose do mundo e ressaltou, ainda, a import\u00e2ncia das contrapartidas do Estado. \u201cTemos a constru\u00e7\u00e3o de uma f\u00e1brica em Ribas do Rio Pardo e, agora, o projeto da Arauco, na mesma dimens\u00e3o, no munic\u00edpio de Inoc\u00eancia. Mato Grosso do Sul, n\u00f3s chamamos de Vale da Celulose, exatamente por isso. Somos o 2\u00ba em produ\u00e7\u00e3o de celulose, o 1\u00ba em exporta\u00e7\u00e3o, mas com esses projetos n\u00f3s seremos o estado maior produtor de celulose do mundo e com projetos altamente sustent\u00e1veis\u201d, afirmou.<\/p>\n\n\n\n<p>O encontro tamb\u00e9m contou com as presen\u00e7as do secret\u00e1rio Eduardo Rocha (Casa Civil); do prefeito Antonio \u00c2ngelo Garcia dos Santos (Toninho da Cofap); do vice-presidente e consultor s\u00eanior da STCP Engenharia, Jo\u00e9sio Siqueira; e de representantes da C\u00e2mara Municipal de Inoc\u00eancia, entre outras autoridades.<\/p>\n\n\n\n<p><em>Paulo Fernandes, Comunica\u00e7\u00e3o do Governo de MS<\/em><\/p>\n\n\n\n<p><em>Foto: Saul Schramm<\/em><\/p>\n\n\n<div class=\"wp-block-image\">\n<figure class=\"aligncenter size-full\"><a href=\"https:\/\/www.sicredi.com.br\/coop\/pantanalms\/\"><img fetchpriority=\"high\" decoding=\"async\" width=\"900\" height=\"100\" src=\"https:\/\/msconectado.com.br\/wp-content\/uploads\/2023\/01\/MS_Concetado.png\" alt=\"\" class=\"wp-image-17625\" srcset=\"https:\/\/msconectado.com.br\/wp-content\/uploads\/2023\/01\/MS_Concetado.png 900w, https:\/\/msconectado.com.br\/wp-content\/uploads\/2023\/01\/MS_Concetado-300x33.png 300w, https:\/\/msconectado.com.br\/wp-content\/uploads\/2023\/01\/MS_Concetado-768x85.png 768w\" sizes=\"(max-width: 900px) 100vw, 900px\" \/><\/a><\/figure>\n<\/div>","protected":false},"excerpt":{"rendered":"<p>Comprometido com o desenvolvimento de Mato Grosso do Sul, o governador Eduardo Riedel recebeu nesta ter\u00e7a-feira (31) o diretor de Desenvolvimento de Novos Neg\u00f3cios da Arauco, M\u00e1rio Jos\u00e9 de Souza Neto, para discutir os investimentos da empresa chilena em Inoc\u00eancia &#8211; a 337 quil\u00f4metros de Campo Grande, na regi\u00e3o do Bols\u00e3o.&nbsp; Na reuni\u00e3o, M\u00e1rio Neto [&hellip;]<\/p>\n","protected":false},"author":3,"featured_media":17795,"comment_status":"open","ping_status":"closed","sticky":false,"template":"","format":"standard","meta":{"footnotes":""},"categories":[33],"tags":[],"class_list":["post-17793","post","type-post","status-publish","format-standard","has-post-thumbnail","hentry","category-politica"],"yoast_head":"<!-- This site is optimized with the Yoast SEO plugin v27.5 - https:\/\/yoast.com\/product\/yoast-seo-wordpress\/ -->\n<title>Eduardo Riedel reitera compromissos do Governo para implanta\u00e7\u00e3o de f\u00e1brica de celulose de R$ 15 bilh\u00f5es. - MsConectado<\/title>\n<meta name=\"robots\" content=\"index, follow, max-snippet:-1, max-image-preview:large, max-video-preview:-1\" \/>\n<link rel=\"canonical\" href=\"https:\/\/msconectado.com.br\/?p=17793\" \/>\n<meta property=\"og:locale\" content=\"pt_BR\" \/>\n<meta property=\"og:type\" content=\"article\" \/>\n<meta property=\"og:title\" content=\"Eduardo Riedel reitera compromissos do Governo para implanta\u00e7\u00e3o de f\u00e1brica de celulose de R$ 15 bilh\u00f5es. - MsConectado\" \/>\n<meta property=\"og:description\" content=\"Comprometido com o desenvolvimento de Mato Grosso do Sul, o governador Eduardo Riedel recebeu nesta ter\u00e7a-feira (31) o diretor de Desenvolvimento de Novos Neg\u00f3cios da Arauco, M\u00e1rio Jos\u00e9 de Souza Neto, para discutir os investimentos da empresa chilena em Inoc\u00eancia &#8211; a 337 quil\u00f4metros de Campo Grande, na regi\u00e3o do Bols\u00e3o.&nbsp; Na reuni\u00e3o, M\u00e1rio Neto [&hellip;]\" \/>\n<meta property=\"og:url\" content=\"https:\/\/msconectado.com.br\/?p=17793\" \/>\n<meta property=\"og:site_name\" content=\"MsConectado\" \/>\n<meta property=\"article:published_time\" content=\"2023-01-31T21:14:14+00:00\" \/>\n<meta property=\"article:modified_time\" content=\"2023-01-31T21:14:15+00:00\" \/>\n<meta property=\"og:image\" content=\"https:\/\/msconectado.com.br\/wp-content\/uploads\/2023\/01\/edu-scaled.jpg\" \/>\n\t<meta property=\"og:image:width\" content=\"2560\" \/>\n\t<meta property=\"og:image:height\" content=\"1339\" \/>\n\t<meta property=\"og:image:type\" content=\"image\/jpeg\" \/>\n<meta name=\"author\" content=\"Jeferson\" \/>\n<meta name=\"twitter:card\" content=\"summary_large_image\" \/>\n<meta name=\"twitter:label1\" content=\"Escrito por\" \/>\n\t<meta name=\"twitter:data1\" content=\"Jeferson\" \/>\n\t<meta name=\"twitter:label2\" content=\"Est. tempo de leitura\" \/>\n\t<meta name=\"twitter:data2\" content=\"4 minutos\" \/>\n<script type=\"application\/ld+json\" class=\"yoast-schema-graph\">{\"@context\":\"https:\\\/\\\/schema.org\",\"@graph\":[{\"@type\":\"Article\",\"@id\":\"https:\\\/\\\/msconectado.com.br\\\/?p=17793#article\",\"isPartOf\":{\"@id\":\"https:\\\/\\\/msconectado.com.br\\\/?p=17793\"},\"author\":{\"name\":\"Jeferson\",\"@id\":\"https:\\\/\\\/msconectado.com.br\\\/#\\\/schema\\\/person\\\/feb123a95a93eebea36f0ed6a2e5ba48\"},\"headline\":\"Eduardo Riedel reitera compromissos do Governo para implanta\u00e7\u00e3o de f\u00e1brica de celulose de R$ 15 bilh\u00f5es.\",\"datePublished\":\"2023-01-31T21:14:14+00:00\",\"dateModified\":\"2023-01-31T21:14:15+00:00\",\"mainEntityOfPage\":{\"@id\":\"https:\\\/\\\/msconectado.com.br\\\/?p=17793\"},\"wordCount\":669,\"commentCount\":0,\"publisher\":{\"@id\":\"https:\\\/\\\/msconectado.com.br\\\/#organization\"},\"image\":{\"@id\":\"https:\\\/\\\/msconectado.com.br\\\/?p=17793#primaryimage\"},\"thumbnailUrl\":\"https:\\\/\\\/msconectado.com.br\\\/wp-content\\\/uploads\\\/2023\\\/01\\\/edu-scaled.jpg\",\"articleSection\":[\"Pol\u00edtica\"],\"inLanguage\":\"pt-BR\",\"potentialAction\":[{\"@type\":\"CommentAction\",\"name\":\"Comment\",\"target\":[\"https:\\\/\\\/msconectado.com.br\\\/?p=17793#respond\"]}]},{\"@type\":\"WebPage\",\"@id\":\"https:\\\/\\\/msconectado.com.br\\\/?p=17793\",\"url\":\"https:\\\/\\\/msconectado.com.br\\\/?p=17793\",\"name\":\"Eduardo Riedel reitera compromissos do Governo para implanta\u00e7\u00e3o de f\u00e1brica de celulose de R$ 15 bilh\u00f5es. - MsConectado\",\"isPartOf\":{\"@id\":\"https:\\\/\\\/msconectado.com.br\\\/#website\"},\"primaryImageOfPage\":{\"@id\":\"https:\\\/\\\/msconectado.com.br\\\/?p=17793#primaryimage\"},\"image\":{\"@id\":\"https:\\\/\\\/msconectado.com.br\\\/?p=17793#primaryimage\"},\"thumbnailUrl\":\"https:\\\/\\\/msconectado.com.br\\\/wp-content\\\/uploads\\\/2023\\\/01\\\/edu-scaled.jpg\",\"datePublished\":\"2023-01-31T21:14:14+00:00\",\"dateModified\":\"2023-01-31T21:14:15+00:00\",\"breadcrumb\":{\"@id\":\"https:\\\/\\\/msconectado.com.br\\\/?p=17793#breadcrumb\"},\"inLanguage\":\"pt-BR\",\"potentialAction\":[{\"@type\":\"ReadAction\",\"target\":[\"https:\\\/\\\/msconectado.com.br\\\/?p=17793\"]}]},{\"@type\":\"ImageObject\",\"inLanguage\":\"pt-BR\",\"@id\":\"https:\\\/\\\/msconectado.com.br\\\/?p=17793#primaryimage\",\"url\":\"https:\\\/\\\/msconectado.com.br\\\/wp-content\\\/uploads\\\/2023\\\/01\\\/edu-scaled.jpg\",\"contentUrl\":\"https:\\\/\\\/msconectado.com.br\\\/wp-content\\\/uploads\\\/2023\\\/01\\\/edu-scaled.jpg\",\"width\":2560,\"height\":1339},{\"@type\":\"BreadcrumbList\",\"@id\":\"https:\\\/\\\/msconectado.com.br\\\/?p=17793#breadcrumb\",\"itemListElement\":[{\"@type\":\"ListItem\",\"position\":1,\"name\":\"In\u00edcio\",\"item\":\"https:\\\/\\\/msconectado.com.br\\\/\"},{\"@type\":\"ListItem\",\"position\":2,\"name\":\"Eduardo Riedel reitera compromissos do Governo para implanta\u00e7\u00e3o de f\u00e1brica de celulose de R$ 15 bilh\u00f5es.\"}]},{\"@type\":\"WebSite\",\"@id\":\"https:\\\/\\\/msconectado.com.br\\\/#website\",\"url\":\"https:\\\/\\\/msconectado.com.br\\\/\",\"name\":\"MsConectado\",\"description\":\"Voc\u00ea Conectado com a Not\u00edcia!\",\"publisher\":{\"@id\":\"https:\\\/\\\/msconectado.com.br\\\/#organization\"},\"potentialAction\":[{\"@type\":\"SearchAction\",\"target\":{\"@type\":\"EntryPoint\",\"urlTemplate\":\"https:\\\/\\\/msconectado.com.br\\\/?s={search_term_string}\"},\"query-input\":{\"@type\":\"PropertyValueSpecification\",\"valueRequired\":true,\"valueName\":\"search_term_string\"}}],\"inLanguage\":\"pt-BR\"},{\"@type\":\"Organization\",\"@id\":\"https:\\\/\\\/msconectado.com.br\\\/#organization\",\"name\":\"MsConectado\",\"url\":\"https:\\\/\\\/msconectado.com.br\\\/\",\"logo\":{\"@type\":\"ImageObject\",\"inLanguage\":\"pt-BR\",\"@id\":\"https:\\\/\\\/msconectado.com.br\\\/#\\\/schema\\\/logo\\\/image\\\/\",\"url\":\"https:\\\/\\\/msconectado.com.br\\\/wp-content\\\/uploads\\\/2023\\\/01\\\/cropped-noticia-2.png\",\"contentUrl\":\"https:\\\/\\\/msconectado.com.br\\\/wp-content\\\/uploads\\\/2023\\\/01\\\/cropped-noticia-2.png\",\"width\":720,\"height\":157,\"caption\":\"MsConectado\"},\"image\":{\"@id\":\"https:\\\/\\\/msconectado.com.br\\\/#\\\/schema\\\/logo\\\/image\\\/\"}},{\"@type\":\"Person\",\"@id\":\"https:\\\/\\\/msconectado.com.br\\\/#\\\/schema\\\/person\\\/feb123a95a93eebea36f0ed6a2e5ba48\",\"name\":\"Jeferson\",\"image\":{\"@type\":\"ImageObject\",\"inLanguage\":\"pt-BR\",\"@id\":\"https:\\\/\\\/secure.gravatar.com\\\/avatar\\\/e23e8901c88f0cdc0ad479ef7a39bf3e4c806344549c087c00b721a65549a328?s=96&d=mm&r=g\",\"url\":\"https:\\\/\\\/secure.gravatar.com\\\/avatar\\\/e23e8901c88f0cdc0ad479ef7a39bf3e4c806344549c087c00b721a65549a328?s=96&d=mm&r=g\",\"contentUrl\":\"https:\\\/\\\/secure.gravatar.com\\\/avatar\\\/e23e8901c88f0cdc0ad479ef7a39bf3e4c806344549c087c00b721a65549a328?s=96&d=mm&r=g\",\"caption\":\"Jeferson\"},\"url\":\"https:\\\/\\\/msconectado.com.br\\\/?author=3\"}]}<\/script>\n<!-- \/ Yoast SEO plugin. -->","yoast_head_json":{"title":"Eduardo Riedel reitera compromissos do Governo para implanta\u00e7\u00e3o de f\u00e1brica de celulose de R$ 15 bilh\u00f5es. - MsConectado","robots":{"index":"index","follow":"follow","max-snippet":"max-snippet:-1","max-image-preview":"max-image-preview:large","max-video-preview":"max-video-preview:-1"},"canonical":"https:\/\/msconectado.com.br\/?p=17793","og_locale":"pt_BR","og_type":"article","og_title":"Eduardo Riedel reitera compromissos do Governo para implanta\u00e7\u00e3o de f\u00e1brica de celulose de R$ 15 bilh\u00f5es. - MsConectado","og_description":"Comprometido com o desenvolvimento de Mato Grosso do Sul, o governador Eduardo Riedel recebeu nesta ter\u00e7a-feira (31) o diretor de Desenvolvimento de Novos Neg\u00f3cios da Arauco, M\u00e1rio Jos\u00e9 de Souza Neto, para discutir os investimentos da empresa chilena em Inoc\u00eancia &#8211; a 337 quil\u00f4metros de Campo Grande, na regi\u00e3o do Bols\u00e3o.&nbsp; Na reuni\u00e3o, M\u00e1rio Neto [&hellip;]","og_url":"https:\/\/msconectado.com.br\/?p=17793","og_site_name":"MsConectado","article_published_time":"2023-01-31T21:14:14+00:00","article_modified_time":"2023-01-31T21:14:15+00:00","og_image":[{"width":2560,"height":1339,"url":"https:\/\/msconectado.com.br\/wp-content\/uploads\/2023\/01\/edu-scaled.jpg","type":"image\/jpeg"}],"author":"Jeferson","twitter_card":"summary_large_image","twitter_misc":{"Escrito por":"Jeferson","Est. tempo de leitura":"4 minutos"},"schema":{"@context":"https:\/\/schema.org","@graph":[{"@type":"Article","@id":"https:\/\/msconectado.com.br\/?p=17793#article","isPartOf":{"@id":"https:\/\/msconectado.com.br\/?p=17793"},"author":{"name":"Jeferson","@id":"https:\/\/msconectado.com.br\/#\/schema\/person\/feb123a95a93eebea36f0ed6a2e5ba48"},"headline":"Eduardo Riedel reitera compromissos do Governo para implanta\u00e7\u00e3o de f\u00e1brica de celulose de R$ 15 bilh\u00f5es.","datePublished":"2023-01-31T21:14:14+00:00","dateModified":"2023-01-31T21:14:15+00:00","mainEntityOfPage":{"@id":"https:\/\/msconectado.com.br\/?p=17793"},"wordCount":669,"commentCount":0,"publisher":{"@id":"https:\/\/msconectado.com.br\/#organization"},"image":{"@id":"https:\/\/msconectado.com.br\/?p=17793#primaryimage"},"thumbnailUrl":"https:\/\/msconectado.com.br\/wp-content\/uploads\/2023\/01\/edu-scaled.jpg","articleSection":["Pol\u00edtica"],"inLanguage":"pt-BR","potentialAction":[{"@type":"CommentAction","name":"Comment","target":["https:\/\/msconectado.com.br\/?p=17793#respond"]}]},{"@type":"WebPage","@id":"https:\/\/msconectado.com.br\/?p=17793","url":"https:\/\/msconectado.com.br\/?p=17793","name":"Eduardo Riedel reitera compromissos do Governo para implanta\u00e7\u00e3o de f\u00e1brica de celulose de R$ 15 bilh\u00f5es. - MsConectado","isPartOf":{"@id":"https:\/\/msconectado.com.br\/#website"},"primaryImageOfPage":{"@id":"https:\/\/msconectado.com.br\/?p=17793#primaryimage"},"image":{"@id":"https:\/\/msconectado.com.br\/?p=17793#primaryimage"},"thumbnailUrl":"https:\/\/msconectado.com.br\/wp-content\/uploads\/2023\/01\/edu-scaled.jpg","datePublished":"2023-01-31T21:14:14+00:00","dateModified":"2023-01-31T21:14:15+00:00","breadcrumb":{"@id":"https:\/\/msconectado.com.br\/?p=17793#breadcrumb"},"inLanguage":"pt-BR","potentialAction":[{"@type":"ReadAction","target":["https:\/\/msconectado.com.br\/?p=17793"]}]},{"@type":"ImageObject","inLanguage":"pt-BR","@id":"https:\/\/msconectado.com.br\/?p=17793#primaryimage","url":"https:\/\/msconectado.com.br\/wp-content\/uploads\/2023\/01\/edu-scaled.jpg","contentUrl":"https:\/\/msconectado.com.br\/wp-content\/uploads\/2023\/01\/edu-scaled.jpg","width":2560,"height":1339},{"@type":"BreadcrumbList","@id":"https:\/\/msconectado.com.br\/?p=17793#breadcrumb","itemListElement":[{"@type":"ListItem","position":1,"name":"In\u00edcio","item":"https:\/\/msconectado.com.br\/"},{"@type":"ListItem","position":2,"name":"Eduardo Riedel reitera compromissos do Governo para implanta\u00e7\u00e3o de f\u00e1brica de celulose de R$ 15 bilh\u00f5es."}]},{"@type":"WebSite","@id":"https:\/\/msconectado.com.br\/#website","url":"https:\/\/msconectado.com.br\/","name":"MsConectado","description":"Voc\u00ea Conectado com a Not\u00edcia!","publisher":{"@id":"https:\/\/msconectado.com.br\/#organization"},"potentialAction":[{"@type":"SearchAction","target":{"@type":"EntryPoint","urlTemplate":"https:\/\/msconectado.com.br\/?s={search_term_string}"},"query-input":{"@type":"PropertyValueSpecification","valueRequired":true,"valueName":"search_term_string"}}],"inLanguage":"pt-BR"},{"@type":"Organization","@id":"https:\/\/msconectado.com.br\/#organization","name":"MsConectado","url":"https:\/\/msconectado.com.br\/","logo":{"@type":"ImageObject","inLanguage":"pt-BR","@id":"https:\/\/msconectado.com.br\/#\/schema\/logo\/image\/","url":"https:\/\/msconectado.com.br\/wp-content\/uploads\/2023\/01\/cropped-noticia-2.png","contentUrl":"https:\/\/msconectado.com.br\/wp-content\/uploads\/2023\/01\/cropped-noticia-2.png","width":720,"height":157,"caption":"MsConectado"},"image":{"@id":"https:\/\/msconectado.com.br\/#\/schema\/logo\/image\/"}},{"@type":"Person","@id":"https:\/\/msconectado.com.br\/#\/schema\/person\/feb123a95a93eebea36f0ed6a2e5ba48","name":"Jeferson","image":{"@type":"ImageObject","inLanguage":"pt-BR","@id":"https:\/\/secure.gravatar.com\/avatar\/e23e8901c88f0cdc0ad479ef7a39bf3e4c806344549c087c00b721a65549a328?s=96&d=mm&r=g","url":"https:\/\/secure.gravatar.com\/avatar\/e23e8901c88f0cdc0ad479ef7a39bf3e4c806344549c087c00b721a65549a328?s=96&d=mm&r=g","contentUrl":"https:\/\/secure.gravatar.com\/avatar\/e23e8901c88f0cdc0ad479ef7a39bf3e4c806344549c087c00b721a65549a328?s=96&d=mm&r=g","caption":"Jeferson"},"url":"https:\/\/msconectado.com.br\/?author=3"}]}},"_links":{"self":[{"href":"https:\/\/msconectado.com.br\/index.php?rest_route=\/wp\/v2\/posts\/17793","targetHints":{"allow":["GET"]}}],"collection":[{"href":"https:\/\/msconectado.com.br\/index.php?rest_route=\/wp\/v2\/posts"}],"about":[{"href":"https:\/\/msconectado.com.br\/index.php?rest_route=\/wp\/v2\/types\/post"}],"author":[{"embeddable":true,"href":"https:\/\/msconectado.com.br\/index.php?rest_route=\/wp\/v2\/users\/3"}],"replies":[{"embeddable":true,"href":"https:\/\/msconectado.com.br\/index.php?rest_route=%2Fwp%2Fv2%2Fcomments&post=17793"}],"version-history":[{"count":1,"href":"https:\/\/msconectado.com.br\/index.php?rest_route=\/wp\/v2\/posts\/17793\/revisions"}],"predecessor-version":[{"id":17796,"href":"https:\/\/msconectado.com.br\/index.php?rest_route=\/wp\/v2\/posts\/17793\/revisions\/17796"}],"wp:featuredmedia":[{"embeddable":true,"href":"https:\/\/msconectado.com.br\/index.php?rest_route=\/wp\/v2\/media\/17795"}],"wp:attachment":[{"href":"https:\/\/msconectado.com.br\/index.php?rest_route=%2Fwp%2Fv2%2Fmedia&parent=17793"}],"wp:term":[{"taxonomy":"category","embeddable":true,"href":"https:\/\/msconectado.com.br\/index.php?rest_route=%2Fwp%2Fv2%2Fcategories&post=17793"},{"taxonomy":"post_tag","embeddable":true,"href":"https:\/\/msconectado.com.br\/index.php?rest_route=%2Fwp%2Fv2%2Ftags&post=17793"}],"curies":[{"name":"wp","href":"https:\/\/api.w.org\/{rel}","templated":true}]}}