{"id":17801,"date":"2023-02-01T16:19:45","date_gmt":"2023-02-01T16:19:45","guid":{"rendered":"https:\/\/msconectado.com.br\/?p=17801"},"modified":"2023-02-01T16:20:01","modified_gmt":"2023-02-01T16:20:01","slug":"17801","status":"publish","type":"post","link":"https:\/\/msconectado.com.br\/?p=17801","title":{"rendered":"Em discurso, Mara Caseiro defende a independ\u00eancia entre os poderes e uni\u00e3o contra a viol\u00eancia."},"content":{"rendered":"\n<p>A deputada estadual Mara Caseiro (PSDB), discursou emocionada durante a posse dos novos deputados estaduais de Mato Grosso do Sul, nesta quarta-feira (1\u00ba). Em nome da bancada do PSDB, ela saudou a chegada de novos membros ao Legislativo Estadual, falou do combate a todo o tipo de viol\u00eancia e destacou a import\u00e2ncia da uni\u00e3o de todos em prol da popula\u00e7\u00e3o.<br>Outro ponto abordado em seu discurso foi a necessidade do di\u00e1logo e do respeito entre os \u201crepresentantes do povo\u201d. \u201cEstamos aqui em nome dos quase 3 milh\u00f5es de moradores de Mato Grosso do Sul. Por isso, estejamos prontos para agir com responsabilidade, elaborando leis, fiscalizando os atos do executivo estadual e, representando com seriedade, a nossa sociedade&#8221;, disse Mara.<br>A deputada ainda ressaltou a \u201curgente necessidade\u201d da uni\u00e3o de for\u00e7as contra a viol\u00eancia em todos os seus aspectos. \u201cVamos trabalhar para garantir a vida, o respeito e o direito de todos aqueles que n\u00e3o t\u00eam voz, especialmente os mais humildes, as crian\u00e7as e os adolescentes\u201d, disse ela ao mencionar o caso recente da menina Sophia de apenas 02 anos, v\u00edtima de maus tratos.<br>Sobre a candidatura \u00e0 presid\u00eancia da Assembleia Legislativa, Mara disse que fez a sua parte. \u201cAcreditei que era o momento de termos uma mulher na presid\u00eancia do Legislativo estadual. Quando uma mulher se levanta e alcan\u00e7a um espa\u00e7o que sempre foi ocupado por homens, ela estimula outras mulheres a se levantarem e irem atr\u00e1s de seus sonhos\u201d, ressaltou.<br>Apesar da vontade e empenho, a deputada aceitou o consenso do partido em escolher o parlamentar do PP, Gerson Claro. \u201cFiz a minha parte! Como deputada, continuarei lutando pela igualdade de direitos e pelo fim da viol\u00eancia contra nossas mulheres\u201d, afirmou.<br>Mais Votada Mara Caseiro foi a primeira mulher a receber o maior n\u00famero de votos da hist\u00f3ria de Mato Grosso do Sul, para o cargo na Assembleia Legislativa. Ela tomou posse na manh\u00e3 desta quarta-feira (1\u00ba), para o quarto mandato de deputada estadual.<\/p>\n\n\n\n<p><\/p>\n\n\n\n<p>Por: Tavane Ferraresi e Gabriela Rufino<\/p>\n\n\n<div class=\"wp-block-image\">\n<figure class=\"aligncenter size-full\"><a href=\"https:\/\/www.sicredi.com.br\/coop\/pantanalms\/\"><img fetchpriority=\"high\" decoding=\"async\" width=\"900\" height=\"100\" src=\"https:\/\/msconectado.com.br\/wp-content\/uploads\/2023\/01\/MS_Concetado.png\" alt=\"\" class=\"wp-image-17625\" srcset=\"https:\/\/msconectado.com.br\/wp-content\/uploads\/2023\/01\/MS_Concetado.png 900w, https:\/\/msconectado.com.br\/wp-content\/uploads\/2023\/01\/MS_Concetado-300x33.png 300w, https:\/\/msconectado.com.br\/wp-content\/uploads\/2023\/01\/MS_Concetado-768x85.png 768w\" sizes=\"(max-width: 900px) 100vw, 900px\" \/><\/a><\/figure>\n<\/div>","protected":false},"excerpt":{"rendered":"<p>A deputada estadual Mara Caseiro (PSDB), discursou emocionada durante a posse dos novos deputados estaduais de Mato Grosso do Sul, nesta quarta-feira (1\u00ba). Em nome da bancada do PSDB, ela saudou a chegada de novos membros ao Legislativo Estadual, falou do combate a todo o tipo de viol\u00eancia e destacou a import\u00e2ncia da uni\u00e3o de [&hellip;]<\/p>\n","protected":false},"author":2,"featured_media":17802,"comment_status":"open","ping_status":"closed","sticky":false,"template":"","format":"standard","meta":{"footnotes":""},"categories":[38,33],"tags":[],"class_list":["post-17801","post","type-post","status-publish","format-standard","has-post-thumbnail","hentry","category-assembleia-legislativa","category-politica"],"yoast_head":"<!-- This site is optimized with the Yoast SEO plugin v27.5 - https:\/\/yoast.com\/product\/yoast-seo-wordpress\/ -->\n<title>Em discurso, Mara Caseiro defende a independ\u00eancia entre os poderes e uni\u00e3o contra a viol\u00eancia. - MsConectado<\/title>\n<meta name=\"robots\" content=\"index, follow, max-snippet:-1, max-image-preview:large, max-video-preview:-1\" \/>\n<link rel=\"canonical\" href=\"https:\/\/msconectado.com.br\/?p=17801\" \/>\n<meta property=\"og:locale\" content=\"pt_BR\" \/>\n<meta property=\"og:type\" content=\"article\" \/>\n<meta property=\"og:title\" content=\"Em discurso, Mara Caseiro defende a independ\u00eancia entre os poderes e uni\u00e3o contra a viol\u00eancia. - MsConectado\" \/>\n<meta property=\"og:description\" content=\"A deputada estadual Mara Caseiro (PSDB), discursou emocionada durante a posse dos novos deputados estaduais de Mato Grosso do Sul, nesta quarta-feira (1\u00ba). Em nome da bancada do PSDB, ela saudou a chegada de novos membros ao Legislativo Estadual, falou do combate a todo o tipo de viol\u00eancia e destacou a import\u00e2ncia da uni\u00e3o de [&hellip;]\" \/>\n<meta property=\"og:url\" content=\"https:\/\/msconectado.com.br\/?p=17801\" \/>\n<meta property=\"og:site_name\" content=\"MsConectado\" \/>\n<meta property=\"article:published_time\" content=\"2023-02-01T16:19:45+00:00\" \/>\n<meta property=\"article:modified_time\" content=\"2023-02-01T16:20:01+00:00\" \/>\n<meta property=\"og:image\" content=\"https:\/\/msconectado.com.br\/wp-content\/uploads\/2023\/02\/mara.jpg\" \/>\n\t<meta property=\"og:image:width\" content=\"1368\" \/>\n\t<meta property=\"og:image:height\" content=\"912\" \/>\n\t<meta property=\"og:image:type\" content=\"image\/jpeg\" \/>\n<meta name=\"author\" content=\"MsConectado\" \/>\n<meta name=\"twitter:card\" content=\"summary_large_image\" \/>\n<meta name=\"twitter:label1\" content=\"Escrito por\" \/>\n\t<meta name=\"twitter:data1\" content=\"MsConectado\" \/>\n\t<meta name=\"twitter:label2\" content=\"Est. tempo de leitura\" \/>\n\t<meta name=\"twitter:data2\" content=\"3 minutos\" \/>\n<script type=\"application\/ld+json\" class=\"yoast-schema-graph\">{\"@context\":\"https:\\\/\\\/schema.org\",\"@graph\":[{\"@type\":\"Article\",\"@id\":\"https:\\\/\\\/msconectado.com.br\\\/?p=17801#article\",\"isPartOf\":{\"@id\":\"https:\\\/\\\/msconectado.com.br\\\/?p=17801\"},\"author\":{\"name\":\"MsConectado\",\"@id\":\"https:\\\/\\\/msconectado.com.br\\\/#\\\/schema\\\/person\\\/e5585545b5687092f1041d350b6e2c16\"},\"headline\":\"Em discurso, Mara Caseiro defende a independ\u00eancia entre os poderes e uni\u00e3o contra a viol\u00eancia.\",\"datePublished\":\"2023-02-01T16:19:45+00:00\",\"dateModified\":\"2023-02-01T16:20:01+00:00\",\"mainEntityOfPage\":{\"@id\":\"https:\\\/\\\/msconectado.com.br\\\/?p=17801\"},\"wordCount\":365,\"commentCount\":0,\"publisher\":{\"@id\":\"https:\\\/\\\/msconectado.com.br\\\/#organization\"},\"image\":{\"@id\":\"https:\\\/\\\/msconectado.com.br\\\/?p=17801#primaryimage\"},\"thumbnailUrl\":\"https:\\\/\\\/msconectado.com.br\\\/wp-content\\\/uploads\\\/2023\\\/02\\\/mara.jpg\",\"articleSection\":[\"Assembleia Legislativa\",\"Pol\u00edtica\"],\"inLanguage\":\"pt-BR\",\"potentialAction\":[{\"@type\":\"CommentAction\",\"name\":\"Comment\",\"target\":[\"https:\\\/\\\/msconectado.com.br\\\/?p=17801#respond\"]}]},{\"@type\":\"WebPage\",\"@id\":\"https:\\\/\\\/msconectado.com.br\\\/?p=17801\",\"url\":\"https:\\\/\\\/msconectado.com.br\\\/?p=17801\",\"name\":\"Em discurso, Mara Caseiro defende a independ\u00eancia entre os poderes e uni\u00e3o contra a viol\u00eancia. - MsConectado\",\"isPartOf\":{\"@id\":\"https:\\\/\\\/msconectado.com.br\\\/#website\"},\"primaryImageOfPage\":{\"@id\":\"https:\\\/\\\/msconectado.com.br\\\/?p=17801#primaryimage\"},\"image\":{\"@id\":\"https:\\\/\\\/msconectado.com.br\\\/?p=17801#primaryimage\"},\"thumbnailUrl\":\"https:\\\/\\\/msconectado.com.br\\\/wp-content\\\/uploads\\\/2023\\\/02\\\/mara.jpg\",\"datePublished\":\"2023-02-01T16:19:45+00:00\",\"dateModified\":\"2023-02-01T16:20:01+00:00\",\"breadcrumb\":{\"@id\":\"https:\\\/\\\/msconectado.com.br\\\/?p=17801#breadcrumb\"},\"inLanguage\":\"pt-BR\",\"potentialAction\":[{\"@type\":\"ReadAction\",\"target\":[\"https:\\\/\\\/msconectado.com.br\\\/?p=17801\"]}]},{\"@type\":\"ImageObject\",\"inLanguage\":\"pt-BR\",\"@id\":\"https:\\\/\\\/msconectado.com.br\\\/?p=17801#primaryimage\",\"url\":\"https:\\\/\\\/msconectado.com.br\\\/wp-content\\\/uploads\\\/2023\\\/02\\\/mara.jpg\",\"contentUrl\":\"https:\\\/\\\/msconectado.com.br\\\/wp-content\\\/uploads\\\/2023\\\/02\\\/mara.jpg\",\"width\":1368,\"height\":912},{\"@type\":\"BreadcrumbList\",\"@id\":\"https:\\\/\\\/msconectado.com.br\\\/?p=17801#breadcrumb\",\"itemListElement\":[{\"@type\":\"ListItem\",\"position\":1,\"name\":\"In\u00edcio\",\"item\":\"https:\\\/\\\/msconectado.com.br\\\/?page_id=105\"},{\"@type\":\"ListItem\",\"position\":2,\"name\":\"Em discurso, Mara Caseiro defende a independ\u00eancia entre os poderes e uni\u00e3o contra a viol\u00eancia.\"}]},{\"@type\":\"WebSite\",\"@id\":\"https:\\\/\\\/msconectado.com.br\\\/#website\",\"url\":\"https:\\\/\\\/msconectado.com.br\\\/\",\"name\":\"MsConectado\",\"description\":\"Voc\u00ea Conectado com a Not\u00edcia!\",\"publisher\":{\"@id\":\"https:\\\/\\\/msconectado.com.br\\\/#organization\"},\"potentialAction\":[{\"@type\":\"SearchAction\",\"target\":{\"@type\":\"EntryPoint\",\"urlTemplate\":\"https:\\\/\\\/msconectado.com.br\\\/?s={search_term_string}\"},\"query-input\":{\"@type\":\"PropertyValueSpecification\",\"valueRequired\":true,\"valueName\":\"search_term_string\"}}],\"inLanguage\":\"pt-BR\"},{\"@type\":\"Organization\",\"@id\":\"https:\\\/\\\/msconectado.com.br\\\/#organization\",\"name\":\"MsConectado\",\"url\":\"https:\\\/\\\/msconectado.com.br\\\/\",\"logo\":{\"@type\":\"ImageObject\",\"inLanguage\":\"pt-BR\",\"@id\":\"https:\\\/\\\/msconectado.com.br\\\/#\\\/schema\\\/logo\\\/image\\\/\",\"url\":\"https:\\\/\\\/msconectado.com.br\\\/wp-content\\\/uploads\\\/2023\\\/01\\\/cropped-noticia-2.png\",\"contentUrl\":\"https:\\\/\\\/msconectado.com.br\\\/wp-content\\\/uploads\\\/2023\\\/01\\\/cropped-noticia-2.png\",\"width\":720,\"height\":157,\"caption\":\"MsConectado\"},\"image\":{\"@id\":\"https:\\\/\\\/msconectado.com.br\\\/#\\\/schema\\\/logo\\\/image\\\/\"}},{\"@type\":\"Person\",\"@id\":\"https:\\\/\\\/msconectado.com.br\\\/#\\\/schema\\\/person\\\/e5585545b5687092f1041d350b6e2c16\",\"name\":\"MsConectado\",\"image\":{\"@type\":\"ImageObject\",\"inLanguage\":\"pt-BR\",\"@id\":\"https:\\\/\\\/secure.gravatar.com\\\/avatar\\\/3b4f84a0a8a4380ac4431fa79981d073692380c5da00ae97596e794ab0db5c8c?s=96&d=mm&r=g\",\"url\":\"https:\\\/\\\/secure.gravatar.com\\\/avatar\\\/3b4f84a0a8a4380ac4431fa79981d073692380c5da00ae97596e794ab0db5c8c?s=96&d=mm&r=g\",\"contentUrl\":\"https:\\\/\\\/secure.gravatar.com\\\/avatar\\\/3b4f84a0a8a4380ac4431fa79981d073692380c5da00ae97596e794ab0db5c8c?s=96&d=mm&r=g\",\"caption\":\"MsConectado\"},\"url\":\"https:\\\/\\\/msconectado.com.br\\\/?author=2\"}]}<\/script>\n<!-- \/ Yoast SEO plugin. -->","yoast_head_json":{"title":"Em discurso, Mara Caseiro defende a independ\u00eancia entre os poderes e uni\u00e3o contra a viol\u00eancia. - MsConectado","robots":{"index":"index","follow":"follow","max-snippet":"max-snippet:-1","max-image-preview":"max-image-preview:large","max-video-preview":"max-video-preview:-1"},"canonical":"https:\/\/msconectado.com.br\/?p=17801","og_locale":"pt_BR","og_type":"article","og_title":"Em discurso, Mara Caseiro defende a independ\u00eancia entre os poderes e uni\u00e3o contra a viol\u00eancia. - MsConectado","og_description":"A deputada estadual Mara Caseiro (PSDB), discursou emocionada durante a posse dos novos deputados estaduais de Mato Grosso do Sul, nesta quarta-feira (1\u00ba). Em nome da bancada do PSDB, ela saudou a chegada de novos membros ao Legislativo Estadual, falou do combate a todo o tipo de viol\u00eancia e destacou a import\u00e2ncia da uni\u00e3o de [&hellip;]","og_url":"https:\/\/msconectado.com.br\/?p=17801","og_site_name":"MsConectado","article_published_time":"2023-02-01T16:19:45+00:00","article_modified_time":"2023-02-01T16:20:01+00:00","og_image":[{"width":1368,"height":912,"url":"https:\/\/msconectado.com.br\/wp-content\/uploads\/2023\/02\/mara.jpg","type":"image\/jpeg"}],"author":"MsConectado","twitter_card":"summary_large_image","twitter_misc":{"Escrito por":"MsConectado","Est. tempo de leitura":"3 minutos"},"schema":{"@context":"https:\/\/schema.org","@graph":[{"@type":"Article","@id":"https:\/\/msconectado.com.br\/?p=17801#article","isPartOf":{"@id":"https:\/\/msconectado.com.br\/?p=17801"},"author":{"name":"MsConectado","@id":"https:\/\/msconectado.com.br\/#\/schema\/person\/e5585545b5687092f1041d350b6e2c16"},"headline":"Em discurso, Mara Caseiro defende a independ\u00eancia entre os poderes e uni\u00e3o contra a viol\u00eancia.","datePublished":"2023-02-01T16:19:45+00:00","dateModified":"2023-02-01T16:20:01+00:00","mainEntityOfPage":{"@id":"https:\/\/msconectado.com.br\/?p=17801"},"wordCount":365,"commentCount":0,"publisher":{"@id":"https:\/\/msconectado.com.br\/#organization"},"image":{"@id":"https:\/\/msconectado.com.br\/?p=17801#primaryimage"},"thumbnailUrl":"https:\/\/msconectado.com.br\/wp-content\/uploads\/2023\/02\/mara.jpg","articleSection":["Assembleia Legislativa","Pol\u00edtica"],"inLanguage":"pt-BR","potentialAction":[{"@type":"CommentAction","name":"Comment","target":["https:\/\/msconectado.com.br\/?p=17801#respond"]}]},{"@type":"WebPage","@id":"https:\/\/msconectado.com.br\/?p=17801","url":"https:\/\/msconectado.com.br\/?p=17801","name":"Em discurso, Mara Caseiro defende a independ\u00eancia entre os poderes e uni\u00e3o contra a viol\u00eancia. - MsConectado","isPartOf":{"@id":"https:\/\/msconectado.com.br\/#website"},"primaryImageOfPage":{"@id":"https:\/\/msconectado.com.br\/?p=17801#primaryimage"},"image":{"@id":"https:\/\/msconectado.com.br\/?p=17801#primaryimage"},"thumbnailUrl":"https:\/\/msconectado.com.br\/wp-content\/uploads\/2023\/02\/mara.jpg","datePublished":"2023-02-01T16:19:45+00:00","dateModified":"2023-02-01T16:20:01+00:00","breadcrumb":{"@id":"https:\/\/msconectado.com.br\/?p=17801#breadcrumb"},"inLanguage":"pt-BR","potentialAction":[{"@type":"ReadAction","target":["https:\/\/msconectado.com.br\/?p=17801"]}]},{"@type":"ImageObject","inLanguage":"pt-BR","@id":"https:\/\/msconectado.com.br\/?p=17801#primaryimage","url":"https:\/\/msconectado.com.br\/wp-content\/uploads\/2023\/02\/mara.jpg","contentUrl":"https:\/\/msconectado.com.br\/wp-content\/uploads\/2023\/02\/mara.jpg","width":1368,"height":912},{"@type":"BreadcrumbList","@id":"https:\/\/msconectado.com.br\/?p=17801#breadcrumb","itemListElement":[{"@type":"ListItem","position":1,"name":"In\u00edcio","item":"https:\/\/msconectado.com.br\/?page_id=105"},{"@type":"ListItem","position":2,"name":"Em discurso, Mara Caseiro defende a independ\u00eancia entre os poderes e uni\u00e3o contra a viol\u00eancia."}]},{"@type":"WebSite","@id":"https:\/\/msconectado.com.br\/#website","url":"https:\/\/msconectado.com.br\/","name":"MsConectado","description":"Voc\u00ea Conectado com a Not\u00edcia!","publisher":{"@id":"https:\/\/msconectado.com.br\/#organization"},"potentialAction":[{"@type":"SearchAction","target":{"@type":"EntryPoint","urlTemplate":"https:\/\/msconectado.com.br\/?s={search_term_string}"},"query-input":{"@type":"PropertyValueSpecification","valueRequired":true,"valueName":"search_term_string"}}],"inLanguage":"pt-BR"},{"@type":"Organization","@id":"https:\/\/msconectado.com.br\/#organization","name":"MsConectado","url":"https:\/\/msconectado.com.br\/","logo":{"@type":"ImageObject","inLanguage":"pt-BR","@id":"https:\/\/msconectado.com.br\/#\/schema\/logo\/image\/","url":"https:\/\/msconectado.com.br\/wp-content\/uploads\/2023\/01\/cropped-noticia-2.png","contentUrl":"https:\/\/msconectado.com.br\/wp-content\/uploads\/2023\/01\/cropped-noticia-2.png","width":720,"height":157,"caption":"MsConectado"},"image":{"@id":"https:\/\/msconectado.com.br\/#\/schema\/logo\/image\/"}},{"@type":"Person","@id":"https:\/\/msconectado.com.br\/#\/schema\/person\/e5585545b5687092f1041d350b6e2c16","name":"MsConectado","image":{"@type":"ImageObject","inLanguage":"pt-BR","@id":"https:\/\/secure.gravatar.com\/avatar\/3b4f84a0a8a4380ac4431fa79981d073692380c5da00ae97596e794ab0db5c8c?s=96&d=mm&r=g","url":"https:\/\/secure.gravatar.com\/avatar\/3b4f84a0a8a4380ac4431fa79981d073692380c5da00ae97596e794ab0db5c8c?s=96&d=mm&r=g","contentUrl":"https:\/\/secure.gravatar.com\/avatar\/3b4f84a0a8a4380ac4431fa79981d073692380c5da00ae97596e794ab0db5c8c?s=96&d=mm&r=g","caption":"MsConectado"},"url":"https:\/\/msconectado.com.br\/?author=2"}]}},"_links":{"self":[{"href":"https:\/\/msconectado.com.br\/index.php?rest_route=\/wp\/v2\/posts\/17801","targetHints":{"allow":["GET"]}}],"collection":[{"href":"https:\/\/msconectado.com.br\/index.php?rest_route=\/wp\/v2\/posts"}],"about":[{"href":"https:\/\/msconectado.com.br\/index.php?rest_route=\/wp\/v2\/types\/post"}],"author":[{"embeddable":true,"href":"https:\/\/msconectado.com.br\/index.php?rest_route=\/wp\/v2\/users\/2"}],"replies":[{"embeddable":true,"href":"https:\/\/msconectado.com.br\/index.php?rest_route=%2Fwp%2Fv2%2Fcomments&post=17801"}],"version-history":[{"count":2,"href":"https:\/\/msconectado.com.br\/index.php?rest_route=\/wp\/v2\/posts\/17801\/revisions"}],"predecessor-version":[{"id":17804,"href":"https:\/\/msconectado.com.br\/index.php?rest_route=\/wp\/v2\/posts\/17801\/revisions\/17804"}],"wp:featuredmedia":[{"embeddable":true,"href":"https:\/\/msconectado.com.br\/index.php?rest_route=\/wp\/v2\/media\/17802"}],"wp:attachment":[{"href":"https:\/\/msconectado.com.br\/index.php?rest_route=%2Fwp%2Fv2%2Fmedia&parent=17801"}],"wp:term":[{"taxonomy":"category","embeddable":true,"href":"https:\/\/msconectado.com.br\/index.php?rest_route=%2Fwp%2Fv2%2Fcategories&post=17801"},{"taxonomy":"post_tag","embeddable":true,"href":"https:\/\/msconectado.com.br\/index.php?rest_route=%2Fwp%2Fv2%2Ftags&post=17801"}],"curies":[{"name":"wp","href":"https:\/\/api.w.org\/{rel}","templated":true}]}}