
{"id":17805,"date":"2023-02-01T16:29:42","date_gmt":"2023-02-01T16:29:42","guid":{"rendered":"https:\/\/msconectado.com.br\/?p=17805"},"modified":"2023-02-01T16:29:43","modified_gmt":"2023-02-01T16:29:43","slug":"na-assembleia-legislativa-eduardo-riedel-fala-em-pacificacao-e-assume-compromisso-de-estar-aberto-ao-dialogo","status":"publish","type":"post","link":"https:\/\/msconectado.com.br\/?p=17805","title":{"rendered":"Na Assembleia Legislativa, Eduardo Riedel fala em pacifica\u00e7\u00e3o e assume compromisso de estar aberto ao di\u00e1logo."},"content":{"rendered":"\n<p>Na instala\u00e7\u00e3o da 12\u00aa Legislatura, nesta quarta-feira (1\u00ba), o governador Eduardo Riedel fez um reconhecimento p\u00fablico ao trabalho realizado e ao papel fundamental da Assembleia Legislativa na solu\u00e7\u00e3o de problemas e defendeu a converg\u00eancia da classe pol\u00edtica em busca de solu\u00e7\u00f5es para a vida das pessoas. Na cerim\u00f4nia, os deputados estaduais tomaram posse e foi realizada a elei\u00e7\u00e3o da nova Mesa Diretora (2023-2024).&nbsp;<\/p>\n\n\n\n<p>\u201cAproveito esta preciosa oportunidade para fazer um alerta e uma reflex\u00e3o: os in\u00fameros problemas que nos desafiam n\u00e3o podem ser subdimensionados e atropelados pelas raz\u00f5es da luta ideol\u00f3gica entre os diferentes lados e pela tr\u00e1gica conflagra\u00e7\u00e3o entre irm\u00e3os. Afinal, os dois campos pol\u00edticos hoje divergentes acabam portadores de desafios comuns. Eles se reencontram, por exemplo, na busca por emprego e melhor renda &#8211; oportunidades para melhorar de vida\u201d, disse.<\/p>\n\n\n\n<p>Riedel destacou ainda que todos, independentemente do campo partid\u00e1rio, querem um sistema de sa\u00fade mais pr\u00f3ximo, descentralizado, regionalizado e resolutivo, a assist\u00eancia aos mais necessitados, a redu\u00e7\u00e3o da desigualdade social e uma educa\u00e7\u00e3o p\u00fablica de alta qualidade e que isso n\u00e3o ser\u00e1 atingido por meio de uma luta pol\u00edtica radicalizada. \u201cOs projetos de vida t\u00e3o sonhados por todos, sem exce\u00e7\u00e3o, n\u00e3o carregam tintas partid\u00e1rias\u201d, resumiu.<\/p>\n\n\n\n<p>\u201cO discurso de \u00f3dio que vem sendo alimentado todos os dias pelos incautos representa um risco exponencial \u00e0 nossa capacidade de construir grandes converg\u00eancias, atrav\u00e9s de projetos coletivos, para juntos podermos avan\u00e7ar muito mais\u201d, alertou.<\/p>\n\n\n\n<p>O governador declarou tamb\u00e9m saber que h\u00e1 muito o que avan\u00e7ar e que isso s\u00f3 \u00e9 poss\u00edvel por meio do di\u00e1logo. \u201cVamos reconstruir as pontes entre n\u00f3s, para que todos possamos caminhar de forma segura por elas, em dire\u00e7\u00e3o a um novo futuro para todos\u201d.<\/p>\n\n\n\n<p>Riedel disse ainda estar aberto para debater solu\u00e7\u00f5es. \u201cEste Parlamento encontrar\u00e1 \u00e0 frente do Estado um governador disposto ao di\u00e1logo; sens\u00edvel e atento \u00e0s causas coletivas; aberto \u00e0s inova\u00e7\u00f5es que representem ganhos de qualidade; seguro e convicto das ideias que lastreiam o nosso programa, cujo ponto de chegada \u00e9 um estado pr\u00f3spero, verde, inclusivo e digital; e absolutamente consciente das suas enormes responsabilidades\u201d.<\/p>\n\n\n\n<p>Novo presidente da Casa de Leis, Gerson Claro declarou que far\u00e1 um mandato pautado pelo di\u00e1logo propositivo e compromissado com a democracia e respeito ao contradit\u00f3rio. \u201cEste Parlamento est\u00e1 onde sempre esteve: pronto para cumprir o seu papel, defendendo os princ\u00edpios da nossa Constitui\u00e7\u00e3o, respeitando as leis, advogando as causas coletivas e promovendo o bem comum, ao lado do nosso povo\u201d.&nbsp;<\/p>\n\n\n\n<p>A Mesa Diretora contar\u00e1 ainda com Renato C\u00e2mara na 1\u00aa Vice-presid\u00eancia; Z\u00e9 Teixeira na 2\u00aa Vice-presid\u00eancia; e Mara Caseiro na 3\u00aa Vice-presid\u00eancia. Paulo Corr\u00eaa \u00e9 o novo 1\u00ba secret\u00e1rio. Pedro Kemp e Lucas de Lima, respectivamente, ficaram como 2\u00ba e 3\u00ba secret\u00e1rios.<\/p>\n\n\n\n<p>Deputado eleito, Pedro Arlei Caravina tamb\u00e9m tomou posse, mas avisou que ir\u00e1 se licenciar para dar continuidade ao trabalho na Secretaria de Estado de Governo e Gest\u00e3o Estrat\u00e9gica. Ele ainda assumiu o compromisso de, na fun\u00e7\u00e3o de secret\u00e1rio, ser parceiro da Assembleia Legislativa.<\/p>\n\n\n\n<figure class=\"wp-block-image\"><a href=\"http:\/\/www.ms.gov.br\/alems-foto-saul-schramm-4\/\"><img decoding=\"async\" src=\"http:\/\/www.ms.gov.br\/wp-content\/uploads\/sites\/150\/2023\/02\/ALEMS-Foto-SAul-Schramm-4.jpg\" alt=\"\"\/><\/a><\/figure>\n\n\n\n<figure class=\"wp-block-image\"><a href=\"http:\/\/www.ms.gov.br\/alems-foto-saul-schramm-6\/\"><img decoding=\"async\" src=\"http:\/\/www.ms.gov.br\/wp-content\/uploads\/sites\/150\/2023\/02\/ALEMS-Foto-SAul-Schramm-6.jpg\" alt=\"\"\/><\/a><\/figure>\n\n\n\n<p>Tamb\u00e9m participaram da abertura dos trabalho da 12\u00aa Legislatura, os secret\u00e1rios Eduardo Rocha (Casa Civil), Jaime Verruck (Semadesc), Antonio Carlos Videira (Sejusp), Fl\u00e1vio C\u00e9sar (Sefaz) e Ana Carolina Nardes (SAD); a diretora-presidente do EPE (Escrit\u00f3rio de Parcerias Estrat\u00e9gicas), Ana Carolina Ali Garcia; controlador-geral do Estado, Carlos Gir\u00e3o; e o secret\u00e1rio-executivo S\u00e9rgio de Paula, al\u00e9m de presidentes de entidades representativas da sociedade, de prefeitos e deputados empossados, entre outras autoridades.<\/p>\n\n\n\n<p><strong>Confira o discurso do governador Eduardo Riedel na \u00edntegra:<\/strong><\/p>\n\n\n\n<p>Senhor Presidente,<\/p>\n\n\n\n<p>Senhoras e Senhores Parlamentares.<\/p>\n\n\n\n<p>Antes de saudar, com alegria e esperan\u00e7a, essa instala\u00e7\u00e3o da 12\u00aa Legislatura Sul-Mato-Grossense e a cada um dos representantes eleitos e eleitas no pleito de 2022, eu pe\u00e7o licen\u00e7a para iniciar meu pronunciamento fazendo um agradecimento p\u00fablico \u00e0 Legislatura que hoje se encerra.<\/p>\n\n\n\n<p>Trata-se do necess\u00e1rio reconhecimento ao papel fundamental que esta Casa de Leis exerceu e vem cumprindo nos \u00faltimos anos, em tempos t\u00e3o dif\u00edceis.<\/p>\n\n\n\n<p>N\u00e3o posso deixar de lembrar aqui, caro presidente, quantas e quantas vezes estivemos juntos, Governo e Parlamento, sentados \u00e0 mesma mesa, em busca de sa\u00eddas para problemas gigantescos que afetaram o pa\u00eds e tamb\u00e9m impactaram de forma muito grave a vida do estado.<\/p>\n\n\n\n<p>Nesta posi\u00e7\u00e3o, fui testemunha do alto esp\u00edrito p\u00fablico que sempre prevaleceu e marcou as rela\u00e7\u00f5es entre os nossos Poderes.<\/p>\n\n\n\n<p>Soubemos vencer enormes dificuldades construindo uma valiosa converg\u00eancia, base sobre a qual efetivamos o maior volume de reformas j\u00e1 executado em toda a nossa hist\u00f3ria e que mudou o nosso destino.&nbsp;<\/p>\n\n\n\n<p>Sa\u00edmos da fronteira do risco de grave insolv\u00eancia para assumir posi\u00e7\u00e3o de lideran\u00e7a dos mais importantes rankings de desempenho nacionais.<\/p>\n\n\n\n<p>Foi um trabalho de f\u00f4lego e alta responsabilidade.&nbsp;<\/p>\n\n\n\n<p>Aqui, pontuo a coragem e o desprendimento dos parlamentares, no enfrentamento de pautas extremamente complexas e outras tantas tamb\u00e9m impopulares e desgastantes, mas cruciais \u00e0 supera\u00e7\u00e3o de m\u00faltiplas crises e a conquista de um novo patamar de desenvolvimento.&nbsp;<\/p>\n\n\n\n<p>\u00c9 com esta viv\u00eancia e exitosa experi\u00eancia que reitero minha plena confian\u00e7a em um regime de intensa colabora\u00e7\u00e3o e parceria entre os diferentes Poderes e a nossa sociedade organizada, em nome do interesse p\u00fablico e das causas coletivas do Mato Grosso do Sul nos anos vindouros.<\/p>\n\n\n\n<p>\u00c9 com este esp\u00edrito que quero saudar cada deputado e deputada eleitos e reeleitos no \u00faltimo pleito e hoje aqui empossados.&nbsp;<\/p>\n\n\n\n<p>Neste momento, forma-se, perante cada um de n\u00f3s, a aut\u00eantica representa\u00e7\u00e3o do povo sul-mato-grossense, o que garante a esta 12a Legislatura o necess\u00e1rio pluralismo e legitimidade, alicerces que sustentam os preciosos valores do regime democr\u00e1tico.<\/p>\n\n\n\n<p>Atrav\u00e9s das senhoras e dos senhores parlamentares, estar\u00e3o presentes neste plen\u00e1rio, no dia a dia dos grandes debates e das proposituras legislativas, as posi\u00e7\u00f5es,&nbsp; o olhar, as demandas, as cr\u00edticas, mas tamb\u00e9m os sonhos dos cidad\u00e3os comuns que os escolheram.<\/p>\n\n\n\n<p>Em cada posicionamento estar\u00e3o vivas as ideias e atuantes o vigor das causas dos profissionais liberais, dos empres\u00e1rios, dos produtores; dos trabalhadores, estudantes e servidores; do terceiro setor, dos especialistas de diferentes \u00e1reas; jovens e idosos; fam\u00edlias vulner\u00e1veis, pais e m\u00e3es que depositaram em cada uma de suas escolhas, as suas melhores esperan\u00e7as.&nbsp;<\/p>\n\n\n\n<p>Este sempre ser\u00e1 o primeiro e mais alto desafio: honrar o voto de confian\u00e7a recebido, com trabalho determinado e solu\u00e7\u00f5es para os problemas da vida cotidiana que tanto afligem a popula\u00e7\u00e3o.<\/p>\n\n\n\n<p>E aqui, aproveito esta preciosa oportunidade para fazer um alerta e uma reflex\u00e3o:<\/p>\n\n\n\n<p>Os in\u00fameros problemas que nos desafiam n\u00e3o podem ser subdimensionados e atropelados pelas raz\u00f5es da luta ideol\u00f3gica entre os diferentes lados e pela tr\u00e1gica conflagra\u00e7\u00e3o entre irm\u00e3os.&nbsp;<\/p>\n\n\n\n<p>Afinal, os dois campos pol\u00edticos hoje divergentes acabam portadores de desafios comuns.<\/p>\n\n\n\n<p>Eles se reencontram, por exemplo, na busca por emprego e melhor renda &#8211; oportunidades para melhorar de vida!<\/p>\n\n\n\n<p>H\u00e1, nos dois lados, os que precisam e esperam por um sistema de sa\u00fade mais pr\u00f3ximo, descentralizado, regionalizado e resolutivo nas suas obriga\u00e7\u00f5es e entregas.<\/p>\n\n\n\n<p>Os projetos de vida t\u00e3o sonhados por todos, sem exce\u00e7\u00e3o, n\u00e3o carregam tintas partid\u00e1rias, e todos eles dependem de uma educa\u00e7\u00e3o p\u00fablica de alta qualidade em todos os grandes ciclos de aprendizagem.<\/p>\n\n\n\n<p>H\u00e1 milhares de fam\u00edlias vulner\u00e1veis que precisam ser assistidas e passo a passo libertadas da situa\u00e7\u00e3o de pobreza extrema em que vivem.&nbsp;<\/p>\n\n\n\n<p>A desigualdade que se abate sobre o nosso povo e o nosso pa\u00eds n\u00e3o \u00e9 mazela que destr\u00f3i a cidadania apenas deste ou daquele lado. \u00c9 desastre comum a todos n\u00f3s, que nos imp\u00f5e um atraso secular, ainda hoje renitente.<\/p>\n\n\n\n<p>Eu os alerto: em nenhum momento, a luta pol\u00edtica radicalizada ser\u00e1 capaz de nos entregar mais crescimento sustentado e sustent\u00e1vel, nem tampouco a t\u00e3o necess\u00e1ria busca por mais equidade, com mais justi\u00e7a social.<\/p>\n\n\n\n<p>Ao final, senhoras e senhores, qualquer discurso de \u00f3dio que vem sendo alimentado todos os dias pelos incautos representa um risco exponencial \u00e0 nossa capacidade de construir&nbsp; grandes converg\u00eancias, atrav\u00e9s de projetos coletivos, para juntos podermos avan\u00e7ar muito mais.<\/p>\n\n\n\n<p>Cometo a ousadia de advogar a tese da esperan\u00e7a renovada de que aqui, no nosso Mato Grosso do Sul, podemos e precisamos&nbsp; come\u00e7ar a nos dedicar a escrever uma hist\u00f3ria diferente, superando as fronteiras que nos separam nesses tempos t\u00e3o estranhos.<\/p>\n\n\n\n<p>Vamos reconstruir as pontes entre n\u00f3s, para que todos possamos caminhar de forma segura por elas, em dire\u00e7\u00e3o a um novo futuro para todos.<\/p>\n\n\n\n<p>Nunca \u00e9 demais lembrar que temos um exaustivo trabalho \u00e0 frente.<\/p>\n\n\n\n<p>Como muitas vezes j\u00e1 disse, n\u00e3o existe obra pronta, conclu\u00edda, no processo de governan\u00e7a.<\/p>\n\n\n\n<p>\u00c9 nossa obriga\u00e7\u00e3o atacar os antigos problemas que permaneceram intocados no curso dos anos. E enfrentar os outros tantos novos que chegam, todos os dias, \u00e0 mesa de quem tem responsabilidade p\u00fablica, como todos n\u00f3s temos.<\/p>\n\n\n\n<p>Sabemos que os in\u00fameros avan\u00e7os conquistados nos \u00faltimos anos ainda n\u00e3o s\u00e3o suficientes para que fiquem definitivamente alojados no passado as diversas distor\u00e7\u00f5es e agruras que o estado brasileiro imp\u00f5e ao cidad\u00e3o-contribuinte.&nbsp;<\/p>\n\n\n\n<p>At\u00e9 que possamos alcan\u00e7ar um novo patamar de qualidade na presta\u00e7\u00e3o continuada dos servi\u00e7os p\u00fablicos, h\u00e1 pela frente uma longa jornada dedicada \u00e0s mudan\u00e7as e aos aperfei\u00e7oamentos das diferentes pol\u00edticas p\u00fablicas.<\/p>\n\n\n\n<p>Desde que assumi, h\u00e1 um m\u00eas , e em especial durante o sempre dif\u00edcil processo de forma\u00e7\u00e3o de novo governo, tenho insistido, de forma obstinada nos necess\u00e1rios ant\u00eddotos contra o cr\u00f4nico conformismo que vem eternizando uma s\u00e9rie de problemas do estado brasileiro&#8230; Problemas que tamb\u00e9m se repetem aqui.<\/p>\n\n\n\n<p>Assumi este compromisso, que hoje reitero:&nbsp;<\/p>\n\n\n\n<p>Vamos continuar mudando e reformando todos os dias o que n\u00e3o funciona bem, al\u00e9m de abrir um amplo espa\u00e7o f\u00e9rtil para que flores\u00e7am as mais poderosas sementes da inova\u00e7\u00e3o.<\/p>\n\n\n\n<p>\u00c9 nosso dever fazer melhor, com menor gasto, mais efici\u00eancia e entrega de resultados. A sociedade espera isso. E estes sempre ser\u00e3o os nossos objetivos finais na rotina da administra\u00e7\u00e3o.&nbsp;<\/p>\n\n\n\n<p>Nesta dire\u00e7\u00e3o, conto, desde j\u00e1, com a responsabilidade e solidariedade pol\u00edtica dos parlamentares sul-mato-grossenses que hoje assumem os seus mandatos.&nbsp;<\/p>\n\n\n\n<p>Dos que est\u00e3o em nossa base e ajudaram a construir este projeto, mas tamb\u00e9m dos que, por diferentes motivos, nos far\u00e3o oposi\u00e7\u00e3o.&nbsp;<\/p>\n\n\n\n<p>Aviso, desde j\u00e1: sempre que houver argumentos realistas, justos e bons prop\u00f3sitos, saberemos ser perme\u00e1veis \u00e0s cr\u00edticas e delas sempre aproveitaremos o melhor, independente das quest\u00f5es pol\u00edtico-partid\u00e1rias.<\/p>\n\n\n\n<p>Contarei com esta Casa, n\u00e3o apenas para nos ajudar a fazer uma media\u00e7\u00e3o honesta e justa dos diferentes interesses dos sul-mato-grossenses, mas tamb\u00e9m como parceiros ativos do processo de governan\u00e7a.<\/p>\n\n\n\n<p>Precisamos avan\u00e7ar cada vez mais, em todas as frentes e setores, tendo como refer\u00eancia fundamental o respeito aos usu\u00e1rios dos servi\u00e7os sob o guarda do estado.<\/p>\n\n\n\n<p>Quero garantir-lhes:&nbsp;<\/p>\n\n\n\n<p>Este Parlamento encontrar\u00e1 \u00e0 frente do Estado um governador&nbsp; disposto ao di\u00e1logo;<\/p>\n\n\n\n<p>Sens\u00edvel e atento \u00e0s causas coletivas;<\/p>\n\n\n\n<p>Aberto \u00e0s inova\u00e7\u00f5es que representem ganhos de qualidade para a popula\u00e7\u00e3o;<\/p>\n\n\n\n<p>Seguro e convicto das ideias que lastreiam o nosso programa, cujo ponto de chegada \u00e9 um estado pr\u00f3spero, verde, inclusivo e digital;<\/p>\n\n\n\n<p>E absolutamente consciente das suas enormes responsabilidades.<\/p>\n\n\n\n<p>Tenho convic\u00e7\u00e3o:&nbsp;<\/p>\n\n\n\n<p>O grandioso desafio de remodelar o presente para alcan\u00e7ar um novo futuro jamais ser\u00e1 uma tarefa de um homem s\u00f3.&nbsp;<\/p>\n\n\n\n<p>Temos em nossas m\u00e3os a mat\u00e9ria prima para colocar em curso um grande projeto coletivo, que s\u00f3 ser\u00e1 realidade se constru\u00eddo com a contribui\u00e7\u00e3o de todos n\u00f3s e a for\u00e7a de nossa gente.<\/p>\n\n\n\n<p>Que esta nova Legislatura que se inicia tenha uma jornada transformadora, inspirada nos valores que alicer\u00e7am a nossa&nbsp; hist\u00f3ria; nos princ\u00edpios \u00e9ticos que movem as sociedades modernas e nas garantias de direitos e obriga\u00e7\u00f5es que alimentam a alma do regime democr\u00e1tico.<\/p>\n\n\n\n<p>Estas ser\u00e3o, sempre, para cada um de n\u00f3s, tarefas intransfer\u00edveis.<\/p>\n\n\n\n<p>E ningu\u00e9m, senhoras e senhores, far\u00e1 por n\u00f3s o que \u00e9 nosso dever.<\/p>\n\n\n\n<p>Muito obrigado.&nbsp;<\/p>\n\n\n\n<p>Que Deus nos aben\u00e7oe.&nbsp;<\/p>\n\n\n\n<p><em>Paulo Fernandes, Comunica\u00e7\u00e3o do Governo de MS<\/em><\/p>\n\n\n\n<p><em>Fotos: Saul Schramm<\/em><\/p>\n","protected":false},"excerpt":{"rendered":"<p>Na instala\u00e7\u00e3o da 12\u00aa Legislatura, nesta quarta-feira (1\u00ba), o governador Eduardo Riedel fez um reconhecimento p\u00fablico ao trabalho realizado e ao papel fundamental da Assembleia Legislativa na solu\u00e7\u00e3o de problemas e defendeu a converg\u00eancia da classe pol\u00edtica em busca de solu\u00e7\u00f5es para a vida das pessoas. Na cerim\u00f4nia, os deputados estaduais tomaram posse e foi [&hellip;]<\/p>\n","protected":false},"author":2,"featured_media":17806,"comment_status":"open","ping_status":"closed","sticky":false,"template":"","format":"standard","meta":{"footnotes":""},"categories":[33],"tags":[],"class_list":["post-17805","post","type-post","status-publish","format-standard","has-post-thumbnail","hentry","category-politica"],"yoast_head":"<!-- This site is optimized with the Yoast SEO plugin v27.5 - https:\/\/yoast.com\/product\/yoast-seo-wordpress\/ -->\n<title>Na Assembleia Legislativa, Eduardo Riedel fala em pacifica\u00e7\u00e3o e assume compromisso de estar aberto ao di\u00e1logo. - MsConectado<\/title>\n<meta name=\"robots\" content=\"index, follow, max-snippet:-1, max-image-preview:large, max-video-preview:-1\" \/>\n<link rel=\"canonical\" href=\"https:\/\/msconectado.com.br\/?p=17805\" \/>\n<meta property=\"og:locale\" content=\"pt_BR\" \/>\n<meta property=\"og:type\" content=\"article\" \/>\n<meta property=\"og:title\" content=\"Na Assembleia Legislativa, Eduardo Riedel fala em pacifica\u00e7\u00e3o e assume compromisso de estar aberto ao di\u00e1logo. - MsConectado\" \/>\n<meta property=\"og:description\" content=\"Na instala\u00e7\u00e3o da 12\u00aa Legislatura, nesta quarta-feira (1\u00ba), o governador Eduardo Riedel fez um reconhecimento p\u00fablico ao trabalho realizado e ao papel fundamental da Assembleia Legislativa na solu\u00e7\u00e3o de problemas e defendeu a converg\u00eancia da classe pol\u00edtica em busca de solu\u00e7\u00f5es para a vida das pessoas. Na cerim\u00f4nia, os deputados estaduais tomaram posse e foi [&hellip;]\" \/>\n<meta property=\"og:url\" content=\"https:\/\/msconectado.com.br\/?p=17805\" \/>\n<meta property=\"og:site_name\" content=\"MsConectado\" \/>\n<meta property=\"article:published_time\" content=\"2023-02-01T16:29:42+00:00\" \/>\n<meta property=\"article:modified_time\" content=\"2023-02-01T16:29:43+00:00\" \/>\n<meta property=\"og:image\" content=\"https:\/\/msconectado.com.br\/wp-content\/uploads\/2023\/02\/ALEMS-Foto-SAul-Schramm-10-730x480-1.jpg\" \/>\n\t<meta property=\"og:image:width\" content=\"730\" \/>\n\t<meta property=\"og:image:height\" content=\"480\" \/>\n\t<meta property=\"og:image:type\" content=\"image\/jpeg\" \/>\n<meta name=\"author\" content=\"MsConectado\" \/>\n<meta name=\"twitter:card\" content=\"summary_large_image\" \/>\n<meta name=\"twitter:label1\" content=\"Escrito por\" \/>\n\t<meta name=\"twitter:data1\" content=\"MsConectado\" \/>\n\t<meta name=\"twitter:label2\" content=\"Est. tempo de leitura\" \/>\n\t<meta name=\"twitter:data2\" content=\"11 minutos\" \/>\n<script type=\"application\/ld+json\" class=\"yoast-schema-graph\">{\"@context\":\"https:\\\/\\\/schema.org\",\"@graph\":[{\"@type\":\"Article\",\"@id\":\"https:\\\/\\\/msconectado.com.br\\\/?p=17805#article\",\"isPartOf\":{\"@id\":\"https:\\\/\\\/msconectado.com.br\\\/?p=17805\"},\"author\":{\"name\":\"MsConectado\",\"@id\":\"https:\\\/\\\/msconectado.com.br\\\/#\\\/schema\\\/person\\\/e5585545b5687092f1041d350b6e2c16\"},\"headline\":\"Na Assembleia Legislativa, Eduardo Riedel fala em pacifica\u00e7\u00e3o e assume compromisso de estar aberto ao di\u00e1logo.\",\"datePublished\":\"2023-02-01T16:29:42+00:00\",\"dateModified\":\"2023-02-01T16:29:43+00:00\",\"mainEntityOfPage\":{\"@id\":\"https:\\\/\\\/msconectado.com.br\\\/?p=17805\"},\"wordCount\":2159,\"commentCount\":0,\"publisher\":{\"@id\":\"https:\\\/\\\/msconectado.com.br\\\/#organization\"},\"image\":{\"@id\":\"https:\\\/\\\/msconectado.com.br\\\/?p=17805#primaryimage\"},\"thumbnailUrl\":\"https:\\\/\\\/msconectado.com.br\\\/wp-content\\\/uploads\\\/2023\\\/02\\\/ALEMS-Foto-SAul-Schramm-10-730x480-1.jpg\",\"articleSection\":[\"Pol\u00edtica\"],\"inLanguage\":\"pt-BR\",\"potentialAction\":[{\"@type\":\"CommentAction\",\"name\":\"Comment\",\"target\":[\"https:\\\/\\\/msconectado.com.br\\\/?p=17805#respond\"]}]},{\"@type\":\"WebPage\",\"@id\":\"https:\\\/\\\/msconectado.com.br\\\/?p=17805\",\"url\":\"https:\\\/\\\/msconectado.com.br\\\/?p=17805\",\"name\":\"Na Assembleia Legislativa, Eduardo Riedel fala em pacifica\u00e7\u00e3o e assume compromisso de estar aberto ao di\u00e1logo. - MsConectado\",\"isPartOf\":{\"@id\":\"https:\\\/\\\/msconectado.com.br\\\/#website\"},\"primaryImageOfPage\":{\"@id\":\"https:\\\/\\\/msconectado.com.br\\\/?p=17805#primaryimage\"},\"image\":{\"@id\":\"https:\\\/\\\/msconectado.com.br\\\/?p=17805#primaryimage\"},\"thumbnailUrl\":\"https:\\\/\\\/msconectado.com.br\\\/wp-content\\\/uploads\\\/2023\\\/02\\\/ALEMS-Foto-SAul-Schramm-10-730x480-1.jpg\",\"datePublished\":\"2023-02-01T16:29:42+00:00\",\"dateModified\":\"2023-02-01T16:29:43+00:00\",\"breadcrumb\":{\"@id\":\"https:\\\/\\\/msconectado.com.br\\\/?p=17805#breadcrumb\"},\"inLanguage\":\"pt-BR\",\"potentialAction\":[{\"@type\":\"ReadAction\",\"target\":[\"https:\\\/\\\/msconectado.com.br\\\/?p=17805\"]}]},{\"@type\":\"ImageObject\",\"inLanguage\":\"pt-BR\",\"@id\":\"https:\\\/\\\/msconectado.com.br\\\/?p=17805#primaryimage\",\"url\":\"https:\\\/\\\/msconectado.com.br\\\/wp-content\\\/uploads\\\/2023\\\/02\\\/ALEMS-Foto-SAul-Schramm-10-730x480-1.jpg\",\"contentUrl\":\"https:\\\/\\\/msconectado.com.br\\\/wp-content\\\/uploads\\\/2023\\\/02\\\/ALEMS-Foto-SAul-Schramm-10-730x480-1.jpg\",\"width\":730,\"height\":480},{\"@type\":\"BreadcrumbList\",\"@id\":\"https:\\\/\\\/msconectado.com.br\\\/?p=17805#breadcrumb\",\"itemListElement\":[{\"@type\":\"ListItem\",\"position\":1,\"name\":\"In\u00edcio\",\"item\":\"https:\\\/\\\/msconectado.com.br\\\/\"},{\"@type\":\"ListItem\",\"position\":2,\"name\":\"Na Assembleia Legislativa, Eduardo Riedel fala em pacifica\u00e7\u00e3o e assume compromisso de estar aberto ao di\u00e1logo.\"}]},{\"@type\":\"WebSite\",\"@id\":\"https:\\\/\\\/msconectado.com.br\\\/#website\",\"url\":\"https:\\\/\\\/msconectado.com.br\\\/\",\"name\":\"MsConectado\",\"description\":\"Voc\u00ea Conectado com a Not\u00edcia!\",\"publisher\":{\"@id\":\"https:\\\/\\\/msconectado.com.br\\\/#organization\"},\"potentialAction\":[{\"@type\":\"SearchAction\",\"target\":{\"@type\":\"EntryPoint\",\"urlTemplate\":\"https:\\\/\\\/msconectado.com.br\\\/?s={search_term_string}\"},\"query-input\":{\"@type\":\"PropertyValueSpecification\",\"valueRequired\":true,\"valueName\":\"search_term_string\"}}],\"inLanguage\":\"pt-BR\"},{\"@type\":\"Organization\",\"@id\":\"https:\\\/\\\/msconectado.com.br\\\/#organization\",\"name\":\"MsConectado\",\"url\":\"https:\\\/\\\/msconectado.com.br\\\/\",\"logo\":{\"@type\":\"ImageObject\",\"inLanguage\":\"pt-BR\",\"@id\":\"https:\\\/\\\/msconectado.com.br\\\/#\\\/schema\\\/logo\\\/image\\\/\",\"url\":\"https:\\\/\\\/msconectado.com.br\\\/wp-content\\\/uploads\\\/2023\\\/01\\\/cropped-noticia-2.png\",\"contentUrl\":\"https:\\\/\\\/msconectado.com.br\\\/wp-content\\\/uploads\\\/2023\\\/01\\\/cropped-noticia-2.png\",\"width\":720,\"height\":157,\"caption\":\"MsConectado\"},\"image\":{\"@id\":\"https:\\\/\\\/msconectado.com.br\\\/#\\\/schema\\\/logo\\\/image\\\/\"}},{\"@type\":\"Person\",\"@id\":\"https:\\\/\\\/msconectado.com.br\\\/#\\\/schema\\\/person\\\/e5585545b5687092f1041d350b6e2c16\",\"name\":\"MsConectado\",\"image\":{\"@type\":\"ImageObject\",\"inLanguage\":\"pt-BR\",\"@id\":\"https:\\\/\\\/secure.gravatar.com\\\/avatar\\\/3b4f84a0a8a4380ac4431fa79981d073692380c5da00ae97596e794ab0db5c8c?s=96&d=mm&r=g\",\"url\":\"https:\\\/\\\/secure.gravatar.com\\\/avatar\\\/3b4f84a0a8a4380ac4431fa79981d073692380c5da00ae97596e794ab0db5c8c?s=96&d=mm&r=g\",\"contentUrl\":\"https:\\\/\\\/secure.gravatar.com\\\/avatar\\\/3b4f84a0a8a4380ac4431fa79981d073692380c5da00ae97596e794ab0db5c8c?s=96&d=mm&r=g\",\"caption\":\"MsConectado\"},\"url\":\"https:\\\/\\\/msconectado.com.br\\\/?author=2\"}]}<\/script>\n<!-- \/ Yoast SEO plugin. -->","yoast_head_json":{"title":"Na Assembleia Legislativa, Eduardo Riedel fala em pacifica\u00e7\u00e3o e assume compromisso de estar aberto ao di\u00e1logo. - MsConectado","robots":{"index":"index","follow":"follow","max-snippet":"max-snippet:-1","max-image-preview":"max-image-preview:large","max-video-preview":"max-video-preview:-1"},"canonical":"https:\/\/msconectado.com.br\/?p=17805","og_locale":"pt_BR","og_type":"article","og_title":"Na Assembleia Legislativa, Eduardo Riedel fala em pacifica\u00e7\u00e3o e assume compromisso de estar aberto ao di\u00e1logo. - MsConectado","og_description":"Na instala\u00e7\u00e3o da 12\u00aa Legislatura, nesta quarta-feira (1\u00ba), o governador Eduardo Riedel fez um reconhecimento p\u00fablico ao trabalho realizado e ao papel fundamental da Assembleia Legislativa na solu\u00e7\u00e3o de problemas e defendeu a converg\u00eancia da classe pol\u00edtica em busca de solu\u00e7\u00f5es para a vida das pessoas. Na cerim\u00f4nia, os deputados estaduais tomaram posse e foi [&hellip;]","og_url":"https:\/\/msconectado.com.br\/?p=17805","og_site_name":"MsConectado","article_published_time":"2023-02-01T16:29:42+00:00","article_modified_time":"2023-02-01T16:29:43+00:00","og_image":[{"width":730,"height":480,"url":"https:\/\/msconectado.com.br\/wp-content\/uploads\/2023\/02\/ALEMS-Foto-SAul-Schramm-10-730x480-1.jpg","type":"image\/jpeg"}],"author":"MsConectado","twitter_card":"summary_large_image","twitter_misc":{"Escrito por":"MsConectado","Est. tempo de leitura":"11 minutos"},"schema":{"@context":"https:\/\/schema.org","@graph":[{"@type":"Article","@id":"https:\/\/msconectado.com.br\/?p=17805#article","isPartOf":{"@id":"https:\/\/msconectado.com.br\/?p=17805"},"author":{"name":"MsConectado","@id":"https:\/\/msconectado.com.br\/#\/schema\/person\/e5585545b5687092f1041d350b6e2c16"},"headline":"Na Assembleia Legislativa, Eduardo Riedel fala em pacifica\u00e7\u00e3o e assume compromisso de estar aberto ao di\u00e1logo.","datePublished":"2023-02-01T16:29:42+00:00","dateModified":"2023-02-01T16:29:43+00:00","mainEntityOfPage":{"@id":"https:\/\/msconectado.com.br\/?p=17805"},"wordCount":2159,"commentCount":0,"publisher":{"@id":"https:\/\/msconectado.com.br\/#organization"},"image":{"@id":"https:\/\/msconectado.com.br\/?p=17805#primaryimage"},"thumbnailUrl":"https:\/\/msconectado.com.br\/wp-content\/uploads\/2023\/02\/ALEMS-Foto-SAul-Schramm-10-730x480-1.jpg","articleSection":["Pol\u00edtica"],"inLanguage":"pt-BR","potentialAction":[{"@type":"CommentAction","name":"Comment","target":["https:\/\/msconectado.com.br\/?p=17805#respond"]}]},{"@type":"WebPage","@id":"https:\/\/msconectado.com.br\/?p=17805","url":"https:\/\/msconectado.com.br\/?p=17805","name":"Na Assembleia Legislativa, Eduardo Riedel fala em pacifica\u00e7\u00e3o e assume compromisso de estar aberto ao di\u00e1logo. - MsConectado","isPartOf":{"@id":"https:\/\/msconectado.com.br\/#website"},"primaryImageOfPage":{"@id":"https:\/\/msconectado.com.br\/?p=17805#primaryimage"},"image":{"@id":"https:\/\/msconectado.com.br\/?p=17805#primaryimage"},"thumbnailUrl":"https:\/\/msconectado.com.br\/wp-content\/uploads\/2023\/02\/ALEMS-Foto-SAul-Schramm-10-730x480-1.jpg","datePublished":"2023-02-01T16:29:42+00:00","dateModified":"2023-02-01T16:29:43+00:00","breadcrumb":{"@id":"https:\/\/msconectado.com.br\/?p=17805#breadcrumb"},"inLanguage":"pt-BR","potentialAction":[{"@type":"ReadAction","target":["https:\/\/msconectado.com.br\/?p=17805"]}]},{"@type":"ImageObject","inLanguage":"pt-BR","@id":"https:\/\/msconectado.com.br\/?p=17805#primaryimage","url":"https:\/\/msconectado.com.br\/wp-content\/uploads\/2023\/02\/ALEMS-Foto-SAul-Schramm-10-730x480-1.jpg","contentUrl":"https:\/\/msconectado.com.br\/wp-content\/uploads\/2023\/02\/ALEMS-Foto-SAul-Schramm-10-730x480-1.jpg","width":730,"height":480},{"@type":"BreadcrumbList","@id":"https:\/\/msconectado.com.br\/?p=17805#breadcrumb","itemListElement":[{"@type":"ListItem","position":1,"name":"In\u00edcio","item":"https:\/\/msconectado.com.br\/"},{"@type":"ListItem","position":2,"name":"Na Assembleia Legislativa, Eduardo Riedel fala em pacifica\u00e7\u00e3o e assume compromisso de estar aberto ao di\u00e1logo."}]},{"@type":"WebSite","@id":"https:\/\/msconectado.com.br\/#website","url":"https:\/\/msconectado.com.br\/","name":"MsConectado","description":"Voc\u00ea Conectado com a Not\u00edcia!","publisher":{"@id":"https:\/\/msconectado.com.br\/#organization"},"potentialAction":[{"@type":"SearchAction","target":{"@type":"EntryPoint","urlTemplate":"https:\/\/msconectado.com.br\/?s={search_term_string}"},"query-input":{"@type":"PropertyValueSpecification","valueRequired":true,"valueName":"search_term_string"}}],"inLanguage":"pt-BR"},{"@type":"Organization","@id":"https:\/\/msconectado.com.br\/#organization","name":"MsConectado","url":"https:\/\/msconectado.com.br\/","logo":{"@type":"ImageObject","inLanguage":"pt-BR","@id":"https:\/\/msconectado.com.br\/#\/schema\/logo\/image\/","url":"https:\/\/msconectado.com.br\/wp-content\/uploads\/2023\/01\/cropped-noticia-2.png","contentUrl":"https:\/\/msconectado.com.br\/wp-content\/uploads\/2023\/01\/cropped-noticia-2.png","width":720,"height":157,"caption":"MsConectado"},"image":{"@id":"https:\/\/msconectado.com.br\/#\/schema\/logo\/image\/"}},{"@type":"Person","@id":"https:\/\/msconectado.com.br\/#\/schema\/person\/e5585545b5687092f1041d350b6e2c16","name":"MsConectado","image":{"@type":"ImageObject","inLanguage":"pt-BR","@id":"https:\/\/secure.gravatar.com\/avatar\/3b4f84a0a8a4380ac4431fa79981d073692380c5da00ae97596e794ab0db5c8c?s=96&d=mm&r=g","url":"https:\/\/secure.gravatar.com\/avatar\/3b4f84a0a8a4380ac4431fa79981d073692380c5da00ae97596e794ab0db5c8c?s=96&d=mm&r=g","contentUrl":"https:\/\/secure.gravatar.com\/avatar\/3b4f84a0a8a4380ac4431fa79981d073692380c5da00ae97596e794ab0db5c8c?s=96&d=mm&r=g","caption":"MsConectado"},"url":"https:\/\/msconectado.com.br\/?author=2"}]}},"_links":{"self":[{"href":"https:\/\/msconectado.com.br\/index.php?rest_route=\/wp\/v2\/posts\/17805","targetHints":{"allow":["GET"]}}],"collection":[{"href":"https:\/\/msconectado.com.br\/index.php?rest_route=\/wp\/v2\/posts"}],"about":[{"href":"https:\/\/msconectado.com.br\/index.php?rest_route=\/wp\/v2\/types\/post"}],"author":[{"embeddable":true,"href":"https:\/\/msconectado.com.br\/index.php?rest_route=\/wp\/v2\/users\/2"}],"replies":[{"embeddable":true,"href":"https:\/\/msconectado.com.br\/index.php?rest_route=%2Fwp%2Fv2%2Fcomments&post=17805"}],"version-history":[{"count":1,"href":"https:\/\/msconectado.com.br\/index.php?rest_route=\/wp\/v2\/posts\/17805\/revisions"}],"predecessor-version":[{"id":17807,"href":"https:\/\/msconectado.com.br\/index.php?rest_route=\/wp\/v2\/posts\/17805\/revisions\/17807"}],"wp:featuredmedia":[{"embeddable":true,"href":"https:\/\/msconectado.com.br\/index.php?rest_route=\/wp\/v2\/media\/17806"}],"wp:attachment":[{"href":"https:\/\/msconectado.com.br\/index.php?rest_route=%2Fwp%2Fv2%2Fmedia&parent=17805"}],"wp:term":[{"taxonomy":"category","embeddable":true,"href":"https:\/\/msconectado.com.br\/index.php?rest_route=%2Fwp%2Fv2%2Fcategories&post=17805"},{"taxonomy":"post_tag","embeddable":true,"href":"https:\/\/msconectado.com.br\/index.php?rest_route=%2Fwp%2Fv2%2Ftags&post=17805"}],"curies":[{"name":"wp","href":"https:\/\/api.w.org\/{rel}","templated":true}]}}