{"id":17814,"date":"2023-02-02T12:51:46","date_gmt":"2023-02-02T12:51:46","guid":{"rendered":"https:\/\/msconectado.com.br\/?p=17814"},"modified":"2023-02-02T12:51:47","modified_gmt":"2023-02-02T12:51:47","slug":"aliada-dos-poderes-constituidos-alems-e-enaltecida-na-posse-dos-deputados-estaduais-saiba-mais","status":"publish","type":"post","link":"https:\/\/msconectado.com.br\/?p=17814","title":{"rendered":"Aliada dos Poderes constitu\u00eddos, ALEMS \u00e9 enaltecida na posse dos deputados estaduais. Saiba mais."},"content":{"rendered":"\n<p>Nesta manh\u00e3 (1\u00aa),&nbsp;<a href=\"https:\/\/al.ms.gov.br\/Noticias\/131276\/posse-dos-24-deputados-estaduais-da-inicio-a-12-legislatura\" target=\"_blank\" rel=\"noreferrer noopener\"><ins>o&nbsp;Plen\u00e1rio J\u00falio Maia abrigou a solenidade de posse dos deputados estaduais, eleitos em 2022.<\/ins><\/a>&nbsp;Entre as palavras que marcaram a cermim\u00f4nia, duas foram&nbsp;evidentes: emo\u00e7\u00e3o e reconhecimento. Na&nbsp;festa da posse, os&nbsp;24 parlamentares eleitos assumem o cargo. Em 2023, duas mulheres integram&nbsp;o Parlamento Estadual. Representantes dos poderes constitu\u00eddos prestigiaram o evento e enalteceram a atua\u00e7\u00e3o dos parlamentares da Assembleia Legislativa, sempre em benef\u00edcio do cidad\u00e3o sul-mato-grossense.<\/p>\n\n\n\n<p>O governador do Estado, Eduardo Riedel (PSDB), refor\u00e7ou a import\u00e2ncia da atua\u00e7\u00e3o da Casa&nbsp;de Leis para a gest\u00e3o do Executivo. \u201c\u00c9 necess\u00e1rio reconhecimento ao papel que esta Casa de Leis vem cumprindo, principalmente em tempos dif\u00edceis. Executivo e Legislativo sempre sentaram juntos na mesma mesa, o que demonstrou o alto esp\u00edrito p\u00fablico que sempre prevaleceu em nosso Estado. \u00c9 com essa viv\u00eancia, e exitosa plena confian\u00e7a, um regime de intensa colabora\u00e7\u00e3o e parceria entre os poderes, que sa\u00fado hoje&nbsp;todos os empossados. Esse Parlamento encontrar\u00e1 a frente do Estado um governador aberto ao di\u00e1logo. Que essa nova legislatura&nbsp;tenha uma jornada transformadora, inspirada nos valores que alicer\u00e7am a nossa hist\u00f3ria, nos princ\u00edpios \u00e9ticos que movem as sociedades modernas, e na garantia de direitos e obriga\u00e7\u00f5es que alimentam a alma do regime democr\u00e1tico, essas ser\u00e3o sempre, para cada um de n\u00f3s, tarefas intransfer\u00edveis\u201d, ressaltou. &nbsp;&nbsp;<\/p>\n\n\n\n<p>O presidente do Tribunal de Contas do Estado de Mato Grosso do Sul (TCE\/MS), Jerson Domingos, refor\u00e7ou o objetivo em comum&nbsp;de ambas&nbsp;institui\u00e7\u00f5es. \u201cO Tribunal de Contas e a Assembleia Legislativa s\u00e3o institui\u00e7\u00f5es que trabalham em prol do interesse da popula\u00e7\u00e3o do nosso Estado. Buscamos sempre esse apoio e parceria m\u00fatua que refor\u00e7am a responsabilidade que todos temos em trabalhar em favor de um s\u00f3 projeto, o desenvolvimento de Mato Grosso do Sul\u201d, declarou. &nbsp;<\/p>\n\n\n\n<p>Homero Lupo Medeiros, defensor p\u00fablico-geral, falou sobre a expectativa do trabalho realizado pela Assembleia Legislativa em parceria com o \u00f3rg\u00e3o. &nbsp;\u201cCom a abertura dos trabalhos do ano de 2023, a Defensoria P\u00fablica espera que as parcerias j\u00e1 desenvolvidas com a Assembleia Legislativa de Mato Grosso do Sul sejam refor\u00e7adas e que as tratativas com as autoridades dessa Casa de Leis, empossadas hoje, se mantenham ainda mais cordiais, respeitosas e comprometidas com as demandas da popula\u00e7\u00e3o sul-mato-grossense, em especial, as assistidas e assistidos da Defensoria P\u00fablica de MS\u201d, considera.&nbsp;&nbsp;<\/p>\n\n\n\n<p><strong>Mesa Diretora<\/strong><\/p>\n\n\n\n<p>Ap\u00f3s a instala\u00e7\u00e3o da 12\u00aa Legislatura da ALEMS, que aconteceu com a posse dos parlamentares, aconteceu, em sess\u00e3o extraordin\u00e1ria,\u00a0<a href=\"https:\/\/al.ms.gov.br\/Noticias\/131277\/nova-mesa-diretora-da-alems-e-eleita-para-bienio-2023-2024\" target=\"_blank\" rel=\"noreferrer noopener\"><ins>a elei\u00e7\u00e3o da Mesa Diretora.<\/ins><\/a>\u00a0Os eleitos s\u00e3o os respons\u00e1veis pela condu\u00e7\u00e3o dos trabalhos das pr\u00f3ximas duas Sess\u00f5es Legislativas (2023-2024). O deputado Gerson Claro (PP) foi eleito presidente, Renato C\u00e2mara (MDB) o 1\u00ba vice-presidente, Z\u00e9 Teixeira (PSDB) para 2\u00ba vice-presidente e Mara Caseiro (PSDB) ocupar\u00e1 a 3\u00aa vice-presid\u00eancia. Paulo Corr\u00eaa (PSDB) ser\u00e1 o 1\u00ba secret\u00e1rio, Pedro Kemp (PT) ocupar\u00e1 a 2\u00aa secretaria, e o deputado Lucas de Lima (PDT) ser\u00e1 o 3\u00aa secret\u00e1rio. \u00a0 \u00a0<\/p>\n\n\n\n<p>ALEMS<\/p>\n\n\n\n<p><strong>Foto:<\/strong>\u00a0Wagner Guimar\u00e3es<\/p>\n\n\n<div class=\"wp-block-image\">\n<figure class=\"aligncenter size-full\"><a href=\"https:\/\/www.sicredi.com.br\/coop\/pantanalms\/\"><img fetchpriority=\"high\" decoding=\"async\" width=\"900\" height=\"100\" src=\"https:\/\/msconectado.com.br\/wp-content\/uploads\/2023\/01\/MS_Concetado.png\" alt=\"\" class=\"wp-image-17625\" srcset=\"https:\/\/msconectado.com.br\/wp-content\/uploads\/2023\/01\/MS_Concetado.png 900w, https:\/\/msconectado.com.br\/wp-content\/uploads\/2023\/01\/MS_Concetado-300x33.png 300w, https:\/\/msconectado.com.br\/wp-content\/uploads\/2023\/01\/MS_Concetado-768x85.png 768w\" sizes=\"(max-width: 900px) 100vw, 900px\" \/><\/a><\/figure>\n<\/div>","protected":false},"excerpt":{"rendered":"<p>Nesta manh\u00e3 (1\u00aa),&nbsp;o&nbsp;Plen\u00e1rio J\u00falio Maia abrigou a solenidade de posse dos deputados estaduais, eleitos em 2022.&nbsp;Entre as palavras que marcaram a cermim\u00f4nia, duas foram&nbsp;evidentes: emo\u00e7\u00e3o e reconhecimento. Na&nbsp;festa da posse, os&nbsp;24 parlamentares eleitos assumem o cargo. Em 2023, duas mulheres integram&nbsp;o Parlamento Estadual. Representantes dos poderes constitu\u00eddos prestigiaram o evento e enalteceram a atua\u00e7\u00e3o dos [&hellip;]<\/p>\n","protected":false},"author":3,"featured_media":17815,"comment_status":"open","ping_status":"closed","sticky":false,"template":"","format":"standard","meta":{"footnotes":""},"categories":[38],"tags":[],"class_list":["post-17814","post","type-post","status-publish","format-standard","has-post-thumbnail","hentry","category-assembleia-legislativa"],"yoast_head":"<!-- This site is optimized with the Yoast SEO plugin v27.5 - https:\/\/yoast.com\/product\/yoast-seo-wordpress\/ -->\n<title>Aliada dos Poderes constitu\u00eddos, ALEMS \u00e9 enaltecida na posse dos deputados estaduais. Saiba mais. - MsConectado<\/title>\n<meta name=\"robots\" content=\"index, follow, max-snippet:-1, max-image-preview:large, max-video-preview:-1\" \/>\n<link rel=\"canonical\" href=\"https:\/\/msconectado.com.br\/?p=17814\" \/>\n<meta property=\"og:locale\" content=\"pt_BR\" \/>\n<meta property=\"og:type\" content=\"article\" \/>\n<meta property=\"og:title\" content=\"Aliada dos Poderes constitu\u00eddos, ALEMS \u00e9 enaltecida na posse dos deputados estaduais. Saiba mais. - MsConectado\" \/>\n<meta property=\"og:description\" content=\"Nesta manh\u00e3 (1\u00aa),&nbsp;o&nbsp;Plen\u00e1rio J\u00falio Maia abrigou a solenidade de posse dos deputados estaduais, eleitos em 2022.&nbsp;Entre as palavras que marcaram a cermim\u00f4nia, duas foram&nbsp;evidentes: emo\u00e7\u00e3o e reconhecimento. Na&nbsp;festa da posse, os&nbsp;24 parlamentares eleitos assumem o cargo. Em 2023, duas mulheres integram&nbsp;o Parlamento Estadual. Representantes dos poderes constitu\u00eddos prestigiaram o evento e enalteceram a atua\u00e7\u00e3o dos [&hellip;]\" \/>\n<meta property=\"og:url\" content=\"https:\/\/msconectado.com.br\/?p=17814\" \/>\n<meta property=\"og:site_name\" content=\"MsConectado\" \/>\n<meta property=\"article:published_time\" content=\"2023-02-02T12:51:46+00:00\" \/>\n<meta property=\"article:modified_time\" content=\"2023-02-02T12:51:47+00:00\" \/>\n<meta property=\"og:image\" content=\"https:\/\/msconectado.com.br\/wp-content\/uploads\/2023\/02\/2023_02_01_04_13_45_b63fabc0-6b15-4444-b51f-594862481202.jpg\" \/>\n\t<meta property=\"og:image:width\" content=\"740\" \/>\n\t<meta property=\"og:image:height\" content=\"493\" \/>\n\t<meta property=\"og:image:type\" content=\"image\/jpeg\" \/>\n<meta name=\"author\" content=\"Jeferson\" \/>\n<meta name=\"twitter:card\" content=\"summary_large_image\" \/>\n<meta name=\"twitter:label1\" content=\"Escrito por\" \/>\n\t<meta name=\"twitter:data1\" content=\"Jeferson\" \/>\n\t<meta name=\"twitter:label2\" content=\"Est. tempo de leitura\" \/>\n\t<meta name=\"twitter:data2\" content=\"3 minutos\" \/>\n<script type=\"application\/ld+json\" class=\"yoast-schema-graph\">{\"@context\":\"https:\\\/\\\/schema.org\",\"@graph\":[{\"@type\":\"Article\",\"@id\":\"https:\\\/\\\/msconectado.com.br\\\/?p=17814#article\",\"isPartOf\":{\"@id\":\"https:\\\/\\\/msconectado.com.br\\\/?p=17814\"},\"author\":{\"name\":\"Jeferson\",\"@id\":\"https:\\\/\\\/msconectado.com.br\\\/#\\\/schema\\\/person\\\/feb123a95a93eebea36f0ed6a2e5ba48\"},\"headline\":\"Aliada dos Poderes constitu\u00eddos, ALEMS \u00e9 enaltecida na posse dos deputados estaduais. Saiba mais.\",\"datePublished\":\"2023-02-02T12:51:46+00:00\",\"dateModified\":\"2023-02-02T12:51:47+00:00\",\"mainEntityOfPage\":{\"@id\":\"https:\\\/\\\/msconectado.com.br\\\/?p=17814\"},\"wordCount\":554,\"commentCount\":0,\"publisher\":{\"@id\":\"https:\\\/\\\/msconectado.com.br\\\/#organization\"},\"image\":{\"@id\":\"https:\\\/\\\/msconectado.com.br\\\/?p=17814#primaryimage\"},\"thumbnailUrl\":\"https:\\\/\\\/msconectado.com.br\\\/wp-content\\\/uploads\\\/2023\\\/02\\\/2023_02_01_04_13_45_b63fabc0-6b15-4444-b51f-594862481202.jpg\",\"articleSection\":[\"Assembleia Legislativa\"],\"inLanguage\":\"pt-BR\",\"potentialAction\":[{\"@type\":\"CommentAction\",\"name\":\"Comment\",\"target\":[\"https:\\\/\\\/msconectado.com.br\\\/?p=17814#respond\"]}]},{\"@type\":\"WebPage\",\"@id\":\"https:\\\/\\\/msconectado.com.br\\\/?p=17814\",\"url\":\"https:\\\/\\\/msconectado.com.br\\\/?p=17814\",\"name\":\"Aliada dos Poderes constitu\u00eddos, ALEMS \u00e9 enaltecida na posse dos deputados estaduais. Saiba mais. - MsConectado\",\"isPartOf\":{\"@id\":\"https:\\\/\\\/msconectado.com.br\\\/#website\"},\"primaryImageOfPage\":{\"@id\":\"https:\\\/\\\/msconectado.com.br\\\/?p=17814#primaryimage\"},\"image\":{\"@id\":\"https:\\\/\\\/msconectado.com.br\\\/?p=17814#primaryimage\"},\"thumbnailUrl\":\"https:\\\/\\\/msconectado.com.br\\\/wp-content\\\/uploads\\\/2023\\\/02\\\/2023_02_01_04_13_45_b63fabc0-6b15-4444-b51f-594862481202.jpg\",\"datePublished\":\"2023-02-02T12:51:46+00:00\",\"dateModified\":\"2023-02-02T12:51:47+00:00\",\"breadcrumb\":{\"@id\":\"https:\\\/\\\/msconectado.com.br\\\/?p=17814#breadcrumb\"},\"inLanguage\":\"pt-BR\",\"potentialAction\":[{\"@type\":\"ReadAction\",\"target\":[\"https:\\\/\\\/msconectado.com.br\\\/?p=17814\"]}]},{\"@type\":\"ImageObject\",\"inLanguage\":\"pt-BR\",\"@id\":\"https:\\\/\\\/msconectado.com.br\\\/?p=17814#primaryimage\",\"url\":\"https:\\\/\\\/msconectado.com.br\\\/wp-content\\\/uploads\\\/2023\\\/02\\\/2023_02_01_04_13_45_b63fabc0-6b15-4444-b51f-594862481202.jpg\",\"contentUrl\":\"https:\\\/\\\/msconectado.com.br\\\/wp-content\\\/uploads\\\/2023\\\/02\\\/2023_02_01_04_13_45_b63fabc0-6b15-4444-b51f-594862481202.jpg\",\"width\":740,\"height\":493},{\"@type\":\"BreadcrumbList\",\"@id\":\"https:\\\/\\\/msconectado.com.br\\\/?p=17814#breadcrumb\",\"itemListElement\":[{\"@type\":\"ListItem\",\"position\":1,\"name\":\"In\u00edcio\",\"item\":\"https:\\\/\\\/msconectado.com.br\\\/?page_id=105\"},{\"@type\":\"ListItem\",\"position\":2,\"name\":\"Aliada dos Poderes constitu\u00eddos, ALEMS \u00e9 enaltecida na posse dos deputados estaduais. Saiba mais.\"}]},{\"@type\":\"WebSite\",\"@id\":\"https:\\\/\\\/msconectado.com.br\\\/#website\",\"url\":\"https:\\\/\\\/msconectado.com.br\\\/\",\"name\":\"MsConectado\",\"description\":\"Voc\u00ea Conectado com a Not\u00edcia!\",\"publisher\":{\"@id\":\"https:\\\/\\\/msconectado.com.br\\\/#organization\"},\"potentialAction\":[{\"@type\":\"SearchAction\",\"target\":{\"@type\":\"EntryPoint\",\"urlTemplate\":\"https:\\\/\\\/msconectado.com.br\\\/?s={search_term_string}\"},\"query-input\":{\"@type\":\"PropertyValueSpecification\",\"valueRequired\":true,\"valueName\":\"search_term_string\"}}],\"inLanguage\":\"pt-BR\"},{\"@type\":\"Organization\",\"@id\":\"https:\\\/\\\/msconectado.com.br\\\/#organization\",\"name\":\"MsConectado\",\"url\":\"https:\\\/\\\/msconectado.com.br\\\/\",\"logo\":{\"@type\":\"ImageObject\",\"inLanguage\":\"pt-BR\",\"@id\":\"https:\\\/\\\/msconectado.com.br\\\/#\\\/schema\\\/logo\\\/image\\\/\",\"url\":\"https:\\\/\\\/msconectado.com.br\\\/wp-content\\\/uploads\\\/2023\\\/01\\\/cropped-noticia-2.png\",\"contentUrl\":\"https:\\\/\\\/msconectado.com.br\\\/wp-content\\\/uploads\\\/2023\\\/01\\\/cropped-noticia-2.png\",\"width\":720,\"height\":157,\"caption\":\"MsConectado\"},\"image\":{\"@id\":\"https:\\\/\\\/msconectado.com.br\\\/#\\\/schema\\\/logo\\\/image\\\/\"}},{\"@type\":\"Person\",\"@id\":\"https:\\\/\\\/msconectado.com.br\\\/#\\\/schema\\\/person\\\/feb123a95a93eebea36f0ed6a2e5ba48\",\"name\":\"Jeferson\",\"image\":{\"@type\":\"ImageObject\",\"inLanguage\":\"pt-BR\",\"@id\":\"https:\\\/\\\/secure.gravatar.com\\\/avatar\\\/e23e8901c88f0cdc0ad479ef7a39bf3e4c806344549c087c00b721a65549a328?s=96&d=mm&r=g\",\"url\":\"https:\\\/\\\/secure.gravatar.com\\\/avatar\\\/e23e8901c88f0cdc0ad479ef7a39bf3e4c806344549c087c00b721a65549a328?s=96&d=mm&r=g\",\"contentUrl\":\"https:\\\/\\\/secure.gravatar.com\\\/avatar\\\/e23e8901c88f0cdc0ad479ef7a39bf3e4c806344549c087c00b721a65549a328?s=96&d=mm&r=g\",\"caption\":\"Jeferson\"},\"url\":\"https:\\\/\\\/msconectado.com.br\\\/?author=3\"}]}<\/script>\n<!-- \/ Yoast SEO plugin. -->","yoast_head_json":{"title":"Aliada dos Poderes constitu\u00eddos, ALEMS \u00e9 enaltecida na posse dos deputados estaduais. Saiba mais. - MsConectado","robots":{"index":"index","follow":"follow","max-snippet":"max-snippet:-1","max-image-preview":"max-image-preview:large","max-video-preview":"max-video-preview:-1"},"canonical":"https:\/\/msconectado.com.br\/?p=17814","og_locale":"pt_BR","og_type":"article","og_title":"Aliada dos Poderes constitu\u00eddos, ALEMS \u00e9 enaltecida na posse dos deputados estaduais. Saiba mais. - MsConectado","og_description":"Nesta manh\u00e3 (1\u00aa),&nbsp;o&nbsp;Plen\u00e1rio J\u00falio Maia abrigou a solenidade de posse dos deputados estaduais, eleitos em 2022.&nbsp;Entre as palavras que marcaram a cermim\u00f4nia, duas foram&nbsp;evidentes: emo\u00e7\u00e3o e reconhecimento. Na&nbsp;festa da posse, os&nbsp;24 parlamentares eleitos assumem o cargo. Em 2023, duas mulheres integram&nbsp;o Parlamento Estadual. Representantes dos poderes constitu\u00eddos prestigiaram o evento e enalteceram a atua\u00e7\u00e3o dos [&hellip;]","og_url":"https:\/\/msconectado.com.br\/?p=17814","og_site_name":"MsConectado","article_published_time":"2023-02-02T12:51:46+00:00","article_modified_time":"2023-02-02T12:51:47+00:00","og_image":[{"width":740,"height":493,"url":"https:\/\/msconectado.com.br\/wp-content\/uploads\/2023\/02\/2023_02_01_04_13_45_b63fabc0-6b15-4444-b51f-594862481202.jpg","type":"image\/jpeg"}],"author":"Jeferson","twitter_card":"summary_large_image","twitter_misc":{"Escrito por":"Jeferson","Est. tempo de leitura":"3 minutos"},"schema":{"@context":"https:\/\/schema.org","@graph":[{"@type":"Article","@id":"https:\/\/msconectado.com.br\/?p=17814#article","isPartOf":{"@id":"https:\/\/msconectado.com.br\/?p=17814"},"author":{"name":"Jeferson","@id":"https:\/\/msconectado.com.br\/#\/schema\/person\/feb123a95a93eebea36f0ed6a2e5ba48"},"headline":"Aliada dos Poderes constitu\u00eddos, ALEMS \u00e9 enaltecida na posse dos deputados estaduais. Saiba mais.","datePublished":"2023-02-02T12:51:46+00:00","dateModified":"2023-02-02T12:51:47+00:00","mainEntityOfPage":{"@id":"https:\/\/msconectado.com.br\/?p=17814"},"wordCount":554,"commentCount":0,"publisher":{"@id":"https:\/\/msconectado.com.br\/#organization"},"image":{"@id":"https:\/\/msconectado.com.br\/?p=17814#primaryimage"},"thumbnailUrl":"https:\/\/msconectado.com.br\/wp-content\/uploads\/2023\/02\/2023_02_01_04_13_45_b63fabc0-6b15-4444-b51f-594862481202.jpg","articleSection":["Assembleia Legislativa"],"inLanguage":"pt-BR","potentialAction":[{"@type":"CommentAction","name":"Comment","target":["https:\/\/msconectado.com.br\/?p=17814#respond"]}]},{"@type":"WebPage","@id":"https:\/\/msconectado.com.br\/?p=17814","url":"https:\/\/msconectado.com.br\/?p=17814","name":"Aliada dos Poderes constitu\u00eddos, ALEMS \u00e9 enaltecida na posse dos deputados estaduais. Saiba mais. - MsConectado","isPartOf":{"@id":"https:\/\/msconectado.com.br\/#website"},"primaryImageOfPage":{"@id":"https:\/\/msconectado.com.br\/?p=17814#primaryimage"},"image":{"@id":"https:\/\/msconectado.com.br\/?p=17814#primaryimage"},"thumbnailUrl":"https:\/\/msconectado.com.br\/wp-content\/uploads\/2023\/02\/2023_02_01_04_13_45_b63fabc0-6b15-4444-b51f-594862481202.jpg","datePublished":"2023-02-02T12:51:46+00:00","dateModified":"2023-02-02T12:51:47+00:00","breadcrumb":{"@id":"https:\/\/msconectado.com.br\/?p=17814#breadcrumb"},"inLanguage":"pt-BR","potentialAction":[{"@type":"ReadAction","target":["https:\/\/msconectado.com.br\/?p=17814"]}]},{"@type":"ImageObject","inLanguage":"pt-BR","@id":"https:\/\/msconectado.com.br\/?p=17814#primaryimage","url":"https:\/\/msconectado.com.br\/wp-content\/uploads\/2023\/02\/2023_02_01_04_13_45_b63fabc0-6b15-4444-b51f-594862481202.jpg","contentUrl":"https:\/\/msconectado.com.br\/wp-content\/uploads\/2023\/02\/2023_02_01_04_13_45_b63fabc0-6b15-4444-b51f-594862481202.jpg","width":740,"height":493},{"@type":"BreadcrumbList","@id":"https:\/\/msconectado.com.br\/?p=17814#breadcrumb","itemListElement":[{"@type":"ListItem","position":1,"name":"In\u00edcio","item":"https:\/\/msconectado.com.br\/?page_id=105"},{"@type":"ListItem","position":2,"name":"Aliada dos Poderes constitu\u00eddos, ALEMS \u00e9 enaltecida na posse dos deputados estaduais. Saiba mais."}]},{"@type":"WebSite","@id":"https:\/\/msconectado.com.br\/#website","url":"https:\/\/msconectado.com.br\/","name":"MsConectado","description":"Voc\u00ea Conectado com a Not\u00edcia!","publisher":{"@id":"https:\/\/msconectado.com.br\/#organization"},"potentialAction":[{"@type":"SearchAction","target":{"@type":"EntryPoint","urlTemplate":"https:\/\/msconectado.com.br\/?s={search_term_string}"},"query-input":{"@type":"PropertyValueSpecification","valueRequired":true,"valueName":"search_term_string"}}],"inLanguage":"pt-BR"},{"@type":"Organization","@id":"https:\/\/msconectado.com.br\/#organization","name":"MsConectado","url":"https:\/\/msconectado.com.br\/","logo":{"@type":"ImageObject","inLanguage":"pt-BR","@id":"https:\/\/msconectado.com.br\/#\/schema\/logo\/image\/","url":"https:\/\/msconectado.com.br\/wp-content\/uploads\/2023\/01\/cropped-noticia-2.png","contentUrl":"https:\/\/msconectado.com.br\/wp-content\/uploads\/2023\/01\/cropped-noticia-2.png","width":720,"height":157,"caption":"MsConectado"},"image":{"@id":"https:\/\/msconectado.com.br\/#\/schema\/logo\/image\/"}},{"@type":"Person","@id":"https:\/\/msconectado.com.br\/#\/schema\/person\/feb123a95a93eebea36f0ed6a2e5ba48","name":"Jeferson","image":{"@type":"ImageObject","inLanguage":"pt-BR","@id":"https:\/\/secure.gravatar.com\/avatar\/e23e8901c88f0cdc0ad479ef7a39bf3e4c806344549c087c00b721a65549a328?s=96&d=mm&r=g","url":"https:\/\/secure.gravatar.com\/avatar\/e23e8901c88f0cdc0ad479ef7a39bf3e4c806344549c087c00b721a65549a328?s=96&d=mm&r=g","contentUrl":"https:\/\/secure.gravatar.com\/avatar\/e23e8901c88f0cdc0ad479ef7a39bf3e4c806344549c087c00b721a65549a328?s=96&d=mm&r=g","caption":"Jeferson"},"url":"https:\/\/msconectado.com.br\/?author=3"}]}},"_links":{"self":[{"href":"https:\/\/msconectado.com.br\/index.php?rest_route=\/wp\/v2\/posts\/17814","targetHints":{"allow":["GET"]}}],"collection":[{"href":"https:\/\/msconectado.com.br\/index.php?rest_route=\/wp\/v2\/posts"}],"about":[{"href":"https:\/\/msconectado.com.br\/index.php?rest_route=\/wp\/v2\/types\/post"}],"author":[{"embeddable":true,"href":"https:\/\/msconectado.com.br\/index.php?rest_route=\/wp\/v2\/users\/3"}],"replies":[{"embeddable":true,"href":"https:\/\/msconectado.com.br\/index.php?rest_route=%2Fwp%2Fv2%2Fcomments&post=17814"}],"version-history":[{"count":1,"href":"https:\/\/msconectado.com.br\/index.php?rest_route=\/wp\/v2\/posts\/17814\/revisions"}],"predecessor-version":[{"id":17816,"href":"https:\/\/msconectado.com.br\/index.php?rest_route=\/wp\/v2\/posts\/17814\/revisions\/17816"}],"wp:featuredmedia":[{"embeddable":true,"href":"https:\/\/msconectado.com.br\/index.php?rest_route=\/wp\/v2\/media\/17815"}],"wp:attachment":[{"href":"https:\/\/msconectado.com.br\/index.php?rest_route=%2Fwp%2Fv2%2Fmedia&parent=17814"}],"wp:term":[{"taxonomy":"category","embeddable":true,"href":"https:\/\/msconectado.com.br\/index.php?rest_route=%2Fwp%2Fv2%2Fcategories&post=17814"},{"taxonomy":"post_tag","embeddable":true,"href":"https:\/\/msconectado.com.br\/index.php?rest_route=%2Fwp%2Fv2%2Ftags&post=17814"}],"curies":[{"name":"wp","href":"https:\/\/api.w.org\/{rel}","templated":true}]}}