{"id":17824,"date":"2023-02-03T13:49:27","date_gmt":"2023-02-03T13:49:27","guid":{"rendered":"https:\/\/msconectado.com.br\/?p=17824"},"modified":"2023-02-03T13:49:28","modified_gmt":"2023-02-03T13:49:28","slug":"presidente-da-alems-diz-que-comissoes-blocos-e-lideres-comecam-a-ser-definidos-na-terca","status":"publish","type":"post","link":"https:\/\/msconectado.com.br\/?p=17824","title":{"rendered":"Presidente da ALEMS diz que comiss\u00f5es, blocos e l\u00edderes come\u00e7am a ser definidos na ter\u00e7a."},"content":{"rendered":"\n<p>O presidente da Assembleia Legislativa de Mato Grosso do Sul, deputado Gerson Claro (PP), afirmou nesta manh\u00e3 (2) que as comiss\u00f5es tem\u00e1ticas da Casa, blocos partid\u00e1rios e seus l\u00edderes come\u00e7am a ser definidos na pr\u00f3xima ter\u00e7a-feira (7).<\/p>\n\n\n\n<p>O an\u00fancio foi feito durante a abertura dos trabalhos da 12\u00aa Legislatura, quando o governador Eduardo Riedel (PSDB) apresentou a mensagem de presta\u00e7\u00e3o de contas das a\u00e7\u00f5es realizadas em 2022 e as perspectivas do Estado para os pr\u00f3ximos anos.<\/p>\n\n\n\n<p>\u201cIniciaremos o processo para que as bancadas possam se reunir e indicar os l\u00edderes, vice-l\u00edderes, composi\u00e7\u00e3o das comiss\u00f5es e forma\u00e7\u00e3o de blocos. Ent\u00e3o na ter\u00e7a-feira, na primeira sess\u00e3o, nos dedicaremos, vamos nos reunir para organizar esse processo\u201d, afirmou Gerson Claro.<\/p>\n\n\n\n<p>A Assembleia Legislativa possui 16 comiss\u00f5es permanentes, que t\u00eam a compet\u00eancia de discutir, analisar, votar e emitir parecer \u00e0s mat\u00e9rias e proposi\u00e7\u00f5es. Tamb\u00e9m s\u00e3o respons\u00e1veis pelas audi\u00eancias p\u00fablicas com entidades organizadas da sociedade civil.<\/p>\n\n\n\n<p>Gerson tamb\u00e9m destacou os principais princ\u00edpios que v\u00e3o nortear sua gest\u00e3o \u00e0 frente do Legislativo estadual. Entre eles, o di\u00e1logo aberto, o fortalecimento da democracia e a harmonia entre os poderes.<\/p>\n\n\n\n<p>\u201cRatificar aqui o compromisso desta Casa com os interesses da popula\u00e7\u00e3o do Mato Grosso do Sul. Pedir a Deus que nos ilumine e capacite para sermos leg\u00edtimos representantes da sociedade. Pretendemos aqui estabelecer col\u00e9gio de l\u00edderes, reuni\u00f5es ordin\u00e1rias da Mesa Diretora, e aqui a vontade do plen\u00e1rio, da maioria, prevalecer\u00e1, e as demandas do Estado ser\u00e3o debatidas com responsabilidade\u201d, afirmou.<\/p>\n\n\n\n<p>ALEMS<\/p>\n\n\n\n<p><strong>Foto:<\/strong>\u00a0Saul Schramm<\/p>\n\n\n\n<figure class=\"wp-block-image size-full\"><img fetchpriority=\"high\" decoding=\"async\" width=\"900\" height=\"100\" src=\"https:\/\/msconectado.com.br\/wp-content\/uploads\/2023\/01\/MS_Concetado.png\" alt=\"\" class=\"wp-image-17625\" srcset=\"https:\/\/msconectado.com.br\/wp-content\/uploads\/2023\/01\/MS_Concetado.png 900w, https:\/\/msconectado.com.br\/wp-content\/uploads\/2023\/01\/MS_Concetado-300x33.png 300w, https:\/\/msconectado.com.br\/wp-content\/uploads\/2023\/01\/MS_Concetado-768x85.png 768w\" sizes=\"(max-width: 900px) 100vw, 900px\" \/><\/figure>\n","protected":false},"excerpt":{"rendered":"<p>O presidente da Assembleia Legislativa de Mato Grosso do Sul, deputado Gerson Claro (PP), afirmou nesta manh\u00e3 (2) que as comiss\u00f5es tem\u00e1ticas da Casa, blocos partid\u00e1rios e seus l\u00edderes come\u00e7am a ser definidos na pr\u00f3xima ter\u00e7a-feira (7). O an\u00fancio foi feito durante a abertura dos trabalhos da 12\u00aa Legislatura, quando o governador Eduardo Riedel (PSDB) [&hellip;]<\/p>\n","protected":false},"author":2,"featured_media":17825,"comment_status":"open","ping_status":"closed","sticky":false,"template":"","format":"standard","meta":{"footnotes":""},"categories":[38,33],"tags":[],"class_list":["post-17824","post","type-post","status-publish","format-standard","has-post-thumbnail","hentry","category-assembleia-legislativa","category-politica"],"yoast_head":"<!-- This site is optimized with the Yoast SEO plugin v27.5 - https:\/\/yoast.com\/product\/yoast-seo-wordpress\/ -->\n<title>Presidente da ALEMS diz que comiss\u00f5es, blocos e l\u00edderes come\u00e7am a ser definidos na ter\u00e7a. - MsConectado<\/title>\n<meta name=\"robots\" content=\"index, follow, max-snippet:-1, max-image-preview:large, max-video-preview:-1\" \/>\n<link rel=\"canonical\" href=\"https:\/\/msconectado.com.br\/?p=17824\" \/>\n<meta property=\"og:locale\" content=\"pt_BR\" \/>\n<meta property=\"og:type\" content=\"article\" \/>\n<meta property=\"og:title\" content=\"Presidente da ALEMS diz que comiss\u00f5es, blocos e l\u00edderes come\u00e7am a ser definidos na ter\u00e7a. - MsConectado\" \/>\n<meta property=\"og:description\" content=\"O presidente da Assembleia Legislativa de Mato Grosso do Sul, deputado Gerson Claro (PP), afirmou nesta manh\u00e3 (2) que as comiss\u00f5es tem\u00e1ticas da Casa, blocos partid\u00e1rios e seus l\u00edderes come\u00e7am a ser definidos na pr\u00f3xima ter\u00e7a-feira (7). O an\u00fancio foi feito durante a abertura dos trabalhos da 12\u00aa Legislatura, quando o governador Eduardo Riedel (PSDB) [&hellip;]\" \/>\n<meta property=\"og:url\" content=\"https:\/\/msconectado.com.br\/?p=17824\" \/>\n<meta property=\"og:site_name\" content=\"MsConectado\" \/>\n<meta property=\"article:published_time\" content=\"2023-02-03T13:49:27+00:00\" \/>\n<meta property=\"article:modified_time\" content=\"2023-02-03T13:49:28+00:00\" \/>\n<meta property=\"og:image\" content=\"https:\/\/msconectado.com.br\/wp-content\/uploads\/2023\/02\/2023_02_02_01_04_52_2444d308-f500-40ad-b654-63a681c21660.jpg\" \/>\n\t<meta property=\"og:image:width\" content=\"740\" \/>\n\t<meta property=\"og:image:height\" content=\"493\" \/>\n\t<meta property=\"og:image:type\" content=\"image\/jpeg\" \/>\n<meta name=\"author\" content=\"MsConectado\" \/>\n<meta name=\"twitter:card\" content=\"summary_large_image\" \/>\n<meta name=\"twitter:label1\" content=\"Escrito por\" \/>\n\t<meta name=\"twitter:data1\" content=\"MsConectado\" \/>\n\t<meta name=\"twitter:label2\" content=\"Est. tempo de leitura\" \/>\n\t<meta name=\"twitter:data2\" content=\"2 minutos\" \/>\n<script type=\"application\/ld+json\" class=\"yoast-schema-graph\">{\"@context\":\"https:\\\/\\\/schema.org\",\"@graph\":[{\"@type\":\"Article\",\"@id\":\"https:\\\/\\\/msconectado.com.br\\\/?p=17824#article\",\"isPartOf\":{\"@id\":\"https:\\\/\\\/msconectado.com.br\\\/?p=17824\"},\"author\":{\"name\":\"MsConectado\",\"@id\":\"https:\\\/\\\/msconectado.com.br\\\/#\\\/schema\\\/person\\\/e5585545b5687092f1041d350b6e2c16\"},\"headline\":\"Presidente da ALEMS diz que comiss\u00f5es, blocos e l\u00edderes come\u00e7am a ser definidos na ter\u00e7a.\",\"datePublished\":\"2023-02-03T13:49:27+00:00\",\"dateModified\":\"2023-02-03T13:49:28+00:00\",\"mainEntityOfPage\":{\"@id\":\"https:\\\/\\\/msconectado.com.br\\\/?p=17824\"},\"wordCount\":300,\"commentCount\":0,\"publisher\":{\"@id\":\"https:\\\/\\\/msconectado.com.br\\\/#organization\"},\"image\":{\"@id\":\"https:\\\/\\\/msconectado.com.br\\\/?p=17824#primaryimage\"},\"thumbnailUrl\":\"https:\\\/\\\/msconectado.com.br\\\/wp-content\\\/uploads\\\/2023\\\/02\\\/2023_02_02_01_04_52_2444d308-f500-40ad-b654-63a681c21660.jpg\",\"articleSection\":[\"Assembleia Legislativa\",\"Pol\u00edtica\"],\"inLanguage\":\"pt-BR\",\"potentialAction\":[{\"@type\":\"CommentAction\",\"name\":\"Comment\",\"target\":[\"https:\\\/\\\/msconectado.com.br\\\/?p=17824#respond\"]}]},{\"@type\":\"WebPage\",\"@id\":\"https:\\\/\\\/msconectado.com.br\\\/?p=17824\",\"url\":\"https:\\\/\\\/msconectado.com.br\\\/?p=17824\",\"name\":\"Presidente da ALEMS diz que comiss\u00f5es, blocos e l\u00edderes come\u00e7am a ser definidos na ter\u00e7a. - MsConectado\",\"isPartOf\":{\"@id\":\"https:\\\/\\\/msconectado.com.br\\\/#website\"},\"primaryImageOfPage\":{\"@id\":\"https:\\\/\\\/msconectado.com.br\\\/?p=17824#primaryimage\"},\"image\":{\"@id\":\"https:\\\/\\\/msconectado.com.br\\\/?p=17824#primaryimage\"},\"thumbnailUrl\":\"https:\\\/\\\/msconectado.com.br\\\/wp-content\\\/uploads\\\/2023\\\/02\\\/2023_02_02_01_04_52_2444d308-f500-40ad-b654-63a681c21660.jpg\",\"datePublished\":\"2023-02-03T13:49:27+00:00\",\"dateModified\":\"2023-02-03T13:49:28+00:00\",\"breadcrumb\":{\"@id\":\"https:\\\/\\\/msconectado.com.br\\\/?p=17824#breadcrumb\"},\"inLanguage\":\"pt-BR\",\"potentialAction\":[{\"@type\":\"ReadAction\",\"target\":[\"https:\\\/\\\/msconectado.com.br\\\/?p=17824\"]}]},{\"@type\":\"ImageObject\",\"inLanguage\":\"pt-BR\",\"@id\":\"https:\\\/\\\/msconectado.com.br\\\/?p=17824#primaryimage\",\"url\":\"https:\\\/\\\/msconectado.com.br\\\/wp-content\\\/uploads\\\/2023\\\/02\\\/2023_02_02_01_04_52_2444d308-f500-40ad-b654-63a681c21660.jpg\",\"contentUrl\":\"https:\\\/\\\/msconectado.com.br\\\/wp-content\\\/uploads\\\/2023\\\/02\\\/2023_02_02_01_04_52_2444d308-f500-40ad-b654-63a681c21660.jpg\",\"width\":740,\"height\":493},{\"@type\":\"BreadcrumbList\",\"@id\":\"https:\\\/\\\/msconectado.com.br\\\/?p=17824#breadcrumb\",\"itemListElement\":[{\"@type\":\"ListItem\",\"position\":1,\"name\":\"In\u00edcio\",\"item\":\"https:\\\/\\\/msconectado.com.br\\\/?page_id=105\"},{\"@type\":\"ListItem\",\"position\":2,\"name\":\"Presidente da ALEMS diz que comiss\u00f5es, blocos e l\u00edderes come\u00e7am a ser definidos na ter\u00e7a.\"}]},{\"@type\":\"WebSite\",\"@id\":\"https:\\\/\\\/msconectado.com.br\\\/#website\",\"url\":\"https:\\\/\\\/msconectado.com.br\\\/\",\"name\":\"MsConectado\",\"description\":\"Voc\u00ea Conectado com a Not\u00edcia!\",\"publisher\":{\"@id\":\"https:\\\/\\\/msconectado.com.br\\\/#organization\"},\"potentialAction\":[{\"@type\":\"SearchAction\",\"target\":{\"@type\":\"EntryPoint\",\"urlTemplate\":\"https:\\\/\\\/msconectado.com.br\\\/?s={search_term_string}\"},\"query-input\":{\"@type\":\"PropertyValueSpecification\",\"valueRequired\":true,\"valueName\":\"search_term_string\"}}],\"inLanguage\":\"pt-BR\"},{\"@type\":\"Organization\",\"@id\":\"https:\\\/\\\/msconectado.com.br\\\/#organization\",\"name\":\"MsConectado\",\"url\":\"https:\\\/\\\/msconectado.com.br\\\/\",\"logo\":{\"@type\":\"ImageObject\",\"inLanguage\":\"pt-BR\",\"@id\":\"https:\\\/\\\/msconectado.com.br\\\/#\\\/schema\\\/logo\\\/image\\\/\",\"url\":\"https:\\\/\\\/msconectado.com.br\\\/wp-content\\\/uploads\\\/2023\\\/01\\\/cropped-noticia-2.png\",\"contentUrl\":\"https:\\\/\\\/msconectado.com.br\\\/wp-content\\\/uploads\\\/2023\\\/01\\\/cropped-noticia-2.png\",\"width\":720,\"height\":157,\"caption\":\"MsConectado\"},\"image\":{\"@id\":\"https:\\\/\\\/msconectado.com.br\\\/#\\\/schema\\\/logo\\\/image\\\/\"}},{\"@type\":\"Person\",\"@id\":\"https:\\\/\\\/msconectado.com.br\\\/#\\\/schema\\\/person\\\/e5585545b5687092f1041d350b6e2c16\",\"name\":\"MsConectado\",\"image\":{\"@type\":\"ImageObject\",\"inLanguage\":\"pt-BR\",\"@id\":\"https:\\\/\\\/secure.gravatar.com\\\/avatar\\\/3b4f84a0a8a4380ac4431fa79981d073692380c5da00ae97596e794ab0db5c8c?s=96&d=mm&r=g\",\"url\":\"https:\\\/\\\/secure.gravatar.com\\\/avatar\\\/3b4f84a0a8a4380ac4431fa79981d073692380c5da00ae97596e794ab0db5c8c?s=96&d=mm&r=g\",\"contentUrl\":\"https:\\\/\\\/secure.gravatar.com\\\/avatar\\\/3b4f84a0a8a4380ac4431fa79981d073692380c5da00ae97596e794ab0db5c8c?s=96&d=mm&r=g\",\"caption\":\"MsConectado\"},\"url\":\"https:\\\/\\\/msconectado.com.br\\\/?author=2\"}]}<\/script>\n<!-- \/ Yoast SEO plugin. -->","yoast_head_json":{"title":"Presidente da ALEMS diz que comiss\u00f5es, blocos e l\u00edderes come\u00e7am a ser definidos na ter\u00e7a. - MsConectado","robots":{"index":"index","follow":"follow","max-snippet":"max-snippet:-1","max-image-preview":"max-image-preview:large","max-video-preview":"max-video-preview:-1"},"canonical":"https:\/\/msconectado.com.br\/?p=17824","og_locale":"pt_BR","og_type":"article","og_title":"Presidente da ALEMS diz que comiss\u00f5es, blocos e l\u00edderes come\u00e7am a ser definidos na ter\u00e7a. - MsConectado","og_description":"O presidente da Assembleia Legislativa de Mato Grosso do Sul, deputado Gerson Claro (PP), afirmou nesta manh\u00e3 (2) que as comiss\u00f5es tem\u00e1ticas da Casa, blocos partid\u00e1rios e seus l\u00edderes come\u00e7am a ser definidos na pr\u00f3xima ter\u00e7a-feira (7). O an\u00fancio foi feito durante a abertura dos trabalhos da 12\u00aa Legislatura, quando o governador Eduardo Riedel (PSDB) [&hellip;]","og_url":"https:\/\/msconectado.com.br\/?p=17824","og_site_name":"MsConectado","article_published_time":"2023-02-03T13:49:27+00:00","article_modified_time":"2023-02-03T13:49:28+00:00","og_image":[{"width":740,"height":493,"url":"https:\/\/msconectado.com.br\/wp-content\/uploads\/2023\/02\/2023_02_02_01_04_52_2444d308-f500-40ad-b654-63a681c21660.jpg","type":"image\/jpeg"}],"author":"MsConectado","twitter_card":"summary_large_image","twitter_misc":{"Escrito por":"MsConectado","Est. tempo de leitura":"2 minutos"},"schema":{"@context":"https:\/\/schema.org","@graph":[{"@type":"Article","@id":"https:\/\/msconectado.com.br\/?p=17824#article","isPartOf":{"@id":"https:\/\/msconectado.com.br\/?p=17824"},"author":{"name":"MsConectado","@id":"https:\/\/msconectado.com.br\/#\/schema\/person\/e5585545b5687092f1041d350b6e2c16"},"headline":"Presidente da ALEMS diz que comiss\u00f5es, blocos e l\u00edderes come\u00e7am a ser definidos na ter\u00e7a.","datePublished":"2023-02-03T13:49:27+00:00","dateModified":"2023-02-03T13:49:28+00:00","mainEntityOfPage":{"@id":"https:\/\/msconectado.com.br\/?p=17824"},"wordCount":300,"commentCount":0,"publisher":{"@id":"https:\/\/msconectado.com.br\/#organization"},"image":{"@id":"https:\/\/msconectado.com.br\/?p=17824#primaryimage"},"thumbnailUrl":"https:\/\/msconectado.com.br\/wp-content\/uploads\/2023\/02\/2023_02_02_01_04_52_2444d308-f500-40ad-b654-63a681c21660.jpg","articleSection":["Assembleia Legislativa","Pol\u00edtica"],"inLanguage":"pt-BR","potentialAction":[{"@type":"CommentAction","name":"Comment","target":["https:\/\/msconectado.com.br\/?p=17824#respond"]}]},{"@type":"WebPage","@id":"https:\/\/msconectado.com.br\/?p=17824","url":"https:\/\/msconectado.com.br\/?p=17824","name":"Presidente da ALEMS diz que comiss\u00f5es, blocos e l\u00edderes come\u00e7am a ser definidos na ter\u00e7a. - MsConectado","isPartOf":{"@id":"https:\/\/msconectado.com.br\/#website"},"primaryImageOfPage":{"@id":"https:\/\/msconectado.com.br\/?p=17824#primaryimage"},"image":{"@id":"https:\/\/msconectado.com.br\/?p=17824#primaryimage"},"thumbnailUrl":"https:\/\/msconectado.com.br\/wp-content\/uploads\/2023\/02\/2023_02_02_01_04_52_2444d308-f500-40ad-b654-63a681c21660.jpg","datePublished":"2023-02-03T13:49:27+00:00","dateModified":"2023-02-03T13:49:28+00:00","breadcrumb":{"@id":"https:\/\/msconectado.com.br\/?p=17824#breadcrumb"},"inLanguage":"pt-BR","potentialAction":[{"@type":"ReadAction","target":["https:\/\/msconectado.com.br\/?p=17824"]}]},{"@type":"ImageObject","inLanguage":"pt-BR","@id":"https:\/\/msconectado.com.br\/?p=17824#primaryimage","url":"https:\/\/msconectado.com.br\/wp-content\/uploads\/2023\/02\/2023_02_02_01_04_52_2444d308-f500-40ad-b654-63a681c21660.jpg","contentUrl":"https:\/\/msconectado.com.br\/wp-content\/uploads\/2023\/02\/2023_02_02_01_04_52_2444d308-f500-40ad-b654-63a681c21660.jpg","width":740,"height":493},{"@type":"BreadcrumbList","@id":"https:\/\/msconectado.com.br\/?p=17824#breadcrumb","itemListElement":[{"@type":"ListItem","position":1,"name":"In\u00edcio","item":"https:\/\/msconectado.com.br\/?page_id=105"},{"@type":"ListItem","position":2,"name":"Presidente da ALEMS diz que comiss\u00f5es, blocos e l\u00edderes come\u00e7am a ser definidos na ter\u00e7a."}]},{"@type":"WebSite","@id":"https:\/\/msconectado.com.br\/#website","url":"https:\/\/msconectado.com.br\/","name":"MsConectado","description":"Voc\u00ea Conectado com a Not\u00edcia!","publisher":{"@id":"https:\/\/msconectado.com.br\/#organization"},"potentialAction":[{"@type":"SearchAction","target":{"@type":"EntryPoint","urlTemplate":"https:\/\/msconectado.com.br\/?s={search_term_string}"},"query-input":{"@type":"PropertyValueSpecification","valueRequired":true,"valueName":"search_term_string"}}],"inLanguage":"pt-BR"},{"@type":"Organization","@id":"https:\/\/msconectado.com.br\/#organization","name":"MsConectado","url":"https:\/\/msconectado.com.br\/","logo":{"@type":"ImageObject","inLanguage":"pt-BR","@id":"https:\/\/msconectado.com.br\/#\/schema\/logo\/image\/","url":"https:\/\/msconectado.com.br\/wp-content\/uploads\/2023\/01\/cropped-noticia-2.png","contentUrl":"https:\/\/msconectado.com.br\/wp-content\/uploads\/2023\/01\/cropped-noticia-2.png","width":720,"height":157,"caption":"MsConectado"},"image":{"@id":"https:\/\/msconectado.com.br\/#\/schema\/logo\/image\/"}},{"@type":"Person","@id":"https:\/\/msconectado.com.br\/#\/schema\/person\/e5585545b5687092f1041d350b6e2c16","name":"MsConectado","image":{"@type":"ImageObject","inLanguage":"pt-BR","@id":"https:\/\/secure.gravatar.com\/avatar\/3b4f84a0a8a4380ac4431fa79981d073692380c5da00ae97596e794ab0db5c8c?s=96&d=mm&r=g","url":"https:\/\/secure.gravatar.com\/avatar\/3b4f84a0a8a4380ac4431fa79981d073692380c5da00ae97596e794ab0db5c8c?s=96&d=mm&r=g","contentUrl":"https:\/\/secure.gravatar.com\/avatar\/3b4f84a0a8a4380ac4431fa79981d073692380c5da00ae97596e794ab0db5c8c?s=96&d=mm&r=g","caption":"MsConectado"},"url":"https:\/\/msconectado.com.br\/?author=2"}]}},"_links":{"self":[{"href":"https:\/\/msconectado.com.br\/index.php?rest_route=\/wp\/v2\/posts\/17824","targetHints":{"allow":["GET"]}}],"collection":[{"href":"https:\/\/msconectado.com.br\/index.php?rest_route=\/wp\/v2\/posts"}],"about":[{"href":"https:\/\/msconectado.com.br\/index.php?rest_route=\/wp\/v2\/types\/post"}],"author":[{"embeddable":true,"href":"https:\/\/msconectado.com.br\/index.php?rest_route=\/wp\/v2\/users\/2"}],"replies":[{"embeddable":true,"href":"https:\/\/msconectado.com.br\/index.php?rest_route=%2Fwp%2Fv2%2Fcomments&post=17824"}],"version-history":[{"count":1,"href":"https:\/\/msconectado.com.br\/index.php?rest_route=\/wp\/v2\/posts\/17824\/revisions"}],"predecessor-version":[{"id":17826,"href":"https:\/\/msconectado.com.br\/index.php?rest_route=\/wp\/v2\/posts\/17824\/revisions\/17826"}],"wp:featuredmedia":[{"embeddable":true,"href":"https:\/\/msconectado.com.br\/index.php?rest_route=\/wp\/v2\/media\/17825"}],"wp:attachment":[{"href":"https:\/\/msconectado.com.br\/index.php?rest_route=%2Fwp%2Fv2%2Fmedia&parent=17824"}],"wp:term":[{"taxonomy":"category","embeddable":true,"href":"https:\/\/msconectado.com.br\/index.php?rest_route=%2Fwp%2Fv2%2Fcategories&post=17824"},{"taxonomy":"post_tag","embeddable":true,"href":"https:\/\/msconectado.com.br\/index.php?rest_route=%2Fwp%2Fv2%2Ftags&post=17824"}],"curies":[{"name":"wp","href":"https:\/\/api.w.org\/{rel}","templated":true}]}}