
{"id":17827,"date":"2023-02-03T21:44:15","date_gmt":"2023-02-03T21:44:15","guid":{"rendered":"https:\/\/msconectado.com.br\/?p=17827"},"modified":"2023-02-03T21:44:16","modified_gmt":"2023-02-03T21:44:16","slug":"com-apoio-do-governo-construcao-de-usina-de-etanol-vai-mudar-perfil-economico-de-paranaiba-saiba-mais","status":"publish","type":"post","link":"https:\/\/msconectado.com.br\/?p=17827","title":{"rendered":"Com apoio do Governo, constru\u00e7\u00e3o de usina de etanol vai mudar perfil econ\u00f4mico de Parana\u00edba. Saiba mais."},"content":{"rendered":"\n<p>O governador Eduardo Riedel se reuniu nesta sexta-feira (03) com o diretor do grupo Pedra Agroindustrial, Luiz Roberto Kaysel. A empresa est\u00e1 construindo uma usina de etanol em Parana\u00edba, que tem previs\u00e3o de gerar at\u00e9 3 mil empregos. Para isto o Estado vai fazer sua parte com incentivo e realiza\u00e7\u00e3o de obras de infraestrutura.<\/p>\n\n\n\n<p>\u201cN\u00f3s viemos aqui reiterar nossos objetivos e compromissos de investimentos no Estado e tivemos uma boa conversa com o governador, reafirmando nossas inten\u00e7\u00f5es. A constru\u00e7\u00e3o da usina est\u00e1 em andamento, previs\u00e3o de come\u00e7ar a funcionar em 2025. Estamos plantando a cana, fazendo a montagem e transfer\u00eancia industrial, mais de 500 funcion\u00e1rios envolvidos\u201d, afirmou Luiz Roberto Kaysel.<\/p>\n\n\n\n<p>O secret\u00e1rio de Meio Ambiente, Desenvolvimento, Ci\u00eancia, Tecnologia e Inova\u00e7\u00e3o, Jaime Verrruck, destacou que este empreendimento de grande porte vai mudar o perfil econ\u00f4mico da cidade, sendo mais uma regi\u00e3o do Estado beneficiada com a vinda de capital privado.<\/p>\n\n\n\n<p>\u201cHoje a empresa j\u00e1 tem mais de 3 mil hectares plantadas (cana de a\u00e7\u00facar) e agora est\u00e1 fazendo a constru\u00e7\u00e3o da usina, que vai produzir 5 milh\u00f5es de toneladas. Assim Parana\u00edba ganha uma s\u00e9rie de oportunidades, como na \u00e1rea agr\u00edcola, com a expans\u00e3o da cana. Tamb\u00e9m muda o perfil da cidade, com a produ\u00e7\u00e3o de etanol e amido. Em 2025 a usina vai gerar at\u00e9 3 mil empregos\u201d, destacou o secret\u00e1rio.<\/p>\n\n\n\n<p>Jaime ainda citou que al\u00e9m dos incentivos fiscais que j\u00e1 est\u00e3o garantidos pelo Estado, o Governo tamb\u00e9m vai promover obras de infraestrutura, como a implanta\u00e7\u00e3o de um trevo e um acesso a nova usina. \u201cO governador destacou que vai fazer estas obras por meio do programa Pr\u00f3-Desenvolve, entre elas este acesso que vai favorecer os funcion\u00e1rios e transporte da produ\u00e7\u00e3o\u201d.<\/p>\n\n\n\n<p>Para a constru\u00e7\u00e3o da usina, tamb\u00e9m est\u00e1 sendo feito a base agr\u00edcola, com a produ\u00e7\u00e3o de cana de a\u00e7\u00facar para atender o empreendimento. A previs\u00e3o \u00e9 de investimento de R$ 400 milh\u00f5es da empresa na unidade.<\/p>\n\n\n\n<p>Participaram da reuni\u00e3o o governador Eduardo Riedel e os secret\u00e1rios Jaime Verruck (Semadesc) e Pedro Caravina (Segov).&nbsp;<\/p>\n\n\n\n<p><em>Leonardo Rocha, Comunica\u00e7\u00e3o do Governo de MS<\/em><br><em>Foto: Saul Schramm<\/em><\/p>\n\n\n\n<figure class=\"wp-block-image size-full\"><a href=\"https:\/\/www.sicredi.com.br\/coop\/pantanalms\/\"><img fetchpriority=\"high\" decoding=\"async\" width=\"900\" height=\"100\" src=\"https:\/\/msconectado.com.br\/wp-content\/uploads\/2023\/01\/MS_Concetado.png\" alt=\"\" class=\"wp-image-17625\" srcset=\"https:\/\/msconectado.com.br\/wp-content\/uploads\/2023\/01\/MS_Concetado.png 900w, https:\/\/msconectado.com.br\/wp-content\/uploads\/2023\/01\/MS_Concetado-300x33.png 300w, https:\/\/msconectado.com.br\/wp-content\/uploads\/2023\/01\/MS_Concetado-768x85.png 768w\" sizes=\"(max-width: 900px) 100vw, 900px\" \/><\/a><\/figure>\n","protected":false},"excerpt":{"rendered":"<p>O governador Eduardo Riedel se reuniu nesta sexta-feira (03) com o diretor do grupo Pedra Agroindustrial, Luiz Roberto Kaysel. A empresa est\u00e1 construindo uma usina de etanol em Parana\u00edba, que tem previs\u00e3o de gerar at\u00e9 3 mil empregos. Para isto o Estado vai fazer sua parte com incentivo e realiza\u00e7\u00e3o de obras de infraestrutura. \u201cN\u00f3s [&hellip;]<\/p>\n","protected":false},"author":2,"featured_media":17828,"comment_status":"open","ping_status":"closed","sticky":false,"template":"","format":"standard","meta":{"footnotes":""},"categories":[35,33],"tags":[],"class_list":["post-17827","post","type-post","status-publish","format-standard","has-post-thumbnail","hentry","category-cidades","category-politica"],"yoast_head":"<!-- This site is optimized with the Yoast SEO plugin v27.5 - https:\/\/yoast.com\/product\/yoast-seo-wordpress\/ -->\n<title>Com apoio do Governo, constru\u00e7\u00e3o de usina de etanol vai mudar perfil econ\u00f4mico de Parana\u00edba. Saiba mais. - MsConectado<\/title>\n<meta name=\"robots\" content=\"index, follow, max-snippet:-1, max-image-preview:large, max-video-preview:-1\" \/>\n<link rel=\"canonical\" href=\"https:\/\/msconectado.com.br\/?p=17827\" \/>\n<meta property=\"og:locale\" content=\"pt_BR\" \/>\n<meta property=\"og:type\" content=\"article\" \/>\n<meta property=\"og:title\" content=\"Com apoio do Governo, constru\u00e7\u00e3o de usina de etanol vai mudar perfil econ\u00f4mico de Parana\u00edba. Saiba mais. - MsConectado\" \/>\n<meta property=\"og:description\" content=\"O governador Eduardo Riedel se reuniu nesta sexta-feira (03) com o diretor do grupo Pedra Agroindustrial, Luiz Roberto Kaysel. A empresa est\u00e1 construindo uma usina de etanol em Parana\u00edba, que tem previs\u00e3o de gerar at\u00e9 3 mil empregos. Para isto o Estado vai fazer sua parte com incentivo e realiza\u00e7\u00e3o de obras de infraestrutura. \u201cN\u00f3s [&hellip;]\" \/>\n<meta property=\"og:url\" content=\"https:\/\/msconectado.com.br\/?p=17827\" \/>\n<meta property=\"og:site_name\" content=\"MsConectado\" \/>\n<meta property=\"article:published_time\" content=\"2023-02-03T21:44:15+00:00\" \/>\n<meta property=\"article:modified_time\" content=\"2023-02-03T21:44:16+00:00\" \/>\n<meta property=\"og:image\" content=\"https:\/\/msconectado.com.br\/wp-content\/uploads\/2023\/02\/gabinete-Sr-Luis-Roberto-usina-pe-de-cedro-Foto-Saul-Schramm-1-1024x567-1.jpg\" \/>\n\t<meta property=\"og:image:width\" content=\"1024\" \/>\n\t<meta property=\"og:image:height\" content=\"567\" \/>\n\t<meta property=\"og:image:type\" content=\"image\/jpeg\" \/>\n<meta name=\"author\" content=\"MsConectado\" \/>\n<meta name=\"twitter:card\" content=\"summary_large_image\" \/>\n<meta name=\"twitter:label1\" content=\"Escrito por\" \/>\n\t<meta name=\"twitter:data1\" content=\"MsConectado\" \/>\n\t<meta name=\"twitter:label2\" content=\"Est. tempo de leitura\" \/>\n\t<meta name=\"twitter:data2\" content=\"3 minutos\" \/>\n<script type=\"application\/ld+json\" class=\"yoast-schema-graph\">{\"@context\":\"https:\\\/\\\/schema.org\",\"@graph\":[{\"@type\":\"Article\",\"@id\":\"https:\\\/\\\/msconectado.com.br\\\/?p=17827#article\",\"isPartOf\":{\"@id\":\"https:\\\/\\\/msconectado.com.br\\\/?p=17827\"},\"author\":{\"name\":\"MsConectado\",\"@id\":\"https:\\\/\\\/msconectado.com.br\\\/#\\\/schema\\\/person\\\/e5585545b5687092f1041d350b6e2c16\"},\"headline\":\"Com apoio do Governo, constru\u00e7\u00e3o de usina de etanol vai mudar perfil econ\u00f4mico de Parana\u00edba. Saiba mais.\",\"datePublished\":\"2023-02-03T21:44:15+00:00\",\"dateModified\":\"2023-02-03T21:44:16+00:00\",\"mainEntityOfPage\":{\"@id\":\"https:\\\/\\\/msconectado.com.br\\\/?p=17827\"},\"wordCount\":396,\"commentCount\":0,\"publisher\":{\"@id\":\"https:\\\/\\\/msconectado.com.br\\\/#organization\"},\"image\":{\"@id\":\"https:\\\/\\\/msconectado.com.br\\\/?p=17827#primaryimage\"},\"thumbnailUrl\":\"https:\\\/\\\/msconectado.com.br\\\/wp-content\\\/uploads\\\/2023\\\/02\\\/gabinete-Sr-Luis-Roberto-usina-pe-de-cedro-Foto-Saul-Schramm-1-1024x567-1.jpg\",\"articleSection\":[\"Cidades\",\"Pol\u00edtica\"],\"inLanguage\":\"pt-BR\",\"potentialAction\":[{\"@type\":\"CommentAction\",\"name\":\"Comment\",\"target\":[\"https:\\\/\\\/msconectado.com.br\\\/?p=17827#respond\"]}]},{\"@type\":\"WebPage\",\"@id\":\"https:\\\/\\\/msconectado.com.br\\\/?p=17827\",\"url\":\"https:\\\/\\\/msconectado.com.br\\\/?p=17827\",\"name\":\"Com apoio do Governo, constru\u00e7\u00e3o de usina de etanol vai mudar perfil econ\u00f4mico de Parana\u00edba. Saiba mais. - MsConectado\",\"isPartOf\":{\"@id\":\"https:\\\/\\\/msconectado.com.br\\\/#website\"},\"primaryImageOfPage\":{\"@id\":\"https:\\\/\\\/msconectado.com.br\\\/?p=17827#primaryimage\"},\"image\":{\"@id\":\"https:\\\/\\\/msconectado.com.br\\\/?p=17827#primaryimage\"},\"thumbnailUrl\":\"https:\\\/\\\/msconectado.com.br\\\/wp-content\\\/uploads\\\/2023\\\/02\\\/gabinete-Sr-Luis-Roberto-usina-pe-de-cedro-Foto-Saul-Schramm-1-1024x567-1.jpg\",\"datePublished\":\"2023-02-03T21:44:15+00:00\",\"dateModified\":\"2023-02-03T21:44:16+00:00\",\"breadcrumb\":{\"@id\":\"https:\\\/\\\/msconectado.com.br\\\/?p=17827#breadcrumb\"},\"inLanguage\":\"pt-BR\",\"potentialAction\":[{\"@type\":\"ReadAction\",\"target\":[\"https:\\\/\\\/msconectado.com.br\\\/?p=17827\"]}]},{\"@type\":\"ImageObject\",\"inLanguage\":\"pt-BR\",\"@id\":\"https:\\\/\\\/msconectado.com.br\\\/?p=17827#primaryimage\",\"url\":\"https:\\\/\\\/msconectado.com.br\\\/wp-content\\\/uploads\\\/2023\\\/02\\\/gabinete-Sr-Luis-Roberto-usina-pe-de-cedro-Foto-Saul-Schramm-1-1024x567-1.jpg\",\"contentUrl\":\"https:\\\/\\\/msconectado.com.br\\\/wp-content\\\/uploads\\\/2023\\\/02\\\/gabinete-Sr-Luis-Roberto-usina-pe-de-cedro-Foto-Saul-Schramm-1-1024x567-1.jpg\",\"width\":1024,\"height\":567},{\"@type\":\"BreadcrumbList\",\"@id\":\"https:\\\/\\\/msconectado.com.br\\\/?p=17827#breadcrumb\",\"itemListElement\":[{\"@type\":\"ListItem\",\"position\":1,\"name\":\"In\u00edcio\",\"item\":\"https:\\\/\\\/msconectado.com.br\\\/\"},{\"@type\":\"ListItem\",\"position\":2,\"name\":\"Com apoio do Governo, constru\u00e7\u00e3o de usina de etanol vai mudar perfil econ\u00f4mico de Parana\u00edba. Saiba mais.\"}]},{\"@type\":\"WebSite\",\"@id\":\"https:\\\/\\\/msconectado.com.br\\\/#website\",\"url\":\"https:\\\/\\\/msconectado.com.br\\\/\",\"name\":\"MsConectado\",\"description\":\"Voc\u00ea Conectado com a Not\u00edcia!\",\"publisher\":{\"@id\":\"https:\\\/\\\/msconectado.com.br\\\/#organization\"},\"potentialAction\":[{\"@type\":\"SearchAction\",\"target\":{\"@type\":\"EntryPoint\",\"urlTemplate\":\"https:\\\/\\\/msconectado.com.br\\\/?s={search_term_string}\"},\"query-input\":{\"@type\":\"PropertyValueSpecification\",\"valueRequired\":true,\"valueName\":\"search_term_string\"}}],\"inLanguage\":\"pt-BR\"},{\"@type\":\"Organization\",\"@id\":\"https:\\\/\\\/msconectado.com.br\\\/#organization\",\"name\":\"MsConectado\",\"url\":\"https:\\\/\\\/msconectado.com.br\\\/\",\"logo\":{\"@type\":\"ImageObject\",\"inLanguage\":\"pt-BR\",\"@id\":\"https:\\\/\\\/msconectado.com.br\\\/#\\\/schema\\\/logo\\\/image\\\/\",\"url\":\"https:\\\/\\\/msconectado.com.br\\\/wp-content\\\/uploads\\\/2023\\\/01\\\/cropped-noticia-2.png\",\"contentUrl\":\"https:\\\/\\\/msconectado.com.br\\\/wp-content\\\/uploads\\\/2023\\\/01\\\/cropped-noticia-2.png\",\"width\":720,\"height\":157,\"caption\":\"MsConectado\"},\"image\":{\"@id\":\"https:\\\/\\\/msconectado.com.br\\\/#\\\/schema\\\/logo\\\/image\\\/\"}},{\"@type\":\"Person\",\"@id\":\"https:\\\/\\\/msconectado.com.br\\\/#\\\/schema\\\/person\\\/e5585545b5687092f1041d350b6e2c16\",\"name\":\"MsConectado\",\"image\":{\"@type\":\"ImageObject\",\"inLanguage\":\"pt-BR\",\"@id\":\"https:\\\/\\\/secure.gravatar.com\\\/avatar\\\/3b4f84a0a8a4380ac4431fa79981d073692380c5da00ae97596e794ab0db5c8c?s=96&d=mm&r=g\",\"url\":\"https:\\\/\\\/secure.gravatar.com\\\/avatar\\\/3b4f84a0a8a4380ac4431fa79981d073692380c5da00ae97596e794ab0db5c8c?s=96&d=mm&r=g\",\"contentUrl\":\"https:\\\/\\\/secure.gravatar.com\\\/avatar\\\/3b4f84a0a8a4380ac4431fa79981d073692380c5da00ae97596e794ab0db5c8c?s=96&d=mm&r=g\",\"caption\":\"MsConectado\"},\"url\":\"https:\\\/\\\/msconectado.com.br\\\/?author=2\"}]}<\/script>\n<!-- \/ Yoast SEO plugin. -->","yoast_head_json":{"title":"Com apoio do Governo, constru\u00e7\u00e3o de usina de etanol vai mudar perfil econ\u00f4mico de Parana\u00edba. Saiba mais. - MsConectado","robots":{"index":"index","follow":"follow","max-snippet":"max-snippet:-1","max-image-preview":"max-image-preview:large","max-video-preview":"max-video-preview:-1"},"canonical":"https:\/\/msconectado.com.br\/?p=17827","og_locale":"pt_BR","og_type":"article","og_title":"Com apoio do Governo, constru\u00e7\u00e3o de usina de etanol vai mudar perfil econ\u00f4mico de Parana\u00edba. Saiba mais. - MsConectado","og_description":"O governador Eduardo Riedel se reuniu nesta sexta-feira (03) com o diretor do grupo Pedra Agroindustrial, Luiz Roberto Kaysel. A empresa est\u00e1 construindo uma usina de etanol em Parana\u00edba, que tem previs\u00e3o de gerar at\u00e9 3 mil empregos. Para isto o Estado vai fazer sua parte com incentivo e realiza\u00e7\u00e3o de obras de infraestrutura. \u201cN\u00f3s [&hellip;]","og_url":"https:\/\/msconectado.com.br\/?p=17827","og_site_name":"MsConectado","article_published_time":"2023-02-03T21:44:15+00:00","article_modified_time":"2023-02-03T21:44:16+00:00","og_image":[{"width":1024,"height":567,"url":"https:\/\/msconectado.com.br\/wp-content\/uploads\/2023\/02\/gabinete-Sr-Luis-Roberto-usina-pe-de-cedro-Foto-Saul-Schramm-1-1024x567-1.jpg","type":"image\/jpeg"}],"author":"MsConectado","twitter_card":"summary_large_image","twitter_misc":{"Escrito por":"MsConectado","Est. tempo de leitura":"3 minutos"},"schema":{"@context":"https:\/\/schema.org","@graph":[{"@type":"Article","@id":"https:\/\/msconectado.com.br\/?p=17827#article","isPartOf":{"@id":"https:\/\/msconectado.com.br\/?p=17827"},"author":{"name":"MsConectado","@id":"https:\/\/msconectado.com.br\/#\/schema\/person\/e5585545b5687092f1041d350b6e2c16"},"headline":"Com apoio do Governo, constru\u00e7\u00e3o de usina de etanol vai mudar perfil econ\u00f4mico de Parana\u00edba. Saiba mais.","datePublished":"2023-02-03T21:44:15+00:00","dateModified":"2023-02-03T21:44:16+00:00","mainEntityOfPage":{"@id":"https:\/\/msconectado.com.br\/?p=17827"},"wordCount":396,"commentCount":0,"publisher":{"@id":"https:\/\/msconectado.com.br\/#organization"},"image":{"@id":"https:\/\/msconectado.com.br\/?p=17827#primaryimage"},"thumbnailUrl":"https:\/\/msconectado.com.br\/wp-content\/uploads\/2023\/02\/gabinete-Sr-Luis-Roberto-usina-pe-de-cedro-Foto-Saul-Schramm-1-1024x567-1.jpg","articleSection":["Cidades","Pol\u00edtica"],"inLanguage":"pt-BR","potentialAction":[{"@type":"CommentAction","name":"Comment","target":["https:\/\/msconectado.com.br\/?p=17827#respond"]}]},{"@type":"WebPage","@id":"https:\/\/msconectado.com.br\/?p=17827","url":"https:\/\/msconectado.com.br\/?p=17827","name":"Com apoio do Governo, constru\u00e7\u00e3o de usina de etanol vai mudar perfil econ\u00f4mico de Parana\u00edba. Saiba mais. - MsConectado","isPartOf":{"@id":"https:\/\/msconectado.com.br\/#website"},"primaryImageOfPage":{"@id":"https:\/\/msconectado.com.br\/?p=17827#primaryimage"},"image":{"@id":"https:\/\/msconectado.com.br\/?p=17827#primaryimage"},"thumbnailUrl":"https:\/\/msconectado.com.br\/wp-content\/uploads\/2023\/02\/gabinete-Sr-Luis-Roberto-usina-pe-de-cedro-Foto-Saul-Schramm-1-1024x567-1.jpg","datePublished":"2023-02-03T21:44:15+00:00","dateModified":"2023-02-03T21:44:16+00:00","breadcrumb":{"@id":"https:\/\/msconectado.com.br\/?p=17827#breadcrumb"},"inLanguage":"pt-BR","potentialAction":[{"@type":"ReadAction","target":["https:\/\/msconectado.com.br\/?p=17827"]}]},{"@type":"ImageObject","inLanguage":"pt-BR","@id":"https:\/\/msconectado.com.br\/?p=17827#primaryimage","url":"https:\/\/msconectado.com.br\/wp-content\/uploads\/2023\/02\/gabinete-Sr-Luis-Roberto-usina-pe-de-cedro-Foto-Saul-Schramm-1-1024x567-1.jpg","contentUrl":"https:\/\/msconectado.com.br\/wp-content\/uploads\/2023\/02\/gabinete-Sr-Luis-Roberto-usina-pe-de-cedro-Foto-Saul-Schramm-1-1024x567-1.jpg","width":1024,"height":567},{"@type":"BreadcrumbList","@id":"https:\/\/msconectado.com.br\/?p=17827#breadcrumb","itemListElement":[{"@type":"ListItem","position":1,"name":"In\u00edcio","item":"https:\/\/msconectado.com.br\/"},{"@type":"ListItem","position":2,"name":"Com apoio do Governo, constru\u00e7\u00e3o de usina de etanol vai mudar perfil econ\u00f4mico de Parana\u00edba. Saiba mais."}]},{"@type":"WebSite","@id":"https:\/\/msconectado.com.br\/#website","url":"https:\/\/msconectado.com.br\/","name":"MsConectado","description":"Voc\u00ea Conectado com a Not\u00edcia!","publisher":{"@id":"https:\/\/msconectado.com.br\/#organization"},"potentialAction":[{"@type":"SearchAction","target":{"@type":"EntryPoint","urlTemplate":"https:\/\/msconectado.com.br\/?s={search_term_string}"},"query-input":{"@type":"PropertyValueSpecification","valueRequired":true,"valueName":"search_term_string"}}],"inLanguage":"pt-BR"},{"@type":"Organization","@id":"https:\/\/msconectado.com.br\/#organization","name":"MsConectado","url":"https:\/\/msconectado.com.br\/","logo":{"@type":"ImageObject","inLanguage":"pt-BR","@id":"https:\/\/msconectado.com.br\/#\/schema\/logo\/image\/","url":"https:\/\/msconectado.com.br\/wp-content\/uploads\/2023\/01\/cropped-noticia-2.png","contentUrl":"https:\/\/msconectado.com.br\/wp-content\/uploads\/2023\/01\/cropped-noticia-2.png","width":720,"height":157,"caption":"MsConectado"},"image":{"@id":"https:\/\/msconectado.com.br\/#\/schema\/logo\/image\/"}},{"@type":"Person","@id":"https:\/\/msconectado.com.br\/#\/schema\/person\/e5585545b5687092f1041d350b6e2c16","name":"MsConectado","image":{"@type":"ImageObject","inLanguage":"pt-BR","@id":"https:\/\/secure.gravatar.com\/avatar\/3b4f84a0a8a4380ac4431fa79981d073692380c5da00ae97596e794ab0db5c8c?s=96&d=mm&r=g","url":"https:\/\/secure.gravatar.com\/avatar\/3b4f84a0a8a4380ac4431fa79981d073692380c5da00ae97596e794ab0db5c8c?s=96&d=mm&r=g","contentUrl":"https:\/\/secure.gravatar.com\/avatar\/3b4f84a0a8a4380ac4431fa79981d073692380c5da00ae97596e794ab0db5c8c?s=96&d=mm&r=g","caption":"MsConectado"},"url":"https:\/\/msconectado.com.br\/?author=2"}]}},"_links":{"self":[{"href":"https:\/\/msconectado.com.br\/index.php?rest_route=\/wp\/v2\/posts\/17827","targetHints":{"allow":["GET"]}}],"collection":[{"href":"https:\/\/msconectado.com.br\/index.php?rest_route=\/wp\/v2\/posts"}],"about":[{"href":"https:\/\/msconectado.com.br\/index.php?rest_route=\/wp\/v2\/types\/post"}],"author":[{"embeddable":true,"href":"https:\/\/msconectado.com.br\/index.php?rest_route=\/wp\/v2\/users\/2"}],"replies":[{"embeddable":true,"href":"https:\/\/msconectado.com.br\/index.php?rest_route=%2Fwp%2Fv2%2Fcomments&post=17827"}],"version-history":[{"count":1,"href":"https:\/\/msconectado.com.br\/index.php?rest_route=\/wp\/v2\/posts\/17827\/revisions"}],"predecessor-version":[{"id":17829,"href":"https:\/\/msconectado.com.br\/index.php?rest_route=\/wp\/v2\/posts\/17827\/revisions\/17829"}],"wp:featuredmedia":[{"embeddable":true,"href":"https:\/\/msconectado.com.br\/index.php?rest_route=\/wp\/v2\/media\/17828"}],"wp:attachment":[{"href":"https:\/\/msconectado.com.br\/index.php?rest_route=%2Fwp%2Fv2%2Fmedia&parent=17827"}],"wp:term":[{"taxonomy":"category","embeddable":true,"href":"https:\/\/msconectado.com.br\/index.php?rest_route=%2Fwp%2Fv2%2Fcategories&post=17827"},{"taxonomy":"post_tag","embeddable":true,"href":"https:\/\/msconectado.com.br\/index.php?rest_route=%2Fwp%2Fv2%2Ftags&post=17827"}],"curies":[{"name":"wp","href":"https:\/\/api.w.org\/{rel}","templated":true}]}}