{"id":17981,"date":"2023-02-09T18:44:50","date_gmt":"2023-02-09T18:44:50","guid":{"rendered":"https:\/\/msconectado.com.br\/?p=17981"},"modified":"2023-02-09T18:44:51","modified_gmt":"2023-02-09T18:44:51","slug":"deputada-mara-caseiro-volta-a-defender-retomada-da-carga-horaria-de-06-horas-dos-servidores-estaduais","status":"publish","type":"post","link":"https:\/\/msconectado.com.br\/?p=17981","title":{"rendered":"Deputada Mara Caseiro volta a defender retomada da carga hor\u00e1ria de 06 horas dos servidores estaduais."},"content":{"rendered":"\n<p>A retomada da carga hor\u00e1ria de 06 horas aos servidores estaduais, foi defendida pela deputada estadual Mara Caseiro, na sess\u00e3o de hoje da Assembleia Legislativa. Desde o ano passado, a parlamentar tem atuado em favor da categoria.<br>Aos secret\u00e1rios estaduais de Governo, Pedro Arlei Caravina e de Administra\u00e7\u00e3o, Ana Carolina Nardes, a deputada solicitou a realiza\u00e7\u00e3o de estudos para a volta da carga hor\u00e1ria dos servidores estaduais para expedientes de 06 (seis) horas ininterruptas das 7h30 \u00e0s 13h30 e das 11h30 \u00e0s 17h30.<br>\u201cHoje, esses servidores cumprem hor\u00e1rio das 7h30 \u00e0s 17h30. Essa mudan\u00e7a de carga hor\u00e1ria ocasionou diversos impactos nas rotinas de nossos servidores, al\u00e9m de gerar aumento com gastos de material e pessoal nas reparti\u00e7\u00f5es p\u00fablicas estaduais, implicando em desobedi\u00eancia ao princ\u00edpio da efici\u00eancia, base de nosso ordenamento administrativo\u201d, afirmou a parlamentar.<br>No pedido, Mara Caseiro destacou a exist\u00eancia de estudos e exemplos bem-sucedidos de redu\u00e7\u00e3o de jornadas de trabalho em outros pa\u00edses. \u201cA OCDE \u2013 Organiza\u00e7\u00e3o para a Coopera\u00e7\u00e3o e Desenvolvimento Econ\u00f4mico &#8211; elaborou ranking dos pa\u00edses com as menores jornadas de trabalho correlacionando-os com a melhor qualidade de vida de seu cidad\u00e3o e da economia local\u201d, disse ela.<br>Est\u00e3o na lista de pa\u00edses que j\u00e1 adotaram como pr\u00e1tica a redu\u00e7\u00e3o de carga hor\u00e1ria de seus colaboradores: Holanda, Dinamarca, Alemanha, Su\u00ed\u00e7a, Irlanda, \u00c1ustria, It\u00e1lia, Su\u00e9cia e Fran\u00e7a. \u201cEsses pa\u00edses mega desenvolvidos e superpot\u00eancias econ\u00f4micas, fizeram estudos que atestam que ap\u00f3s 6h de trabalho, os n\u00edveis de produtividade caem abruptamente, sendo mais vantajoso \u00e0s empresas e ind\u00fastrias aproveitarem somente a capacidade laborativa m\u00e1xima de seus colaboradores\u201d, destacou a deputada.<br>Tamb\u00e9m consta no pedido feito ao governo estadual, o estudo da neurocientista brasileira Dra. Thais Gameiro, fundadora da consultoria N\u00eamesis que possu\u00ed estudos t\u00e9cnicos e experimentos quanto ao tema.<br>Diante das justificativas, a deputada solicitou a retomada da carga hor\u00e1ria para 6 horas di\u00e1rias, com turnos de revezamento de pessoal. \u201cEsse pedido \u00e9 l\u00edcito e importa em efici\u00eancia do servi\u00e7o p\u00fablico, sobretudo, porque durante o per\u00edodo pand\u00eamico esta foi a jornada adotada e apurados melhores resultados na presta\u00e7\u00e3o do servi\u00e7o\u201d, finalizou.<\/p>\n\n\n\n<p>Assessoria<\/p>\n\n\n\n<p><\/p>\n\n\n\n<figure class=\"wp-block-image size-full\"><img fetchpriority=\"high\" decoding=\"async\" width=\"900\" height=\"100\" src=\"https:\/\/msconectado.com.br\/wp-content\/uploads\/2023\/01\/MS_Concetado.png\" alt=\"\" class=\"wp-image-17625\" srcset=\"https:\/\/msconectado.com.br\/wp-content\/uploads\/2023\/01\/MS_Concetado.png 900w, https:\/\/msconectado.com.br\/wp-content\/uploads\/2023\/01\/MS_Concetado-300x33.png 300w, https:\/\/msconectado.com.br\/wp-content\/uploads\/2023\/01\/MS_Concetado-768x85.png 768w\" sizes=\"(max-width: 900px) 100vw, 900px\" \/><\/figure>\n","protected":false},"excerpt":{"rendered":"<p>A retomada da carga hor\u00e1ria de 06 horas aos servidores estaduais, foi defendida pela deputada estadual Mara Caseiro, na sess\u00e3o de hoje da Assembleia Legislativa. Desde o ano passado, a parlamentar tem atuado em favor da categoria.Aos secret\u00e1rios estaduais de Governo, Pedro Arlei Caravina e de Administra\u00e7\u00e3o, Ana Carolina Nardes, a deputada solicitou a realiza\u00e7\u00e3o [&hellip;]<\/p>\n","protected":false},"author":2,"featured_media":17982,"comment_status":"open","ping_status":"closed","sticky":false,"template":"","format":"standard","meta":{"footnotes":""},"categories":[38,33],"tags":[],"class_list":["post-17981","post","type-post","status-publish","format-standard","has-post-thumbnail","hentry","category-assembleia-legislativa","category-politica"],"yoast_head":"<!-- This site is optimized with the Yoast SEO plugin v27.5 - https:\/\/yoast.com\/product\/yoast-seo-wordpress\/ -->\n<title>Deputada Mara Caseiro volta a defender retomada da carga hor\u00e1ria de 06 horas dos servidores estaduais. - MsConectado<\/title>\n<meta name=\"robots\" content=\"index, follow, max-snippet:-1, max-image-preview:large, max-video-preview:-1\" \/>\n<link rel=\"canonical\" href=\"https:\/\/msconectado.com.br\/?p=17981\" \/>\n<meta property=\"og:locale\" content=\"pt_BR\" \/>\n<meta property=\"og:type\" content=\"article\" \/>\n<meta property=\"og:title\" content=\"Deputada Mara Caseiro volta a defender retomada da carga hor\u00e1ria de 06 horas dos servidores estaduais. - MsConectado\" \/>\n<meta property=\"og:description\" content=\"A retomada da carga hor\u00e1ria de 06 horas aos servidores estaduais, foi defendida pela deputada estadual Mara Caseiro, na sess\u00e3o de hoje da Assembleia Legislativa. Desde o ano passado, a parlamentar tem atuado em favor da categoria.Aos secret\u00e1rios estaduais de Governo, Pedro Arlei Caravina e de Administra\u00e7\u00e3o, Ana Carolina Nardes, a deputada solicitou a realiza\u00e7\u00e3o [&hellip;]\" \/>\n<meta property=\"og:url\" content=\"https:\/\/msconectado.com.br\/?p=17981\" \/>\n<meta property=\"og:site_name\" content=\"MsConectado\" \/>\n<meta property=\"article:published_time\" content=\"2023-02-09T18:44:50+00:00\" \/>\n<meta property=\"article:modified_time\" content=\"2023-02-09T18:44:51+00:00\" \/>\n<meta property=\"og:image\" content=\"https:\/\/msconectado.com.br\/wp-content\/uploads\/2023\/02\/14b6f382-8a14-45f3-bf3b-190090d23103.jpg\" \/>\n\t<meta property=\"og:image:width\" content=\"1600\" \/>\n\t<meta property=\"og:image:height\" content=\"1066\" \/>\n\t<meta property=\"og:image:type\" content=\"image\/jpeg\" \/>\n<meta name=\"author\" content=\"MsConectado\" \/>\n<meta name=\"twitter:card\" content=\"summary_large_image\" \/>\n<meta name=\"twitter:label1\" content=\"Escrito por\" \/>\n\t<meta name=\"twitter:data1\" content=\"MsConectado\" \/>\n\t<meta name=\"twitter:label2\" content=\"Est. tempo de leitura\" \/>\n\t<meta name=\"twitter:data2\" content=\"3 minutos\" \/>\n<script type=\"application\/ld+json\" class=\"yoast-schema-graph\">{\"@context\":\"https:\\\/\\\/schema.org\",\"@graph\":[{\"@type\":\"Article\",\"@id\":\"https:\\\/\\\/msconectado.com.br\\\/?p=17981#article\",\"isPartOf\":{\"@id\":\"https:\\\/\\\/msconectado.com.br\\\/?p=17981\"},\"author\":{\"name\":\"MsConectado\",\"@id\":\"https:\\\/\\\/msconectado.com.br\\\/#\\\/schema\\\/person\\\/e5585545b5687092f1041d350b6e2c16\"},\"headline\":\"Deputada Mara Caseiro volta a defender retomada da carga hor\u00e1ria de 06 horas dos servidores estaduais.\",\"datePublished\":\"2023-02-09T18:44:50+00:00\",\"dateModified\":\"2023-02-09T18:44:51+00:00\",\"mainEntityOfPage\":{\"@id\":\"https:\\\/\\\/msconectado.com.br\\\/?p=17981\"},\"wordCount\":406,\"commentCount\":0,\"publisher\":{\"@id\":\"https:\\\/\\\/msconectado.com.br\\\/#organization\"},\"image\":{\"@id\":\"https:\\\/\\\/msconectado.com.br\\\/?p=17981#primaryimage\"},\"thumbnailUrl\":\"https:\\\/\\\/msconectado.com.br\\\/wp-content\\\/uploads\\\/2023\\\/02\\\/14b6f382-8a14-45f3-bf3b-190090d23103.jpg\",\"articleSection\":[\"Assembleia Legislativa\",\"Pol\u00edtica\"],\"inLanguage\":\"pt-BR\",\"potentialAction\":[{\"@type\":\"CommentAction\",\"name\":\"Comment\",\"target\":[\"https:\\\/\\\/msconectado.com.br\\\/?p=17981#respond\"]}]},{\"@type\":\"WebPage\",\"@id\":\"https:\\\/\\\/msconectado.com.br\\\/?p=17981\",\"url\":\"https:\\\/\\\/msconectado.com.br\\\/?p=17981\",\"name\":\"Deputada Mara Caseiro volta a defender retomada da carga hor\u00e1ria de 06 horas dos servidores estaduais. - MsConectado\",\"isPartOf\":{\"@id\":\"https:\\\/\\\/msconectado.com.br\\\/#website\"},\"primaryImageOfPage\":{\"@id\":\"https:\\\/\\\/msconectado.com.br\\\/?p=17981#primaryimage\"},\"image\":{\"@id\":\"https:\\\/\\\/msconectado.com.br\\\/?p=17981#primaryimage\"},\"thumbnailUrl\":\"https:\\\/\\\/msconectado.com.br\\\/wp-content\\\/uploads\\\/2023\\\/02\\\/14b6f382-8a14-45f3-bf3b-190090d23103.jpg\",\"datePublished\":\"2023-02-09T18:44:50+00:00\",\"dateModified\":\"2023-02-09T18:44:51+00:00\",\"breadcrumb\":{\"@id\":\"https:\\\/\\\/msconectado.com.br\\\/?p=17981#breadcrumb\"},\"inLanguage\":\"pt-BR\",\"potentialAction\":[{\"@type\":\"ReadAction\",\"target\":[\"https:\\\/\\\/msconectado.com.br\\\/?p=17981\"]}]},{\"@type\":\"ImageObject\",\"inLanguage\":\"pt-BR\",\"@id\":\"https:\\\/\\\/msconectado.com.br\\\/?p=17981#primaryimage\",\"url\":\"https:\\\/\\\/msconectado.com.br\\\/wp-content\\\/uploads\\\/2023\\\/02\\\/14b6f382-8a14-45f3-bf3b-190090d23103.jpg\",\"contentUrl\":\"https:\\\/\\\/msconectado.com.br\\\/wp-content\\\/uploads\\\/2023\\\/02\\\/14b6f382-8a14-45f3-bf3b-190090d23103.jpg\",\"width\":1600,\"height\":1066},{\"@type\":\"BreadcrumbList\",\"@id\":\"https:\\\/\\\/msconectado.com.br\\\/?p=17981#breadcrumb\",\"itemListElement\":[{\"@type\":\"ListItem\",\"position\":1,\"name\":\"In\u00edcio\",\"item\":\"https:\\\/\\\/msconectado.com.br\\\/?page_id=105\"},{\"@type\":\"ListItem\",\"position\":2,\"name\":\"Deputada Mara Caseiro volta a defender retomada da carga hor\u00e1ria de 06 horas dos servidores estaduais.\"}]},{\"@type\":\"WebSite\",\"@id\":\"https:\\\/\\\/msconectado.com.br\\\/#website\",\"url\":\"https:\\\/\\\/msconectado.com.br\\\/\",\"name\":\"MsConectado\",\"description\":\"Voc\u00ea Conectado com a Not\u00edcia!\",\"publisher\":{\"@id\":\"https:\\\/\\\/msconectado.com.br\\\/#organization\"},\"potentialAction\":[{\"@type\":\"SearchAction\",\"target\":{\"@type\":\"EntryPoint\",\"urlTemplate\":\"https:\\\/\\\/msconectado.com.br\\\/?s={search_term_string}\"},\"query-input\":{\"@type\":\"PropertyValueSpecification\",\"valueRequired\":true,\"valueName\":\"search_term_string\"}}],\"inLanguage\":\"pt-BR\"},{\"@type\":\"Organization\",\"@id\":\"https:\\\/\\\/msconectado.com.br\\\/#organization\",\"name\":\"MsConectado\",\"url\":\"https:\\\/\\\/msconectado.com.br\\\/\",\"logo\":{\"@type\":\"ImageObject\",\"inLanguage\":\"pt-BR\",\"@id\":\"https:\\\/\\\/msconectado.com.br\\\/#\\\/schema\\\/logo\\\/image\\\/\",\"url\":\"https:\\\/\\\/msconectado.com.br\\\/wp-content\\\/uploads\\\/2023\\\/01\\\/cropped-noticia-2.png\",\"contentUrl\":\"https:\\\/\\\/msconectado.com.br\\\/wp-content\\\/uploads\\\/2023\\\/01\\\/cropped-noticia-2.png\",\"width\":720,\"height\":157,\"caption\":\"MsConectado\"},\"image\":{\"@id\":\"https:\\\/\\\/msconectado.com.br\\\/#\\\/schema\\\/logo\\\/image\\\/\"}},{\"@type\":\"Person\",\"@id\":\"https:\\\/\\\/msconectado.com.br\\\/#\\\/schema\\\/person\\\/e5585545b5687092f1041d350b6e2c16\",\"name\":\"MsConectado\",\"image\":{\"@type\":\"ImageObject\",\"inLanguage\":\"pt-BR\",\"@id\":\"https:\\\/\\\/secure.gravatar.com\\\/avatar\\\/3b4f84a0a8a4380ac4431fa79981d073692380c5da00ae97596e794ab0db5c8c?s=96&d=mm&r=g\",\"url\":\"https:\\\/\\\/secure.gravatar.com\\\/avatar\\\/3b4f84a0a8a4380ac4431fa79981d073692380c5da00ae97596e794ab0db5c8c?s=96&d=mm&r=g\",\"contentUrl\":\"https:\\\/\\\/secure.gravatar.com\\\/avatar\\\/3b4f84a0a8a4380ac4431fa79981d073692380c5da00ae97596e794ab0db5c8c?s=96&d=mm&r=g\",\"caption\":\"MsConectado\"},\"url\":\"https:\\\/\\\/msconectado.com.br\\\/?author=2\"}]}<\/script>\n<!-- \/ Yoast SEO plugin. -->","yoast_head_json":{"title":"Deputada Mara Caseiro volta a defender retomada da carga hor\u00e1ria de 06 horas dos servidores estaduais. - MsConectado","robots":{"index":"index","follow":"follow","max-snippet":"max-snippet:-1","max-image-preview":"max-image-preview:large","max-video-preview":"max-video-preview:-1"},"canonical":"https:\/\/msconectado.com.br\/?p=17981","og_locale":"pt_BR","og_type":"article","og_title":"Deputada Mara Caseiro volta a defender retomada da carga hor\u00e1ria de 06 horas dos servidores estaduais. - MsConectado","og_description":"A retomada da carga hor\u00e1ria de 06 horas aos servidores estaduais, foi defendida pela deputada estadual Mara Caseiro, na sess\u00e3o de hoje da Assembleia Legislativa. Desde o ano passado, a parlamentar tem atuado em favor da categoria.Aos secret\u00e1rios estaduais de Governo, Pedro Arlei Caravina e de Administra\u00e7\u00e3o, Ana Carolina Nardes, a deputada solicitou a realiza\u00e7\u00e3o [&hellip;]","og_url":"https:\/\/msconectado.com.br\/?p=17981","og_site_name":"MsConectado","article_published_time":"2023-02-09T18:44:50+00:00","article_modified_time":"2023-02-09T18:44:51+00:00","og_image":[{"width":1600,"height":1066,"url":"https:\/\/msconectado.com.br\/wp-content\/uploads\/2023\/02\/14b6f382-8a14-45f3-bf3b-190090d23103.jpg","type":"image\/jpeg"}],"author":"MsConectado","twitter_card":"summary_large_image","twitter_misc":{"Escrito por":"MsConectado","Est. tempo de leitura":"3 minutos"},"schema":{"@context":"https:\/\/schema.org","@graph":[{"@type":"Article","@id":"https:\/\/msconectado.com.br\/?p=17981#article","isPartOf":{"@id":"https:\/\/msconectado.com.br\/?p=17981"},"author":{"name":"MsConectado","@id":"https:\/\/msconectado.com.br\/#\/schema\/person\/e5585545b5687092f1041d350b6e2c16"},"headline":"Deputada Mara Caseiro volta a defender retomada da carga hor\u00e1ria de 06 horas dos servidores estaduais.","datePublished":"2023-02-09T18:44:50+00:00","dateModified":"2023-02-09T18:44:51+00:00","mainEntityOfPage":{"@id":"https:\/\/msconectado.com.br\/?p=17981"},"wordCount":406,"commentCount":0,"publisher":{"@id":"https:\/\/msconectado.com.br\/#organization"},"image":{"@id":"https:\/\/msconectado.com.br\/?p=17981#primaryimage"},"thumbnailUrl":"https:\/\/msconectado.com.br\/wp-content\/uploads\/2023\/02\/14b6f382-8a14-45f3-bf3b-190090d23103.jpg","articleSection":["Assembleia Legislativa","Pol\u00edtica"],"inLanguage":"pt-BR","potentialAction":[{"@type":"CommentAction","name":"Comment","target":["https:\/\/msconectado.com.br\/?p=17981#respond"]}]},{"@type":"WebPage","@id":"https:\/\/msconectado.com.br\/?p=17981","url":"https:\/\/msconectado.com.br\/?p=17981","name":"Deputada Mara Caseiro volta a defender retomada da carga hor\u00e1ria de 06 horas dos servidores estaduais. - MsConectado","isPartOf":{"@id":"https:\/\/msconectado.com.br\/#website"},"primaryImageOfPage":{"@id":"https:\/\/msconectado.com.br\/?p=17981#primaryimage"},"image":{"@id":"https:\/\/msconectado.com.br\/?p=17981#primaryimage"},"thumbnailUrl":"https:\/\/msconectado.com.br\/wp-content\/uploads\/2023\/02\/14b6f382-8a14-45f3-bf3b-190090d23103.jpg","datePublished":"2023-02-09T18:44:50+00:00","dateModified":"2023-02-09T18:44:51+00:00","breadcrumb":{"@id":"https:\/\/msconectado.com.br\/?p=17981#breadcrumb"},"inLanguage":"pt-BR","potentialAction":[{"@type":"ReadAction","target":["https:\/\/msconectado.com.br\/?p=17981"]}]},{"@type":"ImageObject","inLanguage":"pt-BR","@id":"https:\/\/msconectado.com.br\/?p=17981#primaryimage","url":"https:\/\/msconectado.com.br\/wp-content\/uploads\/2023\/02\/14b6f382-8a14-45f3-bf3b-190090d23103.jpg","contentUrl":"https:\/\/msconectado.com.br\/wp-content\/uploads\/2023\/02\/14b6f382-8a14-45f3-bf3b-190090d23103.jpg","width":1600,"height":1066},{"@type":"BreadcrumbList","@id":"https:\/\/msconectado.com.br\/?p=17981#breadcrumb","itemListElement":[{"@type":"ListItem","position":1,"name":"In\u00edcio","item":"https:\/\/msconectado.com.br\/?page_id=105"},{"@type":"ListItem","position":2,"name":"Deputada Mara Caseiro volta a defender retomada da carga hor\u00e1ria de 06 horas dos servidores estaduais."}]},{"@type":"WebSite","@id":"https:\/\/msconectado.com.br\/#website","url":"https:\/\/msconectado.com.br\/","name":"MsConectado","description":"Voc\u00ea Conectado com a Not\u00edcia!","publisher":{"@id":"https:\/\/msconectado.com.br\/#organization"},"potentialAction":[{"@type":"SearchAction","target":{"@type":"EntryPoint","urlTemplate":"https:\/\/msconectado.com.br\/?s={search_term_string}"},"query-input":{"@type":"PropertyValueSpecification","valueRequired":true,"valueName":"search_term_string"}}],"inLanguage":"pt-BR"},{"@type":"Organization","@id":"https:\/\/msconectado.com.br\/#organization","name":"MsConectado","url":"https:\/\/msconectado.com.br\/","logo":{"@type":"ImageObject","inLanguage":"pt-BR","@id":"https:\/\/msconectado.com.br\/#\/schema\/logo\/image\/","url":"https:\/\/msconectado.com.br\/wp-content\/uploads\/2023\/01\/cropped-noticia-2.png","contentUrl":"https:\/\/msconectado.com.br\/wp-content\/uploads\/2023\/01\/cropped-noticia-2.png","width":720,"height":157,"caption":"MsConectado"},"image":{"@id":"https:\/\/msconectado.com.br\/#\/schema\/logo\/image\/"}},{"@type":"Person","@id":"https:\/\/msconectado.com.br\/#\/schema\/person\/e5585545b5687092f1041d350b6e2c16","name":"MsConectado","image":{"@type":"ImageObject","inLanguage":"pt-BR","@id":"https:\/\/secure.gravatar.com\/avatar\/3b4f84a0a8a4380ac4431fa79981d073692380c5da00ae97596e794ab0db5c8c?s=96&d=mm&r=g","url":"https:\/\/secure.gravatar.com\/avatar\/3b4f84a0a8a4380ac4431fa79981d073692380c5da00ae97596e794ab0db5c8c?s=96&d=mm&r=g","contentUrl":"https:\/\/secure.gravatar.com\/avatar\/3b4f84a0a8a4380ac4431fa79981d073692380c5da00ae97596e794ab0db5c8c?s=96&d=mm&r=g","caption":"MsConectado"},"url":"https:\/\/msconectado.com.br\/?author=2"}]}},"_links":{"self":[{"href":"https:\/\/msconectado.com.br\/index.php?rest_route=\/wp\/v2\/posts\/17981","targetHints":{"allow":["GET"]}}],"collection":[{"href":"https:\/\/msconectado.com.br\/index.php?rest_route=\/wp\/v2\/posts"}],"about":[{"href":"https:\/\/msconectado.com.br\/index.php?rest_route=\/wp\/v2\/types\/post"}],"author":[{"embeddable":true,"href":"https:\/\/msconectado.com.br\/index.php?rest_route=\/wp\/v2\/users\/2"}],"replies":[{"embeddable":true,"href":"https:\/\/msconectado.com.br\/index.php?rest_route=%2Fwp%2Fv2%2Fcomments&post=17981"}],"version-history":[{"count":1,"href":"https:\/\/msconectado.com.br\/index.php?rest_route=\/wp\/v2\/posts\/17981\/revisions"}],"predecessor-version":[{"id":17983,"href":"https:\/\/msconectado.com.br\/index.php?rest_route=\/wp\/v2\/posts\/17981\/revisions\/17983"}],"wp:featuredmedia":[{"embeddable":true,"href":"https:\/\/msconectado.com.br\/index.php?rest_route=\/wp\/v2\/media\/17982"}],"wp:attachment":[{"href":"https:\/\/msconectado.com.br\/index.php?rest_route=%2Fwp%2Fv2%2Fmedia&parent=17981"}],"wp:term":[{"taxonomy":"category","embeddable":true,"href":"https:\/\/msconectado.com.br\/index.php?rest_route=%2Fwp%2Fv2%2Fcategories&post=17981"},{"taxonomy":"post_tag","embeddable":true,"href":"https:\/\/msconectado.com.br\/index.php?rest_route=%2Fwp%2Fv2%2Ftags&post=17981"}],"curies":[{"name":"wp","href":"https:\/\/api.w.org\/{rel}","templated":true}]}}