{"id":18119,"date":"2023-02-14T19:26:57","date_gmt":"2023-02-14T19:26:57","guid":{"rendered":"https:\/\/msconectado.com.br\/?p=18119"},"modified":"2023-02-14T19:26:58","modified_gmt":"2023-02-14T19:26:58","slug":"deputado-joao-matogrosso-solicita-reforco-na-seguranca-das-reparticoes-publicas-estaduais","status":"publish","type":"post","link":"https:\/\/msconectado.com.br\/?p=18119","title":{"rendered":"Deputado Jo\u00e3o Matogrosso solicita refor\u00e7o na seguran\u00e7a das reparti\u00e7\u00f5es p\u00fablicas estaduais."},"content":{"rendered":"\n<p>Audi\u00eancia no Procon-MS (Superintend\u00eancia para Orienta\u00e7\u00e3o e Defesa do Consumidor de Mato Grosso do Sul) terminou em trag\u00e9dia na \u00faltima segunda-feira (13), ap\u00f3s o assassinato de um homem de 67 anos durante a negocia\u00e7\u00e3o por uma d\u00edvida de R$ 630. Na ocasi\u00e3o, o autor do crime disparou tr\u00eas tiros na cabe\u00e7a da v\u00edtima e fugiu do local.<\/p>\n\n\n\n<p>Impactado por esse epis\u00f3dio assustador, o deputado estadual Jo\u00e3o Mattogrosso (PSDB) apresentou indica\u00e7\u00e3o ao Governador Eduardo Riedel, com c\u00f3pia \u00e0 Secretaria Estadual de Justi\u00e7a e Seguran\u00e7a P\u00fablica, solicitando o refor\u00e7o na seguran\u00e7a das reparti\u00e7\u00f5es p\u00fablicas do Governo do Estado.<\/p>\n\n\n\n<p>O parlamentar reivindica um estudo de viabilidade para instala\u00e7\u00e3o de equipamentos detectores de metais nos \u00d3rg\u00e3os P\u00fablicos, especialmente nos espa\u00e7os que tenham por atribui\u00e7\u00e3o e compet\u00eancia a media\u00e7\u00e3o e resolutividades de conflitos de interesses pessoais, sejam eles judiciais ou extrajudiciais, tais como Defensoria P\u00fablica, Juizados Especiais, PROCON, entre outros.<\/p>\n\n\n\n<p>\u201cEntendemos que os servi\u00e7os p\u00fablicos s\u00e3o prestados com excel\u00eancia em nosso Estado e justamente por isso precisamos garantir a seguran\u00e7a dos nossos servidores e tamb\u00e9m da popula\u00e7\u00e3o. Foi um epis\u00f3dio muito triste e assustador, embora isolado, nos acende o alerta para reivindicar medidas para evitar que cenas como estas se repitam\u201d, destaca o deputado Jo\u00e3o Mattogrosso.<\/p>\n\n\n\n<p>Na justificativa da indica\u00e7\u00e3o, o deputado traz como refer\u00eancias os \u00f3rg\u00e3os do Poder Judici\u00e1rio, que j\u00e1 aderiram aos detectores para coibir a entrada de armas em geral, impedindo a vulnerabilidade e inseguran\u00e7a nesses espa\u00e7os p\u00fablicos.<\/p>\n\n\n\n<p><strong>CHAMA O JO\u00c3O \u2013\u00a0<\/strong>Acompanhe o trabalho do deputado estadual Jo\u00e3o Mattogrosso pelas redes sociais: Facebook, Instagram e TikTok \u2013 @jcmattogrosso. O gabinete do parlamentar tamb\u00e9m est\u00e1 on-line pelo WhatsApp (67) 99904-4045.<\/p>\n\n\n\n<p>Assessoria ALEMS<\/p>\n\n\n\n<p><strong>Foto:<\/strong>\u00a0Melina Moraes<\/p>\n\n\n<div class=\"wp-block-image\">\n<figure class=\"aligncenter size-full\"><a href=\"https:\/\/www.sicredi.com.br\/coop\/pantanalms\/\"><img fetchpriority=\"high\" decoding=\"async\" width=\"900\" height=\"100\" src=\"https:\/\/msconectado.com.br\/wp-content\/uploads\/2023\/02\/MS_Concetado-1.png\" alt=\"\" class=\"wp-image-18039\" srcset=\"https:\/\/msconectado.com.br\/wp-content\/uploads\/2023\/02\/MS_Concetado-1.png 900w, https:\/\/msconectado.com.br\/wp-content\/uploads\/2023\/02\/MS_Concetado-1-300x33.png 300w, https:\/\/msconectado.com.br\/wp-content\/uploads\/2023\/02\/MS_Concetado-1-768x85.png 768w\" sizes=\"(max-width: 900px) 100vw, 900px\" \/><\/a><\/figure>\n<\/div>","protected":false},"excerpt":{"rendered":"<p>Audi\u00eancia no Procon-MS (Superintend\u00eancia para Orienta\u00e7\u00e3o e Defesa do Consumidor de Mato Grosso do Sul) terminou em trag\u00e9dia na \u00faltima segunda-feira (13), ap\u00f3s o assassinato de um homem de 67 anos durante a negocia\u00e7\u00e3o por uma d\u00edvida de R$ 630. Na ocasi\u00e3o, o autor do crime disparou tr\u00eas tiros na cabe\u00e7a da v\u00edtima e fugiu [&hellip;]<\/p>\n","protected":false},"author":3,"featured_media":18120,"comment_status":"open","ping_status":"closed","sticky":false,"template":"","format":"standard","meta":{"footnotes":""},"categories":[38,33],"tags":[],"class_list":["post-18119","post","type-post","status-publish","format-standard","has-post-thumbnail","hentry","category-assembleia-legislativa","category-politica"],"yoast_head":"<!-- This site is optimized with the Yoast SEO plugin v27.5 - https:\/\/yoast.com\/product\/yoast-seo-wordpress\/ -->\n<title>Deputado Jo\u00e3o Matogrosso solicita refor\u00e7o na seguran\u00e7a das reparti\u00e7\u00f5es p\u00fablicas estaduais. - MsConectado<\/title>\n<meta name=\"robots\" content=\"index, follow, max-snippet:-1, max-image-preview:large, max-video-preview:-1\" \/>\n<link rel=\"canonical\" href=\"https:\/\/msconectado.com.br\/?p=18119\" \/>\n<meta property=\"og:locale\" content=\"pt_BR\" \/>\n<meta property=\"og:type\" content=\"article\" \/>\n<meta property=\"og:title\" content=\"Deputado Jo\u00e3o Matogrosso solicita refor\u00e7o na seguran\u00e7a das reparti\u00e7\u00f5es p\u00fablicas estaduais. - MsConectado\" \/>\n<meta property=\"og:description\" content=\"Audi\u00eancia no Procon-MS (Superintend\u00eancia para Orienta\u00e7\u00e3o e Defesa do Consumidor de Mato Grosso do Sul) terminou em trag\u00e9dia na \u00faltima segunda-feira (13), ap\u00f3s o assassinato de um homem de 67 anos durante a negocia\u00e7\u00e3o por uma d\u00edvida de R$ 630. Na ocasi\u00e3o, o autor do crime disparou tr\u00eas tiros na cabe\u00e7a da v\u00edtima e fugiu [&hellip;]\" \/>\n<meta property=\"og:url\" content=\"https:\/\/msconectado.com.br\/?p=18119\" \/>\n<meta property=\"og:site_name\" content=\"MsConectado\" \/>\n<meta property=\"article:published_time\" content=\"2023-02-14T19:26:57+00:00\" \/>\n<meta property=\"article:modified_time\" content=\"2023-02-14T19:26:58+00:00\" \/>\n<meta property=\"og:image\" content=\"https:\/\/msconectado.com.br\/wp-content\/uploads\/2023\/02\/mato.jpg\" \/>\n\t<meta property=\"og:image:width\" content=\"740\" \/>\n\t<meta property=\"og:image:height\" content=\"493\" \/>\n\t<meta property=\"og:image:type\" content=\"image\/jpeg\" \/>\n<meta name=\"author\" content=\"Jeferson\" \/>\n<meta name=\"twitter:card\" content=\"summary_large_image\" \/>\n<meta name=\"twitter:label1\" content=\"Escrito por\" \/>\n\t<meta name=\"twitter:data1\" content=\"Jeferson\" \/>\n\t<meta name=\"twitter:label2\" content=\"Est. tempo de leitura\" \/>\n\t<meta name=\"twitter:data2\" content=\"2 minutos\" \/>\n<script type=\"application\/ld+json\" class=\"yoast-schema-graph\">{\"@context\":\"https:\\\/\\\/schema.org\",\"@graph\":[{\"@type\":\"Article\",\"@id\":\"https:\\\/\\\/msconectado.com.br\\\/?p=18119#article\",\"isPartOf\":{\"@id\":\"https:\\\/\\\/msconectado.com.br\\\/?p=18119\"},\"author\":{\"name\":\"Jeferson\",\"@id\":\"https:\\\/\\\/msconectado.com.br\\\/#\\\/schema\\\/person\\\/feb123a95a93eebea36f0ed6a2e5ba48\"},\"headline\":\"Deputado Jo\u00e3o Matogrosso solicita refor\u00e7o na seguran\u00e7a das reparti\u00e7\u00f5es p\u00fablicas estaduais.\",\"datePublished\":\"2023-02-14T19:26:57+00:00\",\"dateModified\":\"2023-02-14T19:26:58+00:00\",\"mainEntityOfPage\":{\"@id\":\"https:\\\/\\\/msconectado.com.br\\\/?p=18119\"},\"wordCount\":331,\"commentCount\":0,\"publisher\":{\"@id\":\"https:\\\/\\\/msconectado.com.br\\\/#organization\"},\"image\":{\"@id\":\"https:\\\/\\\/msconectado.com.br\\\/?p=18119#primaryimage\"},\"thumbnailUrl\":\"https:\\\/\\\/msconectado.com.br\\\/wp-content\\\/uploads\\\/2023\\\/02\\\/mato.jpg\",\"articleSection\":[\"Assembleia Legislativa\",\"Pol\u00edtica\"],\"inLanguage\":\"pt-BR\",\"potentialAction\":[{\"@type\":\"CommentAction\",\"name\":\"Comment\",\"target\":[\"https:\\\/\\\/msconectado.com.br\\\/?p=18119#respond\"]}]},{\"@type\":\"WebPage\",\"@id\":\"https:\\\/\\\/msconectado.com.br\\\/?p=18119\",\"url\":\"https:\\\/\\\/msconectado.com.br\\\/?p=18119\",\"name\":\"Deputado Jo\u00e3o Matogrosso solicita refor\u00e7o na seguran\u00e7a das reparti\u00e7\u00f5es p\u00fablicas estaduais. - MsConectado\",\"isPartOf\":{\"@id\":\"https:\\\/\\\/msconectado.com.br\\\/#website\"},\"primaryImageOfPage\":{\"@id\":\"https:\\\/\\\/msconectado.com.br\\\/?p=18119#primaryimage\"},\"image\":{\"@id\":\"https:\\\/\\\/msconectado.com.br\\\/?p=18119#primaryimage\"},\"thumbnailUrl\":\"https:\\\/\\\/msconectado.com.br\\\/wp-content\\\/uploads\\\/2023\\\/02\\\/mato.jpg\",\"datePublished\":\"2023-02-14T19:26:57+00:00\",\"dateModified\":\"2023-02-14T19:26:58+00:00\",\"breadcrumb\":{\"@id\":\"https:\\\/\\\/msconectado.com.br\\\/?p=18119#breadcrumb\"},\"inLanguage\":\"pt-BR\",\"potentialAction\":[{\"@type\":\"ReadAction\",\"target\":[\"https:\\\/\\\/msconectado.com.br\\\/?p=18119\"]}]},{\"@type\":\"ImageObject\",\"inLanguage\":\"pt-BR\",\"@id\":\"https:\\\/\\\/msconectado.com.br\\\/?p=18119#primaryimage\",\"url\":\"https:\\\/\\\/msconectado.com.br\\\/wp-content\\\/uploads\\\/2023\\\/02\\\/mato.jpg\",\"contentUrl\":\"https:\\\/\\\/msconectado.com.br\\\/wp-content\\\/uploads\\\/2023\\\/02\\\/mato.jpg\",\"width\":740,\"height\":493},{\"@type\":\"BreadcrumbList\",\"@id\":\"https:\\\/\\\/msconectado.com.br\\\/?p=18119#breadcrumb\",\"itemListElement\":[{\"@type\":\"ListItem\",\"position\":1,\"name\":\"In\u00edcio\",\"item\":\"https:\\\/\\\/msconectado.com.br\\\/?page_id=105\"},{\"@type\":\"ListItem\",\"position\":2,\"name\":\"Deputado Jo\u00e3o Matogrosso solicita refor\u00e7o na seguran\u00e7a das reparti\u00e7\u00f5es p\u00fablicas estaduais.\"}]},{\"@type\":\"WebSite\",\"@id\":\"https:\\\/\\\/msconectado.com.br\\\/#website\",\"url\":\"https:\\\/\\\/msconectado.com.br\\\/\",\"name\":\"MsConectado\",\"description\":\"Voc\u00ea Conectado com a Not\u00edcia!\",\"publisher\":{\"@id\":\"https:\\\/\\\/msconectado.com.br\\\/#organization\"},\"potentialAction\":[{\"@type\":\"SearchAction\",\"target\":{\"@type\":\"EntryPoint\",\"urlTemplate\":\"https:\\\/\\\/msconectado.com.br\\\/?s={search_term_string}\"},\"query-input\":{\"@type\":\"PropertyValueSpecification\",\"valueRequired\":true,\"valueName\":\"search_term_string\"}}],\"inLanguage\":\"pt-BR\"},{\"@type\":\"Organization\",\"@id\":\"https:\\\/\\\/msconectado.com.br\\\/#organization\",\"name\":\"MsConectado\",\"url\":\"https:\\\/\\\/msconectado.com.br\\\/\",\"logo\":{\"@type\":\"ImageObject\",\"inLanguage\":\"pt-BR\",\"@id\":\"https:\\\/\\\/msconectado.com.br\\\/#\\\/schema\\\/logo\\\/image\\\/\",\"url\":\"https:\\\/\\\/msconectado.com.br\\\/wp-content\\\/uploads\\\/2023\\\/01\\\/cropped-noticia-2.png\",\"contentUrl\":\"https:\\\/\\\/msconectado.com.br\\\/wp-content\\\/uploads\\\/2023\\\/01\\\/cropped-noticia-2.png\",\"width\":720,\"height\":157,\"caption\":\"MsConectado\"},\"image\":{\"@id\":\"https:\\\/\\\/msconectado.com.br\\\/#\\\/schema\\\/logo\\\/image\\\/\"}},{\"@type\":\"Person\",\"@id\":\"https:\\\/\\\/msconectado.com.br\\\/#\\\/schema\\\/person\\\/feb123a95a93eebea36f0ed6a2e5ba48\",\"name\":\"Jeferson\",\"image\":{\"@type\":\"ImageObject\",\"inLanguage\":\"pt-BR\",\"@id\":\"https:\\\/\\\/secure.gravatar.com\\\/avatar\\\/e23e8901c88f0cdc0ad479ef7a39bf3e4c806344549c087c00b721a65549a328?s=96&d=mm&r=g\",\"url\":\"https:\\\/\\\/secure.gravatar.com\\\/avatar\\\/e23e8901c88f0cdc0ad479ef7a39bf3e4c806344549c087c00b721a65549a328?s=96&d=mm&r=g\",\"contentUrl\":\"https:\\\/\\\/secure.gravatar.com\\\/avatar\\\/e23e8901c88f0cdc0ad479ef7a39bf3e4c806344549c087c00b721a65549a328?s=96&d=mm&r=g\",\"caption\":\"Jeferson\"},\"url\":\"https:\\\/\\\/msconectado.com.br\\\/?author=3\"}]}<\/script>\n<!-- \/ Yoast SEO plugin. -->","yoast_head_json":{"title":"Deputado Jo\u00e3o Matogrosso solicita refor\u00e7o na seguran\u00e7a das reparti\u00e7\u00f5es p\u00fablicas estaduais. - MsConectado","robots":{"index":"index","follow":"follow","max-snippet":"max-snippet:-1","max-image-preview":"max-image-preview:large","max-video-preview":"max-video-preview:-1"},"canonical":"https:\/\/msconectado.com.br\/?p=18119","og_locale":"pt_BR","og_type":"article","og_title":"Deputado Jo\u00e3o Matogrosso solicita refor\u00e7o na seguran\u00e7a das reparti\u00e7\u00f5es p\u00fablicas estaduais. - MsConectado","og_description":"Audi\u00eancia no Procon-MS (Superintend\u00eancia para Orienta\u00e7\u00e3o e Defesa do Consumidor de Mato Grosso do Sul) terminou em trag\u00e9dia na \u00faltima segunda-feira (13), ap\u00f3s o assassinato de um homem de 67 anos durante a negocia\u00e7\u00e3o por uma d\u00edvida de R$ 630. Na ocasi\u00e3o, o autor do crime disparou tr\u00eas tiros na cabe\u00e7a da v\u00edtima e fugiu [&hellip;]","og_url":"https:\/\/msconectado.com.br\/?p=18119","og_site_name":"MsConectado","article_published_time":"2023-02-14T19:26:57+00:00","article_modified_time":"2023-02-14T19:26:58+00:00","og_image":[{"width":740,"height":493,"url":"https:\/\/msconectado.com.br\/wp-content\/uploads\/2023\/02\/mato.jpg","type":"image\/jpeg"}],"author":"Jeferson","twitter_card":"summary_large_image","twitter_misc":{"Escrito por":"Jeferson","Est. tempo de leitura":"2 minutos"},"schema":{"@context":"https:\/\/schema.org","@graph":[{"@type":"Article","@id":"https:\/\/msconectado.com.br\/?p=18119#article","isPartOf":{"@id":"https:\/\/msconectado.com.br\/?p=18119"},"author":{"name":"Jeferson","@id":"https:\/\/msconectado.com.br\/#\/schema\/person\/feb123a95a93eebea36f0ed6a2e5ba48"},"headline":"Deputado Jo\u00e3o Matogrosso solicita refor\u00e7o na seguran\u00e7a das reparti\u00e7\u00f5es p\u00fablicas estaduais.","datePublished":"2023-02-14T19:26:57+00:00","dateModified":"2023-02-14T19:26:58+00:00","mainEntityOfPage":{"@id":"https:\/\/msconectado.com.br\/?p=18119"},"wordCount":331,"commentCount":0,"publisher":{"@id":"https:\/\/msconectado.com.br\/#organization"},"image":{"@id":"https:\/\/msconectado.com.br\/?p=18119#primaryimage"},"thumbnailUrl":"https:\/\/msconectado.com.br\/wp-content\/uploads\/2023\/02\/mato.jpg","articleSection":["Assembleia Legislativa","Pol\u00edtica"],"inLanguage":"pt-BR","potentialAction":[{"@type":"CommentAction","name":"Comment","target":["https:\/\/msconectado.com.br\/?p=18119#respond"]}]},{"@type":"WebPage","@id":"https:\/\/msconectado.com.br\/?p=18119","url":"https:\/\/msconectado.com.br\/?p=18119","name":"Deputado Jo\u00e3o Matogrosso solicita refor\u00e7o na seguran\u00e7a das reparti\u00e7\u00f5es p\u00fablicas estaduais. - MsConectado","isPartOf":{"@id":"https:\/\/msconectado.com.br\/#website"},"primaryImageOfPage":{"@id":"https:\/\/msconectado.com.br\/?p=18119#primaryimage"},"image":{"@id":"https:\/\/msconectado.com.br\/?p=18119#primaryimage"},"thumbnailUrl":"https:\/\/msconectado.com.br\/wp-content\/uploads\/2023\/02\/mato.jpg","datePublished":"2023-02-14T19:26:57+00:00","dateModified":"2023-02-14T19:26:58+00:00","breadcrumb":{"@id":"https:\/\/msconectado.com.br\/?p=18119#breadcrumb"},"inLanguage":"pt-BR","potentialAction":[{"@type":"ReadAction","target":["https:\/\/msconectado.com.br\/?p=18119"]}]},{"@type":"ImageObject","inLanguage":"pt-BR","@id":"https:\/\/msconectado.com.br\/?p=18119#primaryimage","url":"https:\/\/msconectado.com.br\/wp-content\/uploads\/2023\/02\/mato.jpg","contentUrl":"https:\/\/msconectado.com.br\/wp-content\/uploads\/2023\/02\/mato.jpg","width":740,"height":493},{"@type":"BreadcrumbList","@id":"https:\/\/msconectado.com.br\/?p=18119#breadcrumb","itemListElement":[{"@type":"ListItem","position":1,"name":"In\u00edcio","item":"https:\/\/msconectado.com.br\/?page_id=105"},{"@type":"ListItem","position":2,"name":"Deputado Jo\u00e3o Matogrosso solicita refor\u00e7o na seguran\u00e7a das reparti\u00e7\u00f5es p\u00fablicas estaduais."}]},{"@type":"WebSite","@id":"https:\/\/msconectado.com.br\/#website","url":"https:\/\/msconectado.com.br\/","name":"MsConectado","description":"Voc\u00ea Conectado com a Not\u00edcia!","publisher":{"@id":"https:\/\/msconectado.com.br\/#organization"},"potentialAction":[{"@type":"SearchAction","target":{"@type":"EntryPoint","urlTemplate":"https:\/\/msconectado.com.br\/?s={search_term_string}"},"query-input":{"@type":"PropertyValueSpecification","valueRequired":true,"valueName":"search_term_string"}}],"inLanguage":"pt-BR"},{"@type":"Organization","@id":"https:\/\/msconectado.com.br\/#organization","name":"MsConectado","url":"https:\/\/msconectado.com.br\/","logo":{"@type":"ImageObject","inLanguage":"pt-BR","@id":"https:\/\/msconectado.com.br\/#\/schema\/logo\/image\/","url":"https:\/\/msconectado.com.br\/wp-content\/uploads\/2023\/01\/cropped-noticia-2.png","contentUrl":"https:\/\/msconectado.com.br\/wp-content\/uploads\/2023\/01\/cropped-noticia-2.png","width":720,"height":157,"caption":"MsConectado"},"image":{"@id":"https:\/\/msconectado.com.br\/#\/schema\/logo\/image\/"}},{"@type":"Person","@id":"https:\/\/msconectado.com.br\/#\/schema\/person\/feb123a95a93eebea36f0ed6a2e5ba48","name":"Jeferson","image":{"@type":"ImageObject","inLanguage":"pt-BR","@id":"https:\/\/secure.gravatar.com\/avatar\/e23e8901c88f0cdc0ad479ef7a39bf3e4c806344549c087c00b721a65549a328?s=96&d=mm&r=g","url":"https:\/\/secure.gravatar.com\/avatar\/e23e8901c88f0cdc0ad479ef7a39bf3e4c806344549c087c00b721a65549a328?s=96&d=mm&r=g","contentUrl":"https:\/\/secure.gravatar.com\/avatar\/e23e8901c88f0cdc0ad479ef7a39bf3e4c806344549c087c00b721a65549a328?s=96&d=mm&r=g","caption":"Jeferson"},"url":"https:\/\/msconectado.com.br\/?author=3"}]}},"_links":{"self":[{"href":"https:\/\/msconectado.com.br\/index.php?rest_route=\/wp\/v2\/posts\/18119","targetHints":{"allow":["GET"]}}],"collection":[{"href":"https:\/\/msconectado.com.br\/index.php?rest_route=\/wp\/v2\/posts"}],"about":[{"href":"https:\/\/msconectado.com.br\/index.php?rest_route=\/wp\/v2\/types\/post"}],"author":[{"embeddable":true,"href":"https:\/\/msconectado.com.br\/index.php?rest_route=\/wp\/v2\/users\/3"}],"replies":[{"embeddable":true,"href":"https:\/\/msconectado.com.br\/index.php?rest_route=%2Fwp%2Fv2%2Fcomments&post=18119"}],"version-history":[{"count":1,"href":"https:\/\/msconectado.com.br\/index.php?rest_route=\/wp\/v2\/posts\/18119\/revisions"}],"predecessor-version":[{"id":18121,"href":"https:\/\/msconectado.com.br\/index.php?rest_route=\/wp\/v2\/posts\/18119\/revisions\/18121"}],"wp:featuredmedia":[{"embeddable":true,"href":"https:\/\/msconectado.com.br\/index.php?rest_route=\/wp\/v2\/media\/18120"}],"wp:attachment":[{"href":"https:\/\/msconectado.com.br\/index.php?rest_route=%2Fwp%2Fv2%2Fmedia&parent=18119"}],"wp:term":[{"taxonomy":"category","embeddable":true,"href":"https:\/\/msconectado.com.br\/index.php?rest_route=%2Fwp%2Fv2%2Fcategories&post=18119"},{"taxonomy":"post_tag","embeddable":true,"href":"https:\/\/msconectado.com.br\/index.php?rest_route=%2Fwp%2Fv2%2Ftags&post=18119"}],"curies":[{"name":"wp","href":"https:\/\/api.w.org\/{rel}","templated":true}]}}