{"id":18164,"date":"2023-02-16T20:51:56","date_gmt":"2023-02-16T20:51:56","guid":{"rendered":"https:\/\/msconectado.com.br\/?p=18164"},"modified":"2023-02-16T20:51:56","modified_gmt":"2023-02-16T20:51:56","slug":"mara-caseiro-pede-asfalto-no-trecho-da-ms-145-entre-navirai-e-jatei","status":"publish","type":"post","link":"https:\/\/msconectado.com.br\/?p=18164","title":{"rendered":"Mara Caseiro pede asfalto no trecho da MS-145, entre Navira\u00ed e Jate\u00ed."},"content":{"rendered":"\n<p>A deputada estadual Mara Caseiro (PSDB) solicitou a pavimenta\u00e7\u00e3o asf\u00e1ltica na rodovia MS-145, no trecho entre os munic\u00edpios de Navira\u00ed e Jate\u00ed, transpondo o Assentamento Juncal. A indica\u00e7\u00e3o foi feita ao diretor-presidente da Ag\u00eancia Estadual de Gest\u00e3o de Empreendimentos (AGESUL), Mauro Azambuja Rondon<br>Conforme a popula\u00e7\u00e3o local, o trecho para o qual se solicita o servi\u00e7o de recupera\u00e7\u00e3o vi\u00e1ria, apresenta in\u00fameras disfun\u00e7\u00f5es em sua infraestrutura vi\u00e1ria, as quais s\u00e3o acentuadas no per\u00edodo de chuvas. \u201cEssa uni\u00e3o de fatores ocasiona em in\u00fameros preju\u00edzos para aqueles que transitam no trecho, especialmente os produtores rurais que necessitam fazer o escoamento da produ\u00e7\u00e3o e o consequente abastecimento das zonas urbanas\u201d, disse a deputada.<br>Outro ponto destacado pela parlamentar \u00e9 o preju\u00edzo na economia da regi\u00e3o. \u201cA situa\u00e7\u00e3o delineada causa reflexos na economia dos munic\u00edpios e no bem-estar de seus cidad\u00e3os que n\u00e3o merecem vivenciar este problema\u201d, ressaltou Mara Caseiro.<\/p>\n\n\n\n<p>Assessoria<\/p>\n\n\n<div class=\"wp-block-image\">\n<figure class=\"aligncenter size-full\"><a href=\"https:\/\/www.sicredi.com.br\/coop\/pantanalms\/\"><img fetchpriority=\"high\" decoding=\"async\" width=\"900\" height=\"100\" src=\"https:\/\/msconectado.com.br\/wp-content\/uploads\/2023\/02\/MS_Concetado-1.png\" alt=\"\" class=\"wp-image-18039\" srcset=\"https:\/\/msconectado.com.br\/wp-content\/uploads\/2023\/02\/MS_Concetado-1.png 900w, https:\/\/msconectado.com.br\/wp-content\/uploads\/2023\/02\/MS_Concetado-1-300x33.png 300w, https:\/\/msconectado.com.br\/wp-content\/uploads\/2023\/02\/MS_Concetado-1-768x85.png 768w\" sizes=\"(max-width: 900px) 100vw, 900px\" \/><\/a><\/figure>\n<\/div>","protected":false},"excerpt":{"rendered":"<p>A deputada estadual Mara Caseiro (PSDB) solicitou a pavimenta\u00e7\u00e3o asf\u00e1ltica na rodovia MS-145, no trecho entre os munic\u00edpios de Navira\u00ed e Jate\u00ed, transpondo o Assentamento Juncal. A indica\u00e7\u00e3o foi feita ao diretor-presidente da Ag\u00eancia Estadual de Gest\u00e3o de Empreendimentos (AGESUL), Mauro Azambuja RondonConforme a popula\u00e7\u00e3o local, o trecho para o qual se solicita o servi\u00e7o [&hellip;]<\/p>\n","protected":false},"author":2,"featured_media":18165,"comment_status":"open","ping_status":"closed","sticky":false,"template":"","format":"standard","meta":{"footnotes":""},"categories":[38,33],"tags":[],"class_list":["post-18164","post","type-post","status-publish","format-standard","has-post-thumbnail","hentry","category-assembleia-legislativa","category-politica"],"yoast_head":"<!-- This site is optimized with the Yoast SEO plugin v27.5 - https:\/\/yoast.com\/product\/yoast-seo-wordpress\/ -->\n<title>Mara Caseiro pede asfalto no trecho da MS-145, entre Navira\u00ed e Jate\u00ed. - MsConectado<\/title>\n<meta name=\"robots\" content=\"index, follow, max-snippet:-1, max-image-preview:large, max-video-preview:-1\" \/>\n<link rel=\"canonical\" href=\"https:\/\/msconectado.com.br\/?p=18164\" \/>\n<meta property=\"og:locale\" content=\"pt_BR\" \/>\n<meta property=\"og:type\" content=\"article\" \/>\n<meta property=\"og:title\" content=\"Mara Caseiro pede asfalto no trecho da MS-145, entre Navira\u00ed e Jate\u00ed. - MsConectado\" \/>\n<meta property=\"og:description\" content=\"A deputada estadual Mara Caseiro (PSDB) solicitou a pavimenta\u00e7\u00e3o asf\u00e1ltica na rodovia MS-145, no trecho entre os munic\u00edpios de Navira\u00ed e Jate\u00ed, transpondo o Assentamento Juncal. A indica\u00e7\u00e3o foi feita ao diretor-presidente da Ag\u00eancia Estadual de Gest\u00e3o de Empreendimentos (AGESUL), Mauro Azambuja RondonConforme a popula\u00e7\u00e3o local, o trecho para o qual se solicita o servi\u00e7o [&hellip;]\" \/>\n<meta property=\"og:url\" content=\"https:\/\/msconectado.com.br\/?p=18164\" \/>\n<meta property=\"og:site_name\" content=\"MsConectado\" \/>\n<meta property=\"article:published_time\" content=\"2023-02-16T20:51:56+00:00\" \/>\n<meta property=\"og:image\" content=\"https:\/\/msconectado.com.br\/wp-content\/uploads\/2023\/02\/6692db35-e994-4592-a269-d3d9e23d1449.jpg\" \/>\n\t<meta property=\"og:image:width\" content=\"1368\" \/>\n\t<meta property=\"og:image:height\" content=\"912\" \/>\n\t<meta property=\"og:image:type\" content=\"image\/jpeg\" \/>\n<meta name=\"author\" content=\"MsConectado\" \/>\n<meta name=\"twitter:card\" content=\"summary_large_image\" \/>\n<meta name=\"twitter:label1\" content=\"Escrito por\" \/>\n\t<meta name=\"twitter:data1\" content=\"MsConectado\" \/>\n\t<meta name=\"twitter:label2\" content=\"Est. tempo de leitura\" \/>\n\t<meta name=\"twitter:data2\" content=\"2 minutos\" \/>\n<script type=\"application\/ld+json\" class=\"yoast-schema-graph\">{\"@context\":\"https:\\\/\\\/schema.org\",\"@graph\":[{\"@type\":\"Article\",\"@id\":\"https:\\\/\\\/msconectado.com.br\\\/?p=18164#article\",\"isPartOf\":{\"@id\":\"https:\\\/\\\/msconectado.com.br\\\/?p=18164\"},\"author\":{\"name\":\"MsConectado\",\"@id\":\"https:\\\/\\\/msconectado.com.br\\\/#\\\/schema\\\/person\\\/e5585545b5687092f1041d350b6e2c16\"},\"headline\":\"Mara Caseiro pede asfalto no trecho da MS-145, entre Navira\u00ed e Jate\u00ed.\",\"datePublished\":\"2023-02-16T20:51:56+00:00\",\"mainEntityOfPage\":{\"@id\":\"https:\\\/\\\/msconectado.com.br\\\/?p=18164\"},\"wordCount\":181,\"commentCount\":0,\"publisher\":{\"@id\":\"https:\\\/\\\/msconectado.com.br\\\/#organization\"},\"image\":{\"@id\":\"https:\\\/\\\/msconectado.com.br\\\/?p=18164#primaryimage\"},\"thumbnailUrl\":\"https:\\\/\\\/msconectado.com.br\\\/wp-content\\\/uploads\\\/2023\\\/02\\\/6692db35-e994-4592-a269-d3d9e23d1449.jpg\",\"articleSection\":[\"Assembleia Legislativa\",\"Pol\u00edtica\"],\"inLanguage\":\"pt-BR\",\"potentialAction\":[{\"@type\":\"CommentAction\",\"name\":\"Comment\",\"target\":[\"https:\\\/\\\/msconectado.com.br\\\/?p=18164#respond\"]}]},{\"@type\":\"WebPage\",\"@id\":\"https:\\\/\\\/msconectado.com.br\\\/?p=18164\",\"url\":\"https:\\\/\\\/msconectado.com.br\\\/?p=18164\",\"name\":\"Mara Caseiro pede asfalto no trecho da MS-145, entre Navira\u00ed e Jate\u00ed. - MsConectado\",\"isPartOf\":{\"@id\":\"https:\\\/\\\/msconectado.com.br\\\/#website\"},\"primaryImageOfPage\":{\"@id\":\"https:\\\/\\\/msconectado.com.br\\\/?p=18164#primaryimage\"},\"image\":{\"@id\":\"https:\\\/\\\/msconectado.com.br\\\/?p=18164#primaryimage\"},\"thumbnailUrl\":\"https:\\\/\\\/msconectado.com.br\\\/wp-content\\\/uploads\\\/2023\\\/02\\\/6692db35-e994-4592-a269-d3d9e23d1449.jpg\",\"datePublished\":\"2023-02-16T20:51:56+00:00\",\"breadcrumb\":{\"@id\":\"https:\\\/\\\/msconectado.com.br\\\/?p=18164#breadcrumb\"},\"inLanguage\":\"pt-BR\",\"potentialAction\":[{\"@type\":\"ReadAction\",\"target\":[\"https:\\\/\\\/msconectado.com.br\\\/?p=18164\"]}]},{\"@type\":\"ImageObject\",\"inLanguage\":\"pt-BR\",\"@id\":\"https:\\\/\\\/msconectado.com.br\\\/?p=18164#primaryimage\",\"url\":\"https:\\\/\\\/msconectado.com.br\\\/wp-content\\\/uploads\\\/2023\\\/02\\\/6692db35-e994-4592-a269-d3d9e23d1449.jpg\",\"contentUrl\":\"https:\\\/\\\/msconectado.com.br\\\/wp-content\\\/uploads\\\/2023\\\/02\\\/6692db35-e994-4592-a269-d3d9e23d1449.jpg\",\"width\":1368,\"height\":912},{\"@type\":\"BreadcrumbList\",\"@id\":\"https:\\\/\\\/msconectado.com.br\\\/?p=18164#breadcrumb\",\"itemListElement\":[{\"@type\":\"ListItem\",\"position\":1,\"name\":\"In\u00edcio\",\"item\":\"https:\\\/\\\/msconectado.com.br\\\/?page_id=105\"},{\"@type\":\"ListItem\",\"position\":2,\"name\":\"Mara Caseiro pede asfalto no trecho da MS-145, entre Navira\u00ed e Jate\u00ed.\"}]},{\"@type\":\"WebSite\",\"@id\":\"https:\\\/\\\/msconectado.com.br\\\/#website\",\"url\":\"https:\\\/\\\/msconectado.com.br\\\/\",\"name\":\"MsConectado\",\"description\":\"Voc\u00ea Conectado com a Not\u00edcia!\",\"publisher\":{\"@id\":\"https:\\\/\\\/msconectado.com.br\\\/#organization\"},\"potentialAction\":[{\"@type\":\"SearchAction\",\"target\":{\"@type\":\"EntryPoint\",\"urlTemplate\":\"https:\\\/\\\/msconectado.com.br\\\/?s={search_term_string}\"},\"query-input\":{\"@type\":\"PropertyValueSpecification\",\"valueRequired\":true,\"valueName\":\"search_term_string\"}}],\"inLanguage\":\"pt-BR\"},{\"@type\":\"Organization\",\"@id\":\"https:\\\/\\\/msconectado.com.br\\\/#organization\",\"name\":\"MsConectado\",\"url\":\"https:\\\/\\\/msconectado.com.br\\\/\",\"logo\":{\"@type\":\"ImageObject\",\"inLanguage\":\"pt-BR\",\"@id\":\"https:\\\/\\\/msconectado.com.br\\\/#\\\/schema\\\/logo\\\/image\\\/\",\"url\":\"https:\\\/\\\/msconectado.com.br\\\/wp-content\\\/uploads\\\/2023\\\/01\\\/cropped-noticia-2.png\",\"contentUrl\":\"https:\\\/\\\/msconectado.com.br\\\/wp-content\\\/uploads\\\/2023\\\/01\\\/cropped-noticia-2.png\",\"width\":720,\"height\":157,\"caption\":\"MsConectado\"},\"image\":{\"@id\":\"https:\\\/\\\/msconectado.com.br\\\/#\\\/schema\\\/logo\\\/image\\\/\"}},{\"@type\":\"Person\",\"@id\":\"https:\\\/\\\/msconectado.com.br\\\/#\\\/schema\\\/person\\\/e5585545b5687092f1041d350b6e2c16\",\"name\":\"MsConectado\",\"image\":{\"@type\":\"ImageObject\",\"inLanguage\":\"pt-BR\",\"@id\":\"https:\\\/\\\/secure.gravatar.com\\\/avatar\\\/3b4f84a0a8a4380ac4431fa79981d073692380c5da00ae97596e794ab0db5c8c?s=96&d=mm&r=g\",\"url\":\"https:\\\/\\\/secure.gravatar.com\\\/avatar\\\/3b4f84a0a8a4380ac4431fa79981d073692380c5da00ae97596e794ab0db5c8c?s=96&d=mm&r=g\",\"contentUrl\":\"https:\\\/\\\/secure.gravatar.com\\\/avatar\\\/3b4f84a0a8a4380ac4431fa79981d073692380c5da00ae97596e794ab0db5c8c?s=96&d=mm&r=g\",\"caption\":\"MsConectado\"},\"url\":\"https:\\\/\\\/msconectado.com.br\\\/?author=2\"}]}<\/script>\n<!-- \/ Yoast SEO plugin. -->","yoast_head_json":{"title":"Mara Caseiro pede asfalto no trecho da MS-145, entre Navira\u00ed e Jate\u00ed. - MsConectado","robots":{"index":"index","follow":"follow","max-snippet":"max-snippet:-1","max-image-preview":"max-image-preview:large","max-video-preview":"max-video-preview:-1"},"canonical":"https:\/\/msconectado.com.br\/?p=18164","og_locale":"pt_BR","og_type":"article","og_title":"Mara Caseiro pede asfalto no trecho da MS-145, entre Navira\u00ed e Jate\u00ed. - MsConectado","og_description":"A deputada estadual Mara Caseiro (PSDB) solicitou a pavimenta\u00e7\u00e3o asf\u00e1ltica na rodovia MS-145, no trecho entre os munic\u00edpios de Navira\u00ed e Jate\u00ed, transpondo o Assentamento Juncal. A indica\u00e7\u00e3o foi feita ao diretor-presidente da Ag\u00eancia Estadual de Gest\u00e3o de Empreendimentos (AGESUL), Mauro Azambuja RondonConforme a popula\u00e7\u00e3o local, o trecho para o qual se solicita o servi\u00e7o [&hellip;]","og_url":"https:\/\/msconectado.com.br\/?p=18164","og_site_name":"MsConectado","article_published_time":"2023-02-16T20:51:56+00:00","og_image":[{"width":1368,"height":912,"url":"https:\/\/msconectado.com.br\/wp-content\/uploads\/2023\/02\/6692db35-e994-4592-a269-d3d9e23d1449.jpg","type":"image\/jpeg"}],"author":"MsConectado","twitter_card":"summary_large_image","twitter_misc":{"Escrito por":"MsConectado","Est. tempo de leitura":"2 minutos"},"schema":{"@context":"https:\/\/schema.org","@graph":[{"@type":"Article","@id":"https:\/\/msconectado.com.br\/?p=18164#article","isPartOf":{"@id":"https:\/\/msconectado.com.br\/?p=18164"},"author":{"name":"MsConectado","@id":"https:\/\/msconectado.com.br\/#\/schema\/person\/e5585545b5687092f1041d350b6e2c16"},"headline":"Mara Caseiro pede asfalto no trecho da MS-145, entre Navira\u00ed e Jate\u00ed.","datePublished":"2023-02-16T20:51:56+00:00","mainEntityOfPage":{"@id":"https:\/\/msconectado.com.br\/?p=18164"},"wordCount":181,"commentCount":0,"publisher":{"@id":"https:\/\/msconectado.com.br\/#organization"},"image":{"@id":"https:\/\/msconectado.com.br\/?p=18164#primaryimage"},"thumbnailUrl":"https:\/\/msconectado.com.br\/wp-content\/uploads\/2023\/02\/6692db35-e994-4592-a269-d3d9e23d1449.jpg","articleSection":["Assembleia Legislativa","Pol\u00edtica"],"inLanguage":"pt-BR","potentialAction":[{"@type":"CommentAction","name":"Comment","target":["https:\/\/msconectado.com.br\/?p=18164#respond"]}]},{"@type":"WebPage","@id":"https:\/\/msconectado.com.br\/?p=18164","url":"https:\/\/msconectado.com.br\/?p=18164","name":"Mara Caseiro pede asfalto no trecho da MS-145, entre Navira\u00ed e Jate\u00ed. - MsConectado","isPartOf":{"@id":"https:\/\/msconectado.com.br\/#website"},"primaryImageOfPage":{"@id":"https:\/\/msconectado.com.br\/?p=18164#primaryimage"},"image":{"@id":"https:\/\/msconectado.com.br\/?p=18164#primaryimage"},"thumbnailUrl":"https:\/\/msconectado.com.br\/wp-content\/uploads\/2023\/02\/6692db35-e994-4592-a269-d3d9e23d1449.jpg","datePublished":"2023-02-16T20:51:56+00:00","breadcrumb":{"@id":"https:\/\/msconectado.com.br\/?p=18164#breadcrumb"},"inLanguage":"pt-BR","potentialAction":[{"@type":"ReadAction","target":["https:\/\/msconectado.com.br\/?p=18164"]}]},{"@type":"ImageObject","inLanguage":"pt-BR","@id":"https:\/\/msconectado.com.br\/?p=18164#primaryimage","url":"https:\/\/msconectado.com.br\/wp-content\/uploads\/2023\/02\/6692db35-e994-4592-a269-d3d9e23d1449.jpg","contentUrl":"https:\/\/msconectado.com.br\/wp-content\/uploads\/2023\/02\/6692db35-e994-4592-a269-d3d9e23d1449.jpg","width":1368,"height":912},{"@type":"BreadcrumbList","@id":"https:\/\/msconectado.com.br\/?p=18164#breadcrumb","itemListElement":[{"@type":"ListItem","position":1,"name":"In\u00edcio","item":"https:\/\/msconectado.com.br\/?page_id=105"},{"@type":"ListItem","position":2,"name":"Mara Caseiro pede asfalto no trecho da MS-145, entre Navira\u00ed e Jate\u00ed."}]},{"@type":"WebSite","@id":"https:\/\/msconectado.com.br\/#website","url":"https:\/\/msconectado.com.br\/","name":"MsConectado","description":"Voc\u00ea Conectado com a Not\u00edcia!","publisher":{"@id":"https:\/\/msconectado.com.br\/#organization"},"potentialAction":[{"@type":"SearchAction","target":{"@type":"EntryPoint","urlTemplate":"https:\/\/msconectado.com.br\/?s={search_term_string}"},"query-input":{"@type":"PropertyValueSpecification","valueRequired":true,"valueName":"search_term_string"}}],"inLanguage":"pt-BR"},{"@type":"Organization","@id":"https:\/\/msconectado.com.br\/#organization","name":"MsConectado","url":"https:\/\/msconectado.com.br\/","logo":{"@type":"ImageObject","inLanguage":"pt-BR","@id":"https:\/\/msconectado.com.br\/#\/schema\/logo\/image\/","url":"https:\/\/msconectado.com.br\/wp-content\/uploads\/2023\/01\/cropped-noticia-2.png","contentUrl":"https:\/\/msconectado.com.br\/wp-content\/uploads\/2023\/01\/cropped-noticia-2.png","width":720,"height":157,"caption":"MsConectado"},"image":{"@id":"https:\/\/msconectado.com.br\/#\/schema\/logo\/image\/"}},{"@type":"Person","@id":"https:\/\/msconectado.com.br\/#\/schema\/person\/e5585545b5687092f1041d350b6e2c16","name":"MsConectado","image":{"@type":"ImageObject","inLanguage":"pt-BR","@id":"https:\/\/secure.gravatar.com\/avatar\/3b4f84a0a8a4380ac4431fa79981d073692380c5da00ae97596e794ab0db5c8c?s=96&d=mm&r=g","url":"https:\/\/secure.gravatar.com\/avatar\/3b4f84a0a8a4380ac4431fa79981d073692380c5da00ae97596e794ab0db5c8c?s=96&d=mm&r=g","contentUrl":"https:\/\/secure.gravatar.com\/avatar\/3b4f84a0a8a4380ac4431fa79981d073692380c5da00ae97596e794ab0db5c8c?s=96&d=mm&r=g","caption":"MsConectado"},"url":"https:\/\/msconectado.com.br\/?author=2"}]}},"_links":{"self":[{"href":"https:\/\/msconectado.com.br\/index.php?rest_route=\/wp\/v2\/posts\/18164","targetHints":{"allow":["GET"]}}],"collection":[{"href":"https:\/\/msconectado.com.br\/index.php?rest_route=\/wp\/v2\/posts"}],"about":[{"href":"https:\/\/msconectado.com.br\/index.php?rest_route=\/wp\/v2\/types\/post"}],"author":[{"embeddable":true,"href":"https:\/\/msconectado.com.br\/index.php?rest_route=\/wp\/v2\/users\/2"}],"replies":[{"embeddable":true,"href":"https:\/\/msconectado.com.br\/index.php?rest_route=%2Fwp%2Fv2%2Fcomments&post=18164"}],"version-history":[{"count":1,"href":"https:\/\/msconectado.com.br\/index.php?rest_route=\/wp\/v2\/posts\/18164\/revisions"}],"predecessor-version":[{"id":18166,"href":"https:\/\/msconectado.com.br\/index.php?rest_route=\/wp\/v2\/posts\/18164\/revisions\/18166"}],"wp:featuredmedia":[{"embeddable":true,"href":"https:\/\/msconectado.com.br\/index.php?rest_route=\/wp\/v2\/media\/18165"}],"wp:attachment":[{"href":"https:\/\/msconectado.com.br\/index.php?rest_route=%2Fwp%2Fv2%2Fmedia&parent=18164"}],"wp:term":[{"taxonomy":"category","embeddable":true,"href":"https:\/\/msconectado.com.br\/index.php?rest_route=%2Fwp%2Fv2%2Fcategories&post=18164"},{"taxonomy":"post_tag","embeddable":true,"href":"https:\/\/msconectado.com.br\/index.php?rest_route=%2Fwp%2Fv2%2Ftags&post=18164"}],"curies":[{"name":"wp","href":"https:\/\/api.w.org\/{rel}","templated":true}]}}