{"id":18175,"date":"2023-02-17T11:23:19","date_gmt":"2023-02-17T11:23:19","guid":{"rendered":"https:\/\/msconectado.com.br\/?p=18175"},"modified":"2023-02-17T11:23:21","modified_gmt":"2023-02-17T11:23:21","slug":"unico-veterinario-da-assembleia-marcio-fernandes-cria-frente-de-defesa-aos-animais","status":"publish","type":"post","link":"https:\/\/msconectado.com.br\/?p=18175","title":{"rendered":"\u00danico veterin\u00e1rio da Assembleia, Marcio Fernandes cria Frente de Defesa aos Animais."},"content":{"rendered":"\n<p>Autor do maior projeto de castra\u00e7\u00e3o do Brasil, o m\u00e9dico veterin\u00e1rio e deputado estadual Marcio Fernandes (MDB) criou nesta quinta-feira (16) a Frente Parlamentar em Defesa dos Animais. Conforme o texto apresentado pelo emedebista, cria\u00e7\u00e3o possui finalidade de aperfei\u00e7oar e ampliar as a\u00e7\u00f5es voltadas ao bem-estar animal e reduzir a incid\u00eancia de zoonoses na popula\u00e7\u00e3o sul-mato-grossense.<\/p>\n\n\n\n<p>\u201cSempre fui atuante pela causa animal e at\u00e9 mesmo pela minha profiss\u00e3o, sou o \u00fanico m\u00e9dico veterin\u00e1rio da Assembleia. Implantei o Castram\u00f3vel em diversas cidades do Estado e onde n\u00e3o chegou estamos fazendo conv\u00eanios com os cons\u00f3rcios. Al\u00e9m de castrar, com o programa temos uma no\u00e7\u00e3o da popula\u00e7\u00e3o de c\u00e3es e gatos, e diminui o abandono\u201d, ressaltou Marcio Fernandes.<\/p>\n\n\n\n<p>De acordo com a Organiza\u00e7\u00e3o Mundial da Sa\u00fade (OMS), estima-se que s\u00f3 no Brasil existem mais de 30 milh\u00f5es de animais abandonados, entre 10 milh\u00f5es de gatos e 20 milh\u00f5es de c\u00e3es. Isso representa cerca de 15% da popula\u00e7\u00e3o do Brasil, ou mais de 10 vezes a popula\u00e7\u00e3o do Estado de Mato Grosso do sul.<\/p>\n\n\n\n<p>Em cidades do interior, o n\u00famero pode chegar a at\u00e9 1\/4 da popula\u00e7\u00e3o humana. No ano de 2019, o CCZ de Campo Grande recebeu mensalmente entre 200 e 250 animais abandonados, atualmente esse n\u00famero deve ser ainda maior devido \u00e0 grande reprodu\u00e7\u00e3o entre eles, j\u00e1 que n\u00e3o s\u00e3o devidamente castrados.<\/p>\n\n\n\n<p>\u201cO Castram\u00f3vel de Campo Grande foi o primeiro que entreguei e funciona todo fim de semana h\u00e1 dois anos, depois vem Jardim, Bonito, Maracaju, Sonora, Terenos e muitas outras cidades. Ano passado mandei emenda para outros munic\u00edpios terem o seu e acredito que com a Frente Parlamentar iremos avan\u00e7ar ainda mais na causa animal\u201d, disse Marcio Fernandes.<\/p>\n\n\n\n<p>O requerimento foi encaminhado \u00e0 Mesa Diretora da Assembleia Legislativa do Estado de Mato Grosso do Sul (ALEMS). Na Frente Parlamentar, os deputados atuar\u00e3o de maneira unificada, em fun\u00e7\u00e3o de interesses comuns, independentemente do partido pol\u00edtico a que perten\u00e7am, sob a coordena\u00e7\u00e3o de Marcio Fernandes.<\/p>\n\n\n\n<p>Assessoria<\/p>\n\n\n<div class=\"wp-block-image\">\n<figure class=\"aligncenter size-full\"><a href=\"https:\/\/www.sicredi.com.br\/coop\/pantanalms\/\"><img fetchpriority=\"high\" decoding=\"async\" width=\"900\" height=\"100\" src=\"https:\/\/msconectado.com.br\/wp-content\/uploads\/2023\/02\/MS_Concetado-1.png\" alt=\"\" class=\"wp-image-18039\" srcset=\"https:\/\/msconectado.com.br\/wp-content\/uploads\/2023\/02\/MS_Concetado-1.png 900w, https:\/\/msconectado.com.br\/wp-content\/uploads\/2023\/02\/MS_Concetado-1-300x33.png 300w, https:\/\/msconectado.com.br\/wp-content\/uploads\/2023\/02\/MS_Concetado-1-768x85.png 768w\" sizes=\"(max-width: 900px) 100vw, 900px\" \/><\/a><\/figure>\n<\/div>","protected":false},"excerpt":{"rendered":"<p>Autor do maior projeto de castra\u00e7\u00e3o do Brasil, o m\u00e9dico veterin\u00e1rio e deputado estadual Marcio Fernandes (MDB) criou nesta quinta-feira (16) a Frente Parlamentar em Defesa dos Animais. Conforme o texto apresentado pelo emedebista, cria\u00e7\u00e3o possui finalidade de aperfei\u00e7oar e ampliar as a\u00e7\u00f5es voltadas ao bem-estar animal e reduzir a incid\u00eancia de zoonoses na popula\u00e7\u00e3o [&hellip;]<\/p>\n","protected":false},"author":2,"featured_media":18176,"comment_status":"open","ping_status":"closed","sticky":false,"template":"","format":"standard","meta":{"footnotes":""},"categories":[38,33],"tags":[],"class_list":["post-18175","post","type-post","status-publish","format-standard","has-post-thumbnail","hentry","category-assembleia-legislativa","category-politica"],"yoast_head":"<!-- This site is optimized with the Yoast SEO plugin v27.5 - https:\/\/yoast.com\/product\/yoast-seo-wordpress\/ -->\n<title>\u00danico veterin\u00e1rio da Assembleia, Marcio Fernandes cria Frente de Defesa aos Animais. - MsConectado<\/title>\n<meta name=\"robots\" content=\"index, follow, max-snippet:-1, max-image-preview:large, max-video-preview:-1\" \/>\n<link rel=\"canonical\" href=\"https:\/\/msconectado.com.br\/?p=18175\" \/>\n<meta property=\"og:locale\" content=\"pt_BR\" \/>\n<meta property=\"og:type\" content=\"article\" \/>\n<meta property=\"og:title\" content=\"\u00danico veterin\u00e1rio da Assembleia, Marcio Fernandes cria Frente de Defesa aos Animais. - MsConectado\" \/>\n<meta property=\"og:description\" content=\"Autor do maior projeto de castra\u00e7\u00e3o do Brasil, o m\u00e9dico veterin\u00e1rio e deputado estadual Marcio Fernandes (MDB) criou nesta quinta-feira (16) a Frente Parlamentar em Defesa dos Animais. Conforme o texto apresentado pelo emedebista, cria\u00e7\u00e3o possui finalidade de aperfei\u00e7oar e ampliar as a\u00e7\u00f5es voltadas ao bem-estar animal e reduzir a incid\u00eancia de zoonoses na popula\u00e7\u00e3o [&hellip;]\" \/>\n<meta property=\"og:url\" content=\"https:\/\/msconectado.com.br\/?p=18175\" \/>\n<meta property=\"og:site_name\" content=\"MsConectado\" \/>\n<meta property=\"article:published_time\" content=\"2023-02-17T11:23:19+00:00\" \/>\n<meta property=\"article:modified_time\" content=\"2023-02-17T11:23:21+00:00\" \/>\n<meta property=\"og:image\" content=\"https:\/\/msconectado.com.br\/wp-content\/uploads\/2023\/02\/Marcio-Fernandes-foto-Fernando-Hassessian-16-02-2023.jpg\" \/>\n\t<meta property=\"og:image:width\" content=\"1600\" \/>\n\t<meta property=\"og:image:height\" content=\"1066\" \/>\n\t<meta property=\"og:image:type\" content=\"image\/jpeg\" \/>\n<meta name=\"author\" content=\"MsConectado\" \/>\n<meta name=\"twitter:card\" content=\"summary_large_image\" \/>\n<meta name=\"twitter:label1\" content=\"Escrito por\" \/>\n\t<meta name=\"twitter:data1\" content=\"MsConectado\" \/>\n\t<meta name=\"twitter:label2\" content=\"Est. tempo de leitura\" \/>\n\t<meta name=\"twitter:data2\" content=\"2 minutos\" \/>\n<script type=\"application\/ld+json\" class=\"yoast-schema-graph\">{\"@context\":\"https:\\\/\\\/schema.org\",\"@graph\":[{\"@type\":\"Article\",\"@id\":\"https:\\\/\\\/msconectado.com.br\\\/?p=18175#article\",\"isPartOf\":{\"@id\":\"https:\\\/\\\/msconectado.com.br\\\/?p=18175\"},\"author\":{\"name\":\"MsConectado\",\"@id\":\"https:\\\/\\\/msconectado.com.br\\\/#\\\/schema\\\/person\\\/e5585545b5687092f1041d350b6e2c16\"},\"headline\":\"\u00danico veterin\u00e1rio da Assembleia, Marcio Fernandes cria Frente de Defesa aos Animais.\",\"datePublished\":\"2023-02-17T11:23:19+00:00\",\"dateModified\":\"2023-02-17T11:23:21+00:00\",\"mainEntityOfPage\":{\"@id\":\"https:\\\/\\\/msconectado.com.br\\\/?p=18175\"},\"wordCount\":365,\"commentCount\":0,\"publisher\":{\"@id\":\"https:\\\/\\\/msconectado.com.br\\\/#organization\"},\"image\":{\"@id\":\"https:\\\/\\\/msconectado.com.br\\\/?p=18175#primaryimage\"},\"thumbnailUrl\":\"https:\\\/\\\/msconectado.com.br\\\/wp-content\\\/uploads\\\/2023\\\/02\\\/Marcio-Fernandes-foto-Fernando-Hassessian-16-02-2023.jpg\",\"articleSection\":[\"Assembleia Legislativa\",\"Pol\u00edtica\"],\"inLanguage\":\"pt-BR\",\"potentialAction\":[{\"@type\":\"CommentAction\",\"name\":\"Comment\",\"target\":[\"https:\\\/\\\/msconectado.com.br\\\/?p=18175#respond\"]}]},{\"@type\":\"WebPage\",\"@id\":\"https:\\\/\\\/msconectado.com.br\\\/?p=18175\",\"url\":\"https:\\\/\\\/msconectado.com.br\\\/?p=18175\",\"name\":\"\u00danico veterin\u00e1rio da Assembleia, Marcio Fernandes cria Frente de Defesa aos Animais. - MsConectado\",\"isPartOf\":{\"@id\":\"https:\\\/\\\/msconectado.com.br\\\/#website\"},\"primaryImageOfPage\":{\"@id\":\"https:\\\/\\\/msconectado.com.br\\\/?p=18175#primaryimage\"},\"image\":{\"@id\":\"https:\\\/\\\/msconectado.com.br\\\/?p=18175#primaryimage\"},\"thumbnailUrl\":\"https:\\\/\\\/msconectado.com.br\\\/wp-content\\\/uploads\\\/2023\\\/02\\\/Marcio-Fernandes-foto-Fernando-Hassessian-16-02-2023.jpg\",\"datePublished\":\"2023-02-17T11:23:19+00:00\",\"dateModified\":\"2023-02-17T11:23:21+00:00\",\"breadcrumb\":{\"@id\":\"https:\\\/\\\/msconectado.com.br\\\/?p=18175#breadcrumb\"},\"inLanguage\":\"pt-BR\",\"potentialAction\":[{\"@type\":\"ReadAction\",\"target\":[\"https:\\\/\\\/msconectado.com.br\\\/?p=18175\"]}]},{\"@type\":\"ImageObject\",\"inLanguage\":\"pt-BR\",\"@id\":\"https:\\\/\\\/msconectado.com.br\\\/?p=18175#primaryimage\",\"url\":\"https:\\\/\\\/msconectado.com.br\\\/wp-content\\\/uploads\\\/2023\\\/02\\\/Marcio-Fernandes-foto-Fernando-Hassessian-16-02-2023.jpg\",\"contentUrl\":\"https:\\\/\\\/msconectado.com.br\\\/wp-content\\\/uploads\\\/2023\\\/02\\\/Marcio-Fernandes-foto-Fernando-Hassessian-16-02-2023.jpg\",\"width\":1600,\"height\":1066},{\"@type\":\"BreadcrumbList\",\"@id\":\"https:\\\/\\\/msconectado.com.br\\\/?p=18175#breadcrumb\",\"itemListElement\":[{\"@type\":\"ListItem\",\"position\":1,\"name\":\"In\u00edcio\",\"item\":\"https:\\\/\\\/msconectado.com.br\\\/?page_id=105\"},{\"@type\":\"ListItem\",\"position\":2,\"name\":\"\u00danico veterin\u00e1rio da Assembleia, Marcio Fernandes cria Frente de Defesa aos Animais.\"}]},{\"@type\":\"WebSite\",\"@id\":\"https:\\\/\\\/msconectado.com.br\\\/#website\",\"url\":\"https:\\\/\\\/msconectado.com.br\\\/\",\"name\":\"MsConectado\",\"description\":\"Voc\u00ea Conectado com a Not\u00edcia!\",\"publisher\":{\"@id\":\"https:\\\/\\\/msconectado.com.br\\\/#organization\"},\"potentialAction\":[{\"@type\":\"SearchAction\",\"target\":{\"@type\":\"EntryPoint\",\"urlTemplate\":\"https:\\\/\\\/msconectado.com.br\\\/?s={search_term_string}\"},\"query-input\":{\"@type\":\"PropertyValueSpecification\",\"valueRequired\":true,\"valueName\":\"search_term_string\"}}],\"inLanguage\":\"pt-BR\"},{\"@type\":\"Organization\",\"@id\":\"https:\\\/\\\/msconectado.com.br\\\/#organization\",\"name\":\"MsConectado\",\"url\":\"https:\\\/\\\/msconectado.com.br\\\/\",\"logo\":{\"@type\":\"ImageObject\",\"inLanguage\":\"pt-BR\",\"@id\":\"https:\\\/\\\/msconectado.com.br\\\/#\\\/schema\\\/logo\\\/image\\\/\",\"url\":\"https:\\\/\\\/msconectado.com.br\\\/wp-content\\\/uploads\\\/2023\\\/01\\\/cropped-noticia-2.png\",\"contentUrl\":\"https:\\\/\\\/msconectado.com.br\\\/wp-content\\\/uploads\\\/2023\\\/01\\\/cropped-noticia-2.png\",\"width\":720,\"height\":157,\"caption\":\"MsConectado\"},\"image\":{\"@id\":\"https:\\\/\\\/msconectado.com.br\\\/#\\\/schema\\\/logo\\\/image\\\/\"}},{\"@type\":\"Person\",\"@id\":\"https:\\\/\\\/msconectado.com.br\\\/#\\\/schema\\\/person\\\/e5585545b5687092f1041d350b6e2c16\",\"name\":\"MsConectado\",\"image\":{\"@type\":\"ImageObject\",\"inLanguage\":\"pt-BR\",\"@id\":\"https:\\\/\\\/secure.gravatar.com\\\/avatar\\\/3b4f84a0a8a4380ac4431fa79981d073692380c5da00ae97596e794ab0db5c8c?s=96&d=mm&r=g\",\"url\":\"https:\\\/\\\/secure.gravatar.com\\\/avatar\\\/3b4f84a0a8a4380ac4431fa79981d073692380c5da00ae97596e794ab0db5c8c?s=96&d=mm&r=g\",\"contentUrl\":\"https:\\\/\\\/secure.gravatar.com\\\/avatar\\\/3b4f84a0a8a4380ac4431fa79981d073692380c5da00ae97596e794ab0db5c8c?s=96&d=mm&r=g\",\"caption\":\"MsConectado\"},\"url\":\"https:\\\/\\\/msconectado.com.br\\\/?author=2\"}]}<\/script>\n<!-- \/ Yoast SEO plugin. -->","yoast_head_json":{"title":"\u00danico veterin\u00e1rio da Assembleia, Marcio Fernandes cria Frente de Defesa aos Animais. - MsConectado","robots":{"index":"index","follow":"follow","max-snippet":"max-snippet:-1","max-image-preview":"max-image-preview:large","max-video-preview":"max-video-preview:-1"},"canonical":"https:\/\/msconectado.com.br\/?p=18175","og_locale":"pt_BR","og_type":"article","og_title":"\u00danico veterin\u00e1rio da Assembleia, Marcio Fernandes cria Frente de Defesa aos Animais. - MsConectado","og_description":"Autor do maior projeto de castra\u00e7\u00e3o do Brasil, o m\u00e9dico veterin\u00e1rio e deputado estadual Marcio Fernandes (MDB) criou nesta quinta-feira (16) a Frente Parlamentar em Defesa dos Animais. Conforme o texto apresentado pelo emedebista, cria\u00e7\u00e3o possui finalidade de aperfei\u00e7oar e ampliar as a\u00e7\u00f5es voltadas ao bem-estar animal e reduzir a incid\u00eancia de zoonoses na popula\u00e7\u00e3o [&hellip;]","og_url":"https:\/\/msconectado.com.br\/?p=18175","og_site_name":"MsConectado","article_published_time":"2023-02-17T11:23:19+00:00","article_modified_time":"2023-02-17T11:23:21+00:00","og_image":[{"width":1600,"height":1066,"url":"https:\/\/msconectado.com.br\/wp-content\/uploads\/2023\/02\/Marcio-Fernandes-foto-Fernando-Hassessian-16-02-2023.jpg","type":"image\/jpeg"}],"author":"MsConectado","twitter_card":"summary_large_image","twitter_misc":{"Escrito por":"MsConectado","Est. tempo de leitura":"2 minutos"},"schema":{"@context":"https:\/\/schema.org","@graph":[{"@type":"Article","@id":"https:\/\/msconectado.com.br\/?p=18175#article","isPartOf":{"@id":"https:\/\/msconectado.com.br\/?p=18175"},"author":{"name":"MsConectado","@id":"https:\/\/msconectado.com.br\/#\/schema\/person\/e5585545b5687092f1041d350b6e2c16"},"headline":"\u00danico veterin\u00e1rio da Assembleia, Marcio Fernandes cria Frente de Defesa aos Animais.","datePublished":"2023-02-17T11:23:19+00:00","dateModified":"2023-02-17T11:23:21+00:00","mainEntityOfPage":{"@id":"https:\/\/msconectado.com.br\/?p=18175"},"wordCount":365,"commentCount":0,"publisher":{"@id":"https:\/\/msconectado.com.br\/#organization"},"image":{"@id":"https:\/\/msconectado.com.br\/?p=18175#primaryimage"},"thumbnailUrl":"https:\/\/msconectado.com.br\/wp-content\/uploads\/2023\/02\/Marcio-Fernandes-foto-Fernando-Hassessian-16-02-2023.jpg","articleSection":["Assembleia Legislativa","Pol\u00edtica"],"inLanguage":"pt-BR","potentialAction":[{"@type":"CommentAction","name":"Comment","target":["https:\/\/msconectado.com.br\/?p=18175#respond"]}]},{"@type":"WebPage","@id":"https:\/\/msconectado.com.br\/?p=18175","url":"https:\/\/msconectado.com.br\/?p=18175","name":"\u00danico veterin\u00e1rio da Assembleia, Marcio Fernandes cria Frente de Defesa aos Animais. - MsConectado","isPartOf":{"@id":"https:\/\/msconectado.com.br\/#website"},"primaryImageOfPage":{"@id":"https:\/\/msconectado.com.br\/?p=18175#primaryimage"},"image":{"@id":"https:\/\/msconectado.com.br\/?p=18175#primaryimage"},"thumbnailUrl":"https:\/\/msconectado.com.br\/wp-content\/uploads\/2023\/02\/Marcio-Fernandes-foto-Fernando-Hassessian-16-02-2023.jpg","datePublished":"2023-02-17T11:23:19+00:00","dateModified":"2023-02-17T11:23:21+00:00","breadcrumb":{"@id":"https:\/\/msconectado.com.br\/?p=18175#breadcrumb"},"inLanguage":"pt-BR","potentialAction":[{"@type":"ReadAction","target":["https:\/\/msconectado.com.br\/?p=18175"]}]},{"@type":"ImageObject","inLanguage":"pt-BR","@id":"https:\/\/msconectado.com.br\/?p=18175#primaryimage","url":"https:\/\/msconectado.com.br\/wp-content\/uploads\/2023\/02\/Marcio-Fernandes-foto-Fernando-Hassessian-16-02-2023.jpg","contentUrl":"https:\/\/msconectado.com.br\/wp-content\/uploads\/2023\/02\/Marcio-Fernandes-foto-Fernando-Hassessian-16-02-2023.jpg","width":1600,"height":1066},{"@type":"BreadcrumbList","@id":"https:\/\/msconectado.com.br\/?p=18175#breadcrumb","itemListElement":[{"@type":"ListItem","position":1,"name":"In\u00edcio","item":"https:\/\/msconectado.com.br\/?page_id=105"},{"@type":"ListItem","position":2,"name":"\u00danico veterin\u00e1rio da Assembleia, Marcio Fernandes cria Frente de Defesa aos Animais."}]},{"@type":"WebSite","@id":"https:\/\/msconectado.com.br\/#website","url":"https:\/\/msconectado.com.br\/","name":"MsConectado","description":"Voc\u00ea Conectado com a Not\u00edcia!","publisher":{"@id":"https:\/\/msconectado.com.br\/#organization"},"potentialAction":[{"@type":"SearchAction","target":{"@type":"EntryPoint","urlTemplate":"https:\/\/msconectado.com.br\/?s={search_term_string}"},"query-input":{"@type":"PropertyValueSpecification","valueRequired":true,"valueName":"search_term_string"}}],"inLanguage":"pt-BR"},{"@type":"Organization","@id":"https:\/\/msconectado.com.br\/#organization","name":"MsConectado","url":"https:\/\/msconectado.com.br\/","logo":{"@type":"ImageObject","inLanguage":"pt-BR","@id":"https:\/\/msconectado.com.br\/#\/schema\/logo\/image\/","url":"https:\/\/msconectado.com.br\/wp-content\/uploads\/2023\/01\/cropped-noticia-2.png","contentUrl":"https:\/\/msconectado.com.br\/wp-content\/uploads\/2023\/01\/cropped-noticia-2.png","width":720,"height":157,"caption":"MsConectado"},"image":{"@id":"https:\/\/msconectado.com.br\/#\/schema\/logo\/image\/"}},{"@type":"Person","@id":"https:\/\/msconectado.com.br\/#\/schema\/person\/e5585545b5687092f1041d350b6e2c16","name":"MsConectado","image":{"@type":"ImageObject","inLanguage":"pt-BR","@id":"https:\/\/secure.gravatar.com\/avatar\/3b4f84a0a8a4380ac4431fa79981d073692380c5da00ae97596e794ab0db5c8c?s=96&d=mm&r=g","url":"https:\/\/secure.gravatar.com\/avatar\/3b4f84a0a8a4380ac4431fa79981d073692380c5da00ae97596e794ab0db5c8c?s=96&d=mm&r=g","contentUrl":"https:\/\/secure.gravatar.com\/avatar\/3b4f84a0a8a4380ac4431fa79981d073692380c5da00ae97596e794ab0db5c8c?s=96&d=mm&r=g","caption":"MsConectado"},"url":"https:\/\/msconectado.com.br\/?author=2"}]}},"_links":{"self":[{"href":"https:\/\/msconectado.com.br\/index.php?rest_route=\/wp\/v2\/posts\/18175","targetHints":{"allow":["GET"]}}],"collection":[{"href":"https:\/\/msconectado.com.br\/index.php?rest_route=\/wp\/v2\/posts"}],"about":[{"href":"https:\/\/msconectado.com.br\/index.php?rest_route=\/wp\/v2\/types\/post"}],"author":[{"embeddable":true,"href":"https:\/\/msconectado.com.br\/index.php?rest_route=\/wp\/v2\/users\/2"}],"replies":[{"embeddable":true,"href":"https:\/\/msconectado.com.br\/index.php?rest_route=%2Fwp%2Fv2%2Fcomments&post=18175"}],"version-history":[{"count":1,"href":"https:\/\/msconectado.com.br\/index.php?rest_route=\/wp\/v2\/posts\/18175\/revisions"}],"predecessor-version":[{"id":18177,"href":"https:\/\/msconectado.com.br\/index.php?rest_route=\/wp\/v2\/posts\/18175\/revisions\/18177"}],"wp:featuredmedia":[{"embeddable":true,"href":"https:\/\/msconectado.com.br\/index.php?rest_route=\/wp\/v2\/media\/18176"}],"wp:attachment":[{"href":"https:\/\/msconectado.com.br\/index.php?rest_route=%2Fwp%2Fv2%2Fmedia&parent=18175"}],"wp:term":[{"taxonomy":"category","embeddable":true,"href":"https:\/\/msconectado.com.br\/index.php?rest_route=%2Fwp%2Fv2%2Fcategories&post=18175"},{"taxonomy":"post_tag","embeddable":true,"href":"https:\/\/msconectado.com.br\/index.php?rest_route=%2Fwp%2Fv2%2Ftags&post=18175"}],"curies":[{"name":"wp","href":"https:\/\/api.w.org\/{rel}","templated":true}]}}